{"id":400602,"date":"2026-03-06T15:01:57","date_gmt":"2026-03-06T18:01:57","guid":{"rendered":"https:\/\/portaltela.pt\/noticias\/2026\/03\/06\/macau-destino-o-ano-inteiro-com-eventos-dinamicos-e-nova-zona-vibrante\/"},"modified":"2026-03-06T15:01:57","modified_gmt":"2026-03-06T18:01:57","slug":"macau-destino-o-ano-inteiro-com-eventos-dinamicos-e-nova-zona-vibrante","status":"publish","type":"post","link":"https:\/\/portaltela.pt\/noticias\/2026\/03\/06\/macau-destino-o-ano-inteiro-com-eventos-dinamicos-e-nova-zona-vibrante\/","title":{"rendered":"Macau: destino o ano inteiro com eventos din\u00e2micos e nova zona vibrante"},"content":{"rendered":"<p>Macau transforma-se num destino com agenda preenchida ao longo do ano. A regi\u00e3o administrativa aut\u00f3noma da China recebe festivais, desfiles e eventos cont\u00ednuos, atraindo fam\u00edlias, turistas s\u00e9niores e entusiastas de gastronomia. A paisagem combina patrim\u00f3nio hist\u00f3rico com uma zona moderna de Cotai.<\/p>\n<p>O centro hist\u00f3rico, classificado pela UNESCO, destaca-se pela arquitetura que reflete o encontro de culturas. Paralelamente, a nova Cotai tem vindo a ganhar protagonismo com ofertas de lazer, hotelaria de luxo e entretenimento 24 horas.<\/p>\n<h3>Ano festivo e criativo<\/h3>\n<p>O ano come\u00e7a com celebra\u00e7\u00f5es do Ano Novo Lunar, incluindo desfiles, dan\u00e7as do drag\u00e3o e do le\u00e3o, em v\u00e1rias zonas da cidade. Em mar\u00e7o, o Cities of Gastronomy Fest apresenta cozinhas de destinos globais.<\/p>\n<p>Macau \u00e9 tamb\u00e9m Cidade Criativa da Gastronomia da UNESCO, reconhecida pela fus\u00e3o culin\u00e1ria hist\u00f3rica que remonta ao per\u00edodo de administra\u00e7\u00e3o portuguesa. O calend\u00e1rio inclui feiras de turismo em abril e festivais de artes no ver\u00e3o.<\/p>\n<h3>Cotai, a zona que cresce<\/h3>\n<p>Cotai distingue-se pela expans\u00e3o hoteleira, com cerca de 25 mil quartos. O Capella at Galaxy Macau abriu recentemente, juntando-se a marcas como The Ritz-Carlton, Andaz e Banyan Tree. A cidade recebe artistas internacionais e projetos musicais de alto n\u00edvel.<\/p>\n<p>Para fam\u00edlias, existem parques aqu\u00e1ticos, montanhas-russas, simuladores de surf e uma torre de escorregas com tem\u00e1tica futurista. O distrito atrai tamb\u00e9m viajantes seniores com op\u00e7\u00f5es tranquilas nos resorts tem\u00e1ticos.<\/p>\n<h3>Lazer, cultura e experi\u00eancias<\/h3>\n<p>Entre as atra\u00e7\u00f5es destaca-se o conjunto de hot\u00e9is tem\u00e1ticos, espet\u00e1culos de fontes junto ao Wynn Palace e passeios de g\u00f4ndola nos canais do The Venetian. A cidade oferece op\u00e7\u00f5es de lazer variado, desde experi\u00eancias de alta qualidade at\u00e9 atividades para todas as idades.<\/p>\n<p>No conjunto, Macau prepara-se para continuar a oferecer conte\u00fados culturais, desportivos e de entretenimento ao longo do ano, refor\u00e7ando a atratividade do territ\u00f3rio para diferentes perfis de visitantes.<\/p>\n","protected":false},"excerpt":{"rendered":"<ul>\n<li>Macau oferece um ano repleto de festivais, desfiles e eventos, tornando-o um destino din\u00e2mico para v\u00e1rios tipos de visitantes.<\/li>\n<li>No in\u00edcio do ano, celebram-se o Ano Novo Lunar com desfiles, dan\u00e7as do drag\u00e3o e do le\u00e3o.<\/li>\n<li>Em mar\u00e7o acontece o Cities of Gastronomy Fest, e Macau \u00e9 reconhecida pela UNESCO como Cidade Criativa da Gastronomia.<\/li>\n<li>Ao longo do ano h\u00e1 feira de turismo em abril, festivais de artes no ver\u00e3o, festival de fogo de artif\u00edcio em setembro, festival internacional de m\u00fasica em outubro e o Grande Pr\u00e9mio de autom\u00f3veis em novembro; dezembro fecha com festivais de luz.<\/li>\n<li>A Cotai, nova zona da cidade, tem cerca de vinte e cinco mil quartos de hotel, hot\u00e9is de luxo como Capella at Galaxy Macau, e atrac\u00e7\u00f5es como parques tem\u00e1ticos, espet\u00e1culos e passeios de g\u00f4ndola no The Venetian.<\/li>\n<\/ul>\n","protected":false},"author":2,"featured_media":400607,"comment_status":"closed","ping_status":"closed","sticky":false,"template":"","format":"standard","meta":{"footnotes":""},"categories":[1],"tags":[219,5612,5386,1175,4312,169],"class_list":["post-400602","post","type-post","status-publish","format-standard","has-post-thumbnail","hentry","category-noticias","tag-gastronomia","tag-hoteis","tag-macau","tag-patrimonio-cultural","tag-rede-de-cidades-criativas-da-unesco","tag-turismo"],"yoast_head":"<!-- This site is optimized with the Yoast SEO plugin v27.2 - https:\/\/yoast.com\/product\/yoast-seo-wordpress\/ -->\n<title>Macau: destino o ano inteiro com eventos din\u00e2micos e nova zona vibrante - Portal Tela Portugal<\/title>\n<meta name=\"robots\" content=\"index, follow, max-snippet:-1, max-image-preview:large, max-video-preview:-1\" \/>\n<meta property=\"og:locale\" content=\"pt_PT\" \/>\n<meta property=\"og:type\" content=\"article\" \/>\n<meta property=\"og:title\" content=\"Macau: destino o ano inteiro com eventos din\u00e2micos e nova zona vibrante - Portal Tela Portugal\" \/>\n<meta property=\"og:description\" content=\"Macau oferece um ano repleto de festivais, desfiles e eventos, tornando-o um destino din\u00e2mico para v\u00e1rios tipos de visitantes. No in\u00edcio do ano, celebram-se o Ano Novo Lunar com desfiles, dan\u00e7as do drag\u00e3o e do le\u00e3o. Em mar\u00e7o acontece o Cities of Gastronomy Fest, e Macau \u00e9 reconhecida pela UNESCO como Cidade Criativa da Gastronomia. Ao longo do ano h\u00e1 feira de turismo em abril, festivais de artes no ver\u00e3o, festival de fogo de artif\u00edcio em setembro, festival internacional de m\u00fasica em outubro e o Grande Pr\u00e9mio de autom\u00f3veis em novembro; dezembro fecha com festivais de luz. A Cotai, nova zona da cidade, tem cerca de vinte e cinco mil quartos de hotel, hot\u00e9is de luxo como Capella at Galaxy Macau, e atrac\u00e7\u00f5es como parques tem\u00e1ticos, espet\u00e1culos e passeios de g\u00f4ndola no The Venetian.\" \/>\n<meta property=\"og:url\" content=\"https:\/\/portaltela.pt\/noticias\/2026\/03\/06\/macau-destino-o-ano-inteiro-com-eventos-dinamicos-e-nova-zona-vibrante\/\" \/>\n<meta property=\"og:site_name\" content=\"Portal Tela Portugal\" \/>\n<meta property=\"article:published_time\" content=\"2026-03-06T18:01:57+00:00\" \/>\n<meta name=\"author\" content=\"Telinha\" \/>\n<meta name=\"twitter:card\" content=\"summary_large_image\" \/>\n<meta name=\"twitter:label1\" content=\"Escrito por\" \/>\n\t<meta name=\"twitter:data1\" content=\"Telinha\" \/>\n\t<meta name=\"twitter:label2\" content=\"Tempo estimado de leitura\" \/>\n\t<meta name=\"twitter:data2\" content=\"2 minutos\" \/>\n<script type=\"application\/ld+json\" class=\"yoast-schema-graph\">{\"@context\":\"https:\/\/schema.org\",\"@graph\":[{\"@type\":\"Article\",\"@id\":\"https:\/\/portaltela.pt\/noticias\/2026\/03\/06\/macau-destino-o-ano-inteiro-com-eventos-dinamicos-e-nova-zona-vibrante\/#article\",\"isPartOf\":{\"@id\":\"https:\/\/portaltela.pt\/noticias\/2026\/03\/06\/macau-destino-o-ano-inteiro-com-eventos-dinamicos-e-nova-zona-vibrante\/\"},\"author\":{\"name\":\"Telinha\",\"@id\":\"https:\/\/portaltela.pt\/#\/schema\/person\/c4278d4a6028830caff9ee44b42d32ed\"},\"headline\":\"Macau: destino o ano inteiro com eventos din\u00e2micos e nova zona vibrante\",\"datePublished\":\"2026-03-06T18:01:57+00:00\",\"mainEntityOfPage\":{\"@id\":\"https:\/\/portaltela.pt\/noticias\/2026\/03\/06\/macau-destino-o-ano-inteiro-com-eventos-dinamicos-e-nova-zona-vibrante\/\"},\"wordCount\":350,\"image\":{\"@id\":\"https:\/\/portaltela.pt\/noticias\/2026\/03\/06\/macau-destino-o-ano-inteiro-com-eventos-dinamicos-e-nova-zona-vibrante\/#primaryimage\"},\"thumbnailUrl\":\"https:\/\/portaltela.pt\/s.01k8rhncp4jt1\/2026\/03\/1536x864_cmsv2_d568b345-92a9-5771-ace1-b3706d98937d-9674386.jpg\",\"keywords\":[\"gastronomia\",\"hot\u00e9is\",\"Macau\",\"Patrim\u00f3nio Cultural\",\"Rede de Cidades Criativas da UNESCO\",\"turismo\"],\"articleSection\":[\"Not\u00edcias\"],\"inLanguage\":\"pt-PT\"},{\"@type\":\"WebPage\",\"@id\":\"https:\/\/portaltela.pt\/noticias\/2026\/03\/06\/macau-destino-o-ano-inteiro-com-eventos-dinamicos-e-nova-zona-vibrante\/\",\"url\":\"https:\/\/portaltela.pt\/noticias\/2026\/03\/06\/macau-destino-o-ano-inteiro-com-eventos-dinamicos-e-nova-zona-vibrante\/\",\"name\":\"Macau: destino o ano inteiro com eventos din\u00e2micos e nova zona vibrante - Portal Tela Portugal\",\"isPartOf\":{\"@id\":\"https:\/\/portaltela.pt\/#website\"},\"primaryImageOfPage\":{\"@id\":\"https:\/\/portaltela.pt\/noticias\/2026\/03\/06\/macau-destino-o-ano-inteiro-com-eventos-dinamicos-e-nova-zona-vibrante\/#primaryimage\"},\"image\":{\"@id\":\"https:\/\/portaltela.pt\/noticias\/2026\/03\/06\/macau-destino-o-ano-inteiro-com-eventos-dinamicos-e-nova-zona-vibrante\/#primaryimage\"},\"thumbnailUrl\":\"https:\/\/portaltela.pt\/s.01k8rhncp4jt1\/2026\/03\/1536x864_cmsv2_d568b345-92a9-5771-ace1-b3706d98937d-9674386.jpg\",\"datePublished\":\"2026-03-06T18:01:57+00:00\",\"author\":{\"@id\":\"https:\/\/portaltela.pt\/#\/schema\/person\/c4278d4a6028830caff9ee44b42d32ed\"},\"breadcrumb\":{\"@id\":\"https:\/\/portaltela.pt\/noticias\/2026\/03\/06\/macau-destino-o-ano-inteiro-com-eventos-dinamicos-e-nova-zona-vibrante\/#breadcrumb\"},\"inLanguage\":\"pt-PT\",\"potentialAction\":[{\"@type\":\"ReadAction\",\"target\":[\"https:\/\/portaltela.pt\/noticias\/2026\/03\/06\/macau-destino-o-ano-inteiro-com-eventos-dinamicos-e-nova-zona-vibrante\/\"]}]},{\"@type\":\"ImageObject\",\"inLanguage\":\"pt-PT\",\"@id\":\"https:\/\/portaltela.pt\/noticias\/2026\/03\/06\/macau-destino-o-ano-inteiro-com-eventos-dinamicos-e-nova-zona-vibrante\/#primaryimage\",\"url\":\"https:\/\/portaltela.pt\/s.01k8rhncp4jt1\/2026\/03\/1536x864_cmsv2_d568b345-92a9-5771-ace1-b3706d98937d-9674386.jpg\",\"contentUrl\":\"https:\/\/portaltela.pt\/s.01k8rhncp4jt1\/2026\/03\/1536x864_cmsv2_d568b345-92a9-5771-ace1-b3706d98937d-9674386.jpg\",\"width\":796,\"height\":448,\"caption\":\"Fogo de artif\u00edcio sobre Macau\"},{\"@type\":\"BreadcrumbList\",\"@id\":\"https:\/\/portaltela.pt\/noticias\/2026\/03\/06\/macau-destino-o-ano-inteiro-com-eventos-dinamicos-e-nova-zona-vibrante\/#breadcrumb\",\"itemListElement\":[{\"@type\":\"ListItem\",\"position\":1,\"name\":\"In\u00edcio\",\"item\":\"https:\/\/portaltela.pt\/\"},{\"@type\":\"ListItem\",\"position\":2,\"name\":\"Macau: destino o ano inteiro com eventos din\u00e2micos e nova zona vibrante\"}]},{\"@type\":\"WebSite\",\"@id\":\"https:\/\/portaltela.pt\/#website\",\"url\":\"https:\/\/portaltela.pt\/\",\"name\":\"Portal Tela Portugal\",\"description\":\"\",\"potentialAction\":[{\"@type\":\"SearchAction\",\"target\":{\"@type\":\"EntryPoint\",\"urlTemplate\":\"https:\/\/portaltela.pt\/?s={search_term_string}\"},\"query-input\":{\"@type\":\"PropertyValueSpecification\",\"valueRequired\":true,\"valueName\":\"search_term_string\"}}],\"inLanguage\":\"pt-PT\"},{\"@type\":\"Person\",\"@id\":\"https:\/\/portaltela.pt\/#\/schema\/person\/c4278d4a6028830caff9ee44b42d32ed\",\"name\":\"Telinha\",\"image\":{\"@type\":\"ImageObject\",\"inLanguage\":\"pt-PT\",\"@id\":\"https:\/\/portaltela.pt\/s.01k8rhncp4jt1\/2025\/11\/talking-bot-125x125.png\",\"url\":\"https:\/\/portaltela.pt\/s.01k8rhncp4jt1\/2025\/11\/talking-bot-125x125.png\",\"contentUrl\":\"https:\/\/portaltela.pt\/s.01k8rhncp4jt1\/2025\/11\/talking-bot-125x125.png\",\"caption\":\"Telinha\"},\"sameAs\":[\"https:\/\/portaltela.pt\/\"],\"url\":\"https:\/\/portaltela.pt\/por\/367410592786\/\"}]}<\/script>\n<!-- \/ Yoast SEO plugin. -->","yoast_head_json":{"title":"Macau: destino o ano inteiro com eventos din\u00e2micos e nova zona vibrante - Portal Tela Portugal","robots":{"index":"index","follow":"follow","max-snippet":"max-snippet:-1","max-image-preview":"max-image-preview:large","max-video-preview":"max-video-preview:-1"},"og_locale":"pt_PT","og_type":"article","og_title":"Macau: destino o ano inteiro com eventos din\u00e2micos e nova zona vibrante - Portal Tela Portugal","og_description":"Macau oferece um ano repleto de festivais, desfiles e eventos, tornando-o um destino din\u00e2mico para v\u00e1rios tipos de visitantes. No in\u00edcio do ano, celebram-se o Ano Novo Lunar com desfiles, dan\u00e7as do drag\u00e3o e do le\u00e3o. Em mar\u00e7o acontece o Cities of Gastronomy Fest, e Macau \u00e9 reconhecida pela UNESCO como Cidade Criativa da Gastronomia. Ao longo do ano h\u00e1 feira de turismo em abril, festivais de artes no ver\u00e3o, festival de fogo de artif\u00edcio em setembro, festival internacional de m\u00fasica em outubro e o Grande Pr\u00e9mio de autom\u00f3veis em novembro; dezembro fecha com festivais de luz. A Cotai, nova zona da cidade, tem cerca de vinte e cinco mil quartos de hotel, hot\u00e9is de luxo como Capella at Galaxy Macau, e atrac\u00e7\u00f5es como parques tem\u00e1ticos, espet\u00e1culos e passeios de g\u00f4ndola no The Venetian.","og_url":"https:\/\/portaltela.pt\/noticias\/2026\/03\/06\/macau-destino-o-ano-inteiro-com-eventos-dinamicos-e-nova-zona-vibrante\/","og_site_name":"Portal Tela Portugal","article_published_time":"2026-03-06T18:01:57+00:00","author":"Telinha","twitter_card":"summary_large_image","twitter_misc":{"Escrito por":"Telinha","Tempo estimado de leitura":"2 minutos"},"schema":{"@context":"https:\/\/schema.org","@graph":[{"@type":"Article","@id":"https:\/\/portaltela.pt\/noticias\/2026\/03\/06\/macau-destino-o-ano-inteiro-com-eventos-dinamicos-e-nova-zona-vibrante\/#article","isPartOf":{"@id":"https:\/\/portaltela.pt\/noticias\/2026\/03\/06\/macau-destino-o-ano-inteiro-com-eventos-dinamicos-e-nova-zona-vibrante\/"},"author":{"name":"Telinha","@id":"https:\/\/portaltela.pt\/#\/schema\/person\/c4278d4a6028830caff9ee44b42d32ed"},"headline":"Macau: destino o ano inteiro com eventos din\u00e2micos e nova zona vibrante","datePublished":"2026-03-06T18:01:57+00:00","mainEntityOfPage":{"@id":"https:\/\/portaltela.pt\/noticias\/2026\/03\/06\/macau-destino-o-ano-inteiro-com-eventos-dinamicos-e-nova-zona-vibrante\/"},"wordCount":350,"image":{"@id":"https:\/\/portaltela.pt\/noticias\/2026\/03\/06\/macau-destino-o-ano-inteiro-com-eventos-dinamicos-e-nova-zona-vibrante\/#primaryimage"},"thumbnailUrl":"https:\/\/portaltela.pt\/s.01k8rhncp4jt1\/2026\/03\/1536x864_cmsv2_d568b345-92a9-5771-ace1-b3706d98937d-9674386.jpg","keywords":["gastronomia","hot\u00e9is","Macau","Patrim\u00f3nio Cultural","Rede de Cidades Criativas da UNESCO","turismo"],"articleSection":["Not\u00edcias"],"inLanguage":"pt-PT"},{"@type":"WebPage","@id":"https:\/\/portaltela.pt\/noticias\/2026\/03\/06\/macau-destino-o-ano-inteiro-com-eventos-dinamicos-e-nova-zona-vibrante\/","url":"https:\/\/portaltela.pt\/noticias\/2026\/03\/06\/macau-destino-o-ano-inteiro-com-eventos-dinamicos-e-nova-zona-vibrante\/","name":"Macau: destino o ano inteiro com eventos din\u00e2micos e nova zona vibrante - Portal Tela Portugal","isPartOf":{"@id":"https:\/\/portaltela.pt\/#website"},"primaryImageOfPage":{"@id":"https:\/\/portaltela.pt\/noticias\/2026\/03\/06\/macau-destino-o-ano-inteiro-com-eventos-dinamicos-e-nova-zona-vibrante\/#primaryimage"},"image":{"@id":"https:\/\/portaltela.pt\/noticias\/2026\/03\/06\/macau-destino-o-ano-inteiro-com-eventos-dinamicos-e-nova-zona-vibrante\/#primaryimage"},"thumbnailUrl":"https:\/\/portaltela.pt\/s.01k8rhncp4jt1\/2026\/03\/1536x864_cmsv2_d568b345-92a9-5771-ace1-b3706d98937d-9674386.jpg","datePublished":"2026-03-06T18:01:57+00:00","author":{"@id":"https:\/\/portaltela.pt\/#\/schema\/person\/c4278d4a6028830caff9ee44b42d32ed"},"breadcrumb":{"@id":"https:\/\/portaltela.pt\/noticias\/2026\/03\/06\/macau-destino-o-ano-inteiro-com-eventos-dinamicos-e-nova-zona-vibrante\/#breadcrumb"},"inLanguage":"pt-PT","potentialAction":[{"@type":"ReadAction","target":["https:\/\/portaltela.pt\/noticias\/2026\/03\/06\/macau-destino-o-ano-inteiro-com-eventos-dinamicos-e-nova-zona-vibrante\/"]}]},{"@type":"ImageObject","inLanguage":"pt-PT","@id":"https:\/\/portaltela.pt\/noticias\/2026\/03\/06\/macau-destino-o-ano-inteiro-com-eventos-dinamicos-e-nova-zona-vibrante\/#primaryimage","url":"https:\/\/portaltela.pt\/s.01k8rhncp4jt1\/2026\/03\/1536x864_cmsv2_d568b345-92a9-5771-ace1-b3706d98937d-9674386.jpg","contentUrl":"https:\/\/portaltela.pt\/s.01k8rhncp4jt1\/2026\/03\/1536x864_cmsv2_d568b345-92a9-5771-ace1-b3706d98937d-9674386.jpg","width":796,"height":448,"caption":"Fogo de artif\u00edcio sobre Macau"},{"@type":"BreadcrumbList","@id":"https:\/\/portaltela.pt\/noticias\/2026\/03\/06\/macau-destino-o-ano-inteiro-com-eventos-dinamicos-e-nova-zona-vibrante\/#breadcrumb","itemListElement":[{"@type":"ListItem","position":1,"name":"In\u00edcio","item":"https:\/\/portaltela.pt\/"},{"@type":"ListItem","position":2,"name":"Macau: destino o ano inteiro com eventos din\u00e2micos e nova zona vibrante"}]},{"@type":"WebSite","@id":"https:\/\/portaltela.pt\/#website","url":"https:\/\/portaltela.pt\/","name":"Portal Tela Portugal","description":"","potentialAction":[{"@type":"SearchAction","target":{"@type":"EntryPoint","urlTemplate":"https:\/\/portaltela.pt\/?s={search_term_string}"},"query-input":{"@type":"PropertyValueSpecification","valueRequired":true,"valueName":"search_term_string"}}],"inLanguage":"pt-PT"},{"@type":"Person","@id":"https:\/\/portaltela.pt\/#\/schema\/person\/c4278d4a6028830caff9ee44b42d32ed","name":"Telinha","image":{"@type":"ImageObject","inLanguage":"pt-PT","@id":"https:\/\/portaltela.pt\/s.01k8rhncp4jt1\/2025\/11\/talking-bot-125x125.png","url":"https:\/\/portaltela.pt\/s.01k8rhncp4jt1\/2025\/11\/talking-bot-125x125.png","contentUrl":"https:\/\/portaltela.pt\/s.01k8rhncp4jt1\/2025\/11\/talking-bot-125x125.png","caption":"Telinha"},"sameAs":["https:\/\/portaltela.pt\/"],"url":"https:\/\/portaltela.pt\/por\/367410592786\/"}]}},"_links":{"self":[{"href":"https:\/\/portaltela.pt\/api\/wp\/v2\/posts\/400602","targetHints":{"allow":["GET"]}}],"collection":[{"href":"https:\/\/portaltela.pt\/api\/wp\/v2\/posts"}],"about":[{"href":"https:\/\/portaltela.pt\/api\/wp\/v2\/types\/post"}],"author":[{"embeddable":true,"href":"https:\/\/portaltela.pt\/api\/wp\/v2\/users\/2"}],"replies":[{"embeddable":true,"href":"https:\/\/portaltela.pt\/api\/wp\/v2\/comments?post=400602"}],"version-history":[{"count":0,"href":"https:\/\/portaltela.pt\/api\/wp\/v2\/posts\/400602\/revisions"}],"wp:featuredmedia":[{"embeddable":true,"href":"https:\/\/portaltela.pt\/api\/wp\/v2\/media\/400607"}],"wp:attachment":[{"href":"https:\/\/portaltela.pt\/api\/wp\/v2\/media?parent=400602"}],"wp:term":[{"taxonomy":"category","embeddable":true,"href":"https:\/\/portaltela.pt\/api\/wp\/v2\/categories?post=400602"},{"taxonomy":"post_tag","embeddable":true,"href":"https:\/\/portaltela.pt\/api\/wp\/v2\/tags?post=400602"}],"curies":[{"name":"wp","href":"https:\/\/api.w.org\/{rel}","templated":true}]}}