{"id":400592,"date":"2026-03-06T14:47:00","date_gmt":"2026-03-06T17:47:00","guid":{"rendered":"https:\/\/portaltela.pt\/noticias\/2026\/03\/06\/porto-ganha-roteiro-turistico-dedicado-as-camelias\/"},"modified":"2026-03-06T14:47:00","modified_gmt":"2026-03-06T17:47:00","slug":"porto-ganha-roteiro-turistico-dedicado-as-camelias","status":"publish","type":"post","link":"https:\/\/portaltela.pt\/noticias\/2026\/03\/06\/porto-ganha-roteiro-turistico-dedicado-as-camelias\/","title":{"rendered":"Porto ganha roteiro tur\u00edstico dedicado \u00e0s cam\u00e9lias"},"content":{"rendered":"<p>O Porto ganha um roteiro tur\u00edstico dedicado \u00e0s cam\u00e9lias, criado para celebrar a flor s\u00edmbolo da Invicta. O novo itiner\u00e1rio prop\u00f5e descobrir 21 jardins espalhados por v\u00e1rias zonas da cidade e integra a agenda cultural de mar\u00e7o, que inclui a 30.\u00aa Exposi\u00e7\u00e3o de Cam\u00e9lias do Porto. A atividade decorre neste fim de semana, dias 7 e 8 de mar\u00e7o.<\/p>\n<p>Dispon\u00edvel na plataforma Plan Your Journey, desenvolvida pela C\u00e2mara Municipal do Porto, a iniciativa junta-se a outros roteiros tem\u00e1ticos j\u00e1 existentes. A proposta visa ampliar a visibilidade da identidade portuense, permitindo a visitantes e residentes percorrer o Porto guiados pelas cam\u00e9lias.<\/p>\n<p>Catarina Ara\u00fajo, vice-presidente da C\u00e2mara Municipal do Porto, explica que a rota facilita uma experi\u00eancia de descoberta de um Porto menos \u00f3bvio, incluindo espa\u00e7os como o Parque de S\u00e3o Roque, a Quinta da Bonj\u00f3ia e a Casa da Prelada. O objetivo \u00e9 demonstrar que as cam\u00e9lias est\u00e3o presentes em v\u00e1rios pontos da cidade e revelar jardins hist\u00f3ricos pouco conhecidos.<\/p>\n<h3>Locais do roteiro<\/h3>\n<p>A lista de 21 locais inclui Quinta de Villar d Allen, Quinta da Bonj\u00f3ia, Parque de S\u00e3o Roque, Parque das \u00c1guas, Cemit\u00e9rio do Prado do Repouso, Jardim de S\u00e3o L\u00e1zaro, Parque das Virtudes, Museu Nacional Soares dos Reis, Jardins do Pal\u00e1cio de Cristal, Museu Rom\u00e2ntico Quinta da Macieirinha, Casa Tait, Casa Burmester, Jardim Bot\u00e2nico, Casa das Artes, Parque da Cidade, Parque de Serralves, Funda\u00e7\u00e3o Engenheiro Ant\u00f3nio de Almeida, Cemit\u00e9rio de Agramonte, Casa Museu Marta Ortig\u00e3o Sampaio, Casa da Prelada e Funda\u00e7\u00e3o Marques da Silva.<\/p>\n<p>O roteiro est\u00e1 dispon\u00edvel em portugu\u00eas, ingl\u00eas, espanhol e franc\u00eas, e pretende estimular o turismo na \u00e9poca baixa. Segundo a C\u00e2mara, a iniciativa oferece uma experi\u00eancia diferente da programa\u00e7\u00e3o tradicional, especialmente para quem visita a cidade nesta altura do ano.<\/p>\n<h3>Exposi\u00e7\u00e3o de Cam\u00e9lias do Porto<\/h3>\n<p>A 30.\u00aa Exposi\u00e7\u00e3o de Cam\u00e9lias do Porto realiza-se no Pal\u00e1cio da Bolsa nos dias 7 e 8 de mar\u00e7o. O evento re\u00fane produtores e apreciadores, com pr\u00e9mios para as melhores cam\u00e9lias, melhor exemplar de origem portuguesa e melhor ornamenta\u00e7\u00e3o de mesa\/arranjo floral. A mostra inclui atividades para todas as idades, como o espet\u00e1culo A Traviata &#8211; A \u00f3pera das cam\u00e9lias, da \u00d3pera de Bolso, concertos de m\u00fasica antiga e workshops, incluindo um de reprodu\u00e7\u00e3o de cam\u00e9lias no dia 7, \u00e0s 14h.<\/p>\n<p>A entrada \u00e9 gratuita, e o hor\u00e1rio de funcionamento \u00e9: no dia 7, das 14h00 \u00e0s 18h00; no dia 8, das 10h00 \u00e0s 18h00. A organiza\u00e7\u00e3o destaca a liga\u00e7\u00e3o entre a exposi\u00e7\u00e3o e o roteiro das cam\u00e9lias como complementos da oferta cultural da cidade, proporcionando uma experi\u00eancia integrada para quem visita o Porto.<\/p>\n","protected":false},"excerpt":{"rendered":"<ul>\n<li>O Porto lan\u00e7ou um roteiro tur\u00edstico das cam\u00e9lias com 21 locais espalhados pela cidade, dispon\u00edvel na plataforma Plan Your Journey.<\/li>\n<li>A iniciativa, promovida pelo Pelouro do Turismo e Internacionaliza\u00e7\u00e3o da C\u00e2mara Municipal do Porto, junta\u2011se a outros itiner\u00e1rios culturais j\u00e1 existentes.<\/li>\n<li>O roteiro, dispon\u00edvel em portugu\u00eas, ingl\u00eas, espanhol e franc\u00eas, mostra um Porto mais surpreendente, incluindo espa\u00e7os como Parque de S\u00e3o Roque, Quinta da Bonj\u00f3ia e Casa da Prelada.<\/li>\n<li>O objetivo \u00e9 promover turismo na \u00e9poca baixa, aproveitando a flora\u00e7\u00e3o das cam\u00e9lias e abrindo zonas menos conhecidas da cidade.<\/li>\n<li>A 30.\u00aa Exposi\u00e7\u00e3o de Cam\u00e9lias do Porto realiza\u2011se no Pal\u00e1cio da Bolsa, nos dias 7 e 8 de mar\u00e7o, com pr\u00e9mios \u00e0s melhores cam\u00e9lias, atividades para todas as idades e entrada gratuita.<\/li>\n<\/ul>\n","protected":false},"author":2,"featured_media":400605,"comment_status":"closed","ping_status":"closed","sticky":false,"template":"","format":"standard","meta":{"footnotes":""},"categories":[1],"tags":[6559,145,6708,982,1014,169],"class_list":["post-400592","post","type-post","status-publish","format-standard","has-post-thumbnail","hentry","category-noticias","tag-camelias","tag-cultura","tag-exposicao","tag-porto","tag-portugal","tag-turismo"],"yoast_head":"<!-- This site is optimized with the Yoast SEO plugin v27.2 - https:\/\/yoast.com\/product\/yoast-seo-wordpress\/ -->\n<title>Porto ganha roteiro tur\u00edstico dedicado \u00e0s cam\u00e9lias - Portal Tela Portugal<\/title>\n<meta name=\"robots\" content=\"index, follow, max-snippet:-1, max-image-preview:large, max-video-preview:-1\" \/>\n<meta property=\"og:locale\" content=\"pt_PT\" \/>\n<meta property=\"og:type\" content=\"article\" \/>\n<meta property=\"og:title\" content=\"Porto ganha roteiro tur\u00edstico dedicado \u00e0s cam\u00e9lias - Portal Tela Portugal\" \/>\n<meta property=\"og:description\" content=\"O Porto lan\u00e7ou um roteiro tur\u00edstico das cam\u00e9lias com 21 locais espalhados pela cidade, dispon\u00edvel na plataforma Plan Your Journey. A iniciativa, promovida pelo Pelouro do Turismo e Internacionaliza\u00e7\u00e3o da C\u00e2mara Municipal do Porto, junta\u2011se a outros itiner\u00e1rios culturais j\u00e1 existentes. O roteiro, dispon\u00edvel em portugu\u00eas, ingl\u00eas, espanhol e franc\u00eas, mostra um Porto mais surpreendente, incluindo espa\u00e7os como Parque de S\u00e3o Roque, Quinta da Bonj\u00f3ia e Casa da Prelada. O objetivo \u00e9 promover turismo na \u00e9poca baixa, aproveitando a flora\u00e7\u00e3o das cam\u00e9lias e abrindo zonas menos conhecidas da cidade. A 30.\u00aa Exposi\u00e7\u00e3o de Cam\u00e9lias do Porto realiza\u2011se no Pal\u00e1cio da Bolsa, nos dias 7 e 8 de mar\u00e7o, com pr\u00e9mios \u00e0s melhores cam\u00e9lias, atividades para todas as idades e entrada gratuita.\" \/>\n<meta property=\"og:url\" content=\"https:\/\/portaltela.pt\/noticias\/2026\/03\/06\/porto-ganha-roteiro-turistico-dedicado-as-camelias\/\" \/>\n<meta property=\"og:site_name\" content=\"Portal Tela Portugal\" \/>\n<meta property=\"article:published_time\" content=\"2026-03-06T17:47:00+00:00\" \/>\n<meta name=\"author\" content=\"Telinha\" \/>\n<meta name=\"twitter:card\" content=\"summary_large_image\" \/>\n<meta name=\"twitter:label1\" content=\"Escrito por\" \/>\n\t<meta name=\"twitter:data1\" content=\"Telinha\" \/>\n\t<meta name=\"twitter:label2\" content=\"Tempo estimado de leitura\" \/>\n\t<meta name=\"twitter:data2\" content=\"2 minutos\" \/>\n<script type=\"application\/ld+json\" class=\"yoast-schema-graph\">{\"@context\":\"https:\/\/schema.org\",\"@graph\":[{\"@type\":\"Article\",\"@id\":\"https:\/\/portaltela.pt\/noticias\/2026\/03\/06\/porto-ganha-roteiro-turistico-dedicado-as-camelias\/#article\",\"isPartOf\":{\"@id\":\"https:\/\/portaltela.pt\/noticias\/2026\/03\/06\/porto-ganha-roteiro-turistico-dedicado-as-camelias\/\"},\"author\":{\"name\":\"Telinha\",\"@id\":\"https:\/\/portaltela.pt\/#\/schema\/person\/c4278d4a6028830caff9ee44b42d32ed\"},\"headline\":\"Porto ganha roteiro tur\u00edstico dedicado \u00e0s cam\u00e9lias\",\"datePublished\":\"2026-03-06T17:47:00+00:00\",\"mainEntityOfPage\":{\"@id\":\"https:\/\/portaltela.pt\/noticias\/2026\/03\/06\/porto-ganha-roteiro-turistico-dedicado-as-camelias\/\"},\"wordCount\":486,\"image\":{\"@id\":\"https:\/\/portaltela.pt\/noticias\/2026\/03\/06\/porto-ganha-roteiro-turistico-dedicado-as-camelias\/#primaryimage\"},\"thumbnailUrl\":\"https:\/\/portaltela.pt\/s.01k8rhncp4jt1\/2026\/03\/image-416.jpg\",\"keywords\":[\"cam\u00e9lias\",\"cultura\",\"exposi\u00e7\u00e3o\",\"Porto\",\"Portugal\",\"turismo\"],\"articleSection\":[\"Not\u00edcias\"],\"inLanguage\":\"pt-PT\"},{\"@type\":\"WebPage\",\"@id\":\"https:\/\/portaltela.pt\/noticias\/2026\/03\/06\/porto-ganha-roteiro-turistico-dedicado-as-camelias\/\",\"url\":\"https:\/\/portaltela.pt\/noticias\/2026\/03\/06\/porto-ganha-roteiro-turistico-dedicado-as-camelias\/\",\"name\":\"Porto ganha roteiro tur\u00edstico dedicado \u00e0s cam\u00e9lias - Portal Tela Portugal\",\"isPartOf\":{\"@id\":\"https:\/\/portaltela.pt\/#website\"},\"primaryImageOfPage\":{\"@id\":\"https:\/\/portaltela.pt\/noticias\/2026\/03\/06\/porto-ganha-roteiro-turistico-dedicado-as-camelias\/#primaryimage\"},\"image\":{\"@id\":\"https:\/\/portaltela.pt\/noticias\/2026\/03\/06\/porto-ganha-roteiro-turistico-dedicado-as-camelias\/#primaryimage\"},\"thumbnailUrl\":\"https:\/\/portaltela.pt\/s.01k8rhncp4jt1\/2026\/03\/image-416.jpg\",\"datePublished\":\"2026-03-06T17:47:00+00:00\",\"author\":{\"@id\":\"https:\/\/portaltela.pt\/#\/schema\/person\/c4278d4a6028830caff9ee44b42d32ed\"},\"breadcrumb\":{\"@id\":\"https:\/\/portaltela.pt\/noticias\/2026\/03\/06\/porto-ganha-roteiro-turistico-dedicado-as-camelias\/#breadcrumb\"},\"inLanguage\":\"pt-PT\",\"potentialAction\":[{\"@type\":\"ReadAction\",\"target\":[\"https:\/\/portaltela.pt\/noticias\/2026\/03\/06\/porto-ganha-roteiro-turistico-dedicado-as-camelias\/\"]}]},{\"@type\":\"ImageObject\",\"inLanguage\":\"pt-PT\",\"@id\":\"https:\/\/portaltela.pt\/noticias\/2026\/03\/06\/porto-ganha-roteiro-turistico-dedicado-as-camelias\/#primaryimage\",\"url\":\"https:\/\/portaltela.pt\/s.01k8rhncp4jt1\/2026\/03\/image-416.jpg\",\"contentUrl\":\"https:\/\/portaltela.pt\/s.01k8rhncp4jt1\/2026\/03\/image-416.jpg\",\"width\":796,\"height\":448,\"caption\":\"Cam\u00e9lias na Quinta de Villar d'Allen\"},{\"@type\":\"BreadcrumbList\",\"@id\":\"https:\/\/portaltela.pt\/noticias\/2026\/03\/06\/porto-ganha-roteiro-turistico-dedicado-as-camelias\/#breadcrumb\",\"itemListElement\":[{\"@type\":\"ListItem\",\"position\":1,\"name\":\"In\u00edcio\",\"item\":\"https:\/\/portaltela.pt\/\"},{\"@type\":\"ListItem\",\"position\":2,\"name\":\"Porto ganha roteiro tur\u00edstico dedicado \u00e0s cam\u00e9lias\"}]},{\"@type\":\"WebSite\",\"@id\":\"https:\/\/portaltela.pt\/#website\",\"url\":\"https:\/\/portaltela.pt\/\",\"name\":\"Portal Tela Portugal\",\"description\":\"\",\"potentialAction\":[{\"@type\":\"SearchAction\",\"target\":{\"@type\":\"EntryPoint\",\"urlTemplate\":\"https:\/\/portaltela.pt\/?s={search_term_string}\"},\"query-input\":{\"@type\":\"PropertyValueSpecification\",\"valueRequired\":true,\"valueName\":\"search_term_string\"}}],\"inLanguage\":\"pt-PT\"},{\"@type\":\"Person\",\"@id\":\"https:\/\/portaltela.pt\/#\/schema\/person\/c4278d4a6028830caff9ee44b42d32ed\",\"name\":\"Telinha\",\"image\":{\"@type\":\"ImageObject\",\"inLanguage\":\"pt-PT\",\"@id\":\"https:\/\/portaltela.pt\/s.01k8rhncp4jt1\/2025\/11\/talking-bot-125x125.png\",\"url\":\"https:\/\/portaltela.pt\/s.01k8rhncp4jt1\/2025\/11\/talking-bot-125x125.png\",\"contentUrl\":\"https:\/\/portaltela.pt\/s.01k8rhncp4jt1\/2025\/11\/talking-bot-125x125.png\",\"caption\":\"Telinha\"},\"sameAs\":[\"https:\/\/portaltela.pt\/\"],\"url\":\"https:\/\/portaltela.pt\/por\/367410592786\/\"}]}<\/script>\n<!-- \/ Yoast SEO plugin. -->","yoast_head_json":{"title":"Porto ganha roteiro tur\u00edstico dedicado \u00e0s cam\u00e9lias - Portal Tela Portugal","robots":{"index":"index","follow":"follow","max-snippet":"max-snippet:-1","max-image-preview":"max-image-preview:large","max-video-preview":"max-video-preview:-1"},"og_locale":"pt_PT","og_type":"article","og_title":"Porto ganha roteiro tur\u00edstico dedicado \u00e0s cam\u00e9lias - Portal Tela Portugal","og_description":"O Porto lan\u00e7ou um roteiro tur\u00edstico das cam\u00e9lias com 21 locais espalhados pela cidade, dispon\u00edvel na plataforma Plan Your Journey. A iniciativa, promovida pelo Pelouro do Turismo e Internacionaliza\u00e7\u00e3o da C\u00e2mara Municipal do Porto, junta\u2011se a outros itiner\u00e1rios culturais j\u00e1 existentes. O roteiro, dispon\u00edvel em portugu\u00eas, ingl\u00eas, espanhol e franc\u00eas, mostra um Porto mais surpreendente, incluindo espa\u00e7os como Parque de S\u00e3o Roque, Quinta da Bonj\u00f3ia e Casa da Prelada. O objetivo \u00e9 promover turismo na \u00e9poca baixa, aproveitando a flora\u00e7\u00e3o das cam\u00e9lias e abrindo zonas menos conhecidas da cidade. A 30.\u00aa Exposi\u00e7\u00e3o de Cam\u00e9lias do Porto realiza\u2011se no Pal\u00e1cio da Bolsa, nos dias 7 e 8 de mar\u00e7o, com pr\u00e9mios \u00e0s melhores cam\u00e9lias, atividades para todas as idades e entrada gratuita.","og_url":"https:\/\/portaltela.pt\/noticias\/2026\/03\/06\/porto-ganha-roteiro-turistico-dedicado-as-camelias\/","og_site_name":"Portal Tela Portugal","article_published_time":"2026-03-06T17:47:00+00:00","author":"Telinha","twitter_card":"summary_large_image","twitter_misc":{"Escrito por":"Telinha","Tempo estimado de leitura":"2 minutos"},"schema":{"@context":"https:\/\/schema.org","@graph":[{"@type":"Article","@id":"https:\/\/portaltela.pt\/noticias\/2026\/03\/06\/porto-ganha-roteiro-turistico-dedicado-as-camelias\/#article","isPartOf":{"@id":"https:\/\/portaltela.pt\/noticias\/2026\/03\/06\/porto-ganha-roteiro-turistico-dedicado-as-camelias\/"},"author":{"name":"Telinha","@id":"https:\/\/portaltela.pt\/#\/schema\/person\/c4278d4a6028830caff9ee44b42d32ed"},"headline":"Porto ganha roteiro tur\u00edstico dedicado \u00e0s cam\u00e9lias","datePublished":"2026-03-06T17:47:00+00:00","mainEntityOfPage":{"@id":"https:\/\/portaltela.pt\/noticias\/2026\/03\/06\/porto-ganha-roteiro-turistico-dedicado-as-camelias\/"},"wordCount":486,"image":{"@id":"https:\/\/portaltela.pt\/noticias\/2026\/03\/06\/porto-ganha-roteiro-turistico-dedicado-as-camelias\/#primaryimage"},"thumbnailUrl":"https:\/\/portaltela.pt\/s.01k8rhncp4jt1\/2026\/03\/image-416.jpg","keywords":["cam\u00e9lias","cultura","exposi\u00e7\u00e3o","Porto","Portugal","turismo"],"articleSection":["Not\u00edcias"],"inLanguage":"pt-PT"},{"@type":"WebPage","@id":"https:\/\/portaltela.pt\/noticias\/2026\/03\/06\/porto-ganha-roteiro-turistico-dedicado-as-camelias\/","url":"https:\/\/portaltela.pt\/noticias\/2026\/03\/06\/porto-ganha-roteiro-turistico-dedicado-as-camelias\/","name":"Porto ganha roteiro tur\u00edstico dedicado \u00e0s cam\u00e9lias - Portal Tela Portugal","isPartOf":{"@id":"https:\/\/portaltela.pt\/#website"},"primaryImageOfPage":{"@id":"https:\/\/portaltela.pt\/noticias\/2026\/03\/06\/porto-ganha-roteiro-turistico-dedicado-as-camelias\/#primaryimage"},"image":{"@id":"https:\/\/portaltela.pt\/noticias\/2026\/03\/06\/porto-ganha-roteiro-turistico-dedicado-as-camelias\/#primaryimage"},"thumbnailUrl":"https:\/\/portaltela.pt\/s.01k8rhncp4jt1\/2026\/03\/image-416.jpg","datePublished":"2026-03-06T17:47:00+00:00","author":{"@id":"https:\/\/portaltela.pt\/#\/schema\/person\/c4278d4a6028830caff9ee44b42d32ed"},"breadcrumb":{"@id":"https:\/\/portaltela.pt\/noticias\/2026\/03\/06\/porto-ganha-roteiro-turistico-dedicado-as-camelias\/#breadcrumb"},"inLanguage":"pt-PT","potentialAction":[{"@type":"ReadAction","target":["https:\/\/portaltela.pt\/noticias\/2026\/03\/06\/porto-ganha-roteiro-turistico-dedicado-as-camelias\/"]}]},{"@type":"ImageObject","inLanguage":"pt-PT","@id":"https:\/\/portaltela.pt\/noticias\/2026\/03\/06\/porto-ganha-roteiro-turistico-dedicado-as-camelias\/#primaryimage","url":"https:\/\/portaltela.pt\/s.01k8rhncp4jt1\/2026\/03\/image-416.jpg","contentUrl":"https:\/\/portaltela.pt\/s.01k8rhncp4jt1\/2026\/03\/image-416.jpg","width":796,"height":448,"caption":"Cam\u00e9lias na Quinta de Villar d'Allen"},{"@type":"BreadcrumbList","@id":"https:\/\/portaltela.pt\/noticias\/2026\/03\/06\/porto-ganha-roteiro-turistico-dedicado-as-camelias\/#breadcrumb","itemListElement":[{"@type":"ListItem","position":1,"name":"In\u00edcio","item":"https:\/\/portaltela.pt\/"},{"@type":"ListItem","position":2,"name":"Porto ganha roteiro tur\u00edstico dedicado \u00e0s cam\u00e9lias"}]},{"@type":"WebSite","@id":"https:\/\/portaltela.pt\/#website","url":"https:\/\/portaltela.pt\/","name":"Portal Tela Portugal","description":"","potentialAction":[{"@type":"SearchAction","target":{"@type":"EntryPoint","urlTemplate":"https:\/\/portaltela.pt\/?s={search_term_string}"},"query-input":{"@type":"PropertyValueSpecification","valueRequired":true,"valueName":"search_term_string"}}],"inLanguage":"pt-PT"},{"@type":"Person","@id":"https:\/\/portaltela.pt\/#\/schema\/person\/c4278d4a6028830caff9ee44b42d32ed","name":"Telinha","image":{"@type":"ImageObject","inLanguage":"pt-PT","@id":"https:\/\/portaltela.pt\/s.01k8rhncp4jt1\/2025\/11\/talking-bot-125x125.png","url":"https:\/\/portaltela.pt\/s.01k8rhncp4jt1\/2025\/11\/talking-bot-125x125.png","contentUrl":"https:\/\/portaltela.pt\/s.01k8rhncp4jt1\/2025\/11\/talking-bot-125x125.png","caption":"Telinha"},"sameAs":["https:\/\/portaltela.pt\/"],"url":"https:\/\/portaltela.pt\/por\/367410592786\/"}]}},"_links":{"self":[{"href":"https:\/\/portaltela.pt\/api\/wp\/v2\/posts\/400592","targetHints":{"allow":["GET"]}}],"collection":[{"href":"https:\/\/portaltela.pt\/api\/wp\/v2\/posts"}],"about":[{"href":"https:\/\/portaltela.pt\/api\/wp\/v2\/types\/post"}],"author":[{"embeddable":true,"href":"https:\/\/portaltela.pt\/api\/wp\/v2\/users\/2"}],"replies":[{"embeddable":true,"href":"https:\/\/portaltela.pt\/api\/wp\/v2\/comments?post=400592"}],"version-history":[{"count":0,"href":"https:\/\/portaltela.pt\/api\/wp\/v2\/posts\/400592\/revisions"}],"wp:featuredmedia":[{"embeddable":true,"href":"https:\/\/portaltela.pt\/api\/wp\/v2\/media\/400605"}],"wp:attachment":[{"href":"https:\/\/portaltela.pt\/api\/wp\/v2\/media?parent=400592"}],"wp:term":[{"taxonomy":"category","embeddable":true,"href":"https:\/\/portaltela.pt\/api\/wp\/v2\/categories?post=400592"},{"taxonomy":"post_tag","embeddable":true,"href":"https:\/\/portaltela.pt\/api\/wp\/v2\/tags?post=400592"}],"curies":[{"name":"wp","href":"https:\/\/api.w.org\/{rel}","templated":true}]}}