{"id":400591,"date":"2026-03-06T14:47:12","date_gmt":"2026-03-06T17:47:12","guid":{"rendered":"https:\/\/portaltela.pt\/noticias\/2026\/03\/06\/equipa-tecnica-do-sp-covilha-premiada-como-melhor-da-liga-3-em-fevereiro\/"},"modified":"2026-03-06T14:47:12","modified_gmt":"2026-03-06T17:47:12","slug":"equipa-tecnica-do-sp-covilha-premiada-como-melhor-da-liga-3-em-fevereiro","status":"publish","type":"post","link":"https:\/\/portaltela.pt\/desporto\/futebol\/2026\/03\/06\/equipa-tecnica-do-sp-covilha-premiada-como-melhor-da-liga-3-em-fevereiro\/","title":{"rendered":"Equipa t\u00e9cnica do Sp. Covilh\u00e3 premiada como melhor da Liga 3 em fevereiro"},"content":{"rendered":"<p>A equipa t\u00e9cnica do Sp. Covilh\u00e3 foi distinguida pelos treinadores dos clubes da Liga 3 como a melhor do m\u00eas de fevereiro. O reconhecimento chegou pela performance da equipa no est\u00e1gio de perman\u00eancia da competi\u00e7\u00e3o.<\/p>\n<p>Sob a orienta\u00e7\u00e3o de Rui Mota, o Covilh\u00e3 somou tr\u00eas vit\u00f3rias em tr\u00eas jogos na fase de perman\u00eancia, durante o segundo m\u00eas do ano. Foram seis golos marcados e apenas um sofrido, frente a Amora (3-0), Caldas (1-0) e Atl\u00e9tico (2-1).<\/p>\n<p>A equipa ocupa, neste momento, o 4.\u00ba lugar da fase de perman\u00eancia, com 10 pontos somados. O desempenho destacado enquadra-se no conjunto de m\u00e9tricas avaliadas pelos treinadores da Liga 3 para o m\u00eas de fevereiro.<\/p>\n<h3>Desempenho da equipa t\u00e9cnica<\/h3>\n<ul>\n<li>Rui Mota liderou as vit\u00f3rias do Sp. Covilh\u00e3 na fase de perman\u00eancia.<\/li>\n<li>Tr\u00eas triunfos em tr\u00eas partidas, com apenas um golo sofrido em cada jogo.<\/li>\n<li>O Covilh\u00e3 mant\u00e9m aspira\u00e7\u00f5es de manter-se na Liga 3 com base neste conjunto de resultados.<\/li>\n<\/ul>\n<p>Autora: C.S.<\/p>\n","protected":false},"excerpt":{"rendered":"<ul>\n<li>A equipa t\u00e9cnica do Sp. Covilh\u00e3 foi reconhecida como a melhor da Liga 3 no m\u00eas de fevereiro pelos treinadores citados pelos clubes.<\/li>\n<li>Rui Mota guiou os serranos em tr\u00eas vit\u00f3rias na fase de perman\u00eancia.<\/li>\n<li>O conjunto de Covilh\u00e3 marcou seis golos e sofreu um apenas nos tr\u00eas jogos da segunda quinzena de fevereiro.<\/li>\n<li>Venceram o Amora (3-0), o Caldas (1-0) e o Atl\u00e9tico (2-1), mantendo-se no quarto lugar com 10 pontos.<\/li>\n<li>A equipa disputa a fase de perman\u00eancia na Liga 3.<\/li>\n<\/ul>\n","protected":false},"author":2,"featured_media":400603,"comment_status":"closed","ping_status":"closed","sticky":false,"template":"","format":"standard","meta":{"footnotes":""},"categories":[21,24],"tags":[6737,1306,152,32,2477],"class_list":["post-400591","post","type-post","status-publish","format-standard","has-post-thumbnail","hentry","category-desporto","category-futebol","tag-caldas","tag-covilha","tag-desporto","tag-futebol","tag-treinadores"],"yoast_head":"<!-- This site is optimized with the Yoast SEO plugin v27.2 - https:\/\/yoast.com\/product\/yoast-seo-wordpress\/ -->\n<title>Equipa t\u00e9cnica do Sp. Covilh\u00e3 premiada como melhor da Liga 3 em fevereiro - Portal Tela Portugal<\/title>\n<meta name=\"robots\" content=\"index, follow, max-snippet:-1, max-image-preview:large, max-video-preview:-1\" \/>\n<meta property=\"og:locale\" content=\"pt_PT\" \/>\n<meta property=\"og:type\" content=\"article\" \/>\n<meta property=\"og:title\" content=\"Equipa t\u00e9cnica do Sp. Covilh\u00e3 premiada como melhor da Liga 3 em fevereiro - Portal Tela Portugal\" \/>\n<meta property=\"og:description\" content=\"A equipa t\u00e9cnica do Sp. Covilh\u00e3 foi reconhecida como a melhor da Liga 3 no m\u00eas de fevereiro pelos treinadores citados pelos clubes. Rui Mota guiou os serranos em tr\u00eas vit\u00f3rias na fase de perman\u00eancia. O conjunto de Covilh\u00e3 marcou seis golos e sofreu um apenas nos tr\u00eas jogos da segunda quinzena de fevereiro. Venceram o Amora (3-0), o Caldas (1-0) e o Atl\u00e9tico (2-1), mantendo-se no quarto lugar com 10 pontos. A equipa disputa a fase de perman\u00eancia na Liga 3.\" \/>\n<meta property=\"og:url\" content=\"https:\/\/portaltela.pt\/noticias\/2026\/03\/06\/equipa-tecnica-do-sp-covilha-premiada-como-melhor-da-liga-3-em-fevereiro\/\" \/>\n<meta property=\"og:site_name\" content=\"Portal Tela Portugal\" \/>\n<meta property=\"article:published_time\" content=\"2026-03-06T17:47:12+00:00\" \/>\n<meta name=\"author\" content=\"Telinha\" \/>\n<meta name=\"twitter:card\" content=\"summary_large_image\" \/>\n<meta name=\"twitter:label1\" content=\"Escrito por\" \/>\n\t<meta name=\"twitter:data1\" content=\"Telinha\" \/>\n\t<meta name=\"twitter:label2\" content=\"Tempo estimado de leitura\" \/>\n\t<meta name=\"twitter:data2\" content=\"1 minuto\" \/>\n<script type=\"application\/ld+json\" class=\"yoast-schema-graph\">{\"@context\":\"https:\/\/schema.org\",\"@graph\":[{\"@type\":\"Article\",\"@id\":\"https:\/\/portaltela.pt\/noticias\/2026\/03\/06\/equipa-tecnica-do-sp-covilha-premiada-como-melhor-da-liga-3-em-fevereiro\/#article\",\"isPartOf\":{\"@id\":\"https:\/\/portaltela.pt\/noticias\/2026\/03\/06\/equipa-tecnica-do-sp-covilha-premiada-como-melhor-da-liga-3-em-fevereiro\/\"},\"author\":{\"name\":\"Telinha\",\"@id\":\"https:\/\/portaltela.pt\/#\/schema\/person\/c4278d4a6028830caff9ee44b42d32ed\"},\"headline\":\"Equipa t\u00e9cnica do Sp. Covilh\u00e3 premiada como melhor da Liga 3 em fevereiro\",\"datePublished\":\"2026-03-06T17:47:12+00:00\",\"mainEntityOfPage\":{\"@id\":\"https:\/\/portaltela.pt\/noticias\/2026\/03\/06\/equipa-tecnica-do-sp-covilha-premiada-como-melhor-da-liga-3-em-fevereiro\/\"},\"wordCount\":188,\"image\":{\"@id\":\"https:\/\/portaltela.pt\/noticias\/2026\/03\/06\/equipa-tecnica-do-sp-covilha-premiada-como-melhor-da-liga-3-em-fevereiro\/#primaryimage\"},\"thumbnailUrl\":\"https:\/\/portaltela.pt\/s.01k8rhncp4jt1\/2026\/03\/img_920x518uu2026-03-06-17-33-03-2425285-im-639084152331202528.jpg\",\"keywords\":[\"Caldas\",\"Covilh\u00e3\",\"desporto\",\"futebol\",\"treinadores\"],\"articleSection\":[\"Desporto\",\"Futebol\"],\"inLanguage\":\"pt-PT\"},{\"@type\":\"WebPage\",\"@id\":\"https:\/\/portaltela.pt\/noticias\/2026\/03\/06\/equipa-tecnica-do-sp-covilha-premiada-como-melhor-da-liga-3-em-fevereiro\/\",\"url\":\"https:\/\/portaltela.pt\/noticias\/2026\/03\/06\/equipa-tecnica-do-sp-covilha-premiada-como-melhor-da-liga-3-em-fevereiro\/\",\"name\":\"Equipa t\u00e9cnica do Sp. Covilh\u00e3 premiada como melhor da Liga 3 em fevereiro - Portal Tela Portugal\",\"isPartOf\":{\"@id\":\"https:\/\/portaltela.pt\/#website\"},\"primaryImageOfPage\":{\"@id\":\"https:\/\/portaltela.pt\/noticias\/2026\/03\/06\/equipa-tecnica-do-sp-covilha-premiada-como-melhor-da-liga-3-em-fevereiro\/#primaryimage\"},\"image\":{\"@id\":\"https:\/\/portaltela.pt\/noticias\/2026\/03\/06\/equipa-tecnica-do-sp-covilha-premiada-como-melhor-da-liga-3-em-fevereiro\/#primaryimage\"},\"thumbnailUrl\":\"https:\/\/portaltela.pt\/s.01k8rhncp4jt1\/2026\/03\/img_920x518uu2026-03-06-17-33-03-2425285-im-639084152331202528.jpg\",\"datePublished\":\"2026-03-06T17:47:12+00:00\",\"author\":{\"@id\":\"https:\/\/portaltela.pt\/#\/schema\/person\/c4278d4a6028830caff9ee44b42d32ed\"},\"breadcrumb\":{\"@id\":\"https:\/\/portaltela.pt\/noticias\/2026\/03\/06\/equipa-tecnica-do-sp-covilha-premiada-como-melhor-da-liga-3-em-fevereiro\/#breadcrumb\"},\"inLanguage\":\"pt-PT\",\"potentialAction\":[{\"@type\":\"ReadAction\",\"target\":[\"https:\/\/portaltela.pt\/noticias\/2026\/03\/06\/equipa-tecnica-do-sp-covilha-premiada-como-melhor-da-liga-3-em-fevereiro\/\"]}]},{\"@type\":\"ImageObject\",\"inLanguage\":\"pt-PT\",\"@id\":\"https:\/\/portaltela.pt\/noticias\/2026\/03\/06\/equipa-tecnica-do-sp-covilha-premiada-como-melhor-da-liga-3-em-fevereiro\/#primaryimage\",\"url\":\"https:\/\/portaltela.pt\/s.01k8rhncp4jt1\/2026\/03\/img_920x518uu2026-03-06-17-33-03-2425285-im-639084152331202528.jpg\",\"contentUrl\":\"https:\/\/portaltela.pt\/s.01k8rhncp4jt1\/2026\/03\/img_920x518uu2026-03-06-17-33-03-2425285-im-639084152331202528.jpg\",\"width\":796,\"height\":448,\"caption\":\"Rui Mota no comando t\u00e9cnico do Sp. Covilh\u00e3.jpeg\"},{\"@type\":\"BreadcrumbList\",\"@id\":\"https:\/\/portaltela.pt\/noticias\/2026\/03\/06\/equipa-tecnica-do-sp-covilha-premiada-como-melhor-da-liga-3-em-fevereiro\/#breadcrumb\",\"itemListElement\":[{\"@type\":\"ListItem\",\"position\":1,\"name\":\"In\u00edcio\",\"item\":\"https:\/\/portaltela.pt\/\"},{\"@type\":\"ListItem\",\"position\":2,\"name\":\"Equipa t\u00e9cnica do Sp. Covilh\u00e3 premiada como melhor da Liga 3 em fevereiro\"}]},{\"@type\":\"WebSite\",\"@id\":\"https:\/\/portaltela.pt\/#website\",\"url\":\"https:\/\/portaltela.pt\/\",\"name\":\"Portal Tela Portugal\",\"description\":\"\",\"potentialAction\":[{\"@type\":\"SearchAction\",\"target\":{\"@type\":\"EntryPoint\",\"urlTemplate\":\"https:\/\/portaltela.pt\/?s={search_term_string}\"},\"query-input\":{\"@type\":\"PropertyValueSpecification\",\"valueRequired\":true,\"valueName\":\"search_term_string\"}}],\"inLanguage\":\"pt-PT\"},{\"@type\":\"Person\",\"@id\":\"https:\/\/portaltela.pt\/#\/schema\/person\/c4278d4a6028830caff9ee44b42d32ed\",\"name\":\"Telinha\",\"image\":{\"@type\":\"ImageObject\",\"inLanguage\":\"pt-PT\",\"@id\":\"https:\/\/portaltela.pt\/s.01k8rhncp4jt1\/2025\/11\/talking-bot-125x125.png\",\"url\":\"https:\/\/portaltela.pt\/s.01k8rhncp4jt1\/2025\/11\/talking-bot-125x125.png\",\"contentUrl\":\"https:\/\/portaltela.pt\/s.01k8rhncp4jt1\/2025\/11\/talking-bot-125x125.png\",\"caption\":\"Telinha\"},\"sameAs\":[\"https:\/\/portaltela.pt\/\"],\"url\":\"https:\/\/portaltela.pt\/por\/367410592786\/\"}]}<\/script>\n<!-- \/ Yoast SEO plugin. -->","yoast_head_json":{"title":"Equipa t\u00e9cnica do Sp. Covilh\u00e3 premiada como melhor da Liga 3 em fevereiro - Portal Tela Portugal","robots":{"index":"index","follow":"follow","max-snippet":"max-snippet:-1","max-image-preview":"max-image-preview:large","max-video-preview":"max-video-preview:-1"},"og_locale":"pt_PT","og_type":"article","og_title":"Equipa t\u00e9cnica do Sp. Covilh\u00e3 premiada como melhor da Liga 3 em fevereiro - Portal Tela Portugal","og_description":"A equipa t\u00e9cnica do Sp. Covilh\u00e3 foi reconhecida como a melhor da Liga 3 no m\u00eas de fevereiro pelos treinadores citados pelos clubes. Rui Mota guiou os serranos em tr\u00eas vit\u00f3rias na fase de perman\u00eancia. O conjunto de Covilh\u00e3 marcou seis golos e sofreu um apenas nos tr\u00eas jogos da segunda quinzena de fevereiro. Venceram o Amora (3-0), o Caldas (1-0) e o Atl\u00e9tico (2-1), mantendo-se no quarto lugar com 10 pontos. A equipa disputa a fase de perman\u00eancia na Liga 3.","og_url":"https:\/\/portaltela.pt\/noticias\/2026\/03\/06\/equipa-tecnica-do-sp-covilha-premiada-como-melhor-da-liga-3-em-fevereiro\/","og_site_name":"Portal Tela Portugal","article_published_time":"2026-03-06T17:47:12+00:00","author":"Telinha","twitter_card":"summary_large_image","twitter_misc":{"Escrito por":"Telinha","Tempo estimado de leitura":"1 minuto"},"schema":{"@context":"https:\/\/schema.org","@graph":[{"@type":"Article","@id":"https:\/\/portaltela.pt\/noticias\/2026\/03\/06\/equipa-tecnica-do-sp-covilha-premiada-como-melhor-da-liga-3-em-fevereiro\/#article","isPartOf":{"@id":"https:\/\/portaltela.pt\/noticias\/2026\/03\/06\/equipa-tecnica-do-sp-covilha-premiada-como-melhor-da-liga-3-em-fevereiro\/"},"author":{"name":"Telinha","@id":"https:\/\/portaltela.pt\/#\/schema\/person\/c4278d4a6028830caff9ee44b42d32ed"},"headline":"Equipa t\u00e9cnica do Sp. Covilh\u00e3 premiada como melhor da Liga 3 em fevereiro","datePublished":"2026-03-06T17:47:12+00:00","mainEntityOfPage":{"@id":"https:\/\/portaltela.pt\/noticias\/2026\/03\/06\/equipa-tecnica-do-sp-covilha-premiada-como-melhor-da-liga-3-em-fevereiro\/"},"wordCount":188,"image":{"@id":"https:\/\/portaltela.pt\/noticias\/2026\/03\/06\/equipa-tecnica-do-sp-covilha-premiada-como-melhor-da-liga-3-em-fevereiro\/#primaryimage"},"thumbnailUrl":"https:\/\/portaltela.pt\/s.01k8rhncp4jt1\/2026\/03\/img_920x518uu2026-03-06-17-33-03-2425285-im-639084152331202528.jpg","keywords":["Caldas","Covilh\u00e3","desporto","futebol","treinadores"],"articleSection":["Desporto","Futebol"],"inLanguage":"pt-PT"},{"@type":"WebPage","@id":"https:\/\/portaltela.pt\/noticias\/2026\/03\/06\/equipa-tecnica-do-sp-covilha-premiada-como-melhor-da-liga-3-em-fevereiro\/","url":"https:\/\/portaltela.pt\/noticias\/2026\/03\/06\/equipa-tecnica-do-sp-covilha-premiada-como-melhor-da-liga-3-em-fevereiro\/","name":"Equipa t\u00e9cnica do Sp. Covilh\u00e3 premiada como melhor da Liga 3 em fevereiro - Portal Tela Portugal","isPartOf":{"@id":"https:\/\/portaltela.pt\/#website"},"primaryImageOfPage":{"@id":"https:\/\/portaltela.pt\/noticias\/2026\/03\/06\/equipa-tecnica-do-sp-covilha-premiada-como-melhor-da-liga-3-em-fevereiro\/#primaryimage"},"image":{"@id":"https:\/\/portaltela.pt\/noticias\/2026\/03\/06\/equipa-tecnica-do-sp-covilha-premiada-como-melhor-da-liga-3-em-fevereiro\/#primaryimage"},"thumbnailUrl":"https:\/\/portaltela.pt\/s.01k8rhncp4jt1\/2026\/03\/img_920x518uu2026-03-06-17-33-03-2425285-im-639084152331202528.jpg","datePublished":"2026-03-06T17:47:12+00:00","author":{"@id":"https:\/\/portaltela.pt\/#\/schema\/person\/c4278d4a6028830caff9ee44b42d32ed"},"breadcrumb":{"@id":"https:\/\/portaltela.pt\/noticias\/2026\/03\/06\/equipa-tecnica-do-sp-covilha-premiada-como-melhor-da-liga-3-em-fevereiro\/#breadcrumb"},"inLanguage":"pt-PT","potentialAction":[{"@type":"ReadAction","target":["https:\/\/portaltela.pt\/noticias\/2026\/03\/06\/equipa-tecnica-do-sp-covilha-premiada-como-melhor-da-liga-3-em-fevereiro\/"]}]},{"@type":"ImageObject","inLanguage":"pt-PT","@id":"https:\/\/portaltela.pt\/noticias\/2026\/03\/06\/equipa-tecnica-do-sp-covilha-premiada-como-melhor-da-liga-3-em-fevereiro\/#primaryimage","url":"https:\/\/portaltela.pt\/s.01k8rhncp4jt1\/2026\/03\/img_920x518uu2026-03-06-17-33-03-2425285-im-639084152331202528.jpg","contentUrl":"https:\/\/portaltela.pt\/s.01k8rhncp4jt1\/2026\/03\/img_920x518uu2026-03-06-17-33-03-2425285-im-639084152331202528.jpg","width":796,"height":448,"caption":"Rui Mota no comando t\u00e9cnico do Sp. Covilh\u00e3.jpeg"},{"@type":"BreadcrumbList","@id":"https:\/\/portaltela.pt\/noticias\/2026\/03\/06\/equipa-tecnica-do-sp-covilha-premiada-como-melhor-da-liga-3-em-fevereiro\/#breadcrumb","itemListElement":[{"@type":"ListItem","position":1,"name":"In\u00edcio","item":"https:\/\/portaltela.pt\/"},{"@type":"ListItem","position":2,"name":"Equipa t\u00e9cnica do Sp. Covilh\u00e3 premiada como melhor da Liga 3 em fevereiro"}]},{"@type":"WebSite","@id":"https:\/\/portaltela.pt\/#website","url":"https:\/\/portaltela.pt\/","name":"Portal Tela Portugal","description":"","potentialAction":[{"@type":"SearchAction","target":{"@type":"EntryPoint","urlTemplate":"https:\/\/portaltela.pt\/?s={search_term_string}"},"query-input":{"@type":"PropertyValueSpecification","valueRequired":true,"valueName":"search_term_string"}}],"inLanguage":"pt-PT"},{"@type":"Person","@id":"https:\/\/portaltela.pt\/#\/schema\/person\/c4278d4a6028830caff9ee44b42d32ed","name":"Telinha","image":{"@type":"ImageObject","inLanguage":"pt-PT","@id":"https:\/\/portaltela.pt\/s.01k8rhncp4jt1\/2025\/11\/talking-bot-125x125.png","url":"https:\/\/portaltela.pt\/s.01k8rhncp4jt1\/2025\/11\/talking-bot-125x125.png","contentUrl":"https:\/\/portaltela.pt\/s.01k8rhncp4jt1\/2025\/11\/talking-bot-125x125.png","caption":"Telinha"},"sameAs":["https:\/\/portaltela.pt\/"],"url":"https:\/\/portaltela.pt\/por\/367410592786\/"}]}},"_links":{"self":[{"href":"https:\/\/portaltela.pt\/api\/wp\/v2\/posts\/400591","targetHints":{"allow":["GET"]}}],"collection":[{"href":"https:\/\/portaltela.pt\/api\/wp\/v2\/posts"}],"about":[{"href":"https:\/\/portaltela.pt\/api\/wp\/v2\/types\/post"}],"author":[{"embeddable":true,"href":"https:\/\/portaltela.pt\/api\/wp\/v2\/users\/2"}],"replies":[{"embeddable":true,"href":"https:\/\/portaltela.pt\/api\/wp\/v2\/comments?post=400591"}],"version-history":[{"count":0,"href":"https:\/\/portaltela.pt\/api\/wp\/v2\/posts\/400591\/revisions"}],"wp:featuredmedia":[{"embeddable":true,"href":"https:\/\/portaltela.pt\/api\/wp\/v2\/media\/400603"}],"wp:attachment":[{"href":"https:\/\/portaltela.pt\/api\/wp\/v2\/media?parent=400591"}],"wp:term":[{"taxonomy":"category","embeddable":true,"href":"https:\/\/portaltela.pt\/api\/wp\/v2\/categories?post=400591"},{"taxonomy":"post_tag","embeddable":true,"href":"https:\/\/portaltela.pt\/api\/wp\/v2\/tags?post=400591"}],"curies":[{"name":"wp","href":"https:\/\/api.w.org\/{rel}","templated":true}]}}