{"id":400568,"date":"2026-03-06T12:29:00","date_gmt":"2026-03-06T15:29:00","guid":{"rendered":"https:\/\/portaltela.pt\/noticias\/2026\/03\/06\/cimeira-iberica-condena-ataques-do-irao-e-nao-eua\/"},"modified":"2026-03-06T12:29:00","modified_gmt":"2026-03-06T15:29:00","slug":"cimeira-iberica-condena-ataques-do-irao-e-nao-eua","status":"publish","type":"post","link":"https:\/\/portaltela.pt\/noticias\/internacional\/2026\/03\/06\/cimeira-iberica-condena-ataques-do-irao-e-nao-eua\/","title":{"rendered":"Cimeira ib\u00e9rica condena ataques do Ir\u00e3o e n\u00e3o EUA"},"content":{"rendered":"<p>A declara\u00e7\u00e3o final da 36.\u00aa Cimeira Luso-espanhola condenou os ataques indiscriminados e injustificados do Ir\u00e3o contra pa\u00edses do Conselho de Coopera\u00e7\u00e3o do Golfo e outros Estados da regi\u00e3o. N\u00e3o houve refer\u00eancia, na recomenda\u00e7\u00e3o comum, ao ataque inicial atribu\u00eddo aos Estados Unidos.<\/p>\n<p>O texto ressalta a necessidade de estabilidade regional e de observ\u00e2ncia do direito internacional, alinhando posi\u00e7\u00f5es entre as delega\u00e7\u00f5es de Portugal e Espanha presentes na cimeira. A condena\u00e7\u00e3o central centra-se nas a\u00e7\u00f5es iranianas e na busca por solu\u00e7\u00f5es pac\u00edficas para a regi\u00e3o.<\/p>\n<p>A comunica\u00e7\u00e3o oficial tamb\u00e9m destacar\u00e1 caminhos para coopera\u00e7\u00e3o regional, di\u00e1logo e redu\u00e7\u00e3o de tens\u00f5es entre Estados envolvidos na seguran\u00e7a do Golfo. N\u00e3o consta, no exposto p\u00fablico, a defini\u00e7\u00e3o de san\u00e7\u00f5es ou prazos para a\u00e7\u00f5es espec\u00edficas.<\/p>\n","protected":false},"excerpt":{"rendered":"<ul>\n<li>A declara\u00e7\u00e3o final da 36.\u00aa Cimeira Luso-espanhola condena os ataques do Ir\u00e3o contra pa\u00edses do Conselho de Coopera\u00e7\u00e3o do Golfo e outros da regi\u00e3o.<\/li>\n<li>N\u00e3o h\u00e1 refer\u00eancia a ataques iniciados pelos Estados Unidos na declara\u00e7\u00e3o.<\/li>\n<li>A cimeira \u00e9 de cariz ib\u00e9rico, juntando representantes de Portugal e Espanha, e resulta numa posi\u00e7\u00e3o comum.<\/li>\n<li>O texto divulgado foca-se na condena\u00e7\u00e3o dos ataques do Ir\u00e3o, sem mencionar outras partes envolvidas.<\/li>\n<\/ul>\n","protected":false},"author":2,"featured_media":400570,"comment_status":"closed","ping_status":"closed","sticky":false,"template":"","format":"standard","meta":{"footnotes":""},"categories":[4,1],"tags":[6543,2198,6703,3327,4745,5698],"class_list":["post-400568","post","type-post","status-publish","format-standard","has-post-thumbnail","hentry","category-internacional","category-noticias","tag-condenacao","tag-conflitos-internacionais","tag-diplomacia-internacional","tag-iran","tag-observacoes-internacionais","tag-politica-internacional"],"yoast_head":"<!-- This site is optimized with the Yoast SEO plugin v27.2 - https:\/\/yoast.com\/product\/yoast-seo-wordpress\/ -->\n<title>Cimeira ib\u00e9rica condena ataques do Ir\u00e3o e n\u00e3o EUA - Portal Tela Portugal<\/title>\n<meta name=\"robots\" content=\"index, follow, max-snippet:-1, max-image-preview:large, max-video-preview:-1\" \/>\n<meta property=\"og:locale\" content=\"pt_PT\" \/>\n<meta property=\"og:type\" content=\"article\" \/>\n<meta property=\"og:title\" content=\"Cimeira ib\u00e9rica condena ataques do Ir\u00e3o e n\u00e3o EUA - Portal Tela Portugal\" \/>\n<meta property=\"og:description\" content=\"A declara\u00e7\u00e3o final da 36.\u00aa Cimeira Luso-espanhola condena os ataques do Ir\u00e3o contra pa\u00edses do Conselho de Coopera\u00e7\u00e3o do Golfo e outros da regi\u00e3o. N\u00e3o h\u00e1 refer\u00eancia a ataques iniciados pelos Estados Unidos na declara\u00e7\u00e3o. A cimeira \u00e9 de cariz ib\u00e9rico, juntando representantes de Portugal e Espanha, e resulta numa posi\u00e7\u00e3o comum. O texto divulgado foca-se na condena\u00e7\u00e3o dos ataques do Ir\u00e3o, sem mencionar outras partes envolvidas.\" \/>\n<meta property=\"og:url\" content=\"https:\/\/portaltela.pt\/noticias\/2026\/03\/06\/cimeira-iberica-condena-ataques-do-irao-e-nao-eua\/\" \/>\n<meta property=\"og:site_name\" content=\"Portal Tela Portugal\" \/>\n<meta property=\"article:published_time\" content=\"2026-03-06T15:29:00+00:00\" \/>\n<meta name=\"author\" content=\"Telinha\" \/>\n<meta name=\"twitter:card\" content=\"summary_large_image\" \/>\n<meta name=\"twitter:label1\" content=\"Escrito por\" \/>\n\t<meta name=\"twitter:data1\" content=\"Telinha\" \/>\n\t<meta name=\"twitter:label2\" content=\"Tempo estimado de leitura\" \/>\n\t<meta name=\"twitter:data2\" content=\"1 minuto\" \/>\n<script type=\"application\/ld+json\" class=\"yoast-schema-graph\">{\"@context\":\"https:\/\/schema.org\",\"@graph\":[{\"@type\":\"Article\",\"@id\":\"https:\/\/portaltela.pt\/noticias\/2026\/03\/06\/cimeira-iberica-condena-ataques-do-irao-e-nao-eua\/#article\",\"isPartOf\":{\"@id\":\"https:\/\/portaltela.pt\/noticias\/2026\/03\/06\/cimeira-iberica-condena-ataques-do-irao-e-nao-eua\/\"},\"author\":{\"name\":\"Telinha\",\"@id\":\"https:\/\/portaltela.pt\/#\/schema\/person\/c4278d4a6028830caff9ee44b42d32ed\"},\"headline\":\"Cimeira ib\u00e9rica condena ataques do Ir\u00e3o e n\u00e3o EUA\",\"datePublished\":\"2026-03-06T15:29:00+00:00\",\"mainEntityOfPage\":{\"@id\":\"https:\/\/portaltela.pt\/noticias\/2026\/03\/06\/cimeira-iberica-condena-ataques-do-irao-e-nao-eua\/\"},\"wordCount\":159,\"image\":{\"@id\":\"https:\/\/portaltela.pt\/noticias\/2026\/03\/06\/cimeira-iberica-condena-ataques-do-irao-e-nao-eua\/#primaryimage\"},\"thumbnailUrl\":\"https:\/\/portaltela.pt\/s.01k8rhncp4jt1\/2026\/03\/CACHE_780X1200_ANALOG_WATERMARKED_46699869_2067125_06032026021409.jpg\",\"keywords\":[\"condena\u00e7\u00e3o\",\"conflitos internacionais\",\"diplomacia internacional\",\"\u00cdr\u00e1n\",\"observa\u00e7\u00f5es internacionais\",\"pol\u00edtica internacional\"],\"articleSection\":[\"Internacional\",\"Not\u00edcias\"],\"inLanguage\":\"pt-PT\"},{\"@type\":\"WebPage\",\"@id\":\"https:\/\/portaltela.pt\/noticias\/2026\/03\/06\/cimeira-iberica-condena-ataques-do-irao-e-nao-eua\/\",\"url\":\"https:\/\/portaltela.pt\/noticias\/2026\/03\/06\/cimeira-iberica-condena-ataques-do-irao-e-nao-eua\/\",\"name\":\"Cimeira ib\u00e9rica condena ataques do Ir\u00e3o e n\u00e3o EUA - Portal Tela Portugal\",\"isPartOf\":{\"@id\":\"https:\/\/portaltela.pt\/#website\"},\"primaryImageOfPage\":{\"@id\":\"https:\/\/portaltela.pt\/noticias\/2026\/03\/06\/cimeira-iberica-condena-ataques-do-irao-e-nao-eua\/#primaryimage\"},\"image\":{\"@id\":\"https:\/\/portaltela.pt\/noticias\/2026\/03\/06\/cimeira-iberica-condena-ataques-do-irao-e-nao-eua\/#primaryimage\"},\"thumbnailUrl\":\"https:\/\/portaltela.pt\/s.01k8rhncp4jt1\/2026\/03\/CACHE_780X1200_ANALOG_WATERMARKED_46699869_2067125_06032026021409.jpg\",\"datePublished\":\"2026-03-06T15:29:00+00:00\",\"author\":{\"@id\":\"https:\/\/portaltela.pt\/#\/schema\/person\/c4278d4a6028830caff9ee44b42d32ed\"},\"breadcrumb\":{\"@id\":\"https:\/\/portaltela.pt\/noticias\/2026\/03\/06\/cimeira-iberica-condena-ataques-do-irao-e-nao-eua\/#breadcrumb\"},\"inLanguage\":\"pt-PT\",\"potentialAction\":[{\"@type\":\"ReadAction\",\"target\":[\"https:\/\/portaltela.pt\/noticias\/2026\/03\/06\/cimeira-iberica-condena-ataques-do-irao-e-nao-eua\/\"]}]},{\"@type\":\"ImageObject\",\"inLanguage\":\"pt-PT\",\"@id\":\"https:\/\/portaltela.pt\/noticias\/2026\/03\/06\/cimeira-iberica-condena-ataques-do-irao-e-nao-eua\/#primaryimage\",\"url\":\"https:\/\/portaltela.pt\/s.01k8rhncp4jt1\/2026\/03\/CACHE_780X1200_ANALOG_WATERMARKED_46699869_2067125_06032026021409.jpg\",\"contentUrl\":\"https:\/\/portaltela.pt\/s.01k8rhncp4jt1\/2026\/03\/CACHE_780X1200_ANALOG_WATERMARKED_46699869_2067125_06032026021409.jpg\",\"width\":796,\"height\":448,\"caption\":\"Declara\u00e7\u00e3o final da cimeira ib\u00e9rica condena ataques do Ir\u00e3o mas n\u00e3o os Estados Unidos\"},{\"@type\":\"BreadcrumbList\",\"@id\":\"https:\/\/portaltela.pt\/noticias\/2026\/03\/06\/cimeira-iberica-condena-ataques-do-irao-e-nao-eua\/#breadcrumb\",\"itemListElement\":[{\"@type\":\"ListItem\",\"position\":1,\"name\":\"In\u00edcio\",\"item\":\"https:\/\/portaltela.pt\/\"},{\"@type\":\"ListItem\",\"position\":2,\"name\":\"Cimeira ib\u00e9rica condena ataques do Ir\u00e3o e n\u00e3o EUA\"}]},{\"@type\":\"WebSite\",\"@id\":\"https:\/\/portaltela.pt\/#website\",\"url\":\"https:\/\/portaltela.pt\/\",\"name\":\"Portal Tela Portugal\",\"description\":\"\",\"potentialAction\":[{\"@type\":\"SearchAction\",\"target\":{\"@type\":\"EntryPoint\",\"urlTemplate\":\"https:\/\/portaltela.pt\/?s={search_term_string}\"},\"query-input\":{\"@type\":\"PropertyValueSpecification\",\"valueRequired\":true,\"valueName\":\"search_term_string\"}}],\"inLanguage\":\"pt-PT\"},{\"@type\":\"Person\",\"@id\":\"https:\/\/portaltela.pt\/#\/schema\/person\/c4278d4a6028830caff9ee44b42d32ed\",\"name\":\"Telinha\",\"image\":{\"@type\":\"ImageObject\",\"inLanguage\":\"pt-PT\",\"@id\":\"https:\/\/portaltela.pt\/s.01k8rhncp4jt1\/2025\/11\/talking-bot-125x125.png\",\"url\":\"https:\/\/portaltela.pt\/s.01k8rhncp4jt1\/2025\/11\/talking-bot-125x125.png\",\"contentUrl\":\"https:\/\/portaltela.pt\/s.01k8rhncp4jt1\/2025\/11\/talking-bot-125x125.png\",\"caption\":\"Telinha\"},\"sameAs\":[\"https:\/\/portaltela.pt\/\"],\"url\":\"https:\/\/portaltela.pt\/por\/367410592786\/\"}]}<\/script>\n<!-- \/ Yoast SEO plugin. -->","yoast_head_json":{"title":"Cimeira ib\u00e9rica condena ataques do Ir\u00e3o e n\u00e3o EUA - Portal Tela Portugal","robots":{"index":"index","follow":"follow","max-snippet":"max-snippet:-1","max-image-preview":"max-image-preview:large","max-video-preview":"max-video-preview:-1"},"og_locale":"pt_PT","og_type":"article","og_title":"Cimeira ib\u00e9rica condena ataques do Ir\u00e3o e n\u00e3o EUA - Portal Tela Portugal","og_description":"A declara\u00e7\u00e3o final da 36.\u00aa Cimeira Luso-espanhola condena os ataques do Ir\u00e3o contra pa\u00edses do Conselho de Coopera\u00e7\u00e3o do Golfo e outros da regi\u00e3o. N\u00e3o h\u00e1 refer\u00eancia a ataques iniciados pelos Estados Unidos na declara\u00e7\u00e3o. A cimeira \u00e9 de cariz ib\u00e9rico, juntando representantes de Portugal e Espanha, e resulta numa posi\u00e7\u00e3o comum. O texto divulgado foca-se na condena\u00e7\u00e3o dos ataques do Ir\u00e3o, sem mencionar outras partes envolvidas.","og_url":"https:\/\/portaltela.pt\/noticias\/2026\/03\/06\/cimeira-iberica-condena-ataques-do-irao-e-nao-eua\/","og_site_name":"Portal Tela Portugal","article_published_time":"2026-03-06T15:29:00+00:00","author":"Telinha","twitter_card":"summary_large_image","twitter_misc":{"Escrito por":"Telinha","Tempo estimado de leitura":"1 minuto"},"schema":{"@context":"https:\/\/schema.org","@graph":[{"@type":"Article","@id":"https:\/\/portaltela.pt\/noticias\/2026\/03\/06\/cimeira-iberica-condena-ataques-do-irao-e-nao-eua\/#article","isPartOf":{"@id":"https:\/\/portaltela.pt\/noticias\/2026\/03\/06\/cimeira-iberica-condena-ataques-do-irao-e-nao-eua\/"},"author":{"name":"Telinha","@id":"https:\/\/portaltela.pt\/#\/schema\/person\/c4278d4a6028830caff9ee44b42d32ed"},"headline":"Cimeira ib\u00e9rica condena ataques do Ir\u00e3o e n\u00e3o EUA","datePublished":"2026-03-06T15:29:00+00:00","mainEntityOfPage":{"@id":"https:\/\/portaltela.pt\/noticias\/2026\/03\/06\/cimeira-iberica-condena-ataques-do-irao-e-nao-eua\/"},"wordCount":159,"image":{"@id":"https:\/\/portaltela.pt\/noticias\/2026\/03\/06\/cimeira-iberica-condena-ataques-do-irao-e-nao-eua\/#primaryimage"},"thumbnailUrl":"https:\/\/portaltela.pt\/s.01k8rhncp4jt1\/2026\/03\/CACHE_780X1200_ANALOG_WATERMARKED_46699869_2067125_06032026021409.jpg","keywords":["condena\u00e7\u00e3o","conflitos internacionais","diplomacia internacional","\u00cdr\u00e1n","observa\u00e7\u00f5es internacionais","pol\u00edtica internacional"],"articleSection":["Internacional","Not\u00edcias"],"inLanguage":"pt-PT"},{"@type":"WebPage","@id":"https:\/\/portaltela.pt\/noticias\/2026\/03\/06\/cimeira-iberica-condena-ataques-do-irao-e-nao-eua\/","url":"https:\/\/portaltela.pt\/noticias\/2026\/03\/06\/cimeira-iberica-condena-ataques-do-irao-e-nao-eua\/","name":"Cimeira ib\u00e9rica condena ataques do Ir\u00e3o e n\u00e3o EUA - Portal Tela Portugal","isPartOf":{"@id":"https:\/\/portaltela.pt\/#website"},"primaryImageOfPage":{"@id":"https:\/\/portaltela.pt\/noticias\/2026\/03\/06\/cimeira-iberica-condena-ataques-do-irao-e-nao-eua\/#primaryimage"},"image":{"@id":"https:\/\/portaltela.pt\/noticias\/2026\/03\/06\/cimeira-iberica-condena-ataques-do-irao-e-nao-eua\/#primaryimage"},"thumbnailUrl":"https:\/\/portaltela.pt\/s.01k8rhncp4jt1\/2026\/03\/CACHE_780X1200_ANALOG_WATERMARKED_46699869_2067125_06032026021409.jpg","datePublished":"2026-03-06T15:29:00+00:00","author":{"@id":"https:\/\/portaltela.pt\/#\/schema\/person\/c4278d4a6028830caff9ee44b42d32ed"},"breadcrumb":{"@id":"https:\/\/portaltela.pt\/noticias\/2026\/03\/06\/cimeira-iberica-condena-ataques-do-irao-e-nao-eua\/#breadcrumb"},"inLanguage":"pt-PT","potentialAction":[{"@type":"ReadAction","target":["https:\/\/portaltela.pt\/noticias\/2026\/03\/06\/cimeira-iberica-condena-ataques-do-irao-e-nao-eua\/"]}]},{"@type":"ImageObject","inLanguage":"pt-PT","@id":"https:\/\/portaltela.pt\/noticias\/2026\/03\/06\/cimeira-iberica-condena-ataques-do-irao-e-nao-eua\/#primaryimage","url":"https:\/\/portaltela.pt\/s.01k8rhncp4jt1\/2026\/03\/CACHE_780X1200_ANALOG_WATERMARKED_46699869_2067125_06032026021409.jpg","contentUrl":"https:\/\/portaltela.pt\/s.01k8rhncp4jt1\/2026\/03\/CACHE_780X1200_ANALOG_WATERMARKED_46699869_2067125_06032026021409.jpg","width":796,"height":448,"caption":"Declara\u00e7\u00e3o final da cimeira ib\u00e9rica condena ataques do Ir\u00e3o mas n\u00e3o os Estados Unidos"},{"@type":"BreadcrumbList","@id":"https:\/\/portaltela.pt\/noticias\/2026\/03\/06\/cimeira-iberica-condena-ataques-do-irao-e-nao-eua\/#breadcrumb","itemListElement":[{"@type":"ListItem","position":1,"name":"In\u00edcio","item":"https:\/\/portaltela.pt\/"},{"@type":"ListItem","position":2,"name":"Cimeira ib\u00e9rica condena ataques do Ir\u00e3o e n\u00e3o EUA"}]},{"@type":"WebSite","@id":"https:\/\/portaltela.pt\/#website","url":"https:\/\/portaltela.pt\/","name":"Portal Tela Portugal","description":"","potentialAction":[{"@type":"SearchAction","target":{"@type":"EntryPoint","urlTemplate":"https:\/\/portaltela.pt\/?s={search_term_string}"},"query-input":{"@type":"PropertyValueSpecification","valueRequired":true,"valueName":"search_term_string"}}],"inLanguage":"pt-PT"},{"@type":"Person","@id":"https:\/\/portaltela.pt\/#\/schema\/person\/c4278d4a6028830caff9ee44b42d32ed","name":"Telinha","image":{"@type":"ImageObject","inLanguage":"pt-PT","@id":"https:\/\/portaltela.pt\/s.01k8rhncp4jt1\/2025\/11\/talking-bot-125x125.png","url":"https:\/\/portaltela.pt\/s.01k8rhncp4jt1\/2025\/11\/talking-bot-125x125.png","contentUrl":"https:\/\/portaltela.pt\/s.01k8rhncp4jt1\/2025\/11\/talking-bot-125x125.png","caption":"Telinha"},"sameAs":["https:\/\/portaltela.pt\/"],"url":"https:\/\/portaltela.pt\/por\/367410592786\/"}]}},"_links":{"self":[{"href":"https:\/\/portaltela.pt\/api\/wp\/v2\/posts\/400568","targetHints":{"allow":["GET"]}}],"collection":[{"href":"https:\/\/portaltela.pt\/api\/wp\/v2\/posts"}],"about":[{"href":"https:\/\/portaltela.pt\/api\/wp\/v2\/types\/post"}],"author":[{"embeddable":true,"href":"https:\/\/portaltela.pt\/api\/wp\/v2\/users\/2"}],"replies":[{"embeddable":true,"href":"https:\/\/portaltela.pt\/api\/wp\/v2\/comments?post=400568"}],"version-history":[{"count":0,"href":"https:\/\/portaltela.pt\/api\/wp\/v2\/posts\/400568\/revisions"}],"wp:featuredmedia":[{"embeddable":true,"href":"https:\/\/portaltela.pt\/api\/wp\/v2\/media\/400570"}],"wp:attachment":[{"href":"https:\/\/portaltela.pt\/api\/wp\/v2\/media?parent=400568"}],"wp:term":[{"taxonomy":"category","embeddable":true,"href":"https:\/\/portaltela.pt\/api\/wp\/v2\/categories?post=400568"},{"taxonomy":"post_tag","embeddable":true,"href":"https:\/\/portaltela.pt\/api\/wp\/v2\/tags?post=400568"}],"curies":[{"name":"wp","href":"https:\/\/api.w.org\/{rel}","templated":true}]}}