{"id":400550,"date":"2026-03-06T09:21:00","date_gmt":"2026-03-06T12:21:00","guid":{"rendered":"https:\/\/portaltela.pt\/noticias\/2026\/03\/06\/sydney-sweeney-fotografada-a-passear-em-sintra\/"},"modified":"2026-03-06T09:21:00","modified_gmt":"2026-03-06T12:21:00","slug":"sydney-sweeney-fotografada-a-passear-em-sintra","status":"publish","type":"post","link":"https:\/\/portaltela.pt\/celebridades\/2026\/03\/06\/sydney-sweeney-fotografada-a-passear-em-sintra\/","title":{"rendered":"Sydney Sweeney fotografada a passear em Sintra"},"content":{"rendered":"<p>Sydney Sweeney, de 28 anos, foi vista num passeio em Sintra, Portugal, na quinta-feira, 5, ao Pal\u00e1cio Nacional da Pena.<\/p>\n<p>A atriz foi fotografada durante a visita, que ocorreu num contexto tur\u00edstico no concelho de Sintra.<\/p>\n<p>O Pal\u00e1cio Nacional da Pena publicou no Instagram uma mensagem de boas-vindas \u00e0 artista, recebida pelos funcion\u00e1rios durante a visita.<\/p>\n<p>A presen\u00e7a de Sweeney gerou aten\u00e7\u00e3o dos f\u00e3s, que acompanharam parte do passeio em imagens partilhadas nas redes sociais.<\/p>\n<p>Na semana anterior, a atriz esteve no est\u00e1dio de Alvalade, acompanhada por Leo Woodall e Matthew Goode, para assistir ao encontro Sporting-Estoril.<\/p>\n<p>O trio foi visto a chegar ao recinto e a partilhar momentos da visita aos jardins do est\u00e1dio.<\/p>\n","protected":false},"excerpt":{"rendered":"<ul>\n<li>Sydney Sweeney foi vista num passeio em Sintra, no Pal\u00e1cio Nacional da Pena, na quinta-feira, 5 de mar\u00e7o, aos 28 anos.<\/li>\n<li>O Pal\u00e1cio Nacional da Pena publicou uma mensagem de boas-vindas \u00e0 atriz na sua p\u00e1gina de Instagram.<\/li>\n<li>A mensagem oficial refere a atriz como admiradora do pal\u00e1cio.<\/li>\n<li>Na semana anterior, a atriz esteve no Est\u00e1dio de Alvalade com Leo Woodall e Matthew Goode para assistir ao Sporting\u2011Estoril.<\/li>\n<li>As imagens do encontro foram partilhadas nas redes sociais para registar a ocasi\u00e3o.<\/li>\n<\/ul>\n","protected":false},"author":2,"featured_media":400555,"comment_status":"closed","ping_status":"closed","sticky":false,"template":"","format":"standard","meta":{"footnotes":""},"categories":[6675],"tags":[76,981,1014,1110,169,4301],"class_list":["post-400550","post","type-post","status-publish","format-standard","has-post-thumbnail","hentry","category-celebridades","tag-celebridades","tag-lisboa","tag-portugal","tag-sintra","tag-turismo","tag-turismo-de-portugal"],"yoast_head":"<!-- This site is optimized with the Yoast SEO plugin v27.2 - https:\/\/yoast.com\/product\/yoast-seo-wordpress\/ -->\n<title>Sydney Sweeney fotografada a passear em Sintra - Portal Tela Portugal<\/title>\n<meta name=\"robots\" content=\"index, follow, max-snippet:-1, max-image-preview:large, max-video-preview:-1\" \/>\n<meta property=\"og:locale\" content=\"pt_PT\" \/>\n<meta property=\"og:type\" content=\"article\" \/>\n<meta property=\"og:title\" content=\"Sydney Sweeney fotografada a passear em Sintra - Portal Tela Portugal\" \/>\n<meta property=\"og:description\" content=\"Sydney Sweeney foi vista num passeio em Sintra, no Pal\u00e1cio Nacional da Pena, na quinta-feira, 5 de mar\u00e7o, aos 28 anos. O Pal\u00e1cio Nacional da Pena publicou uma mensagem de boas-vindas \u00e0 atriz na sua p\u00e1gina de Instagram. A mensagem oficial refere a atriz como admiradora do pal\u00e1cio. Na semana anterior, a atriz esteve no Est\u00e1dio de Alvalade com Leo Woodall e Matthew Goode para assistir ao Sporting\u2011Estoril. As imagens do encontro foram partilhadas nas redes sociais para registar a ocasi\u00e3o.\" \/>\n<meta property=\"og:url\" content=\"https:\/\/portaltela.pt\/noticias\/2026\/03\/06\/sydney-sweeney-fotografada-a-passear-em-sintra\/\" \/>\n<meta property=\"og:site_name\" content=\"Portal Tela Portugal\" \/>\n<meta property=\"article:published_time\" content=\"2026-03-06T12:21:00+00:00\" \/>\n<meta name=\"author\" content=\"Telinha\" \/>\n<meta name=\"twitter:card\" content=\"summary_large_image\" \/>\n<meta name=\"twitter:label1\" content=\"Escrito por\" \/>\n\t<meta name=\"twitter:data1\" content=\"Telinha\" \/>\n\t<meta name=\"twitter:label2\" content=\"Tempo estimado de leitura\" \/>\n\t<meta name=\"twitter:data2\" content=\"1 minuto\" \/>\n<script type=\"application\/ld+json\" class=\"yoast-schema-graph\">{\"@context\":\"https:\/\/schema.org\",\"@graph\":[{\"@type\":\"Article\",\"@id\":\"https:\/\/portaltela.pt\/noticias\/2026\/03\/06\/sydney-sweeney-fotografada-a-passear-em-sintra\/#article\",\"isPartOf\":{\"@id\":\"https:\/\/portaltela.pt\/noticias\/2026\/03\/06\/sydney-sweeney-fotografada-a-passear-em-sintra\/\"},\"author\":{\"name\":\"Telinha\",\"@id\":\"https:\/\/portaltela.pt\/#\/schema\/person\/c4278d4a6028830caff9ee44b42d32ed\"},\"headline\":\"Sydney Sweeney fotografada a passear em Sintra\",\"datePublished\":\"2026-03-06T12:21:00+00:00\",\"mainEntityOfPage\":{\"@id\":\"https:\/\/portaltela.pt\/noticias\/2026\/03\/06\/sydney-sweeney-fotografada-a-passear-em-sintra\/\"},\"wordCount\":128,\"image\":{\"@id\":\"https:\/\/portaltela.pt\/noticias\/2026\/03\/06\/sydney-sweeney-fotografada-a-passear-em-sintra\/#primaryimage\"},\"thumbnailUrl\":\"https:\/\/portaltela.pt\/s.01k8rhncp4jt1\/2026\/03\/img_1280x718uu2026-03-06-10-18-29-2270717-im-639083891318778087.jpg\",\"keywords\":[\"celebridades\",\"Lisboa\",\"Portugal\",\"Sintra\",\"turismo\",\"Turismo de Portugal\"],\"articleSection\":[\"Celebridades\"],\"inLanguage\":\"pt-PT\"},{\"@type\":\"WebPage\",\"@id\":\"https:\/\/portaltela.pt\/noticias\/2026\/03\/06\/sydney-sweeney-fotografada-a-passear-em-sintra\/\",\"url\":\"https:\/\/portaltela.pt\/noticias\/2026\/03\/06\/sydney-sweeney-fotografada-a-passear-em-sintra\/\",\"name\":\"Sydney Sweeney fotografada a passear em Sintra - Portal Tela Portugal\",\"isPartOf\":{\"@id\":\"https:\/\/portaltela.pt\/#website\"},\"primaryImageOfPage\":{\"@id\":\"https:\/\/portaltela.pt\/noticias\/2026\/03\/06\/sydney-sweeney-fotografada-a-passear-em-sintra\/#primaryimage\"},\"image\":{\"@id\":\"https:\/\/portaltela.pt\/noticias\/2026\/03\/06\/sydney-sweeney-fotografada-a-passear-em-sintra\/#primaryimage\"},\"thumbnailUrl\":\"https:\/\/portaltela.pt\/s.01k8rhncp4jt1\/2026\/03\/img_1280x718uu2026-03-06-10-18-29-2270717-im-639083891318778087.jpg\",\"datePublished\":\"2026-03-06T12:21:00+00:00\",\"author\":{\"@id\":\"https:\/\/portaltela.pt\/#\/schema\/person\/c4278d4a6028830caff9ee44b42d32ed\"},\"breadcrumb\":{\"@id\":\"https:\/\/portaltela.pt\/noticias\/2026\/03\/06\/sydney-sweeney-fotografada-a-passear-em-sintra\/#breadcrumb\"},\"inLanguage\":\"pt-PT\",\"potentialAction\":[{\"@type\":\"ReadAction\",\"target\":[\"https:\/\/portaltela.pt\/noticias\/2026\/03\/06\/sydney-sweeney-fotografada-a-passear-em-sintra\/\"]}]},{\"@type\":\"ImageObject\",\"inLanguage\":\"pt-PT\",\"@id\":\"https:\/\/portaltela.pt\/noticias\/2026\/03\/06\/sydney-sweeney-fotografada-a-passear-em-sintra\/#primaryimage\",\"url\":\"https:\/\/portaltela.pt\/s.01k8rhncp4jt1\/2026\/03\/img_1280x718uu2026-03-06-10-18-29-2270717-im-639083891318778087.jpg\",\"contentUrl\":\"https:\/\/portaltela.pt\/s.01k8rhncp4jt1\/2026\/03\/img_1280x718uu2026-03-06-10-18-29-2270717-im-639083891318778087.jpg\",\"width\":796,\"height\":448,\"caption\":\"Sydney Sweeney\"},{\"@type\":\"BreadcrumbList\",\"@id\":\"https:\/\/portaltela.pt\/noticias\/2026\/03\/06\/sydney-sweeney-fotografada-a-passear-em-sintra\/#breadcrumb\",\"itemListElement\":[{\"@type\":\"ListItem\",\"position\":1,\"name\":\"In\u00edcio\",\"item\":\"https:\/\/portaltela.pt\/\"},{\"@type\":\"ListItem\",\"position\":2,\"name\":\"Sydney Sweeney fotografada a passear em Sintra\"}]},{\"@type\":\"WebSite\",\"@id\":\"https:\/\/portaltela.pt\/#website\",\"url\":\"https:\/\/portaltela.pt\/\",\"name\":\"Portal Tela Portugal\",\"description\":\"\",\"potentialAction\":[{\"@type\":\"SearchAction\",\"target\":{\"@type\":\"EntryPoint\",\"urlTemplate\":\"https:\/\/portaltela.pt\/?s={search_term_string}\"},\"query-input\":{\"@type\":\"PropertyValueSpecification\",\"valueRequired\":true,\"valueName\":\"search_term_string\"}}],\"inLanguage\":\"pt-PT\"},{\"@type\":\"Person\",\"@id\":\"https:\/\/portaltela.pt\/#\/schema\/person\/c4278d4a6028830caff9ee44b42d32ed\",\"name\":\"Telinha\",\"image\":{\"@type\":\"ImageObject\",\"inLanguage\":\"pt-PT\",\"@id\":\"https:\/\/portaltela.pt\/s.01k8rhncp4jt1\/2025\/11\/talking-bot-125x125.png\",\"url\":\"https:\/\/portaltela.pt\/s.01k8rhncp4jt1\/2025\/11\/talking-bot-125x125.png\",\"contentUrl\":\"https:\/\/portaltela.pt\/s.01k8rhncp4jt1\/2025\/11\/talking-bot-125x125.png\",\"caption\":\"Telinha\"},\"sameAs\":[\"https:\/\/portaltela.pt\/\"],\"url\":\"https:\/\/portaltela.pt\/por\/367410592786\/\"}]}<\/script>\n<!-- \/ Yoast SEO plugin. -->","yoast_head_json":{"title":"Sydney Sweeney fotografada a passear em Sintra - Portal Tela Portugal","robots":{"index":"index","follow":"follow","max-snippet":"max-snippet:-1","max-image-preview":"max-image-preview:large","max-video-preview":"max-video-preview:-1"},"og_locale":"pt_PT","og_type":"article","og_title":"Sydney Sweeney fotografada a passear em Sintra - Portal Tela Portugal","og_description":"Sydney Sweeney foi vista num passeio em Sintra, no Pal\u00e1cio Nacional da Pena, na quinta-feira, 5 de mar\u00e7o, aos 28 anos. O Pal\u00e1cio Nacional da Pena publicou uma mensagem de boas-vindas \u00e0 atriz na sua p\u00e1gina de Instagram. A mensagem oficial refere a atriz como admiradora do pal\u00e1cio. Na semana anterior, a atriz esteve no Est\u00e1dio de Alvalade com Leo Woodall e Matthew Goode para assistir ao Sporting\u2011Estoril. As imagens do encontro foram partilhadas nas redes sociais para registar a ocasi\u00e3o.","og_url":"https:\/\/portaltela.pt\/noticias\/2026\/03\/06\/sydney-sweeney-fotografada-a-passear-em-sintra\/","og_site_name":"Portal Tela Portugal","article_published_time":"2026-03-06T12:21:00+00:00","author":"Telinha","twitter_card":"summary_large_image","twitter_misc":{"Escrito por":"Telinha","Tempo estimado de leitura":"1 minuto"},"schema":{"@context":"https:\/\/schema.org","@graph":[{"@type":"Article","@id":"https:\/\/portaltela.pt\/noticias\/2026\/03\/06\/sydney-sweeney-fotografada-a-passear-em-sintra\/#article","isPartOf":{"@id":"https:\/\/portaltela.pt\/noticias\/2026\/03\/06\/sydney-sweeney-fotografada-a-passear-em-sintra\/"},"author":{"name":"Telinha","@id":"https:\/\/portaltela.pt\/#\/schema\/person\/c4278d4a6028830caff9ee44b42d32ed"},"headline":"Sydney Sweeney fotografada a passear em Sintra","datePublished":"2026-03-06T12:21:00+00:00","mainEntityOfPage":{"@id":"https:\/\/portaltela.pt\/noticias\/2026\/03\/06\/sydney-sweeney-fotografada-a-passear-em-sintra\/"},"wordCount":128,"image":{"@id":"https:\/\/portaltela.pt\/noticias\/2026\/03\/06\/sydney-sweeney-fotografada-a-passear-em-sintra\/#primaryimage"},"thumbnailUrl":"https:\/\/portaltela.pt\/s.01k8rhncp4jt1\/2026\/03\/img_1280x718uu2026-03-06-10-18-29-2270717-im-639083891318778087.jpg","keywords":["celebridades","Lisboa","Portugal","Sintra","turismo","Turismo de Portugal"],"articleSection":["Celebridades"],"inLanguage":"pt-PT"},{"@type":"WebPage","@id":"https:\/\/portaltela.pt\/noticias\/2026\/03\/06\/sydney-sweeney-fotografada-a-passear-em-sintra\/","url":"https:\/\/portaltela.pt\/noticias\/2026\/03\/06\/sydney-sweeney-fotografada-a-passear-em-sintra\/","name":"Sydney Sweeney fotografada a passear em Sintra - Portal Tela Portugal","isPartOf":{"@id":"https:\/\/portaltela.pt\/#website"},"primaryImageOfPage":{"@id":"https:\/\/portaltela.pt\/noticias\/2026\/03\/06\/sydney-sweeney-fotografada-a-passear-em-sintra\/#primaryimage"},"image":{"@id":"https:\/\/portaltela.pt\/noticias\/2026\/03\/06\/sydney-sweeney-fotografada-a-passear-em-sintra\/#primaryimage"},"thumbnailUrl":"https:\/\/portaltela.pt\/s.01k8rhncp4jt1\/2026\/03\/img_1280x718uu2026-03-06-10-18-29-2270717-im-639083891318778087.jpg","datePublished":"2026-03-06T12:21:00+00:00","author":{"@id":"https:\/\/portaltela.pt\/#\/schema\/person\/c4278d4a6028830caff9ee44b42d32ed"},"breadcrumb":{"@id":"https:\/\/portaltela.pt\/noticias\/2026\/03\/06\/sydney-sweeney-fotografada-a-passear-em-sintra\/#breadcrumb"},"inLanguage":"pt-PT","potentialAction":[{"@type":"ReadAction","target":["https:\/\/portaltela.pt\/noticias\/2026\/03\/06\/sydney-sweeney-fotografada-a-passear-em-sintra\/"]}]},{"@type":"ImageObject","inLanguage":"pt-PT","@id":"https:\/\/portaltela.pt\/noticias\/2026\/03\/06\/sydney-sweeney-fotografada-a-passear-em-sintra\/#primaryimage","url":"https:\/\/portaltela.pt\/s.01k8rhncp4jt1\/2026\/03\/img_1280x718uu2026-03-06-10-18-29-2270717-im-639083891318778087.jpg","contentUrl":"https:\/\/portaltela.pt\/s.01k8rhncp4jt1\/2026\/03\/img_1280x718uu2026-03-06-10-18-29-2270717-im-639083891318778087.jpg","width":796,"height":448,"caption":"Sydney Sweeney"},{"@type":"BreadcrumbList","@id":"https:\/\/portaltela.pt\/noticias\/2026\/03\/06\/sydney-sweeney-fotografada-a-passear-em-sintra\/#breadcrumb","itemListElement":[{"@type":"ListItem","position":1,"name":"In\u00edcio","item":"https:\/\/portaltela.pt\/"},{"@type":"ListItem","position":2,"name":"Sydney Sweeney fotografada a passear em Sintra"}]},{"@type":"WebSite","@id":"https:\/\/portaltela.pt\/#website","url":"https:\/\/portaltela.pt\/","name":"Portal Tela Portugal","description":"","potentialAction":[{"@type":"SearchAction","target":{"@type":"EntryPoint","urlTemplate":"https:\/\/portaltela.pt\/?s={search_term_string}"},"query-input":{"@type":"PropertyValueSpecification","valueRequired":true,"valueName":"search_term_string"}}],"inLanguage":"pt-PT"},{"@type":"Person","@id":"https:\/\/portaltela.pt\/#\/schema\/person\/c4278d4a6028830caff9ee44b42d32ed","name":"Telinha","image":{"@type":"ImageObject","inLanguage":"pt-PT","@id":"https:\/\/portaltela.pt\/s.01k8rhncp4jt1\/2025\/11\/talking-bot-125x125.png","url":"https:\/\/portaltela.pt\/s.01k8rhncp4jt1\/2025\/11\/talking-bot-125x125.png","contentUrl":"https:\/\/portaltela.pt\/s.01k8rhncp4jt1\/2025\/11\/talking-bot-125x125.png","caption":"Telinha"},"sameAs":["https:\/\/portaltela.pt\/"],"url":"https:\/\/portaltela.pt\/por\/367410592786\/"}]}},"_links":{"self":[{"href":"https:\/\/portaltela.pt\/api\/wp\/v2\/posts\/400550","targetHints":{"allow":["GET"]}}],"collection":[{"href":"https:\/\/portaltela.pt\/api\/wp\/v2\/posts"}],"about":[{"href":"https:\/\/portaltela.pt\/api\/wp\/v2\/types\/post"}],"author":[{"embeddable":true,"href":"https:\/\/portaltela.pt\/api\/wp\/v2\/users\/2"}],"replies":[{"embeddable":true,"href":"https:\/\/portaltela.pt\/api\/wp\/v2\/comments?post=400550"}],"version-history":[{"count":0,"href":"https:\/\/portaltela.pt\/api\/wp\/v2\/posts\/400550\/revisions"}],"wp:featuredmedia":[{"embeddable":true,"href":"https:\/\/portaltela.pt\/api\/wp\/v2\/media\/400555"}],"wp:attachment":[{"href":"https:\/\/portaltela.pt\/api\/wp\/v2\/media?parent=400550"}],"wp:term":[{"taxonomy":"category","embeddable":true,"href":"https:\/\/portaltela.pt\/api\/wp\/v2\/categories?post=400550"},{"taxonomy":"post_tag","embeddable":true,"href":"https:\/\/portaltela.pt\/api\/wp\/v2\/tags?post=400550"}],"curies":[{"name":"wp","href":"https:\/\/api.w.org\/{rel}","templated":true}]}}