{"id":400540,"date":"2026-03-06T14:32:00","date_gmt":"2026-03-06T17:32:00","guid":{"rendered":"https:\/\/portaltela.pt\/noticias\/2026\/03\/06\/odes-e-siguiriyas-refletem-dias-tristes\/"},"modified":"2026-03-06T14:32:00","modified_gmt":"2026-03-06T17:32:00","slug":"odes-e-siguiriyas-refletem-dias-tristes","status":"publish","type":"post","link":"https:\/\/portaltela.pt\/musica\/2026\/03\/06\/odes-e-siguiriyas-refletem-dias-tristes\/","title":{"rendered":"Odes e siguiriyas refletem dias tristes"},"content":{"rendered":"<p>O jornal recebeu uma carta de um leitor, Romeu Rodrigues, duriense de Castcelo Melhor, Vila Nova de Foz C\u00f4a, que se exprime atrav\u00e9s de uma escrita \u00e0 m\u00e3o. A correspond\u00eancia veio acompanhada de um Porto Vintage, sugerindo uma leitura com um toque pessoal e festivo. O conte\u00fado da missiva ainda n\u00e3o foi detalhado publicamente pelo jornal.<\/p>\n<p>A carta amplia o leque de interesses que o p\u00fablico demonstra junto da reda\u00e7\u00e3o, incluindo uma aprecia\u00e7\u00e3o pelo flamenco e pela cultura ib\u00e9rica, bem como pela liga\u00e7\u00e3o afetiva a tradi\u00e7\u00f5es antigas. A redac\u00e7\u00e3o analisa a forma como estas express\u00f5es culturais podem ganhar espa\u00e7o num jornal que se pretende democr\u00e1tico e pr\u00f3ximo.<\/p>\n<h3>O Ir\u00e3o de Khayyam<\/h3>\n<p>Os leitores s\u00e3o a for\u00e7a e a vida do jornal. O contributo do P\u00daBLICO para a vida democr\u00e1tica e c\u00edvica do pa\u00eds reside na rela\u00e7\u00e3o que estabelece com o seu p\u00fablico. Para prosseguir a leitura, o jornal indica vias de assinatura do P\u00daBLICO, com contacto por telefone e email.<\/p>\n<p>A sec\u00e7\u00e3o seguinte explica que a continuidade da publica\u00e7\u00e3o depende de apoio dos leitores, sublinhando o papel da assinatura como meio de assegurar investimento editorial. O texto refor\u00e7a que o jornal se mant\u00e9m fiel \u00e0 informa\u00e7\u00e3o verificada e \u00e0 an\u00e1lise equilibrada.<\/p>\n<h3>Sobre o papel dos leitores<\/h3>\n<p>A pe\u00e7a frisa que os leitores alimentam o debate p\u00fablico e ajudam a sustentar o jornalismo de investiga\u00e7\u00e3o. A reda\u00e7\u00e3o cita o compromisso de manter o acesso por meio de assinaturas, sem recorrer a conte\u00fado externo indevido. O objetivo \u00e9 informar de forma clara, objetiva e tempestiva.<\/p>\n","protected":false},"excerpt":{"rendered":"<ul>\n<li>Um leitor, Romeu Rodrigues, natural da regi\u00e3o Duriense, de Castelo Melhor, Vila Nova de Foz C\u00f4a, enviou uma carta ao jornal e \u00e9 f\u00e3 de flamenco; a carta foi escrita \u00e0 m\u00e3o e acompanhada de um Porto Vintage.<\/li>\n<li>O conte\u00fado da carta insere-se no corpo da publica\u00e7\u00e3o, com o t\u00edtulo \u201cO Ir\u00e3o de Khayyam\u201d e refer\u00eancias a leitores como for\u00e7a da imprensa.<\/li>\n<li>O jornal afirma que os leitores s\u00e3o a for\u00e7a e a vida da publica\u00e7\u00e3o, destacando a import\u00e2ncia da rela\u00e7\u00e3o com o p\u00fablico para a vida democr\u00e1tica e c\u00edvica do pa\u00eds.<\/li>\n<li>Para continuar a ler o artigo, o texto orienta os leitores a assinarem o P\u00fablico, com instru\u00e7\u00f5es de contacto para assinatura.<\/li>\n<\/ul>\n","protected":false},"author":2,"featured_media":400548,"comment_status":"closed","ping_status":"closed","sticky":false,"template":"","format":"standard","meta":{"footnotes":""},"categories":[6676],"tags":[4272,145,2795,506,195,3181],"class_list":["post-400540","post","type-post","status-publish","format-standard","has-post-thumbnail","hentry","category-musica","tag-assinaturas","tag-cultura","tag-democracia","tag-imprensa","tag-informacao","tag-publicacoes"],"yoast_head":"<!-- This site is optimized with the Yoast SEO plugin v27.2 - https:\/\/yoast.com\/product\/yoast-seo-wordpress\/ -->\n<title>Odes e siguiriyas refletem dias tristes - Portal Tela Portugal<\/title>\n<meta name=\"robots\" content=\"index, follow, max-snippet:-1, max-image-preview:large, max-video-preview:-1\" \/>\n<meta property=\"og:locale\" content=\"pt_PT\" \/>\n<meta property=\"og:type\" content=\"article\" \/>\n<meta property=\"og:title\" content=\"Odes e siguiriyas refletem dias tristes - Portal Tela Portugal\" \/>\n<meta property=\"og:description\" content=\"Um leitor, Romeu Rodrigues, natural da regi\u00e3o Duriense, de Castelo Melhor, Vila Nova de Foz C\u00f4a, enviou uma carta ao jornal e \u00e9 f\u00e3 de flamenco; a carta foi escrita \u00e0 m\u00e3o e acompanhada de um Porto Vintage. O conte\u00fado da carta insere-se no corpo da publica\u00e7\u00e3o, com o t\u00edtulo \u201cO Ir\u00e3o de Khayyam\u201d e refer\u00eancias a leitores como for\u00e7a da imprensa. O jornal afirma que os leitores s\u00e3o a for\u00e7a e a vida da publica\u00e7\u00e3o, destacando a import\u00e2ncia da rela\u00e7\u00e3o com o p\u00fablico para a vida democr\u00e1tica e c\u00edvica do pa\u00eds. Para continuar a ler o artigo, o texto orienta os leitores a assinarem o P\u00fablico, com instru\u00e7\u00f5es de contacto para assinatura.\" \/>\n<meta property=\"og:url\" content=\"https:\/\/portaltela.pt\/noticias\/2026\/03\/06\/odes-e-siguiriyas-refletem-dias-tristes\/\" \/>\n<meta property=\"og:site_name\" content=\"Portal Tela Portugal\" \/>\n<meta property=\"article:published_time\" content=\"2026-03-06T17:32:00+00:00\" \/>\n<meta name=\"author\" content=\"Telinha\" \/>\n<meta name=\"twitter:card\" content=\"summary_large_image\" \/>\n<meta name=\"twitter:label1\" content=\"Escrito por\" \/>\n\t<meta name=\"twitter:data1\" content=\"Telinha\" \/>\n\t<meta name=\"twitter:label2\" content=\"Tempo estimado de leitura\" \/>\n\t<meta name=\"twitter:data2\" content=\"1 minuto\" \/>\n<script type=\"application\/ld+json\" class=\"yoast-schema-graph\">{\"@context\":\"https:\/\/schema.org\",\"@graph\":[{\"@type\":\"Article\",\"@id\":\"https:\/\/portaltela.pt\/noticias\/2026\/03\/06\/odes-e-siguiriyas-refletem-dias-tristes\/#article\",\"isPartOf\":{\"@id\":\"https:\/\/portaltela.pt\/noticias\/2026\/03\/06\/odes-e-siguiriyas-refletem-dias-tristes\/\"},\"author\":{\"name\":\"Telinha\",\"@id\":\"https:\/\/portaltela.pt\/#\/schema\/person\/c4278d4a6028830caff9ee44b42d32ed\"},\"headline\":\"Odes e siguiriyas refletem dias tristes\",\"datePublished\":\"2026-03-06T17:32:00+00:00\",\"mainEntityOfPage\":{\"@id\":\"https:\/\/portaltela.pt\/noticias\/2026\/03\/06\/odes-e-siguiriyas-refletem-dias-tristes\/\"},\"wordCount\":293,\"image\":{\"@id\":\"https:\/\/portaltela.pt\/noticias\/2026\/03\/06\/odes-e-siguiriyas-refletem-dias-tristes\/#primaryimage\"},\"thumbnailUrl\":\"https:\/\/portaltela.pt\/s.01k8rhncp4jt1\/2026\/03\/2072300.jpg\",\"keywords\":[\"assinaturas\",\"cultura\",\"democracia\",\"imprensa\",\"informa\u00e7\u00e3o\",\"publica\u00e7\u00f5es\"],\"articleSection\":[\"M\u00fasica\"],\"inLanguage\":\"pt-PT\"},{\"@type\":\"WebPage\",\"@id\":\"https:\/\/portaltela.pt\/noticias\/2026\/03\/06\/odes-e-siguiriyas-refletem-dias-tristes\/\",\"url\":\"https:\/\/portaltela.pt\/noticias\/2026\/03\/06\/odes-e-siguiriyas-refletem-dias-tristes\/\",\"name\":\"Odes e siguiriyas refletem dias tristes - Portal Tela Portugal\",\"isPartOf\":{\"@id\":\"https:\/\/portaltela.pt\/#website\"},\"primaryImageOfPage\":{\"@id\":\"https:\/\/portaltela.pt\/noticias\/2026\/03\/06\/odes-e-siguiriyas-refletem-dias-tristes\/#primaryimage\"},\"image\":{\"@id\":\"https:\/\/portaltela.pt\/noticias\/2026\/03\/06\/odes-e-siguiriyas-refletem-dias-tristes\/#primaryimage\"},\"thumbnailUrl\":\"https:\/\/portaltela.pt\/s.01k8rhncp4jt1\/2026\/03\/2072300.jpg\",\"datePublished\":\"2026-03-06T17:32:00+00:00\",\"author\":{\"@id\":\"https:\/\/portaltela.pt\/#\/schema\/person\/c4278d4a6028830caff9ee44b42d32ed\"},\"breadcrumb\":{\"@id\":\"https:\/\/portaltela.pt\/noticias\/2026\/03\/06\/odes-e-siguiriyas-refletem-dias-tristes\/#breadcrumb\"},\"inLanguage\":\"pt-PT\",\"potentialAction\":[{\"@type\":\"ReadAction\",\"target\":[\"https:\/\/portaltela.pt\/noticias\/2026\/03\/06\/odes-e-siguiriyas-refletem-dias-tristes\/\"]}]},{\"@type\":\"ImageObject\",\"inLanguage\":\"pt-PT\",\"@id\":\"https:\/\/portaltela.pt\/noticias\/2026\/03\/06\/odes-e-siguiriyas-refletem-dias-tristes\/#primaryimage\",\"url\":\"https:\/\/portaltela.pt\/s.01k8rhncp4jt1\/2026\/03\/2072300.jpg\",\"contentUrl\":\"https:\/\/portaltela.pt\/s.01k8rhncp4jt1\/2026\/03\/2072300.jpg\",\"width\":796,\"height\":448,\"caption\":\"Photo\"},{\"@type\":\"BreadcrumbList\",\"@id\":\"https:\/\/portaltela.pt\/noticias\/2026\/03\/06\/odes-e-siguiriyas-refletem-dias-tristes\/#breadcrumb\",\"itemListElement\":[{\"@type\":\"ListItem\",\"position\":1,\"name\":\"In\u00edcio\",\"item\":\"https:\/\/portaltela.pt\/\"},{\"@type\":\"ListItem\",\"position\":2,\"name\":\"Odes e siguiriyas refletem dias tristes\"}]},{\"@type\":\"WebSite\",\"@id\":\"https:\/\/portaltela.pt\/#website\",\"url\":\"https:\/\/portaltela.pt\/\",\"name\":\"Portal Tela Portugal\",\"description\":\"\",\"potentialAction\":[{\"@type\":\"SearchAction\",\"target\":{\"@type\":\"EntryPoint\",\"urlTemplate\":\"https:\/\/portaltela.pt\/?s={search_term_string}\"},\"query-input\":{\"@type\":\"PropertyValueSpecification\",\"valueRequired\":true,\"valueName\":\"search_term_string\"}}],\"inLanguage\":\"pt-PT\"},{\"@type\":\"Person\",\"@id\":\"https:\/\/portaltela.pt\/#\/schema\/person\/c4278d4a6028830caff9ee44b42d32ed\",\"name\":\"Telinha\",\"image\":{\"@type\":\"ImageObject\",\"inLanguage\":\"pt-PT\",\"@id\":\"https:\/\/portaltela.pt\/s.01k8rhncp4jt1\/2025\/11\/talking-bot-125x125.png\",\"url\":\"https:\/\/portaltela.pt\/s.01k8rhncp4jt1\/2025\/11\/talking-bot-125x125.png\",\"contentUrl\":\"https:\/\/portaltela.pt\/s.01k8rhncp4jt1\/2025\/11\/talking-bot-125x125.png\",\"caption\":\"Telinha\"},\"sameAs\":[\"https:\/\/portaltela.pt\/\"],\"url\":\"https:\/\/portaltela.pt\/por\/367410592786\/\"}]}<\/script>\n<!-- \/ Yoast SEO plugin. -->","yoast_head_json":{"title":"Odes e siguiriyas refletem dias tristes - Portal Tela Portugal","robots":{"index":"index","follow":"follow","max-snippet":"max-snippet:-1","max-image-preview":"max-image-preview:large","max-video-preview":"max-video-preview:-1"},"og_locale":"pt_PT","og_type":"article","og_title":"Odes e siguiriyas refletem dias tristes - Portal Tela Portugal","og_description":"Um leitor, Romeu Rodrigues, natural da regi\u00e3o Duriense, de Castelo Melhor, Vila Nova de Foz C\u00f4a, enviou uma carta ao jornal e \u00e9 f\u00e3 de flamenco; a carta foi escrita \u00e0 m\u00e3o e acompanhada de um Porto Vintage. O conte\u00fado da carta insere-se no corpo da publica\u00e7\u00e3o, com o t\u00edtulo \u201cO Ir\u00e3o de Khayyam\u201d e refer\u00eancias a leitores como for\u00e7a da imprensa. O jornal afirma que os leitores s\u00e3o a for\u00e7a e a vida da publica\u00e7\u00e3o, destacando a import\u00e2ncia da rela\u00e7\u00e3o com o p\u00fablico para a vida democr\u00e1tica e c\u00edvica do pa\u00eds. Para continuar a ler o artigo, o texto orienta os leitores a assinarem o P\u00fablico, com instru\u00e7\u00f5es de contacto para assinatura.","og_url":"https:\/\/portaltela.pt\/noticias\/2026\/03\/06\/odes-e-siguiriyas-refletem-dias-tristes\/","og_site_name":"Portal Tela Portugal","article_published_time":"2026-03-06T17:32:00+00:00","author":"Telinha","twitter_card":"summary_large_image","twitter_misc":{"Escrito por":"Telinha","Tempo estimado de leitura":"1 minuto"},"schema":{"@context":"https:\/\/schema.org","@graph":[{"@type":"Article","@id":"https:\/\/portaltela.pt\/noticias\/2026\/03\/06\/odes-e-siguiriyas-refletem-dias-tristes\/#article","isPartOf":{"@id":"https:\/\/portaltela.pt\/noticias\/2026\/03\/06\/odes-e-siguiriyas-refletem-dias-tristes\/"},"author":{"name":"Telinha","@id":"https:\/\/portaltela.pt\/#\/schema\/person\/c4278d4a6028830caff9ee44b42d32ed"},"headline":"Odes e siguiriyas refletem dias tristes","datePublished":"2026-03-06T17:32:00+00:00","mainEntityOfPage":{"@id":"https:\/\/portaltela.pt\/noticias\/2026\/03\/06\/odes-e-siguiriyas-refletem-dias-tristes\/"},"wordCount":293,"image":{"@id":"https:\/\/portaltela.pt\/noticias\/2026\/03\/06\/odes-e-siguiriyas-refletem-dias-tristes\/#primaryimage"},"thumbnailUrl":"https:\/\/portaltela.pt\/s.01k8rhncp4jt1\/2026\/03\/2072300.jpg","keywords":["assinaturas","cultura","democracia","imprensa","informa\u00e7\u00e3o","publica\u00e7\u00f5es"],"articleSection":["M\u00fasica"],"inLanguage":"pt-PT"},{"@type":"WebPage","@id":"https:\/\/portaltela.pt\/noticias\/2026\/03\/06\/odes-e-siguiriyas-refletem-dias-tristes\/","url":"https:\/\/portaltela.pt\/noticias\/2026\/03\/06\/odes-e-siguiriyas-refletem-dias-tristes\/","name":"Odes e siguiriyas refletem dias tristes - Portal Tela Portugal","isPartOf":{"@id":"https:\/\/portaltela.pt\/#website"},"primaryImageOfPage":{"@id":"https:\/\/portaltela.pt\/noticias\/2026\/03\/06\/odes-e-siguiriyas-refletem-dias-tristes\/#primaryimage"},"image":{"@id":"https:\/\/portaltela.pt\/noticias\/2026\/03\/06\/odes-e-siguiriyas-refletem-dias-tristes\/#primaryimage"},"thumbnailUrl":"https:\/\/portaltela.pt\/s.01k8rhncp4jt1\/2026\/03\/2072300.jpg","datePublished":"2026-03-06T17:32:00+00:00","author":{"@id":"https:\/\/portaltela.pt\/#\/schema\/person\/c4278d4a6028830caff9ee44b42d32ed"},"breadcrumb":{"@id":"https:\/\/portaltela.pt\/noticias\/2026\/03\/06\/odes-e-siguiriyas-refletem-dias-tristes\/#breadcrumb"},"inLanguage":"pt-PT","potentialAction":[{"@type":"ReadAction","target":["https:\/\/portaltela.pt\/noticias\/2026\/03\/06\/odes-e-siguiriyas-refletem-dias-tristes\/"]}]},{"@type":"ImageObject","inLanguage":"pt-PT","@id":"https:\/\/portaltela.pt\/noticias\/2026\/03\/06\/odes-e-siguiriyas-refletem-dias-tristes\/#primaryimage","url":"https:\/\/portaltela.pt\/s.01k8rhncp4jt1\/2026\/03\/2072300.jpg","contentUrl":"https:\/\/portaltela.pt\/s.01k8rhncp4jt1\/2026\/03\/2072300.jpg","width":796,"height":448,"caption":"Photo"},{"@type":"BreadcrumbList","@id":"https:\/\/portaltela.pt\/noticias\/2026\/03\/06\/odes-e-siguiriyas-refletem-dias-tristes\/#breadcrumb","itemListElement":[{"@type":"ListItem","position":1,"name":"In\u00edcio","item":"https:\/\/portaltela.pt\/"},{"@type":"ListItem","position":2,"name":"Odes e siguiriyas refletem dias tristes"}]},{"@type":"WebSite","@id":"https:\/\/portaltela.pt\/#website","url":"https:\/\/portaltela.pt\/","name":"Portal Tela Portugal","description":"","potentialAction":[{"@type":"SearchAction","target":{"@type":"EntryPoint","urlTemplate":"https:\/\/portaltela.pt\/?s={search_term_string}"},"query-input":{"@type":"PropertyValueSpecification","valueRequired":true,"valueName":"search_term_string"}}],"inLanguage":"pt-PT"},{"@type":"Person","@id":"https:\/\/portaltela.pt\/#\/schema\/person\/c4278d4a6028830caff9ee44b42d32ed","name":"Telinha","image":{"@type":"ImageObject","inLanguage":"pt-PT","@id":"https:\/\/portaltela.pt\/s.01k8rhncp4jt1\/2025\/11\/talking-bot-125x125.png","url":"https:\/\/portaltela.pt\/s.01k8rhncp4jt1\/2025\/11\/talking-bot-125x125.png","contentUrl":"https:\/\/portaltela.pt\/s.01k8rhncp4jt1\/2025\/11\/talking-bot-125x125.png","caption":"Telinha"},"sameAs":["https:\/\/portaltela.pt\/"],"url":"https:\/\/portaltela.pt\/por\/367410592786\/"}]}},"_links":{"self":[{"href":"https:\/\/portaltela.pt\/api\/wp\/v2\/posts\/400540","targetHints":{"allow":["GET"]}}],"collection":[{"href":"https:\/\/portaltela.pt\/api\/wp\/v2\/posts"}],"about":[{"href":"https:\/\/portaltela.pt\/api\/wp\/v2\/types\/post"}],"author":[{"embeddable":true,"href":"https:\/\/portaltela.pt\/api\/wp\/v2\/users\/2"}],"replies":[{"embeddable":true,"href":"https:\/\/portaltela.pt\/api\/wp\/v2\/comments?post=400540"}],"version-history":[{"count":0,"href":"https:\/\/portaltela.pt\/api\/wp\/v2\/posts\/400540\/revisions"}],"wp:featuredmedia":[{"embeddable":true,"href":"https:\/\/portaltela.pt\/api\/wp\/v2\/media\/400548"}],"wp:attachment":[{"href":"https:\/\/portaltela.pt\/api\/wp\/v2\/media?parent=400540"}],"wp:term":[{"taxonomy":"category","embeddable":true,"href":"https:\/\/portaltela.pt\/api\/wp\/v2\/categories?post=400540"},{"taxonomy":"post_tag","embeddable":true,"href":"https:\/\/portaltela.pt\/api\/wp\/v2\/tags?post=400540"}],"curies":[{"name":"wp","href":"https:\/\/api.w.org\/{rel}","templated":true}]}}