{"id":400531,"date":"2026-03-06T14:18:00","date_gmt":"2026-03-06T17:18:00","guid":{"rendered":"https:\/\/portaltela.pt\/noticias\/2026\/03\/06\/fim-de-semana-com-dancas-entre-camelias-chocolate-e-queijo\/"},"modified":"2026-03-06T14:18:00","modified_gmt":"2026-03-06T17:18:00","slug":"fim-de-semana-com-dancas-entre-camelias-chocolate-e-queijo","status":"publish","type":"post","link":"https:\/\/portaltela.pt\/noticias\/2026\/03\/06\/fim-de-semana-com-dancas-entre-camelias-chocolate-e-queijo\/","title":{"rendered":"Fim de semana com dan\u00e7as entre cam\u00e9lias, chocolate e queijo"},"content":{"rendered":"<p>O Festival Internacional de Chocolate de \u00d3bidos volta a abrir portas entre 7 e 22 de mar\u00e7o, em \u00d3bidos Vila. O evento funciona de sexta a domingo, das 10h \u00e0s 21h, com entradas a 10\u20ac (8\u20ac para crian\u00e7as entre 3 e 11 anos). A edi\u00e7\u00e3o junta mercado, concursos, esculturas tem\u00e1ticas, oficinas e demonstra\u00e7\u00f5es culin\u00e1rias, al\u00e9m da inaugura\u00e7\u00e3o do Museu de Arte em Chocolate. A organiza\u00e7\u00e3o reflecte sobre o papel da Arte na oferta gastron\u00f3mica, integrada numa longa tradi\u00e7\u00e3o que j\u00e1 envolve mais de uma centena de chefs e 85 toneladas de chocolate. O mapa do festival est\u00e1 dispon\u00edvel online.<\/p>\n<p>A Exposi\u00e7\u00e3o de Cam\u00e9lias do Porto decorre no Pal\u00e1cio da Bolsa, nos dias 7 e 8 de mar\u00e7o. S\u00e1bado funciona entre as 14h e as 18h, e domingo entre as 10h e as 18h, com entrada gratuita. A mostra apresenta v\u00e1rias esp\u00e9cies, entrega de pr\u00e9mios e momentos musicais, contando com encontros entre produtores e coleccionadores e oficinas para todas as idades.<\/p>\n<h3>Av\u00f3 Magn\u00e9tica<\/h3>\n<p>No FA FE Teatro Cinema, em Fafe, o palco recebe no dia 7 de mar\u00e7o, \u00e0s 21h30, o espet\u00e1culo de Pedro Sousa Loureiro, em parceria com Miguel Stichini. O formato, recomendado para maiores de 12 anos, apresenta um \u201calmanaque tr\u00e1gico-c\u00f3mico\u201d em homenagem \u00e0s av\u00f3s, com foco em identidades queer, femininas e aliadas.<\/p>\n<h3>Festa do Queijo Serra da Estrela<\/h3>\n<p>Em Oliveira do Hospital, a festa acontece a partir das 9h de 7 e 8 de mar\u00e7o, com entrada livre. O programa destaca 250 expositores dedicados ao queijo da regi\u00e3o, bem como mel, vinho, licores, p\u00e3o, bolos, artesanato e gastronomia. Est\u00e3o previstos concursos, provas, showcooking, desfiles, m\u00fasica, anima\u00e7\u00e3o infantil e atividades desportivas.<\/p>\n<h3>Louis Lui<\/h3>\n<p>Em Lisboa, o Louis Lui sobe ao palco do S\u00e3o Luiz Teatro Municipal de 6 a 8 de mar\u00e7o. Sexta e s\u00e1bado \u00e0s 20h, domingo \u00e0s 17h30. Adequado a maiores de 6 anos, o espet\u00e1culo custa entre 12\u20ac e 15\u20ac. Prossegue a trilogia da Companhia Paulo Ribeiro, explorando a vida de Gue Freitas Branco, Maurice Ravel e temas da contempo\u00adraneidade.<\/p>\n<h3>Paix\u00e3o segundo S\u00e3o Marcos<\/h3>\n<p>A Gulbenkian recebe nos dias 7 e 8 de mar\u00e7o, \u00e0s 18h, a Paix\u00e3o segundo S\u00e3o Marcos, com valores entre 19\u20ac e 35\u20ac. O regresso dos Concertos Participativos junta m\u00fasicos amadores aos agrupamentos da casa. Lidera Joana Carneiro, maestrina, com participa\u00e7\u00e3o de Coro e Orquestra Gulbenkian e nomes como Eduarda Melo e Biella da Costa.<\/p>\n","protected":false},"excerpt":{"rendered":"<ul>\n<li>Festival Internacional de Chocolate de \u00d3bidos realiza-se em \u00d3bidos de 7\/3 a 22\/3, com entradas a 10\u20ac (8\u20ac para crian\u00e7as entre 3 e 11 anos) e atividades desde degusta\u00e7\u00f5es a oficinas e Museu de Arte em Chocolate.<\/li>\n<li>Exposi\u00e7\u00e3o de Cam\u00e9lias do Porto acontece no Pal\u00e1cio da Bolsa nos dias 7\/3 e 8\/3, com entrada livre e atividades como pr\u00e9mios, concertos e workshops para todas as idades.<\/li>\n<li>Av\u00f3 Magn\u00e9tica, a decorrer no FAFe Teatro Cinema a 7\/3 \u00e0s 21h30, \u00e9 um espect\u00e1culo-instala\u00e7\u00e3o para maiores de 12 anos, com bilhetes entre 2,50\u20ac e 5\u20ac.<\/li>\n<li>Festa do Queijo Serra da Estrela ocorre em Oliveira do Hospital a partir das 9h nos dias 7\/3 e 8\/3, com 250 expositores e atividades como concursos, showcookings e anima\u00e7\u00e3o.<\/li>\n<li>Paix\u00e3o segundo S\u00e3o Marcos sobe ao palco na Funda\u00e7\u00e3o Calouste Gulbenkian, em Lisboa, nos dias 7\/3 e 8\/3 \u00e0s 18h, com bilhetes entre 19\u20ac e 35\u20ac.<\/li>\n<\/ul>\n","protected":false},"author":2,"featured_media":400532,"comment_status":"closed","ping_status":"closed","sticky":false,"template":"","format":"standard","meta":{"footnotes":""},"categories":[1],"tags":[6559,3674,219,981,1280,4820],"class_list":["post-400531","post","type-post","status-publish","format-standard","has-post-thumbnail","hentry","category-noticias","tag-camelias","tag-festival","tag-gastronomia","tag-lisboa","tag-obidos","tag-queijos"],"yoast_head":"<!-- This site is optimized with the Yoast SEO plugin v27.2 - https:\/\/yoast.com\/product\/yoast-seo-wordpress\/ -->\n<title>Fim de semana com dan\u00e7as entre cam\u00e9lias, chocolate e queijo - Portal Tela Portugal<\/title>\n<meta name=\"robots\" content=\"index, follow, max-snippet:-1, max-image-preview:large, max-video-preview:-1\" \/>\n<meta property=\"og:locale\" content=\"pt_PT\" \/>\n<meta property=\"og:type\" content=\"article\" \/>\n<meta property=\"og:title\" content=\"Fim de semana com dan\u00e7as entre cam\u00e9lias, chocolate e queijo - Portal Tela Portugal\" \/>\n<meta property=\"og:description\" content=\"Festival Internacional de Chocolate de \u00d3bidos realiza-se em \u00d3bidos de 7\/3 a 22\/3, com entradas a 10\u20ac (8\u20ac para crian\u00e7as entre 3 e 11 anos) e atividades desde degusta\u00e7\u00f5es a oficinas e Museu de Arte em Chocolate. Exposi\u00e7\u00e3o de Cam\u00e9lias do Porto acontece no Pal\u00e1cio da Bolsa nos dias 7\/3 e 8\/3, com entrada livre e atividades como pr\u00e9mios, concertos e workshops para todas as idades. Av\u00f3 Magn\u00e9tica, a decorrer no FAFe Teatro Cinema a 7\/3 \u00e0s 21h30, \u00e9 um espect\u00e1culo-instala\u00e7\u00e3o para maiores de 12 anos, com bilhetes entre 2,50\u20ac e 5\u20ac. Festa do Queijo Serra da Estrela ocorre em Oliveira do Hospital a partir das 9h nos dias 7\/3 e 8\/3, com 250 expositores e atividades como concursos, showcookings e anima\u00e7\u00e3o. Paix\u00e3o segundo S\u00e3o Marcos sobe ao palco na Funda\u00e7\u00e3o Calouste Gulbenkian, em Lisboa, nos dias 7\/3 e 8\/3 \u00e0s 18h, com bilhetes entre 19\u20ac e 35\u20ac.\" \/>\n<meta property=\"og:url\" content=\"https:\/\/portaltela.pt\/noticias\/2026\/03\/06\/fim-de-semana-com-dancas-entre-camelias-chocolate-e-queijo\/\" \/>\n<meta property=\"og:site_name\" content=\"Portal Tela Portugal\" \/>\n<meta property=\"article:published_time\" content=\"2026-03-06T17:18:00+00:00\" \/>\n<meta name=\"author\" content=\"Telinha\" \/>\n<meta name=\"twitter:card\" content=\"summary_large_image\" \/>\n<meta name=\"twitter:label1\" content=\"Escrito por\" \/>\n\t<meta name=\"twitter:data1\" content=\"Telinha\" \/>\n\t<meta name=\"twitter:label2\" content=\"Tempo estimado de leitura\" \/>\n\t<meta name=\"twitter:data2\" content=\"2 minutos\" \/>\n<script type=\"application\/ld+json\" class=\"yoast-schema-graph\">{\"@context\":\"https:\/\/schema.org\",\"@graph\":[{\"@type\":\"Article\",\"@id\":\"https:\/\/portaltela.pt\/noticias\/2026\/03\/06\/fim-de-semana-com-dancas-entre-camelias-chocolate-e-queijo\/#article\",\"isPartOf\":{\"@id\":\"https:\/\/portaltela.pt\/noticias\/2026\/03\/06\/fim-de-semana-com-dancas-entre-camelias-chocolate-e-queijo\/\"},\"author\":{\"name\":\"Telinha\",\"@id\":\"https:\/\/portaltela.pt\/#\/schema\/person\/c4278d4a6028830caff9ee44b42d32ed\"},\"headline\":\"Fim de semana com dan\u00e7as entre cam\u00e9lias, chocolate e queijo\",\"datePublished\":\"2026-03-06T17:18:00+00:00\",\"mainEntityOfPage\":{\"@id\":\"https:\/\/portaltela.pt\/noticias\/2026\/03\/06\/fim-de-semana-com-dancas-entre-camelias-chocolate-e-queijo\/\"},\"wordCount\":426,\"image\":{\"@id\":\"https:\/\/portaltela.pt\/noticias\/2026\/03\/06\/fim-de-semana-com-dancas-entre-camelias-chocolate-e-queijo\/#primaryimage\"},\"thumbnailUrl\":\"https:\/\/portaltela.pt\/s.01k8rhncp4jt1\/2026\/03\/2072023.jpg\",\"keywords\":[\"cam\u00e9lias\",\"festival\",\"gastronomia\",\"Lisboa\",\"\u00d3bidos\",\"queijos\"],\"articleSection\":[\"Not\u00edcias\"],\"inLanguage\":\"pt-PT\"},{\"@type\":\"WebPage\",\"@id\":\"https:\/\/portaltela.pt\/noticias\/2026\/03\/06\/fim-de-semana-com-dancas-entre-camelias-chocolate-e-queijo\/\",\"url\":\"https:\/\/portaltela.pt\/noticias\/2026\/03\/06\/fim-de-semana-com-dancas-entre-camelias-chocolate-e-queijo\/\",\"name\":\"Fim de semana com dan\u00e7as entre cam\u00e9lias, chocolate e queijo - Portal Tela Portugal\",\"isPartOf\":{\"@id\":\"https:\/\/portaltela.pt\/#website\"},\"primaryImageOfPage\":{\"@id\":\"https:\/\/portaltela.pt\/noticias\/2026\/03\/06\/fim-de-semana-com-dancas-entre-camelias-chocolate-e-queijo\/#primaryimage\"},\"image\":{\"@id\":\"https:\/\/portaltela.pt\/noticias\/2026\/03\/06\/fim-de-semana-com-dancas-entre-camelias-chocolate-e-queijo\/#primaryimage\"},\"thumbnailUrl\":\"https:\/\/portaltela.pt\/s.01k8rhncp4jt1\/2026\/03\/2072023.jpg\",\"datePublished\":\"2026-03-06T17:18:00+00:00\",\"author\":{\"@id\":\"https:\/\/portaltela.pt\/#\/schema\/person\/c4278d4a6028830caff9ee44b42d32ed\"},\"breadcrumb\":{\"@id\":\"https:\/\/portaltela.pt\/noticias\/2026\/03\/06\/fim-de-semana-com-dancas-entre-camelias-chocolate-e-queijo\/#breadcrumb\"},\"inLanguage\":\"pt-PT\",\"potentialAction\":[{\"@type\":\"ReadAction\",\"target\":[\"https:\/\/portaltela.pt\/noticias\/2026\/03\/06\/fim-de-semana-com-dancas-entre-camelias-chocolate-e-queijo\/\"]}]},{\"@type\":\"ImageObject\",\"inLanguage\":\"pt-PT\",\"@id\":\"https:\/\/portaltela.pt\/noticias\/2026\/03\/06\/fim-de-semana-com-dancas-entre-camelias-chocolate-e-queijo\/#primaryimage\",\"url\":\"https:\/\/portaltela.pt\/s.01k8rhncp4jt1\/2026\/03\/2072023.jpg\",\"contentUrl\":\"https:\/\/portaltela.pt\/s.01k8rhncp4jt1\/2026\/03\/2072023.jpg\",\"width\":796,\"height\":448,\"caption\":\"A Arte tempera o card\u00e1pio do Festival Internacional de Chocolate de \u00d3bidos 2026\"},{\"@type\":\"BreadcrumbList\",\"@id\":\"https:\/\/portaltela.pt\/noticias\/2026\/03\/06\/fim-de-semana-com-dancas-entre-camelias-chocolate-e-queijo\/#breadcrumb\",\"itemListElement\":[{\"@type\":\"ListItem\",\"position\":1,\"name\":\"In\u00edcio\",\"item\":\"https:\/\/portaltela.pt\/\"},{\"@type\":\"ListItem\",\"position\":2,\"name\":\"Fim de semana com dan\u00e7as entre cam\u00e9lias, chocolate e queijo\"}]},{\"@type\":\"WebSite\",\"@id\":\"https:\/\/portaltela.pt\/#website\",\"url\":\"https:\/\/portaltela.pt\/\",\"name\":\"Portal Tela Portugal\",\"description\":\"\",\"potentialAction\":[{\"@type\":\"SearchAction\",\"target\":{\"@type\":\"EntryPoint\",\"urlTemplate\":\"https:\/\/portaltela.pt\/?s={search_term_string}\"},\"query-input\":{\"@type\":\"PropertyValueSpecification\",\"valueRequired\":true,\"valueName\":\"search_term_string\"}}],\"inLanguage\":\"pt-PT\"},{\"@type\":\"Person\",\"@id\":\"https:\/\/portaltela.pt\/#\/schema\/person\/c4278d4a6028830caff9ee44b42d32ed\",\"name\":\"Telinha\",\"image\":{\"@type\":\"ImageObject\",\"inLanguage\":\"pt-PT\",\"@id\":\"https:\/\/portaltela.pt\/s.01k8rhncp4jt1\/2025\/11\/talking-bot-125x125.png\",\"url\":\"https:\/\/portaltela.pt\/s.01k8rhncp4jt1\/2025\/11\/talking-bot-125x125.png\",\"contentUrl\":\"https:\/\/portaltela.pt\/s.01k8rhncp4jt1\/2025\/11\/talking-bot-125x125.png\",\"caption\":\"Telinha\"},\"sameAs\":[\"https:\/\/portaltela.pt\/\"],\"url\":\"https:\/\/portaltela.pt\/por\/367410592786\/\"}]}<\/script>\n<!-- \/ Yoast SEO plugin. -->","yoast_head_json":{"title":"Fim de semana com dan\u00e7as entre cam\u00e9lias, chocolate e queijo - Portal Tela Portugal","robots":{"index":"index","follow":"follow","max-snippet":"max-snippet:-1","max-image-preview":"max-image-preview:large","max-video-preview":"max-video-preview:-1"},"og_locale":"pt_PT","og_type":"article","og_title":"Fim de semana com dan\u00e7as entre cam\u00e9lias, chocolate e queijo - Portal Tela Portugal","og_description":"Festival Internacional de Chocolate de \u00d3bidos realiza-se em \u00d3bidos de 7\/3 a 22\/3, com entradas a 10\u20ac (8\u20ac para crian\u00e7as entre 3 e 11 anos) e atividades desde degusta\u00e7\u00f5es a oficinas e Museu de Arte em Chocolate. Exposi\u00e7\u00e3o de Cam\u00e9lias do Porto acontece no Pal\u00e1cio da Bolsa nos dias 7\/3 e 8\/3, com entrada livre e atividades como pr\u00e9mios, concertos e workshops para todas as idades. Av\u00f3 Magn\u00e9tica, a decorrer no FAFe Teatro Cinema a 7\/3 \u00e0s 21h30, \u00e9 um espect\u00e1culo-instala\u00e7\u00e3o para maiores de 12 anos, com bilhetes entre 2,50\u20ac e 5\u20ac. Festa do Queijo Serra da Estrela ocorre em Oliveira do Hospital a partir das 9h nos dias 7\/3 e 8\/3, com 250 expositores e atividades como concursos, showcookings e anima\u00e7\u00e3o. Paix\u00e3o segundo S\u00e3o Marcos sobe ao palco na Funda\u00e7\u00e3o Calouste Gulbenkian, em Lisboa, nos dias 7\/3 e 8\/3 \u00e0s 18h, com bilhetes entre 19\u20ac e 35\u20ac.","og_url":"https:\/\/portaltela.pt\/noticias\/2026\/03\/06\/fim-de-semana-com-dancas-entre-camelias-chocolate-e-queijo\/","og_site_name":"Portal Tela Portugal","article_published_time":"2026-03-06T17:18:00+00:00","author":"Telinha","twitter_card":"summary_large_image","twitter_misc":{"Escrito por":"Telinha","Tempo estimado de leitura":"2 minutos"},"schema":{"@context":"https:\/\/schema.org","@graph":[{"@type":"Article","@id":"https:\/\/portaltela.pt\/noticias\/2026\/03\/06\/fim-de-semana-com-dancas-entre-camelias-chocolate-e-queijo\/#article","isPartOf":{"@id":"https:\/\/portaltela.pt\/noticias\/2026\/03\/06\/fim-de-semana-com-dancas-entre-camelias-chocolate-e-queijo\/"},"author":{"name":"Telinha","@id":"https:\/\/portaltela.pt\/#\/schema\/person\/c4278d4a6028830caff9ee44b42d32ed"},"headline":"Fim de semana com dan\u00e7as entre cam\u00e9lias, chocolate e queijo","datePublished":"2026-03-06T17:18:00+00:00","mainEntityOfPage":{"@id":"https:\/\/portaltela.pt\/noticias\/2026\/03\/06\/fim-de-semana-com-dancas-entre-camelias-chocolate-e-queijo\/"},"wordCount":426,"image":{"@id":"https:\/\/portaltela.pt\/noticias\/2026\/03\/06\/fim-de-semana-com-dancas-entre-camelias-chocolate-e-queijo\/#primaryimage"},"thumbnailUrl":"https:\/\/portaltela.pt\/s.01k8rhncp4jt1\/2026\/03\/2072023.jpg","keywords":["cam\u00e9lias","festival","gastronomia","Lisboa","\u00d3bidos","queijos"],"articleSection":["Not\u00edcias"],"inLanguage":"pt-PT"},{"@type":"WebPage","@id":"https:\/\/portaltela.pt\/noticias\/2026\/03\/06\/fim-de-semana-com-dancas-entre-camelias-chocolate-e-queijo\/","url":"https:\/\/portaltela.pt\/noticias\/2026\/03\/06\/fim-de-semana-com-dancas-entre-camelias-chocolate-e-queijo\/","name":"Fim de semana com dan\u00e7as entre cam\u00e9lias, chocolate e queijo - Portal Tela Portugal","isPartOf":{"@id":"https:\/\/portaltela.pt\/#website"},"primaryImageOfPage":{"@id":"https:\/\/portaltela.pt\/noticias\/2026\/03\/06\/fim-de-semana-com-dancas-entre-camelias-chocolate-e-queijo\/#primaryimage"},"image":{"@id":"https:\/\/portaltela.pt\/noticias\/2026\/03\/06\/fim-de-semana-com-dancas-entre-camelias-chocolate-e-queijo\/#primaryimage"},"thumbnailUrl":"https:\/\/portaltela.pt\/s.01k8rhncp4jt1\/2026\/03\/2072023.jpg","datePublished":"2026-03-06T17:18:00+00:00","author":{"@id":"https:\/\/portaltela.pt\/#\/schema\/person\/c4278d4a6028830caff9ee44b42d32ed"},"breadcrumb":{"@id":"https:\/\/portaltela.pt\/noticias\/2026\/03\/06\/fim-de-semana-com-dancas-entre-camelias-chocolate-e-queijo\/#breadcrumb"},"inLanguage":"pt-PT","potentialAction":[{"@type":"ReadAction","target":["https:\/\/portaltela.pt\/noticias\/2026\/03\/06\/fim-de-semana-com-dancas-entre-camelias-chocolate-e-queijo\/"]}]},{"@type":"ImageObject","inLanguage":"pt-PT","@id":"https:\/\/portaltela.pt\/noticias\/2026\/03\/06\/fim-de-semana-com-dancas-entre-camelias-chocolate-e-queijo\/#primaryimage","url":"https:\/\/portaltela.pt\/s.01k8rhncp4jt1\/2026\/03\/2072023.jpg","contentUrl":"https:\/\/portaltela.pt\/s.01k8rhncp4jt1\/2026\/03\/2072023.jpg","width":796,"height":448,"caption":"A Arte tempera o card\u00e1pio do Festival Internacional de Chocolate de \u00d3bidos 2026"},{"@type":"BreadcrumbList","@id":"https:\/\/portaltela.pt\/noticias\/2026\/03\/06\/fim-de-semana-com-dancas-entre-camelias-chocolate-e-queijo\/#breadcrumb","itemListElement":[{"@type":"ListItem","position":1,"name":"In\u00edcio","item":"https:\/\/portaltela.pt\/"},{"@type":"ListItem","position":2,"name":"Fim de semana com dan\u00e7as entre cam\u00e9lias, chocolate e queijo"}]},{"@type":"WebSite","@id":"https:\/\/portaltela.pt\/#website","url":"https:\/\/portaltela.pt\/","name":"Portal Tela Portugal","description":"","potentialAction":[{"@type":"SearchAction","target":{"@type":"EntryPoint","urlTemplate":"https:\/\/portaltela.pt\/?s={search_term_string}"},"query-input":{"@type":"PropertyValueSpecification","valueRequired":true,"valueName":"search_term_string"}}],"inLanguage":"pt-PT"},{"@type":"Person","@id":"https:\/\/portaltela.pt\/#\/schema\/person\/c4278d4a6028830caff9ee44b42d32ed","name":"Telinha","image":{"@type":"ImageObject","inLanguage":"pt-PT","@id":"https:\/\/portaltela.pt\/s.01k8rhncp4jt1\/2025\/11\/talking-bot-125x125.png","url":"https:\/\/portaltela.pt\/s.01k8rhncp4jt1\/2025\/11\/talking-bot-125x125.png","contentUrl":"https:\/\/portaltela.pt\/s.01k8rhncp4jt1\/2025\/11\/talking-bot-125x125.png","caption":"Telinha"},"sameAs":["https:\/\/portaltela.pt\/"],"url":"https:\/\/portaltela.pt\/por\/367410592786\/"}]}},"_links":{"self":[{"href":"https:\/\/portaltela.pt\/api\/wp\/v2\/posts\/400531","targetHints":{"allow":["GET"]}}],"collection":[{"href":"https:\/\/portaltela.pt\/api\/wp\/v2\/posts"}],"about":[{"href":"https:\/\/portaltela.pt\/api\/wp\/v2\/types\/post"}],"author":[{"embeddable":true,"href":"https:\/\/portaltela.pt\/api\/wp\/v2\/users\/2"}],"replies":[{"embeddable":true,"href":"https:\/\/portaltela.pt\/api\/wp\/v2\/comments?post=400531"}],"version-history":[{"count":0,"href":"https:\/\/portaltela.pt\/api\/wp\/v2\/posts\/400531\/revisions"}],"wp:featuredmedia":[{"embeddable":true,"href":"https:\/\/portaltela.pt\/api\/wp\/v2\/media\/400532"}],"wp:attachment":[{"href":"https:\/\/portaltela.pt\/api\/wp\/v2\/media?parent=400531"}],"wp:term":[{"taxonomy":"category","embeddable":true,"href":"https:\/\/portaltela.pt\/api\/wp\/v2\/categories?post=400531"},{"taxonomy":"post_tag","embeddable":true,"href":"https:\/\/portaltela.pt\/api\/wp\/v2\/tags?post=400531"}],"curies":[{"name":"wp","href":"https:\/\/api.w.org\/{rel}","templated":true}]}}