{"id":400507,"date":"2026-03-06T14:30:02","date_gmt":"2026-03-06T17:30:02","guid":{"rendered":"https:\/\/portaltela.pt\/noticias\/2026\/03\/06\/psp-em-braganca-celebra-150-o-aniversario-do-comando-distrital\/"},"modified":"2026-03-06T14:30:02","modified_gmt":"2026-03-06T17:30:02","slug":"psp-em-braganca-celebra-150-o-aniversario-do-comando-distrital","status":"publish","type":"post","link":"https:\/\/portaltela.pt\/noticias\/politica\/2026\/03\/06\/psp-em-braganca-celebra-150-o-aniversario-do-comando-distrital\/","title":{"rendered":"PSP em Bragan\u00e7a celebra 150.\u00ba anivers\u00e1rio do Comando Distrital"},"content":{"rendered":"<p>O Comando Distrital de Bragan\u00e7a da Pol\u00edcia de Seguran\u00e7a P\u00fablica (PSP) celebrou o seu 150.\u00ba anivers\u00e1rio. A cerim\u00f3nia serviu para alertar que h\u00e1 poucos profissionais na \u00e1rea, segundo o corpo policial.<\/p>\n<p>A cerim\u00f3nia contou com a presen\u00e7a de v\u00e1rias autoridades locais e representantes da PSP. Destacou-se a import\u00e2ncia da institui\u00e7\u00e3o na seguran\u00e7a da regi\u00e3o e a necessidade de refor\u00e7ar o efetivo para garantir a prote\u00e7\u00e3o p\u00fablica.<\/p>\n<p>Durante o evento foram enfatizados a forma\u00e7\u00e3o cont\u00ednua dos agentes e a moderniza\u00e7\u00e3o dos equipamentos. Aiming\u00eancia era acompanhar as novas din\u00e2micas de criminalidade e as exig\u00eancias da sociedade atual.<\/p>\n<h3>A\u00e7\u00f5es de proximidade com a comunidade<\/h3>\n<p>A PSP de Bragan\u00e7a tem desenvolvido a\u00e7\u00f5es de proximidade com a comunidade, promovendo confian\u00e7a e coopera\u00e7\u00e3o entre cidad\u00e3os e agentes. Os respons\u00e1veis destacaram resultados dessas iniciativas.<\/p>\n<p>Momentos de homenagem marcaram a celebra\u00e7\u00e3o, com reconhecimento aos agentes que se destacaram pelo servi\u00e7o e dedica\u00e7\u00e3o \u00e0 causa p\u00fablica. O evento terminou com um desfile pelas ruas da cidade.<\/p>\n<p>A Pol\u00edcia de Seguran\u00e7a P\u00fablica reafirmou o compromisso de continuar a trabalhar para uma sociedade mais segura e mais justa, incentivando a entrada de novos profissionais na for\u00e7a policial.<\/p>\n<p>Mais informa\u00e7\u00f5es podem ser encontradas no site oficial da PSP ou na p\u00e1gina do munic\u00edpio de Bragan\u00e7a.<\/p>\n","protected":false},"excerpt":{"rendered":"<ul>\n<li>O Comando Distrital de Bragan\u00e7a da PSP celebrou o 150.\u00ba anivers\u00e1rio, alertando para a escassez de profissionais na \u00e1rea.<\/li>\n<li>A cerim\u00f3nia contou com a presen\u00e7a de autoridades locais e representantes da PSP, destacando a import\u00e2ncia da institui\u00e7\u00e3o na seguran\u00e7a da regi\u00e3o.<\/li>\n<li>Foi refor\u00e7ada a necessidade de forma\u00e7\u00e3o cont\u00ednua dos agentes e de moderniza\u00e7\u00e3o dos equipamentos para acompanhar as novas din\u00e2micas de criminalidade.<\/li>\n<li>A PSP de Bragan\u00e7a tem desenvolvido a\u00e7\u00f5es de proximidade com a comunidade, promovendo confian\u00e7a e coopera\u00e7\u00e3o entre cidad\u00e3os e agentes.<\/li>\n<li>O evento incluiu homenagens a agentes distinguidos e um desfile pelas ruas da cidade, com o compromisso de refor\u00e7ar o efetivo e atrair novos profissionais.<\/li>\n<\/ul>\n","protected":false},"author":2,"featured_media":400513,"comment_status":"closed","ping_status":"closed","sticky":false,"template":"","format":"standard","meta":{"footnotes":""},"categories":[1,5],"tags":[3820,906,1290,1381,250],"class_list":["post-400507","post","type-post","status-publish","format-standard","has-post-thumbnail","hentry","category-noticias","category-politica","tag-acoes-comunitarias","tag-braganca","tag-formacao","tag-psp","tag-seguranca-publica"],"yoast_head":"<!-- This site is optimized with the Yoast SEO plugin v27.2 - https:\/\/yoast.com\/product\/yoast-seo-wordpress\/ -->\n<title>PSP em Bragan\u00e7a celebra 150.\u00ba anivers\u00e1rio do Comando Distrital - Portal Tela Portugal<\/title>\n<meta name=\"robots\" content=\"index, follow, max-snippet:-1, max-image-preview:large, max-video-preview:-1\" \/>\n<meta property=\"og:locale\" content=\"pt_PT\" \/>\n<meta property=\"og:type\" content=\"article\" \/>\n<meta property=\"og:title\" content=\"PSP em Bragan\u00e7a celebra 150.\u00ba anivers\u00e1rio do Comando Distrital - Portal Tela Portugal\" \/>\n<meta property=\"og:description\" content=\"O Comando Distrital de Bragan\u00e7a da PSP celebrou o 150.\u00ba anivers\u00e1rio, alertando para a escassez de profissionais na \u00e1rea. A cerim\u00f3nia contou com a presen\u00e7a de autoridades locais e representantes da PSP, destacando a import\u00e2ncia da institui\u00e7\u00e3o na seguran\u00e7a da regi\u00e3o. Foi refor\u00e7ada a necessidade de forma\u00e7\u00e3o cont\u00ednua dos agentes e de moderniza\u00e7\u00e3o dos equipamentos para acompanhar as novas din\u00e2micas de criminalidade. A PSP de Bragan\u00e7a tem desenvolvido a\u00e7\u00f5es de proximidade com a comunidade, promovendo confian\u00e7a e coopera\u00e7\u00e3o entre cidad\u00e3os e agentes. O evento incluiu homenagens a agentes distinguidos e um desfile pelas ruas da cidade, com o compromisso de refor\u00e7ar o efetivo e atrair novos profissionais.\" \/>\n<meta property=\"og:url\" content=\"https:\/\/portaltela.pt\/noticias\/2026\/03\/06\/psp-em-braganca-celebra-150-o-aniversario-do-comando-distrital\/\" \/>\n<meta property=\"og:site_name\" content=\"Portal Tela Portugal\" \/>\n<meta property=\"article:published_time\" content=\"2026-03-06T17:30:02+00:00\" \/>\n<meta name=\"author\" content=\"Telinha\" \/>\n<meta name=\"twitter:card\" content=\"summary_large_image\" \/>\n<meta name=\"twitter:label1\" content=\"Escrito por\" \/>\n\t<meta name=\"twitter:data1\" content=\"Telinha\" \/>\n\t<meta name=\"twitter:label2\" content=\"Tempo estimado de leitura\" \/>\n\t<meta name=\"twitter:data2\" content=\"1 minuto\" \/>\n<script type=\"application\/ld+json\" class=\"yoast-schema-graph\">{\"@context\":\"https:\/\/schema.org\",\"@graph\":[{\"@type\":\"Article\",\"@id\":\"https:\/\/portaltela.pt\/noticias\/2026\/03\/06\/psp-em-braganca-celebra-150-o-aniversario-do-comando-distrital\/#article\",\"isPartOf\":{\"@id\":\"https:\/\/portaltela.pt\/noticias\/2026\/03\/06\/psp-em-braganca-celebra-150-o-aniversario-do-comando-distrital\/\"},\"author\":{\"name\":\"Telinha\",\"@id\":\"https:\/\/portaltela.pt\/#\/schema\/person\/c4278d4a6028830caff9ee44b42d32ed\"},\"headline\":\"PSP em Bragan\u00e7a celebra 150.\u00ba anivers\u00e1rio do Comando Distrital\",\"datePublished\":\"2026-03-06T17:30:02+00:00\",\"mainEntityOfPage\":{\"@id\":\"https:\/\/portaltela.pt\/noticias\/2026\/03\/06\/psp-em-braganca-celebra-150-o-aniversario-do-comando-distrital\/\"},\"wordCount\":252,\"image\":{\"@id\":\"https:\/\/portaltela.pt\/noticias\/2026\/03\/06\/psp-em-braganca-celebra-150-o-aniversario-do-comando-distrital\/#primaryimage\"},\"thumbnailUrl\":\"https:\/\/portaltela.pt\/s.01k8rhncp4jt1\/2026\/03\/img_1280x722uu2026-03-06-11-31-38-2270733.jpg\",\"keywords\":[\"a\u00e7\u00f5es comunit\u00e1rias\",\"Bragan\u00e7a\",\"forma\u00e7\u00e3o\",\"PSP\",\"seguran\u00e7a p\u00fablica\"],\"articleSection\":[\"Not\u00edcias\",\"Pol\u00edtica\"],\"inLanguage\":\"pt-PT\"},{\"@type\":\"WebPage\",\"@id\":\"https:\/\/portaltela.pt\/noticias\/2026\/03\/06\/psp-em-braganca-celebra-150-o-aniversario-do-comando-distrital\/\",\"url\":\"https:\/\/portaltela.pt\/noticias\/2026\/03\/06\/psp-em-braganca-celebra-150-o-aniversario-do-comando-distrital\/\",\"name\":\"PSP em Bragan\u00e7a celebra 150.\u00ba anivers\u00e1rio do Comando Distrital - Portal Tela Portugal\",\"isPartOf\":{\"@id\":\"https:\/\/portaltela.pt\/#website\"},\"primaryImageOfPage\":{\"@id\":\"https:\/\/portaltela.pt\/noticias\/2026\/03\/06\/psp-em-braganca-celebra-150-o-aniversario-do-comando-distrital\/#primaryimage\"},\"image\":{\"@id\":\"https:\/\/portaltela.pt\/noticias\/2026\/03\/06\/psp-em-braganca-celebra-150-o-aniversario-do-comando-distrital\/#primaryimage\"},\"thumbnailUrl\":\"https:\/\/portaltela.pt\/s.01k8rhncp4jt1\/2026\/03\/img_1280x722uu2026-03-06-11-31-38-2270733.jpg\",\"datePublished\":\"2026-03-06T17:30:02+00:00\",\"author\":{\"@id\":\"https:\/\/portaltela.pt\/#\/schema\/person\/c4278d4a6028830caff9ee44b42d32ed\"},\"breadcrumb\":{\"@id\":\"https:\/\/portaltela.pt\/noticias\/2026\/03\/06\/psp-em-braganca-celebra-150-o-aniversario-do-comando-distrital\/#breadcrumb\"},\"inLanguage\":\"pt-PT\",\"potentialAction\":[{\"@type\":\"ReadAction\",\"target\":[\"https:\/\/portaltela.pt\/noticias\/2026\/03\/06\/psp-em-braganca-celebra-150-o-aniversario-do-comando-distrital\/\"]}]},{\"@type\":\"ImageObject\",\"inLanguage\":\"pt-PT\",\"@id\":\"https:\/\/portaltela.pt\/noticias\/2026\/03\/06\/psp-em-braganca-celebra-150-o-aniversario-do-comando-distrital\/#primaryimage\",\"url\":\"https:\/\/portaltela.pt\/s.01k8rhncp4jt1\/2026\/03\/img_1280x722uu2026-03-06-11-31-38-2270733.jpg\",\"contentUrl\":\"https:\/\/portaltela.pt\/s.01k8rhncp4jt1\/2026\/03\/img_1280x722uu2026-03-06-11-31-38-2270733.jpg\",\"width\":796,\"height\":448,\"caption\":\"Photo\"},{\"@type\":\"BreadcrumbList\",\"@id\":\"https:\/\/portaltela.pt\/noticias\/2026\/03\/06\/psp-em-braganca-celebra-150-o-aniversario-do-comando-distrital\/#breadcrumb\",\"itemListElement\":[{\"@type\":\"ListItem\",\"position\":1,\"name\":\"In\u00edcio\",\"item\":\"https:\/\/portaltela.pt\/\"},{\"@type\":\"ListItem\",\"position\":2,\"name\":\"PSP em Bragan\u00e7a celebra 150.\u00ba anivers\u00e1rio do Comando Distrital\"}]},{\"@type\":\"WebSite\",\"@id\":\"https:\/\/portaltela.pt\/#website\",\"url\":\"https:\/\/portaltela.pt\/\",\"name\":\"Portal Tela Portugal\",\"description\":\"\",\"potentialAction\":[{\"@type\":\"SearchAction\",\"target\":{\"@type\":\"EntryPoint\",\"urlTemplate\":\"https:\/\/portaltela.pt\/?s={search_term_string}\"},\"query-input\":{\"@type\":\"PropertyValueSpecification\",\"valueRequired\":true,\"valueName\":\"search_term_string\"}}],\"inLanguage\":\"pt-PT\"},{\"@type\":\"Person\",\"@id\":\"https:\/\/portaltela.pt\/#\/schema\/person\/c4278d4a6028830caff9ee44b42d32ed\",\"name\":\"Telinha\",\"image\":{\"@type\":\"ImageObject\",\"inLanguage\":\"pt-PT\",\"@id\":\"https:\/\/portaltela.pt\/s.01k8rhncp4jt1\/2025\/11\/talking-bot-125x125.png\",\"url\":\"https:\/\/portaltela.pt\/s.01k8rhncp4jt1\/2025\/11\/talking-bot-125x125.png\",\"contentUrl\":\"https:\/\/portaltela.pt\/s.01k8rhncp4jt1\/2025\/11\/talking-bot-125x125.png\",\"caption\":\"Telinha\"},\"sameAs\":[\"https:\/\/portaltela.pt\/\"],\"url\":\"https:\/\/portaltela.pt\/por\/367410592786\/\"}]}<\/script>\n<!-- \/ Yoast SEO plugin. -->","yoast_head_json":{"title":"PSP em Bragan\u00e7a celebra 150.\u00ba anivers\u00e1rio do Comando Distrital - Portal Tela Portugal","robots":{"index":"index","follow":"follow","max-snippet":"max-snippet:-1","max-image-preview":"max-image-preview:large","max-video-preview":"max-video-preview:-1"},"og_locale":"pt_PT","og_type":"article","og_title":"PSP em Bragan\u00e7a celebra 150.\u00ba anivers\u00e1rio do Comando Distrital - Portal Tela Portugal","og_description":"O Comando Distrital de Bragan\u00e7a da PSP celebrou o 150.\u00ba anivers\u00e1rio, alertando para a escassez de profissionais na \u00e1rea. A cerim\u00f3nia contou com a presen\u00e7a de autoridades locais e representantes da PSP, destacando a import\u00e2ncia da institui\u00e7\u00e3o na seguran\u00e7a da regi\u00e3o. Foi refor\u00e7ada a necessidade de forma\u00e7\u00e3o cont\u00ednua dos agentes e de moderniza\u00e7\u00e3o dos equipamentos para acompanhar as novas din\u00e2micas de criminalidade. A PSP de Bragan\u00e7a tem desenvolvido a\u00e7\u00f5es de proximidade com a comunidade, promovendo confian\u00e7a e coopera\u00e7\u00e3o entre cidad\u00e3os e agentes. O evento incluiu homenagens a agentes distinguidos e um desfile pelas ruas da cidade, com o compromisso de refor\u00e7ar o efetivo e atrair novos profissionais.","og_url":"https:\/\/portaltela.pt\/noticias\/2026\/03\/06\/psp-em-braganca-celebra-150-o-aniversario-do-comando-distrital\/","og_site_name":"Portal Tela Portugal","article_published_time":"2026-03-06T17:30:02+00:00","author":"Telinha","twitter_card":"summary_large_image","twitter_misc":{"Escrito por":"Telinha","Tempo estimado de leitura":"1 minuto"},"schema":{"@context":"https:\/\/schema.org","@graph":[{"@type":"Article","@id":"https:\/\/portaltela.pt\/noticias\/2026\/03\/06\/psp-em-braganca-celebra-150-o-aniversario-do-comando-distrital\/#article","isPartOf":{"@id":"https:\/\/portaltela.pt\/noticias\/2026\/03\/06\/psp-em-braganca-celebra-150-o-aniversario-do-comando-distrital\/"},"author":{"name":"Telinha","@id":"https:\/\/portaltela.pt\/#\/schema\/person\/c4278d4a6028830caff9ee44b42d32ed"},"headline":"PSP em Bragan\u00e7a celebra 150.\u00ba anivers\u00e1rio do Comando Distrital","datePublished":"2026-03-06T17:30:02+00:00","mainEntityOfPage":{"@id":"https:\/\/portaltela.pt\/noticias\/2026\/03\/06\/psp-em-braganca-celebra-150-o-aniversario-do-comando-distrital\/"},"wordCount":252,"image":{"@id":"https:\/\/portaltela.pt\/noticias\/2026\/03\/06\/psp-em-braganca-celebra-150-o-aniversario-do-comando-distrital\/#primaryimage"},"thumbnailUrl":"https:\/\/portaltela.pt\/s.01k8rhncp4jt1\/2026\/03\/img_1280x722uu2026-03-06-11-31-38-2270733.jpg","keywords":["a\u00e7\u00f5es comunit\u00e1rias","Bragan\u00e7a","forma\u00e7\u00e3o","PSP","seguran\u00e7a p\u00fablica"],"articleSection":["Not\u00edcias","Pol\u00edtica"],"inLanguage":"pt-PT"},{"@type":"WebPage","@id":"https:\/\/portaltela.pt\/noticias\/2026\/03\/06\/psp-em-braganca-celebra-150-o-aniversario-do-comando-distrital\/","url":"https:\/\/portaltela.pt\/noticias\/2026\/03\/06\/psp-em-braganca-celebra-150-o-aniversario-do-comando-distrital\/","name":"PSP em Bragan\u00e7a celebra 150.\u00ba anivers\u00e1rio do Comando Distrital - Portal Tela Portugal","isPartOf":{"@id":"https:\/\/portaltela.pt\/#website"},"primaryImageOfPage":{"@id":"https:\/\/portaltela.pt\/noticias\/2026\/03\/06\/psp-em-braganca-celebra-150-o-aniversario-do-comando-distrital\/#primaryimage"},"image":{"@id":"https:\/\/portaltela.pt\/noticias\/2026\/03\/06\/psp-em-braganca-celebra-150-o-aniversario-do-comando-distrital\/#primaryimage"},"thumbnailUrl":"https:\/\/portaltela.pt\/s.01k8rhncp4jt1\/2026\/03\/img_1280x722uu2026-03-06-11-31-38-2270733.jpg","datePublished":"2026-03-06T17:30:02+00:00","author":{"@id":"https:\/\/portaltela.pt\/#\/schema\/person\/c4278d4a6028830caff9ee44b42d32ed"},"breadcrumb":{"@id":"https:\/\/portaltela.pt\/noticias\/2026\/03\/06\/psp-em-braganca-celebra-150-o-aniversario-do-comando-distrital\/#breadcrumb"},"inLanguage":"pt-PT","potentialAction":[{"@type":"ReadAction","target":["https:\/\/portaltela.pt\/noticias\/2026\/03\/06\/psp-em-braganca-celebra-150-o-aniversario-do-comando-distrital\/"]}]},{"@type":"ImageObject","inLanguage":"pt-PT","@id":"https:\/\/portaltela.pt\/noticias\/2026\/03\/06\/psp-em-braganca-celebra-150-o-aniversario-do-comando-distrital\/#primaryimage","url":"https:\/\/portaltela.pt\/s.01k8rhncp4jt1\/2026\/03\/img_1280x722uu2026-03-06-11-31-38-2270733.jpg","contentUrl":"https:\/\/portaltela.pt\/s.01k8rhncp4jt1\/2026\/03\/img_1280x722uu2026-03-06-11-31-38-2270733.jpg","width":796,"height":448,"caption":"Photo"},{"@type":"BreadcrumbList","@id":"https:\/\/portaltela.pt\/noticias\/2026\/03\/06\/psp-em-braganca-celebra-150-o-aniversario-do-comando-distrital\/#breadcrumb","itemListElement":[{"@type":"ListItem","position":1,"name":"In\u00edcio","item":"https:\/\/portaltela.pt\/"},{"@type":"ListItem","position":2,"name":"PSP em Bragan\u00e7a celebra 150.\u00ba anivers\u00e1rio do Comando Distrital"}]},{"@type":"WebSite","@id":"https:\/\/portaltela.pt\/#website","url":"https:\/\/portaltela.pt\/","name":"Portal Tela Portugal","description":"","potentialAction":[{"@type":"SearchAction","target":{"@type":"EntryPoint","urlTemplate":"https:\/\/portaltela.pt\/?s={search_term_string}"},"query-input":{"@type":"PropertyValueSpecification","valueRequired":true,"valueName":"search_term_string"}}],"inLanguage":"pt-PT"},{"@type":"Person","@id":"https:\/\/portaltela.pt\/#\/schema\/person\/c4278d4a6028830caff9ee44b42d32ed","name":"Telinha","image":{"@type":"ImageObject","inLanguage":"pt-PT","@id":"https:\/\/portaltela.pt\/s.01k8rhncp4jt1\/2025\/11\/talking-bot-125x125.png","url":"https:\/\/portaltela.pt\/s.01k8rhncp4jt1\/2025\/11\/talking-bot-125x125.png","contentUrl":"https:\/\/portaltela.pt\/s.01k8rhncp4jt1\/2025\/11\/talking-bot-125x125.png","caption":"Telinha"},"sameAs":["https:\/\/portaltela.pt\/"],"url":"https:\/\/portaltela.pt\/por\/367410592786\/"}]}},"_links":{"self":[{"href":"https:\/\/portaltela.pt\/api\/wp\/v2\/posts\/400507","targetHints":{"allow":["GET"]}}],"collection":[{"href":"https:\/\/portaltela.pt\/api\/wp\/v2\/posts"}],"about":[{"href":"https:\/\/portaltela.pt\/api\/wp\/v2\/types\/post"}],"author":[{"embeddable":true,"href":"https:\/\/portaltela.pt\/api\/wp\/v2\/users\/2"}],"replies":[{"embeddable":true,"href":"https:\/\/portaltela.pt\/api\/wp\/v2\/comments?post=400507"}],"version-history":[{"count":0,"href":"https:\/\/portaltela.pt\/api\/wp\/v2\/posts\/400507\/revisions"}],"wp:featuredmedia":[{"embeddable":true,"href":"https:\/\/portaltela.pt\/api\/wp\/v2\/media\/400513"}],"wp:attachment":[{"href":"https:\/\/portaltela.pt\/api\/wp\/v2\/media?parent=400507"}],"wp:term":[{"taxonomy":"category","embeddable":true,"href":"https:\/\/portaltela.pt\/api\/wp\/v2\/categories?post=400507"},{"taxonomy":"post_tag","embeddable":true,"href":"https:\/\/portaltela.pt\/api\/wp\/v2\/tags?post=400507"}],"curies":[{"name":"wp","href":"https:\/\/api.w.org\/{rel}","templated":true}]}}