{"id":400481,"date":"2026-03-06T14:16:55","date_gmt":"2026-03-06T17:16:55","guid":{"rendered":"https:\/\/portaltela.pt\/noticias\/2026\/03\/06\/irao-fieis-em-teerao-saem-as-ruas-apos-oracoes-de-sexta-feira\/"},"modified":"2026-03-06T14:16:55","modified_gmt":"2026-03-06T17:16:55","slug":"irao-fieis-em-teerao-saem-as-ruas-apos-oracoes-de-sexta-feira","status":"publish","type":"post","link":"https:\/\/portaltela.pt\/noticias\/internacional\/2026\/03\/06\/irao-fieis-em-teerao-saem-as-ruas-apos-oracoes-de-sexta-feira\/","title":{"rendered":"Ir\u00e3o: fi\u00e9is em Teer\u00e3o saem \u00e0s ruas ap\u00f3s ora\u00e7\u00f5es de sexta-feira"},"content":{"rendered":"<p>Fi\u00e9is em Teer\u00e3o sa\u00edram \u00e0s ruas ap\u00f3s as ora\u00e7\u00f5es de sexta-feira, em apoio \u00e0 Rep\u00fablica Isl\u00e2mica, num contexto de acusa\u00e7\u00f5es m\u00fatuas entre Ir\u00e3o e Israel.<\/p>\n<p>Na capital, as concentra\u00e7\u00f5es ocorreram junto \u00e0s mesquitas e deram lugar a marchas que combinaram rituais religiosos com mensagens pol\u00edticas.<\/p>\n<p>Entre os participantes esteve Hassan Fathollahi, que seguia a piada com os filhos. Disse que as fam\u00edlias apoiam o governo, mesmo diante dos riscos.<\/p>\n<p>Os combates entraram no s\u00e9timo dia, com ataques a\u00e9reos atingindo alvos no Ir\u00e3o e em Beirute. Washington tamb\u00e9m considera poss\u00edvel intensifica\u00e7\u00e3o da campanha contra o Ir\u00e3o.<\/p>\n","protected":false},"excerpt":{"rendered":"<ul>\n<li>Fi\u00e9is em Teer\u00e3o sa\u00edram \u00e0s ruas ap\u00f3s as ora\u00e7\u00f5es de sexta-feira para apoiar a Rep\u00fablica Isl\u00e2mica e pedir resist\u00eancia a Israel e aos Estados Unidos.<\/li>\n<li>Na capital, as marchas juntaram rituais religiosos e mensagens pol\u00edticas junto \u00e0s mesquitas.<\/li>\n<li>Participantes disseram apoiar o governo numa semana de combates intensos, com ataques a\u00e9reos a alvos em Teer\u00e3o e relatos de m\u00edsseis bal\u00edsticos contra Israel pelos iranianos.<\/li>\n<li>Entre os presentes esteve Hassan Fathollahi, que participou nas ora\u00e7\u00f5es com os filhos, refletindo a mensagem de apoio ao governo.<\/li>\n<li>Os combates entram no s\u00e9timo dia, com ataques israelitas a Beirute e retalia\u00e7\u00e3o iraniana, enquanto autoridades dos EUA indicam poss\u00edvel intensifica\u00e7\u00e3o da campanha a\u00e9rea contra o Ir\u00e3o nos pr\u00f3ximos dias.<\/li>\n<\/ul>\n","protected":false},"author":2,"featured_media":400486,"comment_status":"closed","ping_status":"closed","sticky":false,"template":"","format":"standard","meta":{"footnotes":""},"categories":[4,1],"tags":[230,62,3327,3708,2832,5262],"class_list":["post-400481","post","type-post","status-publish","format-standard","has-post-thumbnail","hentry","category-internacional","category-noticias","tag-accoes-internacionais","tag-guerra","tag-iran","tag-israel","tag-politica","tag-teera"],"yoast_head":"<!-- This site is optimized with the Yoast SEO plugin v27.2 - https:\/\/yoast.com\/product\/yoast-seo-wordpress\/ -->\n<title>Ir\u00e3o: fi\u00e9is em Teer\u00e3o saem \u00e0s ruas ap\u00f3s ora\u00e7\u00f5es de sexta-feira - Portal Tela Portugal<\/title>\n<meta name=\"robots\" content=\"index, follow, max-snippet:-1, max-image-preview:large, max-video-preview:-1\" \/>\n<meta property=\"og:locale\" content=\"pt_PT\" \/>\n<meta property=\"og:type\" content=\"article\" \/>\n<meta property=\"og:title\" content=\"Ir\u00e3o: fi\u00e9is em Teer\u00e3o saem \u00e0s ruas ap\u00f3s ora\u00e7\u00f5es de sexta-feira - Portal Tela Portugal\" \/>\n<meta property=\"og:description\" content=\"Fi\u00e9is em Teer\u00e3o sa\u00edram \u00e0s ruas ap\u00f3s as ora\u00e7\u00f5es de sexta-feira para apoiar a Rep\u00fablica Isl\u00e2mica e pedir resist\u00eancia a Israel e aos Estados Unidos. Na capital, as marchas juntaram rituais religiosos e mensagens pol\u00edticas junto \u00e0s mesquitas. Participantes disseram apoiar o governo numa semana de combates intensos, com ataques a\u00e9reos a alvos em Teer\u00e3o e relatos de m\u00edsseis bal\u00edsticos contra Israel pelos iranianos. Entre os presentes esteve Hassan Fathollahi, que participou nas ora\u00e7\u00f5es com os filhos, refletindo a mensagem de apoio ao governo. Os combates entram no s\u00e9timo dia, com ataques israelitas a Beirute e retalia\u00e7\u00e3o iraniana, enquanto autoridades dos EUA indicam poss\u00edvel intensifica\u00e7\u00e3o da campanha a\u00e9rea contra o Ir\u00e3o nos pr\u00f3ximos dias.\" \/>\n<meta property=\"og:url\" content=\"https:\/\/portaltela.pt\/noticias\/2026\/03\/06\/irao-fieis-em-teerao-saem-as-ruas-apos-oracoes-de-sexta-feira\/\" \/>\n<meta property=\"og:site_name\" content=\"Portal Tela Portugal\" \/>\n<meta property=\"article:published_time\" content=\"2026-03-06T17:16:55+00:00\" \/>\n<meta name=\"author\" content=\"Telinha\" \/>\n<meta name=\"twitter:card\" content=\"summary_large_image\" \/>\n<meta name=\"twitter:label1\" content=\"Escrito por\" \/>\n\t<meta name=\"twitter:data1\" content=\"Telinha\" \/>\n\t<meta name=\"twitter:label2\" content=\"Tempo estimado de leitura\" \/>\n\t<meta name=\"twitter:data2\" content=\"1 minuto\" \/>\n<script type=\"application\/ld+json\" class=\"yoast-schema-graph\">{\"@context\":\"https:\/\/schema.org\",\"@graph\":[{\"@type\":\"Article\",\"@id\":\"https:\/\/portaltela.pt\/noticias\/2026\/03\/06\/irao-fieis-em-teerao-saem-as-ruas-apos-oracoes-de-sexta-feira\/#article\",\"isPartOf\":{\"@id\":\"https:\/\/portaltela.pt\/noticias\/2026\/03\/06\/irao-fieis-em-teerao-saem-as-ruas-apos-oracoes-de-sexta-feira\/\"},\"author\":{\"name\":\"Telinha\",\"@id\":\"https:\/\/portaltela.pt\/#\/schema\/person\/c4278d4a6028830caff9ee44b42d32ed\"},\"headline\":\"Ir\u00e3o: fi\u00e9is em Teer\u00e3o saem \u00e0s ruas ap\u00f3s ora\u00e7\u00f5es de sexta-feira\",\"datePublished\":\"2026-03-06T17:16:55+00:00\",\"mainEntityOfPage\":{\"@id\":\"https:\/\/portaltela.pt\/noticias\/2026\/03\/06\/irao-fieis-em-teerao-saem-as-ruas-apos-oracoes-de-sexta-feira\/\"},\"wordCount\":130,\"image\":{\"@id\":\"https:\/\/portaltela.pt\/noticias\/2026\/03\/06\/irao-fieis-em-teerao-saem-as-ruas-apos-oracoes-de-sexta-feira\/#primaryimage\"},\"thumbnailUrl\":\"https:\/\/portaltela.pt\/s.01k8rhncp4jt1\/2026\/03\/1536x864_cmsv2_32ce81fc-185b-53d5-80f9-ad671e79e737-9676935.jpg\",\"keywords\":[\"ac\u00e7\u00f5es internacionais\",\"guerra\",\"\u00cdr\u00e1n\",\"Israel\",\"pol\u00edtica\",\"Teer\u00e3\"],\"articleSection\":[\"Internacional\",\"Not\u00edcias\"],\"inLanguage\":\"pt-PT\"},{\"@type\":\"WebPage\",\"@id\":\"https:\/\/portaltela.pt\/noticias\/2026\/03\/06\/irao-fieis-em-teerao-saem-as-ruas-apos-oracoes-de-sexta-feira\/\",\"url\":\"https:\/\/portaltela.pt\/noticias\/2026\/03\/06\/irao-fieis-em-teerao-saem-as-ruas-apos-oracoes-de-sexta-feira\/\",\"name\":\"Ir\u00e3o: fi\u00e9is em Teer\u00e3o saem \u00e0s ruas ap\u00f3s ora\u00e7\u00f5es de sexta-feira - Portal Tela Portugal\",\"isPartOf\":{\"@id\":\"https:\/\/portaltela.pt\/#website\"},\"primaryImageOfPage\":{\"@id\":\"https:\/\/portaltela.pt\/noticias\/2026\/03\/06\/irao-fieis-em-teerao-saem-as-ruas-apos-oracoes-de-sexta-feira\/#primaryimage\"},\"image\":{\"@id\":\"https:\/\/portaltela.pt\/noticias\/2026\/03\/06\/irao-fieis-em-teerao-saem-as-ruas-apos-oracoes-de-sexta-feira\/#primaryimage\"},\"thumbnailUrl\":\"https:\/\/portaltela.pt\/s.01k8rhncp4jt1\/2026\/03\/1536x864_cmsv2_32ce81fc-185b-53d5-80f9-ad671e79e737-9676935.jpg\",\"datePublished\":\"2026-03-06T17:16:55+00:00\",\"author\":{\"@id\":\"https:\/\/portaltela.pt\/#\/schema\/person\/c4278d4a6028830caff9ee44b42d32ed\"},\"breadcrumb\":{\"@id\":\"https:\/\/portaltela.pt\/noticias\/2026\/03\/06\/irao-fieis-em-teerao-saem-as-ruas-apos-oracoes-de-sexta-feira\/#breadcrumb\"},\"inLanguage\":\"pt-PT\",\"potentialAction\":[{\"@type\":\"ReadAction\",\"target\":[\"https:\/\/portaltela.pt\/noticias\/2026\/03\/06\/irao-fieis-em-teerao-saem-as-ruas-apos-oracoes-de-sexta-feira\/\"]}]},{\"@type\":\"ImageObject\",\"inLanguage\":\"pt-PT\",\"@id\":\"https:\/\/portaltela.pt\/noticias\/2026\/03\/06\/irao-fieis-em-teerao-saem-as-ruas-apos-oracoes-de-sexta-feira\/#primaryimage\",\"url\":\"https:\/\/portaltela.pt\/s.01k8rhncp4jt1\/2026\/03\/1536x864_cmsv2_32ce81fc-185b-53d5-80f9-ad671e79e737-9676935.jpg\",\"contentUrl\":\"https:\/\/portaltela.pt\/s.01k8rhncp4jt1\/2026\/03\/1536x864_cmsv2_32ce81fc-185b-53d5-80f9-ad671e79e737-9676935.jpg\",\"width\":1536,\"height\":864,\"caption\":\"Mulher segura retrato do falecido l\u00edder supremo iraniano, aiatola Ali Khamenei, enquanto homem ergue cartaz em farsi a dizer: \u00abMorte \u00e0 Am\u00e9rica\u00bb\"},{\"@type\":\"BreadcrumbList\",\"@id\":\"https:\/\/portaltela.pt\/noticias\/2026\/03\/06\/irao-fieis-em-teerao-saem-as-ruas-apos-oracoes-de-sexta-feira\/#breadcrumb\",\"itemListElement\":[{\"@type\":\"ListItem\",\"position\":1,\"name\":\"In\u00edcio\",\"item\":\"https:\/\/portaltela.pt\/\"},{\"@type\":\"ListItem\",\"position\":2,\"name\":\"Ir\u00e3o: fi\u00e9is em Teer\u00e3o saem \u00e0s ruas ap\u00f3s ora\u00e7\u00f5es de sexta-feira\"}]},{\"@type\":\"WebSite\",\"@id\":\"https:\/\/portaltela.pt\/#website\",\"url\":\"https:\/\/portaltela.pt\/\",\"name\":\"Portal Tela Portugal\",\"description\":\"\",\"potentialAction\":[{\"@type\":\"SearchAction\",\"target\":{\"@type\":\"EntryPoint\",\"urlTemplate\":\"https:\/\/portaltela.pt\/?s={search_term_string}\"},\"query-input\":{\"@type\":\"PropertyValueSpecification\",\"valueRequired\":true,\"valueName\":\"search_term_string\"}}],\"inLanguage\":\"pt-PT\"},{\"@type\":\"Person\",\"@id\":\"https:\/\/portaltela.pt\/#\/schema\/person\/c4278d4a6028830caff9ee44b42d32ed\",\"name\":\"Telinha\",\"image\":{\"@type\":\"ImageObject\",\"inLanguage\":\"pt-PT\",\"@id\":\"https:\/\/portaltela.pt\/s.01k8rhncp4jt1\/2025\/11\/talking-bot-125x125.png\",\"url\":\"https:\/\/portaltela.pt\/s.01k8rhncp4jt1\/2025\/11\/talking-bot-125x125.png\",\"contentUrl\":\"https:\/\/portaltela.pt\/s.01k8rhncp4jt1\/2025\/11\/talking-bot-125x125.png\",\"caption\":\"Telinha\"},\"sameAs\":[\"https:\/\/portaltela.pt\/\"],\"url\":\"https:\/\/portaltela.pt\/por\/367410592786\/\"}]}<\/script>\n<!-- \/ Yoast SEO plugin. -->","yoast_head_json":{"title":"Ir\u00e3o: fi\u00e9is em Teer\u00e3o saem \u00e0s ruas ap\u00f3s ora\u00e7\u00f5es de sexta-feira - Portal Tela Portugal","robots":{"index":"index","follow":"follow","max-snippet":"max-snippet:-1","max-image-preview":"max-image-preview:large","max-video-preview":"max-video-preview:-1"},"og_locale":"pt_PT","og_type":"article","og_title":"Ir\u00e3o: fi\u00e9is em Teer\u00e3o saem \u00e0s ruas ap\u00f3s ora\u00e7\u00f5es de sexta-feira - Portal Tela Portugal","og_description":"Fi\u00e9is em Teer\u00e3o sa\u00edram \u00e0s ruas ap\u00f3s as ora\u00e7\u00f5es de sexta-feira para apoiar a Rep\u00fablica Isl\u00e2mica e pedir resist\u00eancia a Israel e aos Estados Unidos. Na capital, as marchas juntaram rituais religiosos e mensagens pol\u00edticas junto \u00e0s mesquitas. Participantes disseram apoiar o governo numa semana de combates intensos, com ataques a\u00e9reos a alvos em Teer\u00e3o e relatos de m\u00edsseis bal\u00edsticos contra Israel pelos iranianos. Entre os presentes esteve Hassan Fathollahi, que participou nas ora\u00e7\u00f5es com os filhos, refletindo a mensagem de apoio ao governo. Os combates entram no s\u00e9timo dia, com ataques israelitas a Beirute e retalia\u00e7\u00e3o iraniana, enquanto autoridades dos EUA indicam poss\u00edvel intensifica\u00e7\u00e3o da campanha a\u00e9rea contra o Ir\u00e3o nos pr\u00f3ximos dias.","og_url":"https:\/\/portaltela.pt\/noticias\/2026\/03\/06\/irao-fieis-em-teerao-saem-as-ruas-apos-oracoes-de-sexta-feira\/","og_site_name":"Portal Tela Portugal","article_published_time":"2026-03-06T17:16:55+00:00","author":"Telinha","twitter_card":"summary_large_image","twitter_misc":{"Escrito por":"Telinha","Tempo estimado de leitura":"1 minuto"},"schema":{"@context":"https:\/\/schema.org","@graph":[{"@type":"Article","@id":"https:\/\/portaltela.pt\/noticias\/2026\/03\/06\/irao-fieis-em-teerao-saem-as-ruas-apos-oracoes-de-sexta-feira\/#article","isPartOf":{"@id":"https:\/\/portaltela.pt\/noticias\/2026\/03\/06\/irao-fieis-em-teerao-saem-as-ruas-apos-oracoes-de-sexta-feira\/"},"author":{"name":"Telinha","@id":"https:\/\/portaltela.pt\/#\/schema\/person\/c4278d4a6028830caff9ee44b42d32ed"},"headline":"Ir\u00e3o: fi\u00e9is em Teer\u00e3o saem \u00e0s ruas ap\u00f3s ora\u00e7\u00f5es de sexta-feira","datePublished":"2026-03-06T17:16:55+00:00","mainEntityOfPage":{"@id":"https:\/\/portaltela.pt\/noticias\/2026\/03\/06\/irao-fieis-em-teerao-saem-as-ruas-apos-oracoes-de-sexta-feira\/"},"wordCount":130,"image":{"@id":"https:\/\/portaltela.pt\/noticias\/2026\/03\/06\/irao-fieis-em-teerao-saem-as-ruas-apos-oracoes-de-sexta-feira\/#primaryimage"},"thumbnailUrl":"https:\/\/portaltela.pt\/s.01k8rhncp4jt1\/2026\/03\/1536x864_cmsv2_32ce81fc-185b-53d5-80f9-ad671e79e737-9676935.jpg","keywords":["ac\u00e7\u00f5es internacionais","guerra","\u00cdr\u00e1n","Israel","pol\u00edtica","Teer\u00e3"],"articleSection":["Internacional","Not\u00edcias"],"inLanguage":"pt-PT"},{"@type":"WebPage","@id":"https:\/\/portaltela.pt\/noticias\/2026\/03\/06\/irao-fieis-em-teerao-saem-as-ruas-apos-oracoes-de-sexta-feira\/","url":"https:\/\/portaltela.pt\/noticias\/2026\/03\/06\/irao-fieis-em-teerao-saem-as-ruas-apos-oracoes-de-sexta-feira\/","name":"Ir\u00e3o: fi\u00e9is em Teer\u00e3o saem \u00e0s ruas ap\u00f3s ora\u00e7\u00f5es de sexta-feira - Portal Tela Portugal","isPartOf":{"@id":"https:\/\/portaltela.pt\/#website"},"primaryImageOfPage":{"@id":"https:\/\/portaltela.pt\/noticias\/2026\/03\/06\/irao-fieis-em-teerao-saem-as-ruas-apos-oracoes-de-sexta-feira\/#primaryimage"},"image":{"@id":"https:\/\/portaltela.pt\/noticias\/2026\/03\/06\/irao-fieis-em-teerao-saem-as-ruas-apos-oracoes-de-sexta-feira\/#primaryimage"},"thumbnailUrl":"https:\/\/portaltela.pt\/s.01k8rhncp4jt1\/2026\/03\/1536x864_cmsv2_32ce81fc-185b-53d5-80f9-ad671e79e737-9676935.jpg","datePublished":"2026-03-06T17:16:55+00:00","author":{"@id":"https:\/\/portaltela.pt\/#\/schema\/person\/c4278d4a6028830caff9ee44b42d32ed"},"breadcrumb":{"@id":"https:\/\/portaltela.pt\/noticias\/2026\/03\/06\/irao-fieis-em-teerao-saem-as-ruas-apos-oracoes-de-sexta-feira\/#breadcrumb"},"inLanguage":"pt-PT","potentialAction":[{"@type":"ReadAction","target":["https:\/\/portaltela.pt\/noticias\/2026\/03\/06\/irao-fieis-em-teerao-saem-as-ruas-apos-oracoes-de-sexta-feira\/"]}]},{"@type":"ImageObject","inLanguage":"pt-PT","@id":"https:\/\/portaltela.pt\/noticias\/2026\/03\/06\/irao-fieis-em-teerao-saem-as-ruas-apos-oracoes-de-sexta-feira\/#primaryimage","url":"https:\/\/portaltela.pt\/s.01k8rhncp4jt1\/2026\/03\/1536x864_cmsv2_32ce81fc-185b-53d5-80f9-ad671e79e737-9676935.jpg","contentUrl":"https:\/\/portaltela.pt\/s.01k8rhncp4jt1\/2026\/03\/1536x864_cmsv2_32ce81fc-185b-53d5-80f9-ad671e79e737-9676935.jpg","width":1536,"height":864,"caption":"Mulher segura retrato do falecido l\u00edder supremo iraniano, aiatola Ali Khamenei, enquanto homem ergue cartaz em farsi a dizer: \u00abMorte \u00e0 Am\u00e9rica\u00bb"},{"@type":"BreadcrumbList","@id":"https:\/\/portaltela.pt\/noticias\/2026\/03\/06\/irao-fieis-em-teerao-saem-as-ruas-apos-oracoes-de-sexta-feira\/#breadcrumb","itemListElement":[{"@type":"ListItem","position":1,"name":"In\u00edcio","item":"https:\/\/portaltela.pt\/"},{"@type":"ListItem","position":2,"name":"Ir\u00e3o: fi\u00e9is em Teer\u00e3o saem \u00e0s ruas ap\u00f3s ora\u00e7\u00f5es de sexta-feira"}]},{"@type":"WebSite","@id":"https:\/\/portaltela.pt\/#website","url":"https:\/\/portaltela.pt\/","name":"Portal Tela Portugal","description":"","potentialAction":[{"@type":"SearchAction","target":{"@type":"EntryPoint","urlTemplate":"https:\/\/portaltela.pt\/?s={search_term_string}"},"query-input":{"@type":"PropertyValueSpecification","valueRequired":true,"valueName":"search_term_string"}}],"inLanguage":"pt-PT"},{"@type":"Person","@id":"https:\/\/portaltela.pt\/#\/schema\/person\/c4278d4a6028830caff9ee44b42d32ed","name":"Telinha","image":{"@type":"ImageObject","inLanguage":"pt-PT","@id":"https:\/\/portaltela.pt\/s.01k8rhncp4jt1\/2025\/11\/talking-bot-125x125.png","url":"https:\/\/portaltela.pt\/s.01k8rhncp4jt1\/2025\/11\/talking-bot-125x125.png","contentUrl":"https:\/\/portaltela.pt\/s.01k8rhncp4jt1\/2025\/11\/talking-bot-125x125.png","caption":"Telinha"},"sameAs":["https:\/\/portaltela.pt\/"],"url":"https:\/\/portaltela.pt\/por\/367410592786\/"}]}},"_links":{"self":[{"href":"https:\/\/portaltela.pt\/api\/wp\/v2\/posts\/400481","targetHints":{"allow":["GET"]}}],"collection":[{"href":"https:\/\/portaltela.pt\/api\/wp\/v2\/posts"}],"about":[{"href":"https:\/\/portaltela.pt\/api\/wp\/v2\/types\/post"}],"author":[{"embeddable":true,"href":"https:\/\/portaltela.pt\/api\/wp\/v2\/users\/2"}],"replies":[{"embeddable":true,"href":"https:\/\/portaltela.pt\/api\/wp\/v2\/comments?post=400481"}],"version-history":[{"count":0,"href":"https:\/\/portaltela.pt\/api\/wp\/v2\/posts\/400481\/revisions"}],"wp:featuredmedia":[{"embeddable":true,"href":"https:\/\/portaltela.pt\/api\/wp\/v2\/media\/400486"}],"wp:attachment":[{"href":"https:\/\/portaltela.pt\/api\/wp\/v2\/media?parent=400481"}],"wp:term":[{"taxonomy":"category","embeddable":true,"href":"https:\/\/portaltela.pt\/api\/wp\/v2\/categories?post=400481"},{"taxonomy":"post_tag","embeddable":true,"href":"https:\/\/portaltela.pt\/api\/wp\/v2\/tags?post=400481"}],"curies":[{"name":"wp","href":"https:\/\/api.w.org\/{rel}","templated":true}]}}