{"id":400477,"date":"2026-03-06T14:09:23","date_gmt":"2026-03-06T17:09:23","guid":{"rendered":"https:\/\/portaltela.pt\/noticias\/2026\/03\/06\/camara-de-torre-de-moncorvo-exige-celeridade-na-reabertura-da-linha-regua-pocinho\/"},"modified":"2026-03-06T14:09:23","modified_gmt":"2026-03-06T17:09:23","slug":"camara-de-torre-de-moncorvo-exige-celeridade-na-reabertura-da-linha-regua-pocinho","status":"publish","type":"post","link":"https:\/\/portaltela.pt\/noticias\/politica\/2026\/03\/06\/camara-de-torre-de-moncorvo-exige-celeridade-na-reabertura-da-linha-regua-pocinho\/","title":{"rendered":"C\u00e2mara de Torre de Moncorvo exige celeridade na reabertura da linha R\u00e9gua-Pocinho"},"content":{"rendered":"<p>A C\u00e2mara de Torre de Moncorvo pediu ao Governo celeridade na reabertura da Linha do Douro entre a R\u00e9gua e o Pocinho. A circula\u00e7\u00e3o est\u00e1 temporariamente suspensa, segundo a Infraestruturas de Portugal. O objetivo \u00e9 recuperar uma liga\u00e7\u00e3o estrat\u00e9gica no Douro.<\/p>\n<p>O presidente Jos\u00e9 Meneses afirma que a suspens\u00e3o \u00e9 um s\u00edmbolo de um problema estrutural no pa\u00eds: Portugal a duas velocidades. Critica que o interior sofre com obras longas e respostas tardias, enquanto h\u00e1 decis\u00f5es r\u00e1pidas nas grandes cidades.<\/p>\n<p>A IP explica que o encerramento foi decidido por prud\u00eancia devido \u00e0s encostas ao longo do tra\u00e7ado, ap\u00f3s o mau tempo de 23 de fevereiro. A liga\u00e7\u00e3o \u00e9 essencial para a regi\u00e3o e turismo local depende do servi\u00e7o.<\/p>\n<h3>Impacto econ\u00f3mico e tur\u00edstico<\/h3>\n<p>Meneses destaca que a interrup\u00e7\u00e3o afeta restaurantes, t\u00e1xis e operadores de transporte que ligam esta\u00e7\u00f5es, aldeias e pontos tur\u00edsticos. O turismo regional depende do Douro Superior para programas de visitas nacionais e estrangeiras.<\/p>\n<p>O autarca salienta que a Linha do Douro n\u00e3o \u00e9 apenas infraestrutura, mas ativo econ\u00f3mico para a regi\u00e3o. A zona \u00e9 Patrim\u00f3nio Mundial da UNESCO e recebe milhares de visitantes durante a \u00e9poca das Amendoeiras em Flor, com o comboio Porto-Pocinho.<\/p>\n<p>O presidente da C\u00e2mara refor\u00e7a que o Douro Superior n\u00e3o pode ficar dependente de solu\u00e7\u00f5es improvisadas ou transbordos rodovi\u00e1rios que afastem visitantes. A regi\u00e3o pretende manter o turismo como motor econ\u00f3mico.<\/p>\n<p>Sobre a moderniza\u00e7\u00e3o, Meneses reconhece a import\u00e2ncia de investir, citando cerca de 165 milh\u00f5es de euros. Contudo, avisa que modernizar n\u00e3o pode deixar a linha principal sem funcionamento durante meses por obras.<\/p>\n<p>O autarca prometeu novas declara\u00e7\u00f5es sobre a atualiza\u00e7\u00e3o da mat\u00e9ria. A not\u00edcia acontece num contexto de danos decorrentes de temporais que afetaram o pa\u00eds.<\/p>\n<p>Pelo menos 19 mortes foram registadas em Portugal desde 28 de janeiro devido \u00e0s depress\u00f5es Kristin, Leonardo e Marta. Houve centenas de feridos, desalojados e danos materiais relevantes.<\/p>\n","protected":false},"excerpt":{"rendered":"<ul>\n<li>A C\u00e2mara de Torre de Moncorvo pediu ao Governo celeridade na reabertura da Linha do Douro entre a R\u00e9gua e o Pocinho, considerada crucial para a regi\u00e3o.<\/li>\n<li>A Infraestruturas de Portugal confirmou a suspens\u00e3o tempor\u00e1ria da circula\u00e7\u00e3o no tro\u00e7o, decidida por prud\u00eancia na sequ\u00eancia do mau tempo.<\/li>\n<li>O presidente da C\u00e2mara afirma que a interrup\u00e7\u00e3o afeta o territ\u00f3rio, especialmente o turismo, a restaura\u00e7\u00e3o e os servi\u00e7os locais, revelando uma \u00abquest\u00e3o estrutural\u00bb de coes\u00e3o territorial.<\/li>\n<li>O autarca ressalta a import\u00e2ncia da Linha do Douro para a economia do Douro Superior, destacando o potencial tur\u00edstico da regi\u00e3o e a liga\u00e7\u00e3o de muitos visitantes ao comboio Porto\u2013Pocinho durante a \u00e9poca das Amendoeiras em Flor.<\/li>\n<li>Sobre as obras de moderniza\u00e7\u00e3o, o investimento anunciado de cerca de 165 milh\u00f5es de euros \u00e9 visto como relevante, mas n\u00e3o pode significar meses sem uma das principais liga\u00e7\u00f5es ferrovi\u00e1rias, especialmente com interrup\u00e7\u00f5es por obras e intemp\u00e9ries.<\/li>\n<li>O pa\u00eds tem enfrentado temporais desde janeiro, que j\u00e1 provocaram dezenas de mortes, feridos e danos significativos.<\/li>\n<\/ul>\n","protected":false},"author":2,"featured_media":400487,"comment_status":"closed","ping_status":"closed","sticky":false,"template":"","format":"standard","meta":{"footnotes":""},"categories":[1,5],"tags":[5215,1194,2698,6320,1391,169],"class_list":["post-400477","post","type-post","status-publish","format-standard","has-post-thumbnail","hentry","category-noticias","category-politica","tag-catastrofes-naturais","tag-douro","tag-infraestruturas-de-portugal","tag-patrimonio-mundial-da-unesco","tag-regua","tag-turismo"],"yoast_head":"<!-- This site is optimized with the Yoast SEO plugin v27.2 - https:\/\/yoast.com\/product\/yoast-seo-wordpress\/ -->\n<title>C\u00e2mara de Torre de Moncorvo exige celeridade na reabertura da linha R\u00e9gua-Pocinho - Portal Tela Portugal<\/title>\n<meta name=\"robots\" content=\"index, follow, max-snippet:-1, max-image-preview:large, max-video-preview:-1\" \/>\n<meta property=\"og:locale\" content=\"pt_PT\" \/>\n<meta property=\"og:type\" content=\"article\" \/>\n<meta property=\"og:title\" content=\"C\u00e2mara de Torre de Moncorvo exige celeridade na reabertura da linha R\u00e9gua-Pocinho - Portal Tela Portugal\" \/>\n<meta property=\"og:description\" content=\"A C\u00e2mara de Torre de Moncorvo pediu ao Governo celeridade na reabertura da Linha do Douro entre a R\u00e9gua e o Pocinho, considerada crucial para a regi\u00e3o. A Infraestruturas de Portugal confirmou a suspens\u00e3o tempor\u00e1ria da circula\u00e7\u00e3o no tro\u00e7o, decidida por prud\u00eancia na sequ\u00eancia do mau tempo. O presidente da C\u00e2mara afirma que a interrup\u00e7\u00e3o afeta o territ\u00f3rio, especialmente o turismo, a restaura\u00e7\u00e3o e os servi\u00e7os locais, revelando uma \u00abquest\u00e3o estrutural\u00bb de coes\u00e3o territorial. O autarca ressalta a import\u00e2ncia da Linha do Douro para a economia do Douro Superior, destacando o potencial tur\u00edstico da regi\u00e3o e a liga\u00e7\u00e3o de muitos visitantes ao comboio Porto\u2013Pocinho durante a \u00e9poca das Amendoeiras em Flor. Sobre as obras de moderniza\u00e7\u00e3o, o investimento anunciado de cerca de 165 milh\u00f5es de euros \u00e9 visto como relevante, mas n\u00e3o pode significar meses sem uma das principais liga\u00e7\u00f5es ferrovi\u00e1rias, especialmente com interrup\u00e7\u00f5es por obras e intemp\u00e9ries. O pa\u00eds tem enfrentado temporais desde janeiro, que j\u00e1 provocaram dezenas de mortes, feridos e danos significativos.\" \/>\n<meta property=\"og:url\" content=\"https:\/\/portaltela.pt\/noticias\/2026\/03\/06\/camara-de-torre-de-moncorvo-exige-celeridade-na-reabertura-da-linha-regua-pocinho\/\" \/>\n<meta property=\"og:site_name\" content=\"Portal Tela Portugal\" \/>\n<meta property=\"article:published_time\" content=\"2026-03-06T17:09:23+00:00\" \/>\n<meta name=\"author\" content=\"Telinha\" \/>\n<meta name=\"twitter:card\" content=\"summary_large_image\" \/>\n<meta name=\"twitter:label1\" content=\"Escrito por\" \/>\n\t<meta name=\"twitter:data1\" content=\"Telinha\" \/>\n\t<meta name=\"twitter:label2\" content=\"Tempo estimado de leitura\" \/>\n\t<meta name=\"twitter:data2\" content=\"2 minutos\" \/>\n<script type=\"application\/ld+json\" class=\"yoast-schema-graph\">{\"@context\":\"https:\/\/schema.org\",\"@graph\":[{\"@type\":\"Article\",\"@id\":\"https:\/\/portaltela.pt\/noticias\/2026\/03\/06\/camara-de-torre-de-moncorvo-exige-celeridade-na-reabertura-da-linha-regua-pocinho\/#article\",\"isPartOf\":{\"@id\":\"https:\/\/portaltela.pt\/noticias\/2026\/03\/06\/camara-de-torre-de-moncorvo-exige-celeridade-na-reabertura-da-linha-regua-pocinho\/\"},\"author\":{\"name\":\"Telinha\",\"@id\":\"https:\/\/portaltela.pt\/#\/schema\/person\/c4278d4a6028830caff9ee44b42d32ed\"},\"headline\":\"C\u00e2mara de Torre de Moncorvo exige celeridade na reabertura da linha R\u00e9gua-Pocinho\",\"datePublished\":\"2026-03-06T17:09:23+00:00\",\"mainEntityOfPage\":{\"@id\":\"https:\/\/portaltela.pt\/noticias\/2026\/03\/06\/camara-de-torre-de-moncorvo-exige-celeridade-na-reabertura-da-linha-regua-pocinho\/\"},\"wordCount\":359,\"image\":{\"@id\":\"https:\/\/portaltela.pt\/noticias\/2026\/03\/06\/camara-de-torre-de-moncorvo-exige-celeridade-na-reabertura-da-linha-regua-pocinho\/#primaryimage\"},\"thumbnailUrl\":\"https:\/\/portaltela.pt\/s.01k8rhncp4jt1\/2026\/03\/img_1500x1000uu2024-06-24-15-21-07-1687854.jpg\",\"keywords\":[\"cat\u00e1strofes naturais\",\"Douro\",\"Infraestruturas de Portugal\",\"Patrim\u00f3nio Mundial da UNESCO\",\"R\u00e9gua\",\"turismo\"],\"articleSection\":[\"Not\u00edcias\",\"Pol\u00edtica\"],\"inLanguage\":\"pt-PT\"},{\"@type\":\"WebPage\",\"@id\":\"https:\/\/portaltela.pt\/noticias\/2026\/03\/06\/camara-de-torre-de-moncorvo-exige-celeridade-na-reabertura-da-linha-regua-pocinho\/\",\"url\":\"https:\/\/portaltela.pt\/noticias\/2026\/03\/06\/camara-de-torre-de-moncorvo-exige-celeridade-na-reabertura-da-linha-regua-pocinho\/\",\"name\":\"C\u00e2mara de Torre de Moncorvo exige celeridade na reabertura da linha R\u00e9gua-Pocinho - Portal Tela Portugal\",\"isPartOf\":{\"@id\":\"https:\/\/portaltela.pt\/#website\"},\"primaryImageOfPage\":{\"@id\":\"https:\/\/portaltela.pt\/noticias\/2026\/03\/06\/camara-de-torre-de-moncorvo-exige-celeridade-na-reabertura-da-linha-regua-pocinho\/#primaryimage\"},\"image\":{\"@id\":\"https:\/\/portaltela.pt\/noticias\/2026\/03\/06\/camara-de-torre-de-moncorvo-exige-celeridade-na-reabertura-da-linha-regua-pocinho\/#primaryimage\"},\"thumbnailUrl\":\"https:\/\/portaltela.pt\/s.01k8rhncp4jt1\/2026\/03\/img_1500x1000uu2024-06-24-15-21-07-1687854.jpg\",\"datePublished\":\"2026-03-06T17:09:23+00:00\",\"author\":{\"@id\":\"https:\/\/portaltela.pt\/#\/schema\/person\/c4278d4a6028830caff9ee44b42d32ed\"},\"breadcrumb\":{\"@id\":\"https:\/\/portaltela.pt\/noticias\/2026\/03\/06\/camara-de-torre-de-moncorvo-exige-celeridade-na-reabertura-da-linha-regua-pocinho\/#breadcrumb\"},\"inLanguage\":\"pt-PT\",\"potentialAction\":[{\"@type\":\"ReadAction\",\"target\":[\"https:\/\/portaltela.pt\/noticias\/2026\/03\/06\/camara-de-torre-de-moncorvo-exige-celeridade-na-reabertura-da-linha-regua-pocinho\/\"]}]},{\"@type\":\"ImageObject\",\"inLanguage\":\"pt-PT\",\"@id\":\"https:\/\/portaltela.pt\/noticias\/2026\/03\/06\/camara-de-torre-de-moncorvo-exige-celeridade-na-reabertura-da-linha-regua-pocinho\/#primaryimage\",\"url\":\"https:\/\/portaltela.pt\/s.01k8rhncp4jt1\/2026\/03\/img_1500x1000uu2024-06-24-15-21-07-1687854.jpg\",\"contentUrl\":\"https:\/\/portaltela.pt\/s.01k8rhncp4jt1\/2026\/03\/img_1500x1000uu2024-06-24-15-21-07-1687854.jpg\",\"width\":1500,\"height\":1000,\"caption\":\"Linha do Douro no Peso da R\u00e9gua\"},{\"@type\":\"BreadcrumbList\",\"@id\":\"https:\/\/portaltela.pt\/noticias\/2026\/03\/06\/camara-de-torre-de-moncorvo-exige-celeridade-na-reabertura-da-linha-regua-pocinho\/#breadcrumb\",\"itemListElement\":[{\"@type\":\"ListItem\",\"position\":1,\"name\":\"In\u00edcio\",\"item\":\"https:\/\/portaltela.pt\/\"},{\"@type\":\"ListItem\",\"position\":2,\"name\":\"C\u00e2mara de Torre de Moncorvo exige celeridade na reabertura da linha R\u00e9gua-Pocinho\"}]},{\"@type\":\"WebSite\",\"@id\":\"https:\/\/portaltela.pt\/#website\",\"url\":\"https:\/\/portaltela.pt\/\",\"name\":\"Portal Tela Portugal\",\"description\":\"\",\"potentialAction\":[{\"@type\":\"SearchAction\",\"target\":{\"@type\":\"EntryPoint\",\"urlTemplate\":\"https:\/\/portaltela.pt\/?s={search_term_string}\"},\"query-input\":{\"@type\":\"PropertyValueSpecification\",\"valueRequired\":true,\"valueName\":\"search_term_string\"}}],\"inLanguage\":\"pt-PT\"},{\"@type\":\"Person\",\"@id\":\"https:\/\/portaltela.pt\/#\/schema\/person\/c4278d4a6028830caff9ee44b42d32ed\",\"name\":\"Telinha\",\"image\":{\"@type\":\"ImageObject\",\"inLanguage\":\"pt-PT\",\"@id\":\"https:\/\/portaltela.pt\/s.01k8rhncp4jt1\/2025\/11\/talking-bot-125x125.png\",\"url\":\"https:\/\/portaltela.pt\/s.01k8rhncp4jt1\/2025\/11\/talking-bot-125x125.png\",\"contentUrl\":\"https:\/\/portaltela.pt\/s.01k8rhncp4jt1\/2025\/11\/talking-bot-125x125.png\",\"caption\":\"Telinha\"},\"sameAs\":[\"https:\/\/portaltela.pt\/\"],\"url\":\"https:\/\/portaltela.pt\/por\/367410592786\/\"}]}<\/script>\n<!-- \/ Yoast SEO plugin. -->","yoast_head_json":{"title":"C\u00e2mara de Torre de Moncorvo exige celeridade na reabertura da linha R\u00e9gua-Pocinho - Portal Tela Portugal","robots":{"index":"index","follow":"follow","max-snippet":"max-snippet:-1","max-image-preview":"max-image-preview:large","max-video-preview":"max-video-preview:-1"},"og_locale":"pt_PT","og_type":"article","og_title":"C\u00e2mara de Torre de Moncorvo exige celeridade na reabertura da linha R\u00e9gua-Pocinho - Portal Tela Portugal","og_description":"A C\u00e2mara de Torre de Moncorvo pediu ao Governo celeridade na reabertura da Linha do Douro entre a R\u00e9gua e o Pocinho, considerada crucial para a regi\u00e3o. A Infraestruturas de Portugal confirmou a suspens\u00e3o tempor\u00e1ria da circula\u00e7\u00e3o no tro\u00e7o, decidida por prud\u00eancia na sequ\u00eancia do mau tempo. O presidente da C\u00e2mara afirma que a interrup\u00e7\u00e3o afeta o territ\u00f3rio, especialmente o turismo, a restaura\u00e7\u00e3o e os servi\u00e7os locais, revelando uma \u00abquest\u00e3o estrutural\u00bb de coes\u00e3o territorial. O autarca ressalta a import\u00e2ncia da Linha do Douro para a economia do Douro Superior, destacando o potencial tur\u00edstico da regi\u00e3o e a liga\u00e7\u00e3o de muitos visitantes ao comboio Porto\u2013Pocinho durante a \u00e9poca das Amendoeiras em Flor. Sobre as obras de moderniza\u00e7\u00e3o, o investimento anunciado de cerca de 165 milh\u00f5es de euros \u00e9 visto como relevante, mas n\u00e3o pode significar meses sem uma das principais liga\u00e7\u00f5es ferrovi\u00e1rias, especialmente com interrup\u00e7\u00f5es por obras e intemp\u00e9ries. O pa\u00eds tem enfrentado temporais desde janeiro, que j\u00e1 provocaram dezenas de mortes, feridos e danos significativos.","og_url":"https:\/\/portaltela.pt\/noticias\/2026\/03\/06\/camara-de-torre-de-moncorvo-exige-celeridade-na-reabertura-da-linha-regua-pocinho\/","og_site_name":"Portal Tela Portugal","article_published_time":"2026-03-06T17:09:23+00:00","author":"Telinha","twitter_card":"summary_large_image","twitter_misc":{"Escrito por":"Telinha","Tempo estimado de leitura":"2 minutos"},"schema":{"@context":"https:\/\/schema.org","@graph":[{"@type":"Article","@id":"https:\/\/portaltela.pt\/noticias\/2026\/03\/06\/camara-de-torre-de-moncorvo-exige-celeridade-na-reabertura-da-linha-regua-pocinho\/#article","isPartOf":{"@id":"https:\/\/portaltela.pt\/noticias\/2026\/03\/06\/camara-de-torre-de-moncorvo-exige-celeridade-na-reabertura-da-linha-regua-pocinho\/"},"author":{"name":"Telinha","@id":"https:\/\/portaltela.pt\/#\/schema\/person\/c4278d4a6028830caff9ee44b42d32ed"},"headline":"C\u00e2mara de Torre de Moncorvo exige celeridade na reabertura da linha R\u00e9gua-Pocinho","datePublished":"2026-03-06T17:09:23+00:00","mainEntityOfPage":{"@id":"https:\/\/portaltela.pt\/noticias\/2026\/03\/06\/camara-de-torre-de-moncorvo-exige-celeridade-na-reabertura-da-linha-regua-pocinho\/"},"wordCount":359,"image":{"@id":"https:\/\/portaltela.pt\/noticias\/2026\/03\/06\/camara-de-torre-de-moncorvo-exige-celeridade-na-reabertura-da-linha-regua-pocinho\/#primaryimage"},"thumbnailUrl":"https:\/\/portaltela.pt\/s.01k8rhncp4jt1\/2026\/03\/img_1500x1000uu2024-06-24-15-21-07-1687854.jpg","keywords":["cat\u00e1strofes naturais","Douro","Infraestruturas de Portugal","Patrim\u00f3nio Mundial da UNESCO","R\u00e9gua","turismo"],"articleSection":["Not\u00edcias","Pol\u00edtica"],"inLanguage":"pt-PT"},{"@type":"WebPage","@id":"https:\/\/portaltela.pt\/noticias\/2026\/03\/06\/camara-de-torre-de-moncorvo-exige-celeridade-na-reabertura-da-linha-regua-pocinho\/","url":"https:\/\/portaltela.pt\/noticias\/2026\/03\/06\/camara-de-torre-de-moncorvo-exige-celeridade-na-reabertura-da-linha-regua-pocinho\/","name":"C\u00e2mara de Torre de Moncorvo exige celeridade na reabertura da linha R\u00e9gua-Pocinho - Portal Tela Portugal","isPartOf":{"@id":"https:\/\/portaltela.pt\/#website"},"primaryImageOfPage":{"@id":"https:\/\/portaltela.pt\/noticias\/2026\/03\/06\/camara-de-torre-de-moncorvo-exige-celeridade-na-reabertura-da-linha-regua-pocinho\/#primaryimage"},"image":{"@id":"https:\/\/portaltela.pt\/noticias\/2026\/03\/06\/camara-de-torre-de-moncorvo-exige-celeridade-na-reabertura-da-linha-regua-pocinho\/#primaryimage"},"thumbnailUrl":"https:\/\/portaltela.pt\/s.01k8rhncp4jt1\/2026\/03\/img_1500x1000uu2024-06-24-15-21-07-1687854.jpg","datePublished":"2026-03-06T17:09:23+00:00","author":{"@id":"https:\/\/portaltela.pt\/#\/schema\/person\/c4278d4a6028830caff9ee44b42d32ed"},"breadcrumb":{"@id":"https:\/\/portaltela.pt\/noticias\/2026\/03\/06\/camara-de-torre-de-moncorvo-exige-celeridade-na-reabertura-da-linha-regua-pocinho\/#breadcrumb"},"inLanguage":"pt-PT","potentialAction":[{"@type":"ReadAction","target":["https:\/\/portaltela.pt\/noticias\/2026\/03\/06\/camara-de-torre-de-moncorvo-exige-celeridade-na-reabertura-da-linha-regua-pocinho\/"]}]},{"@type":"ImageObject","inLanguage":"pt-PT","@id":"https:\/\/portaltela.pt\/noticias\/2026\/03\/06\/camara-de-torre-de-moncorvo-exige-celeridade-na-reabertura-da-linha-regua-pocinho\/#primaryimage","url":"https:\/\/portaltela.pt\/s.01k8rhncp4jt1\/2026\/03\/img_1500x1000uu2024-06-24-15-21-07-1687854.jpg","contentUrl":"https:\/\/portaltela.pt\/s.01k8rhncp4jt1\/2026\/03\/img_1500x1000uu2024-06-24-15-21-07-1687854.jpg","width":1500,"height":1000,"caption":"Linha do Douro no Peso da R\u00e9gua"},{"@type":"BreadcrumbList","@id":"https:\/\/portaltela.pt\/noticias\/2026\/03\/06\/camara-de-torre-de-moncorvo-exige-celeridade-na-reabertura-da-linha-regua-pocinho\/#breadcrumb","itemListElement":[{"@type":"ListItem","position":1,"name":"In\u00edcio","item":"https:\/\/portaltela.pt\/"},{"@type":"ListItem","position":2,"name":"C\u00e2mara de Torre de Moncorvo exige celeridade na reabertura da linha R\u00e9gua-Pocinho"}]},{"@type":"WebSite","@id":"https:\/\/portaltela.pt\/#website","url":"https:\/\/portaltela.pt\/","name":"Portal Tela Portugal","description":"","potentialAction":[{"@type":"SearchAction","target":{"@type":"EntryPoint","urlTemplate":"https:\/\/portaltela.pt\/?s={search_term_string}"},"query-input":{"@type":"PropertyValueSpecification","valueRequired":true,"valueName":"search_term_string"}}],"inLanguage":"pt-PT"},{"@type":"Person","@id":"https:\/\/portaltela.pt\/#\/schema\/person\/c4278d4a6028830caff9ee44b42d32ed","name":"Telinha","image":{"@type":"ImageObject","inLanguage":"pt-PT","@id":"https:\/\/portaltela.pt\/s.01k8rhncp4jt1\/2025\/11\/talking-bot-125x125.png","url":"https:\/\/portaltela.pt\/s.01k8rhncp4jt1\/2025\/11\/talking-bot-125x125.png","contentUrl":"https:\/\/portaltela.pt\/s.01k8rhncp4jt1\/2025\/11\/talking-bot-125x125.png","caption":"Telinha"},"sameAs":["https:\/\/portaltela.pt\/"],"url":"https:\/\/portaltela.pt\/por\/367410592786\/"}]}},"_links":{"self":[{"href":"https:\/\/portaltela.pt\/api\/wp\/v2\/posts\/400477","targetHints":{"allow":["GET"]}}],"collection":[{"href":"https:\/\/portaltela.pt\/api\/wp\/v2\/posts"}],"about":[{"href":"https:\/\/portaltela.pt\/api\/wp\/v2\/types\/post"}],"author":[{"embeddable":true,"href":"https:\/\/portaltela.pt\/api\/wp\/v2\/users\/2"}],"replies":[{"embeddable":true,"href":"https:\/\/portaltela.pt\/api\/wp\/v2\/comments?post=400477"}],"version-history":[{"count":0,"href":"https:\/\/portaltela.pt\/api\/wp\/v2\/posts\/400477\/revisions"}],"wp:featuredmedia":[{"embeddable":true,"href":"https:\/\/portaltela.pt\/api\/wp\/v2\/media\/400487"}],"wp:attachment":[{"href":"https:\/\/portaltela.pt\/api\/wp\/v2\/media?parent=400477"}],"wp:term":[{"taxonomy":"category","embeddable":true,"href":"https:\/\/portaltela.pt\/api\/wp\/v2\/categories?post=400477"},{"taxonomy":"post_tag","embeddable":true,"href":"https:\/\/portaltela.pt\/api\/wp\/v2\/tags?post=400477"}],"curies":[{"name":"wp","href":"https:\/\/api.w.org\/{rel}","templated":true}]}}