{"id":400463,"date":"2026-03-06T14:15:12","date_gmt":"2026-03-06T17:15:12","guid":{"rendered":"https:\/\/portaltela.pt\/noticias\/2026\/03\/06\/secretario-das-comunidades-diz-que-acusacao-de-nao-contactar-portugueses-nos-emirados-e-insulto\/"},"modified":"2026-03-06T14:15:12","modified_gmt":"2026-03-06T17:15:12","slug":"secretario-das-comunidades-diz-que-acusacao-de-nao-contactar-portugueses-nos-emirados-e-insulto","status":"publish","type":"post","link":"https:\/\/portaltela.pt\/noticias\/politica\/2026\/03\/06\/secretario-das-comunidades-diz-que-acusacao-de-nao-contactar-portugueses-nos-emirados-e-insulto\/","title":{"rendered":"Secret\u00e1rio das Comunidades diz que acusa\u00e7\u00e3o de n\u00e3o contactar portugueses nos Emirados \u00e9 insulto"},"content":{"rendered":"<p>O secret\u00e1rio de Estado das Comunidades Portuguesas afirmou \u00e0 Lusa que considerar o PS insultuoso o argumento de n\u00e3o contacto com os 73 cidad\u00e3os portugueses retidos num navio nos Emirados \u00c1rabes Unidos n\u00e3o corresponde \u00e0 realidade. Em\u00eddio Sousa destacou que o embaixador portugu\u00eas esteve no navio, em Abu Dhabi, durante tr\u00eas horas.<\/p>\n<p>Segundo o governante, Portugal reagiu rapidamente \u00e0 situa\u00e7\u00e3o, organizando, desde h\u00e1 mais de uma semana, um voo de repatriamento com o sigilo que uma opera\u00e7\u00e3o destas exige. O objetivo \u00e9 apoiar os cidad\u00e3os portugueses afetados, sem deixar de fora qualquer detalhe relevante.<\/p>\n<p>O PS tinha afirmado que n\u00e3o houve contacto direto com funcion\u00e1rios diplom\u00e1ticos consulares, ao contr\u00e1rio de outras nacionalidades. Em\u00eddio Sousa contestou a vers\u00e3o da oposi\u00e7\u00e3o, referindo que n\u00e3o busca protagonismo, mas sim a veracidade dos factos.<\/p>\n<h3>Contexto internacional<\/h3>\n<p>O governo portugu\u00eas reiterou, ainda, ter estado entre os primeiros a reagir a acontecimentos que envolveram uma ofensiva militar contra o Ir\u00e3o, no fim de semana passado, e a facilitar a evacua\u00e7\u00e3o de cidad\u00e3os portugueses.<\/p>\n<p>Paralelamente, um avi\u00e3o fretado pela TAP com 147 passageiros, 139 portugues(es), chegou a Lisboa, numa opera\u00e7\u00e3o de repatriamento. Um avi\u00e3o militar com 39 passageiros j\u00e1 tinha aterrado na madrugada anterior.<\/p>\n<p>A medida de repatriamento \u00e9 acompanhada pela avalia\u00e7\u00e3o de pedidos de outros pa\u00edses da regi\u00e3o do M\u00e9dio Oriente, que tamb\u00e9m t\u00eam solicitado voos de retorno de seus cidad\u00e3os.<\/p>\n","protected":false},"excerpt":{"rendered":"<ul>\n<li>S\u00e3o 73 portugueses retidos num navio nos Emirados \u00c1rabes Unidos, segundo o secret\u00e1rio de Estado das Comunidades Portuguesas.<\/li>\n<li>O embaixador de Portugal esteve a bordo do navio em Abu Dhabi durante tr\u00eas horas, o que, segundo o Governo, mostra que n\u00e3o est\u00e1 a ignorar a situa\u00e7\u00e3o.<\/li>\n<li>O Partido Socialista afirmou que n\u00e3o houve contacto direto com funcion\u00e1rios diplom\u00e1ticos; Em\u00eddio Sousa disse que isso \u00e9 insulto e acusou a oposi\u00e7\u00e3o de querer protagonismo.<\/li>\n<li>O Governo garantiu ter reagido cedo, tendo organizado h\u00e1 mais de uma semana um voo de repatriamento com o devido sigilo.<\/li>\n<li>Um avi\u00e3o fretado pela TAP, com cento e quarenta e sete passageiros (139 portugueses), chegou a Lisboa, enquanto o primeiro-ministro foi questionado sobre novos voos de repatriamento.<\/li>\n<\/ul>\n","protected":false},"author":2,"featured_media":400465,"comment_status":"closed","ping_status":"closed","sticky":false,"template":"","format":"standard","meta":{"footnotes":""},"categories":[1,5],"tags":[2333,29,902,2370,2938,1014],"class_list":["post-400463","post","type-post","status-publish","format-standard","has-post-thumbnail","hentry","category-noticias","category-politica","tag-consulados","tag-diplomacia","tag-emigracao","tag-emirados-arabes-unidos","tag-evacuacao","tag-portugal"],"yoast_head":"<!-- This site is optimized with the Yoast SEO plugin v27.2 - https:\/\/yoast.com\/product\/yoast-seo-wordpress\/ -->\n<title>Secret\u00e1rio das Comunidades diz que acusa\u00e7\u00e3o de n\u00e3o contactar portugueses nos Emirados \u00e9 insulto - Portal Tela Portugal<\/title>\n<meta name=\"robots\" content=\"index, follow, max-snippet:-1, max-image-preview:large, max-video-preview:-1\" \/>\n<meta property=\"og:locale\" content=\"pt_PT\" \/>\n<meta property=\"og:type\" content=\"article\" \/>\n<meta property=\"og:title\" content=\"Secret\u00e1rio das Comunidades diz que acusa\u00e7\u00e3o de n\u00e3o contactar portugueses nos Emirados \u00e9 insulto - Portal Tela Portugal\" \/>\n<meta property=\"og:description\" content=\"S\u00e3o 73 portugueses retidos num navio nos Emirados \u00c1rabes Unidos, segundo o secret\u00e1rio de Estado das Comunidades Portuguesas. O embaixador de Portugal esteve a bordo do navio em Abu Dhabi durante tr\u00eas horas, o que, segundo o Governo, mostra que n\u00e3o est\u00e1 a ignorar a situa\u00e7\u00e3o. O Partido Socialista afirmou que n\u00e3o houve contacto direto com funcion\u00e1rios diplom\u00e1ticos; Em\u00eddio Sousa disse que isso \u00e9 insulto e acusou a oposi\u00e7\u00e3o de querer protagonismo. O Governo garantiu ter reagido cedo, tendo organizado h\u00e1 mais de uma semana um voo de repatriamento com o devido sigilo. Um avi\u00e3o fretado pela TAP, com cento e quarenta e sete passageiros (139 portugueses), chegou a Lisboa, enquanto o primeiro-ministro foi questionado sobre novos voos de repatriamento.\" \/>\n<meta property=\"og:url\" content=\"https:\/\/portaltela.pt\/noticias\/2026\/03\/06\/secretario-das-comunidades-diz-que-acusacao-de-nao-contactar-portugueses-nos-emirados-e-insulto\/\" \/>\n<meta property=\"og:site_name\" content=\"Portal Tela Portugal\" \/>\n<meta property=\"article:published_time\" content=\"2026-03-06T17:15:12+00:00\" \/>\n<meta name=\"author\" content=\"Telinha\" \/>\n<meta name=\"twitter:card\" content=\"summary_large_image\" \/>\n<meta name=\"twitter:label1\" content=\"Escrito por\" \/>\n\t<meta name=\"twitter:data1\" content=\"Telinha\" \/>\n\t<meta name=\"twitter:label2\" content=\"Tempo estimado de leitura\" \/>\n\t<meta name=\"twitter:data2\" content=\"1 minuto\" \/>\n<script type=\"application\/ld+json\" class=\"yoast-schema-graph\">{\"@context\":\"https:\/\/schema.org\",\"@graph\":[{\"@type\":\"Article\",\"@id\":\"https:\/\/portaltela.pt\/noticias\/2026\/03\/06\/secretario-das-comunidades-diz-que-acusacao-de-nao-contactar-portugueses-nos-emirados-e-insulto\/#article\",\"isPartOf\":{\"@id\":\"https:\/\/portaltela.pt\/noticias\/2026\/03\/06\/secretario-das-comunidades-diz-que-acusacao-de-nao-contactar-portugueses-nos-emirados-e-insulto\/\"},\"author\":{\"name\":\"Telinha\",\"@id\":\"https:\/\/portaltela.pt\/#\/schema\/person\/c4278d4a6028830caff9ee44b42d32ed\"},\"headline\":\"Secret\u00e1rio das Comunidades diz que acusa\u00e7\u00e3o de n\u00e3o contactar portugueses nos Emirados \u00e9 insulto\",\"datePublished\":\"2026-03-06T17:15:12+00:00\",\"mainEntityOfPage\":{\"@id\":\"https:\/\/portaltela.pt\/noticias\/2026\/03\/06\/secretario-das-comunidades-diz-que-acusacao-de-nao-contactar-portugueses-nos-emirados-e-insulto\/\"},\"wordCount\":265,\"image\":{\"@id\":\"https:\/\/portaltela.pt\/noticias\/2026\/03\/06\/secretario-das-comunidades-diz-que-acusacao-de-nao-contactar-portugueses-nos-emirados-e-insulto\/#primaryimage\"},\"thumbnailUrl\":\"https:\/\/portaltela.pt\/s.01k8rhncp4jt1\/2026\/03\/img_1500x1000uu2026-03-06-08-10-51-2269811.jpg\",\"keywords\":[\"consulados\",\"diplomacia\",\"emigra\u00e7\u00e3o\",\"Emirados \u00c1rabes Unidos\",\"evacua\u00e7\u00e3o\",\"Portugal\"],\"articleSection\":[\"Not\u00edcias\",\"Pol\u00edtica\"],\"inLanguage\":\"pt-PT\"},{\"@type\":\"WebPage\",\"@id\":\"https:\/\/portaltela.pt\/noticias\/2026\/03\/06\/secretario-das-comunidades-diz-que-acusacao-de-nao-contactar-portugueses-nos-emirados-e-insulto\/\",\"url\":\"https:\/\/portaltela.pt\/noticias\/2026\/03\/06\/secretario-das-comunidades-diz-que-acusacao-de-nao-contactar-portugueses-nos-emirados-e-insulto\/\",\"name\":\"Secret\u00e1rio das Comunidades diz que acusa\u00e7\u00e3o de n\u00e3o contactar portugueses nos Emirados \u00e9 insulto - Portal Tela Portugal\",\"isPartOf\":{\"@id\":\"https:\/\/portaltela.pt\/#website\"},\"primaryImageOfPage\":{\"@id\":\"https:\/\/portaltela.pt\/noticias\/2026\/03\/06\/secretario-das-comunidades-diz-que-acusacao-de-nao-contactar-portugueses-nos-emirados-e-insulto\/#primaryimage\"},\"image\":{\"@id\":\"https:\/\/portaltela.pt\/noticias\/2026\/03\/06\/secretario-das-comunidades-diz-que-acusacao-de-nao-contactar-portugueses-nos-emirados-e-insulto\/#primaryimage\"},\"thumbnailUrl\":\"https:\/\/portaltela.pt\/s.01k8rhncp4jt1\/2026\/03\/img_1500x1000uu2026-03-06-08-10-51-2269811.jpg\",\"datePublished\":\"2026-03-06T17:15:12+00:00\",\"author\":{\"@id\":\"https:\/\/portaltela.pt\/#\/schema\/person\/c4278d4a6028830caff9ee44b42d32ed\"},\"breadcrumb\":{\"@id\":\"https:\/\/portaltela.pt\/noticias\/2026\/03\/06\/secretario-das-comunidades-diz-que-acusacao-de-nao-contactar-portugueses-nos-emirados-e-insulto\/#breadcrumb\"},\"inLanguage\":\"pt-PT\",\"potentialAction\":[{\"@type\":\"ReadAction\",\"target\":[\"https:\/\/portaltela.pt\/noticias\/2026\/03\/06\/secretario-das-comunidades-diz-que-acusacao-de-nao-contactar-portugueses-nos-emirados-e-insulto\/\"]}]},{\"@type\":\"ImageObject\",\"inLanguage\":\"pt-PT\",\"@id\":\"https:\/\/portaltela.pt\/noticias\/2026\/03\/06\/secretario-das-comunidades-diz-que-acusacao-de-nao-contactar-portugueses-nos-emirados-e-insulto\/#primaryimage\",\"url\":\"https:\/\/portaltela.pt\/s.01k8rhncp4jt1\/2026\/03\/img_1500x1000uu2026-03-06-08-10-51-2269811.jpg\",\"contentUrl\":\"https:\/\/portaltela.pt\/s.01k8rhncp4jt1\/2026\/03\/img_1500x1000uu2026-03-06-08-10-51-2269811.jpg\",\"width\":796,\"height\":448,\"caption\":\"Em\u00eddio Sousa, secret\u00e1rio de Estado das Comunidades\"},{\"@type\":\"BreadcrumbList\",\"@id\":\"https:\/\/portaltela.pt\/noticias\/2026\/03\/06\/secretario-das-comunidades-diz-que-acusacao-de-nao-contactar-portugueses-nos-emirados-e-insulto\/#breadcrumb\",\"itemListElement\":[{\"@type\":\"ListItem\",\"position\":1,\"name\":\"In\u00edcio\",\"item\":\"https:\/\/portaltela.pt\/\"},{\"@type\":\"ListItem\",\"position\":2,\"name\":\"Secret\u00e1rio das Comunidades diz que acusa\u00e7\u00e3o de n\u00e3o contactar portugueses nos Emirados \u00e9 insulto\"}]},{\"@type\":\"WebSite\",\"@id\":\"https:\/\/portaltela.pt\/#website\",\"url\":\"https:\/\/portaltela.pt\/\",\"name\":\"Portal Tela Portugal\",\"description\":\"\",\"potentialAction\":[{\"@type\":\"SearchAction\",\"target\":{\"@type\":\"EntryPoint\",\"urlTemplate\":\"https:\/\/portaltela.pt\/?s={search_term_string}\"},\"query-input\":{\"@type\":\"PropertyValueSpecification\",\"valueRequired\":true,\"valueName\":\"search_term_string\"}}],\"inLanguage\":\"pt-PT\"},{\"@type\":\"Person\",\"@id\":\"https:\/\/portaltela.pt\/#\/schema\/person\/c4278d4a6028830caff9ee44b42d32ed\",\"name\":\"Telinha\",\"image\":{\"@type\":\"ImageObject\",\"inLanguage\":\"pt-PT\",\"@id\":\"https:\/\/portaltela.pt\/s.01k8rhncp4jt1\/2025\/11\/talking-bot-125x125.png\",\"url\":\"https:\/\/portaltela.pt\/s.01k8rhncp4jt1\/2025\/11\/talking-bot-125x125.png\",\"contentUrl\":\"https:\/\/portaltela.pt\/s.01k8rhncp4jt1\/2025\/11\/talking-bot-125x125.png\",\"caption\":\"Telinha\"},\"sameAs\":[\"https:\/\/portaltela.pt\/\"],\"url\":\"https:\/\/portaltela.pt\/por\/367410592786\/\"}]}<\/script>\n<!-- \/ Yoast SEO plugin. -->","yoast_head_json":{"title":"Secret\u00e1rio das Comunidades diz que acusa\u00e7\u00e3o de n\u00e3o contactar portugueses nos Emirados \u00e9 insulto - Portal Tela Portugal","robots":{"index":"index","follow":"follow","max-snippet":"max-snippet:-1","max-image-preview":"max-image-preview:large","max-video-preview":"max-video-preview:-1"},"og_locale":"pt_PT","og_type":"article","og_title":"Secret\u00e1rio das Comunidades diz que acusa\u00e7\u00e3o de n\u00e3o contactar portugueses nos Emirados \u00e9 insulto - Portal Tela Portugal","og_description":"S\u00e3o 73 portugueses retidos num navio nos Emirados \u00c1rabes Unidos, segundo o secret\u00e1rio de Estado das Comunidades Portuguesas. O embaixador de Portugal esteve a bordo do navio em Abu Dhabi durante tr\u00eas horas, o que, segundo o Governo, mostra que n\u00e3o est\u00e1 a ignorar a situa\u00e7\u00e3o. O Partido Socialista afirmou que n\u00e3o houve contacto direto com funcion\u00e1rios diplom\u00e1ticos; Em\u00eddio Sousa disse que isso \u00e9 insulto e acusou a oposi\u00e7\u00e3o de querer protagonismo. O Governo garantiu ter reagido cedo, tendo organizado h\u00e1 mais de uma semana um voo de repatriamento com o devido sigilo. Um avi\u00e3o fretado pela TAP, com cento e quarenta e sete passageiros (139 portugueses), chegou a Lisboa, enquanto o primeiro-ministro foi questionado sobre novos voos de repatriamento.","og_url":"https:\/\/portaltela.pt\/noticias\/2026\/03\/06\/secretario-das-comunidades-diz-que-acusacao-de-nao-contactar-portugueses-nos-emirados-e-insulto\/","og_site_name":"Portal Tela Portugal","article_published_time":"2026-03-06T17:15:12+00:00","author":"Telinha","twitter_card":"summary_large_image","twitter_misc":{"Escrito por":"Telinha","Tempo estimado de leitura":"1 minuto"},"schema":{"@context":"https:\/\/schema.org","@graph":[{"@type":"Article","@id":"https:\/\/portaltela.pt\/noticias\/2026\/03\/06\/secretario-das-comunidades-diz-que-acusacao-de-nao-contactar-portugueses-nos-emirados-e-insulto\/#article","isPartOf":{"@id":"https:\/\/portaltela.pt\/noticias\/2026\/03\/06\/secretario-das-comunidades-diz-que-acusacao-de-nao-contactar-portugueses-nos-emirados-e-insulto\/"},"author":{"name":"Telinha","@id":"https:\/\/portaltela.pt\/#\/schema\/person\/c4278d4a6028830caff9ee44b42d32ed"},"headline":"Secret\u00e1rio das Comunidades diz que acusa\u00e7\u00e3o de n\u00e3o contactar portugueses nos Emirados \u00e9 insulto","datePublished":"2026-03-06T17:15:12+00:00","mainEntityOfPage":{"@id":"https:\/\/portaltela.pt\/noticias\/2026\/03\/06\/secretario-das-comunidades-diz-que-acusacao-de-nao-contactar-portugueses-nos-emirados-e-insulto\/"},"wordCount":265,"image":{"@id":"https:\/\/portaltela.pt\/noticias\/2026\/03\/06\/secretario-das-comunidades-diz-que-acusacao-de-nao-contactar-portugueses-nos-emirados-e-insulto\/#primaryimage"},"thumbnailUrl":"https:\/\/portaltela.pt\/s.01k8rhncp4jt1\/2026\/03\/img_1500x1000uu2026-03-06-08-10-51-2269811.jpg","keywords":["consulados","diplomacia","emigra\u00e7\u00e3o","Emirados \u00c1rabes Unidos","evacua\u00e7\u00e3o","Portugal"],"articleSection":["Not\u00edcias","Pol\u00edtica"],"inLanguage":"pt-PT"},{"@type":"WebPage","@id":"https:\/\/portaltela.pt\/noticias\/2026\/03\/06\/secretario-das-comunidades-diz-que-acusacao-de-nao-contactar-portugueses-nos-emirados-e-insulto\/","url":"https:\/\/portaltela.pt\/noticias\/2026\/03\/06\/secretario-das-comunidades-diz-que-acusacao-de-nao-contactar-portugueses-nos-emirados-e-insulto\/","name":"Secret\u00e1rio das Comunidades diz que acusa\u00e7\u00e3o de n\u00e3o contactar portugueses nos Emirados \u00e9 insulto - Portal Tela Portugal","isPartOf":{"@id":"https:\/\/portaltela.pt\/#website"},"primaryImageOfPage":{"@id":"https:\/\/portaltela.pt\/noticias\/2026\/03\/06\/secretario-das-comunidades-diz-que-acusacao-de-nao-contactar-portugueses-nos-emirados-e-insulto\/#primaryimage"},"image":{"@id":"https:\/\/portaltela.pt\/noticias\/2026\/03\/06\/secretario-das-comunidades-diz-que-acusacao-de-nao-contactar-portugueses-nos-emirados-e-insulto\/#primaryimage"},"thumbnailUrl":"https:\/\/portaltela.pt\/s.01k8rhncp4jt1\/2026\/03\/img_1500x1000uu2026-03-06-08-10-51-2269811.jpg","datePublished":"2026-03-06T17:15:12+00:00","author":{"@id":"https:\/\/portaltela.pt\/#\/schema\/person\/c4278d4a6028830caff9ee44b42d32ed"},"breadcrumb":{"@id":"https:\/\/portaltela.pt\/noticias\/2026\/03\/06\/secretario-das-comunidades-diz-que-acusacao-de-nao-contactar-portugueses-nos-emirados-e-insulto\/#breadcrumb"},"inLanguage":"pt-PT","potentialAction":[{"@type":"ReadAction","target":["https:\/\/portaltela.pt\/noticias\/2026\/03\/06\/secretario-das-comunidades-diz-que-acusacao-de-nao-contactar-portugueses-nos-emirados-e-insulto\/"]}]},{"@type":"ImageObject","inLanguage":"pt-PT","@id":"https:\/\/portaltela.pt\/noticias\/2026\/03\/06\/secretario-das-comunidades-diz-que-acusacao-de-nao-contactar-portugueses-nos-emirados-e-insulto\/#primaryimage","url":"https:\/\/portaltela.pt\/s.01k8rhncp4jt1\/2026\/03\/img_1500x1000uu2026-03-06-08-10-51-2269811.jpg","contentUrl":"https:\/\/portaltela.pt\/s.01k8rhncp4jt1\/2026\/03\/img_1500x1000uu2026-03-06-08-10-51-2269811.jpg","width":796,"height":448,"caption":"Em\u00eddio Sousa, secret\u00e1rio de Estado das Comunidades"},{"@type":"BreadcrumbList","@id":"https:\/\/portaltela.pt\/noticias\/2026\/03\/06\/secretario-das-comunidades-diz-que-acusacao-de-nao-contactar-portugueses-nos-emirados-e-insulto\/#breadcrumb","itemListElement":[{"@type":"ListItem","position":1,"name":"In\u00edcio","item":"https:\/\/portaltela.pt\/"},{"@type":"ListItem","position":2,"name":"Secret\u00e1rio das Comunidades diz que acusa\u00e7\u00e3o de n\u00e3o contactar portugueses nos Emirados \u00e9 insulto"}]},{"@type":"WebSite","@id":"https:\/\/portaltela.pt\/#website","url":"https:\/\/portaltela.pt\/","name":"Portal Tela Portugal","description":"","potentialAction":[{"@type":"SearchAction","target":{"@type":"EntryPoint","urlTemplate":"https:\/\/portaltela.pt\/?s={search_term_string}"},"query-input":{"@type":"PropertyValueSpecification","valueRequired":true,"valueName":"search_term_string"}}],"inLanguage":"pt-PT"},{"@type":"Person","@id":"https:\/\/portaltela.pt\/#\/schema\/person\/c4278d4a6028830caff9ee44b42d32ed","name":"Telinha","image":{"@type":"ImageObject","inLanguage":"pt-PT","@id":"https:\/\/portaltela.pt\/s.01k8rhncp4jt1\/2025\/11\/talking-bot-125x125.png","url":"https:\/\/portaltela.pt\/s.01k8rhncp4jt1\/2025\/11\/talking-bot-125x125.png","contentUrl":"https:\/\/portaltela.pt\/s.01k8rhncp4jt1\/2025\/11\/talking-bot-125x125.png","caption":"Telinha"},"sameAs":["https:\/\/portaltela.pt\/"],"url":"https:\/\/portaltela.pt\/por\/367410592786\/"}]}},"_links":{"self":[{"href":"https:\/\/portaltela.pt\/api\/wp\/v2\/posts\/400463","targetHints":{"allow":["GET"]}}],"collection":[{"href":"https:\/\/portaltela.pt\/api\/wp\/v2\/posts"}],"about":[{"href":"https:\/\/portaltela.pt\/api\/wp\/v2\/types\/post"}],"author":[{"embeddable":true,"href":"https:\/\/portaltela.pt\/api\/wp\/v2\/users\/2"}],"replies":[{"embeddable":true,"href":"https:\/\/portaltela.pt\/api\/wp\/v2\/comments?post=400463"}],"version-history":[{"count":0,"href":"https:\/\/portaltela.pt\/api\/wp\/v2\/posts\/400463\/revisions"}],"wp:featuredmedia":[{"embeddable":true,"href":"https:\/\/portaltela.pt\/api\/wp\/v2\/media\/400465"}],"wp:attachment":[{"href":"https:\/\/portaltela.pt\/api\/wp\/v2\/media?parent=400463"}],"wp:term":[{"taxonomy":"category","embeddable":true,"href":"https:\/\/portaltela.pt\/api\/wp\/v2\/categories?post=400463"},{"taxonomy":"post_tag","embeddable":true,"href":"https:\/\/portaltela.pt\/api\/wp\/v2\/tags?post=400463"}],"curies":[{"name":"wp","href":"https:\/\/api.w.org\/{rel}","templated":true}]}}