{"id":400457,"date":"2026-03-06T14:03:00","date_gmt":"2026-03-06T17:03:00","guid":{"rendered":"https:\/\/portaltela.pt\/noticias\/2026\/03\/06\/incendio-no-metro-de-lisboa-suspende-circulacao-entre-chelas-e-aeroporto\/"},"modified":"2026-03-06T14:03:00","modified_gmt":"2026-03-06T17:03:00","slug":"incendio-no-metro-de-lisboa-suspende-circulacao-entre-chelas-e-aeroporto","status":"publish","type":"post","link":"https:\/\/portaltela.pt\/noticias\/economia\/2026\/03\/06\/incendio-no-metro-de-lisboa-suspende-circulacao-entre-chelas-e-aeroporto\/","title":{"rendered":"Inc\u00eandio no Metro de Lisboa suspende circula\u00e7\u00e3o entre Chelas e aeroporto"},"content":{"rendered":"<p>Um inc\u00eandio deflagrou, na tarde de sexta-feira, 6 de mar\u00e7o, na linha vermelha do metro de Lisboa. O fogo ocorreu pr\u00f3ximo da esta\u00e7\u00e3o do Oriente, provocando a suspens\u00e3o da circula\u00e7\u00e3o entre Chelas e o Aeroporto. As causas ainda s\u00e3o desconhecidas.<\/p>\n<p>A Metropolitano de Lisboa informou, via X, \u00e0s 15h20, que a circula\u00e7\u00e3o entre Aeroporto e Chelas est\u00e1 interrompida. N\u00e3o h\u00e1 previs\u00e3o de dura\u00e7\u00e3o da interrup\u00e7\u00e3o, e a empresa trabalha para retomar a circula\u00e7\u00e3o o mais breve poss\u00edvel.<\/p>\n<p>Ao P\u00daBLICO, uma fonte da empresa confirmou que o tr\u00e1fego est\u00e1 a ser assegurado entre S\u00e3o Sebasti\u00e3o e Chelas. O Regimento de Sapadores de Lisboa est\u00e1 no local a acompanhar a situa\u00e7\u00e3o.<\/p>\n<p>Ainda n\u00e3o h\u00e1 indica\u00e7\u00e3o de quando o servi\u00e7o ser\u00e1 totalmente retomado. A \u00e1rea permanece sob monitoriza\u00e7\u00e3o pelas autoridades competentes, com equipas a avaliar danos e retomar a normalidade.<\/p>\n","protected":false},"excerpt":{"rendered":"<ul>\n<li>Inc\u00eandio de causas desconhecidas deflagrou na linha vermelha do metro de Lisboa, perto da esta\u00e7\u00e3o do Oriente, na tarde de 6 de mar\u00e7o.<\/li>\n<li>A circula\u00e7\u00e3o est\u00e1 interrompida entre Chelas e Aeroporto, sem previs\u00e3o de retomar.<\/li>\n<li>O Metropolitano de Lisboa informou, via X, que n\u00e3o \u00e9 poss\u00edvel prever a dura\u00e7\u00e3o da interrup\u00e7\u00e3o e que se envidam esfor\u00e7os para retomar a circula\u00e7\u00e3o.<\/li>\n<li>O Regimento de Sapadores de Lisboa est\u00e1 no local a acompanhar a situa\u00e7\u00e3o, segundo o Metropolitano.<\/li>\n<li>O servi\u00e7o est\u00e1 a ser efetuado entre S\u00e3o Sebasti\u00e3o e Chelas enquanto lidam com o incidente.<\/li>\n<\/ul>\n","protected":false},"author":2,"featured_media":400460,"comment_status":"closed","ping_status":"closed","sticky":false,"template":"","format":"standard","meta":{"footnotes":""},"categories":[2,1],"tags":[3302,4978,1438,981,2965],"class_list":["post-400457","post","type-post","status-publish","format-standard","has-post-thumbnail","hentry","category-economia","category-noticias","tag-aeroportos","tag-chelas","tag-incendio","tag-lisboa","tag-sapadores"],"yoast_head":"<!-- This site is optimized with the Yoast SEO plugin v27.2 - https:\/\/yoast.com\/product\/yoast-seo-wordpress\/ -->\n<title>Inc\u00eandio no Metro de Lisboa suspende circula\u00e7\u00e3o entre Chelas e aeroporto - Portal Tela Portugal<\/title>\n<meta name=\"robots\" content=\"index, follow, max-snippet:-1, max-image-preview:large, max-video-preview:-1\" \/>\n<meta property=\"og:locale\" content=\"pt_PT\" \/>\n<meta property=\"og:type\" content=\"article\" \/>\n<meta property=\"og:title\" content=\"Inc\u00eandio no Metro de Lisboa suspende circula\u00e7\u00e3o entre Chelas e aeroporto - Portal Tela Portugal\" \/>\n<meta property=\"og:description\" content=\"Inc\u00eandio de causas desconhecidas deflagrou na linha vermelha do metro de Lisboa, perto da esta\u00e7\u00e3o do Oriente, na tarde de 6 de mar\u00e7o. A circula\u00e7\u00e3o est\u00e1 interrompida entre Chelas e Aeroporto, sem previs\u00e3o de retomar. O Metropolitano de Lisboa informou, via X, que n\u00e3o \u00e9 poss\u00edvel prever a dura\u00e7\u00e3o da interrup\u00e7\u00e3o e que se envidam esfor\u00e7os para retomar a circula\u00e7\u00e3o. O Regimento de Sapadores de Lisboa est\u00e1 no local a acompanhar a situa\u00e7\u00e3o, segundo o Metropolitano. O servi\u00e7o est\u00e1 a ser efetuado entre S\u00e3o Sebasti\u00e3o e Chelas enquanto lidam com o incidente.\" \/>\n<meta property=\"og:url\" content=\"https:\/\/portaltela.pt\/noticias\/2026\/03\/06\/incendio-no-metro-de-lisboa-suspende-circulacao-entre-chelas-e-aeroporto\/\" \/>\n<meta property=\"og:site_name\" content=\"Portal Tela Portugal\" \/>\n<meta property=\"article:published_time\" content=\"2026-03-06T17:03:00+00:00\" \/>\n<meta name=\"author\" content=\"Telinha\" \/>\n<meta name=\"twitter:card\" content=\"summary_large_image\" \/>\n<meta name=\"twitter:label1\" content=\"Escrito por\" \/>\n\t<meta name=\"twitter:data1\" content=\"Telinha\" \/>\n\t<meta name=\"twitter:label2\" content=\"Tempo estimado de leitura\" \/>\n\t<meta name=\"twitter:data2\" content=\"1 minuto\" \/>\n<script type=\"application\/ld+json\" class=\"yoast-schema-graph\">{\"@context\":\"https:\/\/schema.org\",\"@graph\":[{\"@type\":\"Article\",\"@id\":\"https:\/\/portaltela.pt\/noticias\/2026\/03\/06\/incendio-no-metro-de-lisboa-suspende-circulacao-entre-chelas-e-aeroporto\/#article\",\"isPartOf\":{\"@id\":\"https:\/\/portaltela.pt\/noticias\/2026\/03\/06\/incendio-no-metro-de-lisboa-suspende-circulacao-entre-chelas-e-aeroporto\/\"},\"author\":{\"name\":\"Telinha\",\"@id\":\"https:\/\/portaltela.pt\/#\/schema\/person\/c4278d4a6028830caff9ee44b42d32ed\"},\"headline\":\"Inc\u00eandio no Metro de Lisboa suspende circula\u00e7\u00e3o entre Chelas e aeroporto\",\"datePublished\":\"2026-03-06T17:03:00+00:00\",\"mainEntityOfPage\":{\"@id\":\"https:\/\/portaltela.pt\/noticias\/2026\/03\/06\/incendio-no-metro-de-lisboa-suspende-circulacao-entre-chelas-e-aeroporto\/\"},\"wordCount\":172,\"image\":{\"@id\":\"https:\/\/portaltela.pt\/noticias\/2026\/03\/06\/incendio-no-metro-de-lisboa-suspende-circulacao-entre-chelas-e-aeroporto\/#primaryimage\"},\"thumbnailUrl\":\"https:\/\/portaltela.pt\/s.01k8rhncp4jt1\/2026\/03\/2072293.jpg\",\"keywords\":[\"aeroportos\",\"Chelas\",\"inc\u00eandio\",\"Lisboa\",\"Sapadores\"],\"articleSection\":[\"Economia\",\"Not\u00edcias\"],\"inLanguage\":\"pt-PT\"},{\"@type\":\"WebPage\",\"@id\":\"https:\/\/portaltela.pt\/noticias\/2026\/03\/06\/incendio-no-metro-de-lisboa-suspende-circulacao-entre-chelas-e-aeroporto\/\",\"url\":\"https:\/\/portaltela.pt\/noticias\/2026\/03\/06\/incendio-no-metro-de-lisboa-suspende-circulacao-entre-chelas-e-aeroporto\/\",\"name\":\"Inc\u00eandio no Metro de Lisboa suspende circula\u00e7\u00e3o entre Chelas e aeroporto - Portal Tela Portugal\",\"isPartOf\":{\"@id\":\"https:\/\/portaltela.pt\/#website\"},\"primaryImageOfPage\":{\"@id\":\"https:\/\/portaltela.pt\/noticias\/2026\/03\/06\/incendio-no-metro-de-lisboa-suspende-circulacao-entre-chelas-e-aeroporto\/#primaryimage\"},\"image\":{\"@id\":\"https:\/\/portaltela.pt\/noticias\/2026\/03\/06\/incendio-no-metro-de-lisboa-suspende-circulacao-entre-chelas-e-aeroporto\/#primaryimage\"},\"thumbnailUrl\":\"https:\/\/portaltela.pt\/s.01k8rhncp4jt1\/2026\/03\/2072293.jpg\",\"datePublished\":\"2026-03-06T17:03:00+00:00\",\"author\":{\"@id\":\"https:\/\/portaltela.pt\/#\/schema\/person\/c4278d4a6028830caff9ee44b42d32ed\"},\"breadcrumb\":{\"@id\":\"https:\/\/portaltela.pt\/noticias\/2026\/03\/06\/incendio-no-metro-de-lisboa-suspende-circulacao-entre-chelas-e-aeroporto\/#breadcrumb\"},\"inLanguage\":\"pt-PT\",\"potentialAction\":[{\"@type\":\"ReadAction\",\"target\":[\"https:\/\/portaltela.pt\/noticias\/2026\/03\/06\/incendio-no-metro-de-lisboa-suspende-circulacao-entre-chelas-e-aeroporto\/\"]}]},{\"@type\":\"ImageObject\",\"inLanguage\":\"pt-PT\",\"@id\":\"https:\/\/portaltela.pt\/noticias\/2026\/03\/06\/incendio-no-metro-de-lisboa-suspende-circulacao-entre-chelas-e-aeroporto\/#primaryimage\",\"url\":\"https:\/\/portaltela.pt\/s.01k8rhncp4jt1\/2026\/03\/2072293.jpg\",\"contentUrl\":\"https:\/\/portaltela.pt\/s.01k8rhncp4jt1\/2026\/03\/2072293.jpg\",\"width\":796,\"height\":448,\"caption\":\"Photo\"},{\"@type\":\"BreadcrumbList\",\"@id\":\"https:\/\/portaltela.pt\/noticias\/2026\/03\/06\/incendio-no-metro-de-lisboa-suspende-circulacao-entre-chelas-e-aeroporto\/#breadcrumb\",\"itemListElement\":[{\"@type\":\"ListItem\",\"position\":1,\"name\":\"In\u00edcio\",\"item\":\"https:\/\/portaltela.pt\/\"},{\"@type\":\"ListItem\",\"position\":2,\"name\":\"Inc\u00eandio no Metro de Lisboa suspende circula\u00e7\u00e3o entre Chelas e aeroporto\"}]},{\"@type\":\"WebSite\",\"@id\":\"https:\/\/portaltela.pt\/#website\",\"url\":\"https:\/\/portaltela.pt\/\",\"name\":\"Portal Tela Portugal\",\"description\":\"\",\"potentialAction\":[{\"@type\":\"SearchAction\",\"target\":{\"@type\":\"EntryPoint\",\"urlTemplate\":\"https:\/\/portaltela.pt\/?s={search_term_string}\"},\"query-input\":{\"@type\":\"PropertyValueSpecification\",\"valueRequired\":true,\"valueName\":\"search_term_string\"}}],\"inLanguage\":\"pt-PT\"},{\"@type\":\"Person\",\"@id\":\"https:\/\/portaltela.pt\/#\/schema\/person\/c4278d4a6028830caff9ee44b42d32ed\",\"name\":\"Telinha\",\"image\":{\"@type\":\"ImageObject\",\"inLanguage\":\"pt-PT\",\"@id\":\"https:\/\/portaltela.pt\/s.01k8rhncp4jt1\/2025\/11\/talking-bot-125x125.png\",\"url\":\"https:\/\/portaltela.pt\/s.01k8rhncp4jt1\/2025\/11\/talking-bot-125x125.png\",\"contentUrl\":\"https:\/\/portaltela.pt\/s.01k8rhncp4jt1\/2025\/11\/talking-bot-125x125.png\",\"caption\":\"Telinha\"},\"sameAs\":[\"https:\/\/portaltela.pt\/\"],\"url\":\"https:\/\/portaltela.pt\/por\/367410592786\/\"}]}<\/script>\n<!-- \/ Yoast SEO plugin. -->","yoast_head_json":{"title":"Inc\u00eandio no Metro de Lisboa suspende circula\u00e7\u00e3o entre Chelas e aeroporto - Portal Tela Portugal","robots":{"index":"index","follow":"follow","max-snippet":"max-snippet:-1","max-image-preview":"max-image-preview:large","max-video-preview":"max-video-preview:-1"},"og_locale":"pt_PT","og_type":"article","og_title":"Inc\u00eandio no Metro de Lisboa suspende circula\u00e7\u00e3o entre Chelas e aeroporto - Portal Tela Portugal","og_description":"Inc\u00eandio de causas desconhecidas deflagrou na linha vermelha do metro de Lisboa, perto da esta\u00e7\u00e3o do Oriente, na tarde de 6 de mar\u00e7o. A circula\u00e7\u00e3o est\u00e1 interrompida entre Chelas e Aeroporto, sem previs\u00e3o de retomar. O Metropolitano de Lisboa informou, via X, que n\u00e3o \u00e9 poss\u00edvel prever a dura\u00e7\u00e3o da interrup\u00e7\u00e3o e que se envidam esfor\u00e7os para retomar a circula\u00e7\u00e3o. O Regimento de Sapadores de Lisboa est\u00e1 no local a acompanhar a situa\u00e7\u00e3o, segundo o Metropolitano. O servi\u00e7o est\u00e1 a ser efetuado entre S\u00e3o Sebasti\u00e3o e Chelas enquanto lidam com o incidente.","og_url":"https:\/\/portaltela.pt\/noticias\/2026\/03\/06\/incendio-no-metro-de-lisboa-suspende-circulacao-entre-chelas-e-aeroporto\/","og_site_name":"Portal Tela Portugal","article_published_time":"2026-03-06T17:03:00+00:00","author":"Telinha","twitter_card":"summary_large_image","twitter_misc":{"Escrito por":"Telinha","Tempo estimado de leitura":"1 minuto"},"schema":{"@context":"https:\/\/schema.org","@graph":[{"@type":"Article","@id":"https:\/\/portaltela.pt\/noticias\/2026\/03\/06\/incendio-no-metro-de-lisboa-suspende-circulacao-entre-chelas-e-aeroporto\/#article","isPartOf":{"@id":"https:\/\/portaltela.pt\/noticias\/2026\/03\/06\/incendio-no-metro-de-lisboa-suspende-circulacao-entre-chelas-e-aeroporto\/"},"author":{"name":"Telinha","@id":"https:\/\/portaltela.pt\/#\/schema\/person\/c4278d4a6028830caff9ee44b42d32ed"},"headline":"Inc\u00eandio no Metro de Lisboa suspende circula\u00e7\u00e3o entre Chelas e aeroporto","datePublished":"2026-03-06T17:03:00+00:00","mainEntityOfPage":{"@id":"https:\/\/portaltela.pt\/noticias\/2026\/03\/06\/incendio-no-metro-de-lisboa-suspende-circulacao-entre-chelas-e-aeroporto\/"},"wordCount":172,"image":{"@id":"https:\/\/portaltela.pt\/noticias\/2026\/03\/06\/incendio-no-metro-de-lisboa-suspende-circulacao-entre-chelas-e-aeroporto\/#primaryimage"},"thumbnailUrl":"https:\/\/portaltela.pt\/s.01k8rhncp4jt1\/2026\/03\/2072293.jpg","keywords":["aeroportos","Chelas","inc\u00eandio","Lisboa","Sapadores"],"articleSection":["Economia","Not\u00edcias"],"inLanguage":"pt-PT"},{"@type":"WebPage","@id":"https:\/\/portaltela.pt\/noticias\/2026\/03\/06\/incendio-no-metro-de-lisboa-suspende-circulacao-entre-chelas-e-aeroporto\/","url":"https:\/\/portaltela.pt\/noticias\/2026\/03\/06\/incendio-no-metro-de-lisboa-suspende-circulacao-entre-chelas-e-aeroporto\/","name":"Inc\u00eandio no Metro de Lisboa suspende circula\u00e7\u00e3o entre Chelas e aeroporto - Portal Tela Portugal","isPartOf":{"@id":"https:\/\/portaltela.pt\/#website"},"primaryImageOfPage":{"@id":"https:\/\/portaltela.pt\/noticias\/2026\/03\/06\/incendio-no-metro-de-lisboa-suspende-circulacao-entre-chelas-e-aeroporto\/#primaryimage"},"image":{"@id":"https:\/\/portaltela.pt\/noticias\/2026\/03\/06\/incendio-no-metro-de-lisboa-suspende-circulacao-entre-chelas-e-aeroporto\/#primaryimage"},"thumbnailUrl":"https:\/\/portaltela.pt\/s.01k8rhncp4jt1\/2026\/03\/2072293.jpg","datePublished":"2026-03-06T17:03:00+00:00","author":{"@id":"https:\/\/portaltela.pt\/#\/schema\/person\/c4278d4a6028830caff9ee44b42d32ed"},"breadcrumb":{"@id":"https:\/\/portaltela.pt\/noticias\/2026\/03\/06\/incendio-no-metro-de-lisboa-suspende-circulacao-entre-chelas-e-aeroporto\/#breadcrumb"},"inLanguage":"pt-PT","potentialAction":[{"@type":"ReadAction","target":["https:\/\/portaltela.pt\/noticias\/2026\/03\/06\/incendio-no-metro-de-lisboa-suspende-circulacao-entre-chelas-e-aeroporto\/"]}]},{"@type":"ImageObject","inLanguage":"pt-PT","@id":"https:\/\/portaltela.pt\/noticias\/2026\/03\/06\/incendio-no-metro-de-lisboa-suspende-circulacao-entre-chelas-e-aeroporto\/#primaryimage","url":"https:\/\/portaltela.pt\/s.01k8rhncp4jt1\/2026\/03\/2072293.jpg","contentUrl":"https:\/\/portaltela.pt\/s.01k8rhncp4jt1\/2026\/03\/2072293.jpg","width":796,"height":448,"caption":"Photo"},{"@type":"BreadcrumbList","@id":"https:\/\/portaltela.pt\/noticias\/2026\/03\/06\/incendio-no-metro-de-lisboa-suspende-circulacao-entre-chelas-e-aeroporto\/#breadcrumb","itemListElement":[{"@type":"ListItem","position":1,"name":"In\u00edcio","item":"https:\/\/portaltela.pt\/"},{"@type":"ListItem","position":2,"name":"Inc\u00eandio no Metro de Lisboa suspende circula\u00e7\u00e3o entre Chelas e aeroporto"}]},{"@type":"WebSite","@id":"https:\/\/portaltela.pt\/#website","url":"https:\/\/portaltela.pt\/","name":"Portal Tela Portugal","description":"","potentialAction":[{"@type":"SearchAction","target":{"@type":"EntryPoint","urlTemplate":"https:\/\/portaltela.pt\/?s={search_term_string}"},"query-input":{"@type":"PropertyValueSpecification","valueRequired":true,"valueName":"search_term_string"}}],"inLanguage":"pt-PT"},{"@type":"Person","@id":"https:\/\/portaltela.pt\/#\/schema\/person\/c4278d4a6028830caff9ee44b42d32ed","name":"Telinha","image":{"@type":"ImageObject","inLanguage":"pt-PT","@id":"https:\/\/portaltela.pt\/s.01k8rhncp4jt1\/2025\/11\/talking-bot-125x125.png","url":"https:\/\/portaltela.pt\/s.01k8rhncp4jt1\/2025\/11\/talking-bot-125x125.png","contentUrl":"https:\/\/portaltela.pt\/s.01k8rhncp4jt1\/2025\/11\/talking-bot-125x125.png","caption":"Telinha"},"sameAs":["https:\/\/portaltela.pt\/"],"url":"https:\/\/portaltela.pt\/por\/367410592786\/"}]}},"_links":{"self":[{"href":"https:\/\/portaltela.pt\/api\/wp\/v2\/posts\/400457","targetHints":{"allow":["GET"]}}],"collection":[{"href":"https:\/\/portaltela.pt\/api\/wp\/v2\/posts"}],"about":[{"href":"https:\/\/portaltela.pt\/api\/wp\/v2\/types\/post"}],"author":[{"embeddable":true,"href":"https:\/\/portaltela.pt\/api\/wp\/v2\/users\/2"}],"replies":[{"embeddable":true,"href":"https:\/\/portaltela.pt\/api\/wp\/v2\/comments?post=400457"}],"version-history":[{"count":0,"href":"https:\/\/portaltela.pt\/api\/wp\/v2\/posts\/400457\/revisions"}],"wp:featuredmedia":[{"embeddable":true,"href":"https:\/\/portaltela.pt\/api\/wp\/v2\/media\/400460"}],"wp:attachment":[{"href":"https:\/\/portaltela.pt\/api\/wp\/v2\/media?parent=400457"}],"wp:term":[{"taxonomy":"category","embeddable":true,"href":"https:\/\/portaltela.pt\/api\/wp\/v2\/categories?post=400457"},{"taxonomy":"post_tag","embeddable":true,"href":"https:\/\/portaltela.pt\/api\/wp\/v2\/tags?post=400457"}],"curies":[{"name":"wp","href":"https:\/\/api.w.org\/{rel}","templated":true}]}}