{"id":400408,"date":"2026-03-06T13:43:00","date_gmt":"2026-03-06T16:43:00","guid":{"rendered":"https:\/\/portaltela.pt\/noticias\/2026\/03\/06\/ameaca-com-arma-de-fogo-para-cobrar-divida-de-droga-em-marco-de-canaveses\/"},"modified":"2026-03-06T13:43:00","modified_gmt":"2026-03-06T16:43:00","slug":"ameaca-com-arma-de-fogo-para-cobrar-divida-de-droga-em-marco-de-canaveses","status":"publish","type":"post","link":"https:\/\/portaltela.pt\/noticias\/politica\/2026\/03\/06\/ameaca-com-arma-de-fogo-para-cobrar-divida-de-droga-em-marco-de-canaveses\/","title":{"rendered":"Amea\u00e7a com arma de fogo para cobrar d\u00edvida de droga em Marco de Canaveses"},"content":{"rendered":"<p>Um homem de 27 anos foi detido pela Pol\u00edcia Judici\u00e1ria do Porto, em rela\u00e7\u00e3o a crimes de roubo agravado, ofensas \u00e0 integridade f\u00edsica qualificada, extors\u00e3o agravada e deten\u00e7\u00e3o de arma proibida. O caso remonta a 15 de dezembro, no Marco de Canaveses.<\/p>\n<p>A investiga\u00e7\u00e3o indica que, com um c\u00famplice j\u00e1 na cadeia, o detido foi cobrar uma alegada d\u00edvida de droga usando uma arma de fogo. O grupo dirigiu-se \u00e0 resid\u00eancia do casal de 24 e 48 anos.<\/p>\n<p>No local, os arguidos intimidaram as v\u00edtimas, apoderaram-se de objetos avaliados em centenas de euros e agrediram o homem para obter o dinheiro alegadamente devido, relacionado com tr\u00e1fico de estupefacientes. Antes de fugir, o suspeito efetuou um disparo para o ar.<\/p>\n<h3>Detalhes do Caso<\/h3>\n<p>O detido tem antecedentes por crimes contra a liberdade e autodetermina\u00e7\u00e3o sexual, e j\u00e1 cumpriu pena na Su\u00ed\u00e7a. Vai ser presente a juiz para aplica\u00e7\u00e3o de medidas de coa\u00e7\u00e3o.<\/p>\n<p>O c\u00famplice, entretanto, encontra-se sob medidas de coa\u00e7\u00e3o privativas da liberdade noutro processo, por tr\u00e1fico de estupefacientes. As autoridades n\u00e3o avan\u00e7am com mais detalhes no momento.<\/p>\n","protected":false},"excerpt":{"rendered":"<ul>\n<li>A Pol\u00edcia Judici\u00e1ria do Porto deteve um homem de 27 anos por roubo agravado, ofensas \u00e0 integridade f\u00edsica qualificada, extors\u00e3o agravada e deten\u00e7\u00e3o de arma proibida, relacionado com um caso de 15 de dezembro no Marco de Canaveses.<\/li>\n<li>O suspeito, juntamente com um c\u00famplice atualmente na cadeia, foi cobrar uma alegada d\u00edvida de droga com recurso a uma arma de fogo, em casa de um casal de 24 e 48 anos.<\/li>\n<li>Durante o ataque, foi furtado material avaliado em centenas de euros e o homem foi agredido para obter o dinheiro alegadamente devido, relacionado com tr\u00e1fico de estupefacientes.<\/li>\n<li>Antes de fugir, o suspeito detido disparou um tiro para o ar para refor\u00e7ar a intimida\u00e7\u00e3o.<\/li>\n<li>O detido tem antecedentes por crimes contra a liberdade e autodetermina\u00e7\u00e3o sexual (cumpriu pena na Su\u00ed\u00e7a) e ser\u00e1 apresentado a juiz; o outro suspeito permanece sujeito a medidas de coa\u00e7\u00e3o num processo por tr\u00e1fico de estupefacientes.<\/li>\n<\/ul>\n","protected":false},"author":2,"featured_media":400417,"comment_status":"closed","ping_status":"closed","sticky":false,"template":"","format":"standard","meta":{"footnotes":""},"categories":[1,5],"tags":[124,3132,982,203,1442,6208],"class_list":["post-400408","post","type-post","status-publish","format-standard","has-post-thumbnail","hentry","category-noticias","category-politica","tag-arma-de-fogo","tag-extorsao-agravada","tag-porto","tag-roubo","tag-trafico-de-estupefacientes","tag-tribunais"],"yoast_head":"<!-- This site is optimized with the Yoast SEO plugin v27.2 - https:\/\/yoast.com\/product\/yoast-seo-wordpress\/ -->\n<title>Amea\u00e7a com arma de fogo para cobrar d\u00edvida de droga em Marco de Canaveses - Portal Tela Portugal<\/title>\n<meta name=\"robots\" content=\"index, follow, max-snippet:-1, max-image-preview:large, max-video-preview:-1\" \/>\n<meta property=\"og:locale\" content=\"pt_PT\" \/>\n<meta property=\"og:type\" content=\"article\" \/>\n<meta property=\"og:title\" content=\"Amea\u00e7a com arma de fogo para cobrar d\u00edvida de droga em Marco de Canaveses - Portal Tela Portugal\" \/>\n<meta property=\"og:description\" content=\"A Pol\u00edcia Judici\u00e1ria do Porto deteve um homem de 27 anos por roubo agravado, ofensas \u00e0 integridade f\u00edsica qualificada, extors\u00e3o agravada e deten\u00e7\u00e3o de arma proibida, relacionado com um caso de 15 de dezembro no Marco de Canaveses. O suspeito, juntamente com um c\u00famplice atualmente na cadeia, foi cobrar uma alegada d\u00edvida de droga com recurso a uma arma de fogo, em casa de um casal de 24 e 48 anos. Durante o ataque, foi furtado material avaliado em centenas de euros e o homem foi agredido para obter o dinheiro alegadamente devido, relacionado com tr\u00e1fico de estupefacientes. Antes de fugir, o suspeito detido disparou um tiro para o ar para refor\u00e7ar a intimida\u00e7\u00e3o. O detido tem antecedentes por crimes contra a liberdade e autodetermina\u00e7\u00e3o sexual (cumpriu pena na Su\u00ed\u00e7a) e ser\u00e1 apresentado a juiz; o outro suspeito permanece sujeito a medidas de coa\u00e7\u00e3o num processo por tr\u00e1fico de estupefacientes.\" \/>\n<meta property=\"og:url\" content=\"https:\/\/portaltela.pt\/noticias\/2026\/03\/06\/ameaca-com-arma-de-fogo-para-cobrar-divida-de-droga-em-marco-de-canaveses\/\" \/>\n<meta property=\"og:site_name\" content=\"Portal Tela Portugal\" \/>\n<meta property=\"article:published_time\" content=\"2026-03-06T16:43:00+00:00\" \/>\n<meta name=\"author\" content=\"Telinha\" \/>\n<meta name=\"twitter:card\" content=\"summary_large_image\" \/>\n<meta name=\"twitter:label1\" content=\"Escrito por\" \/>\n\t<meta name=\"twitter:data1\" content=\"Telinha\" \/>\n\t<meta name=\"twitter:label2\" content=\"Tempo estimado de leitura\" \/>\n\t<meta name=\"twitter:data2\" content=\"1 minuto\" \/>\n<script type=\"application\/ld+json\" class=\"yoast-schema-graph\">{\"@context\":\"https:\/\/schema.org\",\"@graph\":[{\"@type\":\"Article\",\"@id\":\"https:\/\/portaltela.pt\/noticias\/2026\/03\/06\/ameaca-com-arma-de-fogo-para-cobrar-divida-de-droga-em-marco-de-canaveses\/#article\",\"isPartOf\":{\"@id\":\"https:\/\/portaltela.pt\/noticias\/2026\/03\/06\/ameaca-com-arma-de-fogo-para-cobrar-divida-de-droga-em-marco-de-canaveses\/\"},\"author\":{\"name\":\"Telinha\",\"@id\":\"https:\/\/portaltela.pt\/#\/schema\/person\/c4278d4a6028830caff9ee44b42d32ed\"},\"headline\":\"Amea\u00e7a com arma de fogo para cobrar d\u00edvida de droga em Marco de Canaveses\",\"datePublished\":\"2026-03-06T16:43:00+00:00\",\"mainEntityOfPage\":{\"@id\":\"https:\/\/portaltela.pt\/noticias\/2026\/03\/06\/ameaca-com-arma-de-fogo-para-cobrar-divida-de-droga-em-marco-de-canaveses\/\"},\"wordCount\":208,\"image\":{\"@id\":\"https:\/\/portaltela.pt\/noticias\/2026\/03\/06\/ameaca-com-arma-de-fogo-para-cobrar-divida-de-droga-em-marco-de-canaveses\/#primaryimage\"},\"thumbnailUrl\":\"https:\/\/portaltela.pt\/s.01k8rhncp4jt1\/2026\/03\/img_1280x721uu2025-10-30-21-12-55-2244582.jpg\",\"keywords\":[\"arma de fogo\",\"extors\u00e3o agravada\",\"Porto\",\"roubo\",\"tr\u00e1fico de estupefacientes\",\"Tribunais\"],\"articleSection\":[\"Not\u00edcias\",\"Pol\u00edtica\"],\"inLanguage\":\"pt-PT\"},{\"@type\":\"WebPage\",\"@id\":\"https:\/\/portaltela.pt\/noticias\/2026\/03\/06\/ameaca-com-arma-de-fogo-para-cobrar-divida-de-droga-em-marco-de-canaveses\/\",\"url\":\"https:\/\/portaltela.pt\/noticias\/2026\/03\/06\/ameaca-com-arma-de-fogo-para-cobrar-divida-de-droga-em-marco-de-canaveses\/\",\"name\":\"Amea\u00e7a com arma de fogo para cobrar d\u00edvida de droga em Marco de Canaveses - Portal Tela Portugal\",\"isPartOf\":{\"@id\":\"https:\/\/portaltela.pt\/#website\"},\"primaryImageOfPage\":{\"@id\":\"https:\/\/portaltela.pt\/noticias\/2026\/03\/06\/ameaca-com-arma-de-fogo-para-cobrar-divida-de-droga-em-marco-de-canaveses\/#primaryimage\"},\"image\":{\"@id\":\"https:\/\/portaltela.pt\/noticias\/2026\/03\/06\/ameaca-com-arma-de-fogo-para-cobrar-divida-de-droga-em-marco-de-canaveses\/#primaryimage\"},\"thumbnailUrl\":\"https:\/\/portaltela.pt\/s.01k8rhncp4jt1\/2026\/03\/img_1280x721uu2025-10-30-21-12-55-2244582.jpg\",\"datePublished\":\"2026-03-06T16:43:00+00:00\",\"author\":{\"@id\":\"https:\/\/portaltela.pt\/#\/schema\/person\/c4278d4a6028830caff9ee44b42d32ed\"},\"breadcrumb\":{\"@id\":\"https:\/\/portaltela.pt\/noticias\/2026\/03\/06\/ameaca-com-arma-de-fogo-para-cobrar-divida-de-droga-em-marco-de-canaveses\/#breadcrumb\"},\"inLanguage\":\"pt-PT\",\"potentialAction\":[{\"@type\":\"ReadAction\",\"target\":[\"https:\/\/portaltela.pt\/noticias\/2026\/03\/06\/ameaca-com-arma-de-fogo-para-cobrar-divida-de-droga-em-marco-de-canaveses\/\"]}]},{\"@type\":\"ImageObject\",\"inLanguage\":\"pt-PT\",\"@id\":\"https:\/\/portaltela.pt\/noticias\/2026\/03\/06\/ameaca-com-arma-de-fogo-para-cobrar-divida-de-droga-em-marco-de-canaveses\/#primaryimage\",\"url\":\"https:\/\/portaltela.pt\/s.01k8rhncp4jt1\/2026\/03\/img_1280x721uu2025-10-30-21-12-55-2244582.jpg\",\"contentUrl\":\"https:\/\/portaltela.pt\/s.01k8rhncp4jt1\/2026\/03\/img_1280x721uu2025-10-30-21-12-55-2244582.jpg\",\"width\":796,\"height\":448,\"caption\":\"Photo\"},{\"@type\":\"BreadcrumbList\",\"@id\":\"https:\/\/portaltela.pt\/noticias\/2026\/03\/06\/ameaca-com-arma-de-fogo-para-cobrar-divida-de-droga-em-marco-de-canaveses\/#breadcrumb\",\"itemListElement\":[{\"@type\":\"ListItem\",\"position\":1,\"name\":\"In\u00edcio\",\"item\":\"https:\/\/portaltela.pt\/\"},{\"@type\":\"ListItem\",\"position\":2,\"name\":\"Amea\u00e7a com arma de fogo para cobrar d\u00edvida de droga em Marco de Canaveses\"}]},{\"@type\":\"WebSite\",\"@id\":\"https:\/\/portaltela.pt\/#website\",\"url\":\"https:\/\/portaltela.pt\/\",\"name\":\"Portal Tela Portugal\",\"description\":\"\",\"potentialAction\":[{\"@type\":\"SearchAction\",\"target\":{\"@type\":\"EntryPoint\",\"urlTemplate\":\"https:\/\/portaltela.pt\/?s={search_term_string}\"},\"query-input\":{\"@type\":\"PropertyValueSpecification\",\"valueRequired\":true,\"valueName\":\"search_term_string\"}}],\"inLanguage\":\"pt-PT\"},{\"@type\":\"Person\",\"@id\":\"https:\/\/portaltela.pt\/#\/schema\/person\/c4278d4a6028830caff9ee44b42d32ed\",\"name\":\"Telinha\",\"image\":{\"@type\":\"ImageObject\",\"inLanguage\":\"pt-PT\",\"@id\":\"https:\/\/portaltela.pt\/s.01k8rhncp4jt1\/2025\/11\/talking-bot-125x125.png\",\"url\":\"https:\/\/portaltela.pt\/s.01k8rhncp4jt1\/2025\/11\/talking-bot-125x125.png\",\"contentUrl\":\"https:\/\/portaltela.pt\/s.01k8rhncp4jt1\/2025\/11\/talking-bot-125x125.png\",\"caption\":\"Telinha\"},\"sameAs\":[\"https:\/\/portaltela.pt\/\"],\"url\":\"https:\/\/portaltela.pt\/por\/367410592786\/\"}]}<\/script>\n<!-- \/ Yoast SEO plugin. -->","yoast_head_json":{"title":"Amea\u00e7a com arma de fogo para cobrar d\u00edvida de droga em Marco de Canaveses - Portal Tela Portugal","robots":{"index":"index","follow":"follow","max-snippet":"max-snippet:-1","max-image-preview":"max-image-preview:large","max-video-preview":"max-video-preview:-1"},"og_locale":"pt_PT","og_type":"article","og_title":"Amea\u00e7a com arma de fogo para cobrar d\u00edvida de droga em Marco de Canaveses - Portal Tela Portugal","og_description":"A Pol\u00edcia Judici\u00e1ria do Porto deteve um homem de 27 anos por roubo agravado, ofensas \u00e0 integridade f\u00edsica qualificada, extors\u00e3o agravada e deten\u00e7\u00e3o de arma proibida, relacionado com um caso de 15 de dezembro no Marco de Canaveses. O suspeito, juntamente com um c\u00famplice atualmente na cadeia, foi cobrar uma alegada d\u00edvida de droga com recurso a uma arma de fogo, em casa de um casal de 24 e 48 anos. Durante o ataque, foi furtado material avaliado em centenas de euros e o homem foi agredido para obter o dinheiro alegadamente devido, relacionado com tr\u00e1fico de estupefacientes. Antes de fugir, o suspeito detido disparou um tiro para o ar para refor\u00e7ar a intimida\u00e7\u00e3o. O detido tem antecedentes por crimes contra a liberdade e autodetermina\u00e7\u00e3o sexual (cumpriu pena na Su\u00ed\u00e7a) e ser\u00e1 apresentado a juiz; o outro suspeito permanece sujeito a medidas de coa\u00e7\u00e3o num processo por tr\u00e1fico de estupefacientes.","og_url":"https:\/\/portaltela.pt\/noticias\/2026\/03\/06\/ameaca-com-arma-de-fogo-para-cobrar-divida-de-droga-em-marco-de-canaveses\/","og_site_name":"Portal Tela Portugal","article_published_time":"2026-03-06T16:43:00+00:00","author":"Telinha","twitter_card":"summary_large_image","twitter_misc":{"Escrito por":"Telinha","Tempo estimado de leitura":"1 minuto"},"schema":{"@context":"https:\/\/schema.org","@graph":[{"@type":"Article","@id":"https:\/\/portaltela.pt\/noticias\/2026\/03\/06\/ameaca-com-arma-de-fogo-para-cobrar-divida-de-droga-em-marco-de-canaveses\/#article","isPartOf":{"@id":"https:\/\/portaltela.pt\/noticias\/2026\/03\/06\/ameaca-com-arma-de-fogo-para-cobrar-divida-de-droga-em-marco-de-canaveses\/"},"author":{"name":"Telinha","@id":"https:\/\/portaltela.pt\/#\/schema\/person\/c4278d4a6028830caff9ee44b42d32ed"},"headline":"Amea\u00e7a com arma de fogo para cobrar d\u00edvida de droga em Marco de Canaveses","datePublished":"2026-03-06T16:43:00+00:00","mainEntityOfPage":{"@id":"https:\/\/portaltela.pt\/noticias\/2026\/03\/06\/ameaca-com-arma-de-fogo-para-cobrar-divida-de-droga-em-marco-de-canaveses\/"},"wordCount":208,"image":{"@id":"https:\/\/portaltela.pt\/noticias\/2026\/03\/06\/ameaca-com-arma-de-fogo-para-cobrar-divida-de-droga-em-marco-de-canaveses\/#primaryimage"},"thumbnailUrl":"https:\/\/portaltela.pt\/s.01k8rhncp4jt1\/2026\/03\/img_1280x721uu2025-10-30-21-12-55-2244582.jpg","keywords":["arma de fogo","extors\u00e3o agravada","Porto","roubo","tr\u00e1fico de estupefacientes","Tribunais"],"articleSection":["Not\u00edcias","Pol\u00edtica"],"inLanguage":"pt-PT"},{"@type":"WebPage","@id":"https:\/\/portaltela.pt\/noticias\/2026\/03\/06\/ameaca-com-arma-de-fogo-para-cobrar-divida-de-droga-em-marco-de-canaveses\/","url":"https:\/\/portaltela.pt\/noticias\/2026\/03\/06\/ameaca-com-arma-de-fogo-para-cobrar-divida-de-droga-em-marco-de-canaveses\/","name":"Amea\u00e7a com arma de fogo para cobrar d\u00edvida de droga em Marco de Canaveses - Portal Tela Portugal","isPartOf":{"@id":"https:\/\/portaltela.pt\/#website"},"primaryImageOfPage":{"@id":"https:\/\/portaltela.pt\/noticias\/2026\/03\/06\/ameaca-com-arma-de-fogo-para-cobrar-divida-de-droga-em-marco-de-canaveses\/#primaryimage"},"image":{"@id":"https:\/\/portaltela.pt\/noticias\/2026\/03\/06\/ameaca-com-arma-de-fogo-para-cobrar-divida-de-droga-em-marco-de-canaveses\/#primaryimage"},"thumbnailUrl":"https:\/\/portaltela.pt\/s.01k8rhncp4jt1\/2026\/03\/img_1280x721uu2025-10-30-21-12-55-2244582.jpg","datePublished":"2026-03-06T16:43:00+00:00","author":{"@id":"https:\/\/portaltela.pt\/#\/schema\/person\/c4278d4a6028830caff9ee44b42d32ed"},"breadcrumb":{"@id":"https:\/\/portaltela.pt\/noticias\/2026\/03\/06\/ameaca-com-arma-de-fogo-para-cobrar-divida-de-droga-em-marco-de-canaveses\/#breadcrumb"},"inLanguage":"pt-PT","potentialAction":[{"@type":"ReadAction","target":["https:\/\/portaltela.pt\/noticias\/2026\/03\/06\/ameaca-com-arma-de-fogo-para-cobrar-divida-de-droga-em-marco-de-canaveses\/"]}]},{"@type":"ImageObject","inLanguage":"pt-PT","@id":"https:\/\/portaltela.pt\/noticias\/2026\/03\/06\/ameaca-com-arma-de-fogo-para-cobrar-divida-de-droga-em-marco-de-canaveses\/#primaryimage","url":"https:\/\/portaltela.pt\/s.01k8rhncp4jt1\/2026\/03\/img_1280x721uu2025-10-30-21-12-55-2244582.jpg","contentUrl":"https:\/\/portaltela.pt\/s.01k8rhncp4jt1\/2026\/03\/img_1280x721uu2025-10-30-21-12-55-2244582.jpg","width":796,"height":448,"caption":"Photo"},{"@type":"BreadcrumbList","@id":"https:\/\/portaltela.pt\/noticias\/2026\/03\/06\/ameaca-com-arma-de-fogo-para-cobrar-divida-de-droga-em-marco-de-canaveses\/#breadcrumb","itemListElement":[{"@type":"ListItem","position":1,"name":"In\u00edcio","item":"https:\/\/portaltela.pt\/"},{"@type":"ListItem","position":2,"name":"Amea\u00e7a com arma de fogo para cobrar d\u00edvida de droga em Marco de Canaveses"}]},{"@type":"WebSite","@id":"https:\/\/portaltela.pt\/#website","url":"https:\/\/portaltela.pt\/","name":"Portal Tela Portugal","description":"","potentialAction":[{"@type":"SearchAction","target":{"@type":"EntryPoint","urlTemplate":"https:\/\/portaltela.pt\/?s={search_term_string}"},"query-input":{"@type":"PropertyValueSpecification","valueRequired":true,"valueName":"search_term_string"}}],"inLanguage":"pt-PT"},{"@type":"Person","@id":"https:\/\/portaltela.pt\/#\/schema\/person\/c4278d4a6028830caff9ee44b42d32ed","name":"Telinha","image":{"@type":"ImageObject","inLanguage":"pt-PT","@id":"https:\/\/portaltela.pt\/s.01k8rhncp4jt1\/2025\/11\/talking-bot-125x125.png","url":"https:\/\/portaltela.pt\/s.01k8rhncp4jt1\/2025\/11\/talking-bot-125x125.png","contentUrl":"https:\/\/portaltela.pt\/s.01k8rhncp4jt1\/2025\/11\/talking-bot-125x125.png","caption":"Telinha"},"sameAs":["https:\/\/portaltela.pt\/"],"url":"https:\/\/portaltela.pt\/por\/367410592786\/"}]}},"_links":{"self":[{"href":"https:\/\/portaltela.pt\/api\/wp\/v2\/posts\/400408","targetHints":{"allow":["GET"]}}],"collection":[{"href":"https:\/\/portaltela.pt\/api\/wp\/v2\/posts"}],"about":[{"href":"https:\/\/portaltela.pt\/api\/wp\/v2\/types\/post"}],"author":[{"embeddable":true,"href":"https:\/\/portaltela.pt\/api\/wp\/v2\/users\/2"}],"replies":[{"embeddable":true,"href":"https:\/\/portaltela.pt\/api\/wp\/v2\/comments?post=400408"}],"version-history":[{"count":0,"href":"https:\/\/portaltela.pt\/api\/wp\/v2\/posts\/400408\/revisions"}],"wp:featuredmedia":[{"embeddable":true,"href":"https:\/\/portaltela.pt\/api\/wp\/v2\/media\/400417"}],"wp:attachment":[{"href":"https:\/\/portaltela.pt\/api\/wp\/v2\/media?parent=400408"}],"wp:term":[{"taxonomy":"category","embeddable":true,"href":"https:\/\/portaltela.pt\/api\/wp\/v2\/categories?post=400408"},{"taxonomy":"post_tag","embeddable":true,"href":"https:\/\/portaltela.pt\/api\/wp\/v2\/tags?post=400408"}],"curies":[{"name":"wp","href":"https:\/\/api.w.org\/{rel}","templated":true}]}}