{"id":400335,"date":"2026-03-06T12:25:00","date_gmt":"2026-03-06T15:25:00","guid":{"rendered":"https:\/\/portaltela.pt\/noticias\/2026\/03\/06\/quinze-distritos-sob-avisos-de-neve-vento-e-agitacao-maritima\/"},"modified":"2026-03-06T12:25:00","modified_gmt":"2026-03-06T15:25:00","slug":"quinze-distritos-sob-avisos-de-neve-vento-e-agitacao-maritima","status":"publish","type":"post","link":"https:\/\/portaltela.pt\/noticias\/internacional\/2026\/03\/06\/quinze-distritos-sob-avisos-de-neve-vento-e-agitacao-maritima\/","title":{"rendered":"Quinze distritos sob avisos de neve, vento e agita\u00e7\u00e3o mar\u00edtima"},"content":{"rendered":"<p>Quinze distritos de Portugal continental ficam, neste fim de semana, sob avisos do IPMA devido a neve, vento e agita\u00e7\u00e3o mar\u00edtima. O IPMA emitiu avisos laranja para v\u00e1rios distritos at\u00e9 ao final da tarde de hoje, com passagem a amarelo nalguns casos at\u00e9 amanh\u00e3. Em causa est\u00e1 a previs\u00e3o de queda de neve, vento forte e ondas altas.<\/p>\n<p>O aviso laranja abrange Guarda, Castelo Branco e outros distritos at\u00e9 \u00e0s 15h00 de hoje, face \u00e0 neve prevista. Da mesma forma, Bragan\u00e7a, Viseu, Porto, Vila Real, Viana do Castelo, Coimbra e Braga t\u00eam atendimento at\u00e9 ao fim da tarde devido \u00e0 queda de neve. O vento forte tamb\u00e9m justifica avisos nestes territ\u00f3rios.<\/p>\n<p>Para Lisboa e Leiria, o IPMA estabelece vento intenso na costa e serras, com rajadas de at\u00e9 90 km\/h, passando a amarelo entre hoje e amanh\u00e3. O vento forte tamb\u00e9m implica avisos amarelos no Porto, Faro, Set\u00fabal, Viana do Castelo, Beja, Aveiro, Coimbra e Braga at\u00e9 ao final do dia.<\/p>\n<h3>Avisos por tipo de fen\u00f3meno<\/h3>\n<p>O IPMA classifica o aviso laranja para situa\u00e7\u00e3o de risco moderado a elevado, enquanto o amarelo indica risco para atividades dependentes do tempo. Em rela\u00e7\u00e3o \u00e0 agita\u00e7\u00e3o mar\u00edtima, Faro, Lisboa, Leiria, Beja e Coimbra est\u00e3o laranja at\u00e9 \u00e0s 21h00, com ondas de noroeste entre cinco e seis metros, que podem chegar a 11 metros.<\/p>\n<h3>Detalhes por territ\u00f3rio<\/h3>\n<p>Os distritos do Porto, Set\u00fabal, Viana do Castelo, Aveiro e Braga recebem aviso amarelo at\u00e9 s\u00e1bado de manh\u00e3, com ondas previstas de quatro a cinco metros. A costa norte da Madeira e Porto Santo est\u00e1 amarela at\u00e9 meio-dia de hoje, com ondas de 4 a 4,5 metros.<\/p>\n<p>As autoridades alertam para medidas preventivas. A ANEPC recomenda evitar zonas junto a linhas de \u00e1gua, remover animais e bens de \u00e1reas vulner\u00e1veis e assegurar estruturas soltas. Tamb\u00e9m \u00e9 aconselh\u00e1vel cautela em \u00e1reas arborizadas devido \u00e0 possibilidade de queda de ramos.<\/p>\n","protected":false},"excerpt":{"rendered":"<ul>\n<li>O IPMA emitiu aviso laranja para a Guarda e Castelo Branco at\u00e9 \u00e0s 15h de hoje e para Bragan\u00e7a, Viseu, Porto, Vila Real, Viana do Castelo, Coimbra e Braga at\u00e9 \u00e0 tarde, devido \u00e0 queda de neve.<\/li>\n<li>Lisboa e Leiria ficam sob aviso laranja entre as 9h e as 15h de hoje pela previs\u00e3o de vento forte na costa e serras, com rajadas at\u00e9 90 quil\u00f3metros por hora; depois passam a amarelo at\u00e9 \u00e0s 9h de s\u00e1bado.<\/li>\n<li>O vento forte leva ainda aviso amarelo para Porto, Faro, Set\u00fabal, Viana do Castelo, Beja, Aveiro, Coimbra e Braga at\u00e9 ao final do dia de hoje.<\/li>\n<li>Por agita\u00e7\u00e3o mar\u00edtima forte, Faro, Lisboa, Leiria, Beja e Coimbra ficam com aviso laranja at\u00e9 \u00e0s 21h de hoje, passando depois a amarelo, com ondas de noroeste entre cinco e seis metros e at\u00e9 11 metros de altura m\u00e1xima.<\/li>\n<li>A costa norte da Madeira e o Porto Santo est\u00e3o em amarelo at\u00e9 \u00e0s 12h de hoje, com ondas de noroeste entre 4 e 4,5 metros.<\/li>\n<\/ul>\n","protected":false},"author":2,"featured_media":400336,"comment_status":"closed","ping_status":"closed","sticky":false,"template":"","format":"standard","meta":{"footnotes":""},"categories":[4,1],"tags":[183,5289,5241,5050,45,5022],"class_list":["post-400335","post","type-post","status-publish","format-standard","has-post-thumbnail","hentry","category-internacional","category-noticias","tag-agitacao-maritima","tag-alerta-amarelo","tag-alerta-laranja","tag-calamidades-publicas","tag-meio-ambiente","tag-portugal-continental"],"yoast_head":"<!-- This site is optimized with the Yoast SEO plugin v27.2 - https:\/\/yoast.com\/product\/yoast-seo-wordpress\/ -->\n<title>Quinze distritos sob avisos de neve, vento e agita\u00e7\u00e3o mar\u00edtima - Portal Tela Portugal<\/title>\n<meta name=\"robots\" content=\"index, follow, max-snippet:-1, max-image-preview:large, max-video-preview:-1\" \/>\n<meta property=\"og:locale\" content=\"pt_PT\" \/>\n<meta property=\"og:type\" content=\"article\" \/>\n<meta property=\"og:title\" content=\"Quinze distritos sob avisos de neve, vento e agita\u00e7\u00e3o mar\u00edtima - Portal Tela Portugal\" \/>\n<meta property=\"og:description\" content=\"O IPMA emitiu aviso laranja para a Guarda e Castelo Branco at\u00e9 \u00e0s 15h de hoje e para Bragan\u00e7a, Viseu, Porto, Vila Real, Viana do Castelo, Coimbra e Braga at\u00e9 \u00e0 tarde, devido \u00e0 queda de neve. Lisboa e Leiria ficam sob aviso laranja entre as 9h e as 15h de hoje pela previs\u00e3o de vento forte na costa e serras, com rajadas at\u00e9 90 quil\u00f3metros por hora; depois passam a amarelo at\u00e9 \u00e0s 9h de s\u00e1bado. O vento forte leva ainda aviso amarelo para Porto, Faro, Set\u00fabal, Viana do Castelo, Beja, Aveiro, Coimbra e Braga at\u00e9 ao final do dia de hoje. Por agita\u00e7\u00e3o mar\u00edtima forte, Faro, Lisboa, Leiria, Beja e Coimbra ficam com aviso laranja at\u00e9 \u00e0s 21h de hoje, passando depois a amarelo, com ondas de noroeste entre cinco e seis metros e at\u00e9 11 metros de altura m\u00e1xima. A costa norte da Madeira e o Porto Santo est\u00e3o em amarelo at\u00e9 \u00e0s 12h de hoje, com ondas de noroeste entre 4 e 4,5 metros.\" \/>\n<meta property=\"og:url\" content=\"https:\/\/portaltela.pt\/noticias\/2026\/03\/06\/quinze-distritos-sob-avisos-de-neve-vento-e-agitacao-maritima\/\" \/>\n<meta property=\"og:site_name\" content=\"Portal Tela Portugal\" \/>\n<meta property=\"article:published_time\" content=\"2026-03-06T15:25:00+00:00\" \/>\n<meta name=\"author\" content=\"Telinha\" \/>\n<meta name=\"twitter:card\" content=\"summary_large_image\" \/>\n<meta name=\"twitter:label1\" content=\"Escrito por\" \/>\n\t<meta name=\"twitter:data1\" content=\"Telinha\" \/>\n\t<meta name=\"twitter:label2\" content=\"Tempo estimado de leitura\" \/>\n\t<meta name=\"twitter:data2\" content=\"2 minutos\" \/>\n<script type=\"application\/ld+json\" class=\"yoast-schema-graph\">{\"@context\":\"https:\/\/schema.org\",\"@graph\":[{\"@type\":\"Article\",\"@id\":\"https:\/\/portaltela.pt\/noticias\/2026\/03\/06\/quinze-distritos-sob-avisos-de-neve-vento-e-agitacao-maritima\/#article\",\"isPartOf\":{\"@id\":\"https:\/\/portaltela.pt\/noticias\/2026\/03\/06\/quinze-distritos-sob-avisos-de-neve-vento-e-agitacao-maritima\/\"},\"author\":{\"name\":\"Telinha\",\"@id\":\"https:\/\/portaltela.pt\/#\/schema\/person\/c4278d4a6028830caff9ee44b42d32ed\"},\"headline\":\"Quinze distritos sob avisos de neve, vento e agita\u00e7\u00e3o mar\u00edtima\",\"datePublished\":\"2026-03-06T15:25:00+00:00\",\"mainEntityOfPage\":{\"@id\":\"https:\/\/portaltela.pt\/noticias\/2026\/03\/06\/quinze-distritos-sob-avisos-de-neve-vento-e-agitacao-maritima\/\"},\"wordCount\":337,\"image\":{\"@id\":\"https:\/\/portaltela.pt\/noticias\/2026\/03\/06\/quinze-distritos-sob-avisos-de-neve-vento-e-agitacao-maritima\/#primaryimage\"},\"thumbnailUrl\":\"https:\/\/portaltela.pt\/s.01k8rhncp4jt1\/2026\/03\/2072267.jpg\",\"keywords\":[\"agita\u00e7\u00e3o mar\u00edtima\",\"alerta amarelo\",\"alerta laranja\",\"calamidades p\u00fablicas\",\"meio-ambiente\",\"Portugal Continental\"],\"articleSection\":[\"Internacional\",\"Not\u00edcias\"],\"inLanguage\":\"pt-PT\"},{\"@type\":\"WebPage\",\"@id\":\"https:\/\/portaltela.pt\/noticias\/2026\/03\/06\/quinze-distritos-sob-avisos-de-neve-vento-e-agitacao-maritima\/\",\"url\":\"https:\/\/portaltela.pt\/noticias\/2026\/03\/06\/quinze-distritos-sob-avisos-de-neve-vento-e-agitacao-maritima\/\",\"name\":\"Quinze distritos sob avisos de neve, vento e agita\u00e7\u00e3o mar\u00edtima - Portal Tela Portugal\",\"isPartOf\":{\"@id\":\"https:\/\/portaltela.pt\/#website\"},\"primaryImageOfPage\":{\"@id\":\"https:\/\/portaltela.pt\/noticias\/2026\/03\/06\/quinze-distritos-sob-avisos-de-neve-vento-e-agitacao-maritima\/#primaryimage\"},\"image\":{\"@id\":\"https:\/\/portaltela.pt\/noticias\/2026\/03\/06\/quinze-distritos-sob-avisos-de-neve-vento-e-agitacao-maritima\/#primaryimage\"},\"thumbnailUrl\":\"https:\/\/portaltela.pt\/s.01k8rhncp4jt1\/2026\/03\/2072267.jpg\",\"datePublished\":\"2026-03-06T15:25:00+00:00\",\"author\":{\"@id\":\"https:\/\/portaltela.pt\/#\/schema\/person\/c4278d4a6028830caff9ee44b42d32ed\"},\"breadcrumb\":{\"@id\":\"https:\/\/portaltela.pt\/noticias\/2026\/03\/06\/quinze-distritos-sob-avisos-de-neve-vento-e-agitacao-maritima\/#breadcrumb\"},\"inLanguage\":\"pt-PT\",\"potentialAction\":[{\"@type\":\"ReadAction\",\"target\":[\"https:\/\/portaltela.pt\/noticias\/2026\/03\/06\/quinze-distritos-sob-avisos-de-neve-vento-e-agitacao-maritima\/\"]}]},{\"@type\":\"ImageObject\",\"inLanguage\":\"pt-PT\",\"@id\":\"https:\/\/portaltela.pt\/noticias\/2026\/03\/06\/quinze-distritos-sob-avisos-de-neve-vento-e-agitacao-maritima\/#primaryimage\",\"url\":\"https:\/\/portaltela.pt\/s.01k8rhncp4jt1\/2026\/03\/2072267.jpg\",\"contentUrl\":\"https:\/\/portaltela.pt\/s.01k8rhncp4jt1\/2026\/03\/2072267.jpg\",\"width\":796,\"height\":448,\"caption\":\"H\u00e1 um alerta para agita\u00e7\u00e3o mar\u00edtima forte at\u00e9 \u00e0s 21h00 desta sexta-feira, passando depois a amarelo, prevendo-se ondas de noroeste com cinco a seis metros, podendo atingir 11 metros de altura m\u00e1xima\"},{\"@type\":\"BreadcrumbList\",\"@id\":\"https:\/\/portaltela.pt\/noticias\/2026\/03\/06\/quinze-distritos-sob-avisos-de-neve-vento-e-agitacao-maritima\/#breadcrumb\",\"itemListElement\":[{\"@type\":\"ListItem\",\"position\":1,\"name\":\"In\u00edcio\",\"item\":\"https:\/\/portaltela.pt\/\"},{\"@type\":\"ListItem\",\"position\":2,\"name\":\"Quinze distritos sob avisos de neve, vento e agita\u00e7\u00e3o mar\u00edtima\"}]},{\"@type\":\"WebSite\",\"@id\":\"https:\/\/portaltela.pt\/#website\",\"url\":\"https:\/\/portaltela.pt\/\",\"name\":\"Portal Tela Portugal\",\"description\":\"\",\"potentialAction\":[{\"@type\":\"SearchAction\",\"target\":{\"@type\":\"EntryPoint\",\"urlTemplate\":\"https:\/\/portaltela.pt\/?s={search_term_string}\"},\"query-input\":{\"@type\":\"PropertyValueSpecification\",\"valueRequired\":true,\"valueName\":\"search_term_string\"}}],\"inLanguage\":\"pt-PT\"},{\"@type\":\"Person\",\"@id\":\"https:\/\/portaltela.pt\/#\/schema\/person\/c4278d4a6028830caff9ee44b42d32ed\",\"name\":\"Telinha\",\"image\":{\"@type\":\"ImageObject\",\"inLanguage\":\"pt-PT\",\"@id\":\"https:\/\/portaltela.pt\/s.01k8rhncp4jt1\/2025\/11\/talking-bot-125x125.png\",\"url\":\"https:\/\/portaltela.pt\/s.01k8rhncp4jt1\/2025\/11\/talking-bot-125x125.png\",\"contentUrl\":\"https:\/\/portaltela.pt\/s.01k8rhncp4jt1\/2025\/11\/talking-bot-125x125.png\",\"caption\":\"Telinha\"},\"sameAs\":[\"https:\/\/portaltela.pt\/\"],\"url\":\"https:\/\/portaltela.pt\/por\/367410592786\/\"}]}<\/script>\n<!-- \/ Yoast SEO plugin. -->","yoast_head_json":{"title":"Quinze distritos sob avisos de neve, vento e agita\u00e7\u00e3o mar\u00edtima - Portal Tela Portugal","robots":{"index":"index","follow":"follow","max-snippet":"max-snippet:-1","max-image-preview":"max-image-preview:large","max-video-preview":"max-video-preview:-1"},"og_locale":"pt_PT","og_type":"article","og_title":"Quinze distritos sob avisos de neve, vento e agita\u00e7\u00e3o mar\u00edtima - Portal Tela Portugal","og_description":"O IPMA emitiu aviso laranja para a Guarda e Castelo Branco at\u00e9 \u00e0s 15h de hoje e para Bragan\u00e7a, Viseu, Porto, Vila Real, Viana do Castelo, Coimbra e Braga at\u00e9 \u00e0 tarde, devido \u00e0 queda de neve. Lisboa e Leiria ficam sob aviso laranja entre as 9h e as 15h de hoje pela previs\u00e3o de vento forte na costa e serras, com rajadas at\u00e9 90 quil\u00f3metros por hora; depois passam a amarelo at\u00e9 \u00e0s 9h de s\u00e1bado. O vento forte leva ainda aviso amarelo para Porto, Faro, Set\u00fabal, Viana do Castelo, Beja, Aveiro, Coimbra e Braga at\u00e9 ao final do dia de hoje. Por agita\u00e7\u00e3o mar\u00edtima forte, Faro, Lisboa, Leiria, Beja e Coimbra ficam com aviso laranja at\u00e9 \u00e0s 21h de hoje, passando depois a amarelo, com ondas de noroeste entre cinco e seis metros e at\u00e9 11 metros de altura m\u00e1xima. A costa norte da Madeira e o Porto Santo est\u00e3o em amarelo at\u00e9 \u00e0s 12h de hoje, com ondas de noroeste entre 4 e 4,5 metros.","og_url":"https:\/\/portaltela.pt\/noticias\/2026\/03\/06\/quinze-distritos-sob-avisos-de-neve-vento-e-agitacao-maritima\/","og_site_name":"Portal Tela Portugal","article_published_time":"2026-03-06T15:25:00+00:00","author":"Telinha","twitter_card":"summary_large_image","twitter_misc":{"Escrito por":"Telinha","Tempo estimado de leitura":"2 minutos"},"schema":{"@context":"https:\/\/schema.org","@graph":[{"@type":"Article","@id":"https:\/\/portaltela.pt\/noticias\/2026\/03\/06\/quinze-distritos-sob-avisos-de-neve-vento-e-agitacao-maritima\/#article","isPartOf":{"@id":"https:\/\/portaltela.pt\/noticias\/2026\/03\/06\/quinze-distritos-sob-avisos-de-neve-vento-e-agitacao-maritima\/"},"author":{"name":"Telinha","@id":"https:\/\/portaltela.pt\/#\/schema\/person\/c4278d4a6028830caff9ee44b42d32ed"},"headline":"Quinze distritos sob avisos de neve, vento e agita\u00e7\u00e3o mar\u00edtima","datePublished":"2026-03-06T15:25:00+00:00","mainEntityOfPage":{"@id":"https:\/\/portaltela.pt\/noticias\/2026\/03\/06\/quinze-distritos-sob-avisos-de-neve-vento-e-agitacao-maritima\/"},"wordCount":337,"image":{"@id":"https:\/\/portaltela.pt\/noticias\/2026\/03\/06\/quinze-distritos-sob-avisos-de-neve-vento-e-agitacao-maritima\/#primaryimage"},"thumbnailUrl":"https:\/\/portaltela.pt\/s.01k8rhncp4jt1\/2026\/03\/2072267.jpg","keywords":["agita\u00e7\u00e3o mar\u00edtima","alerta amarelo","alerta laranja","calamidades p\u00fablicas","meio-ambiente","Portugal Continental"],"articleSection":["Internacional","Not\u00edcias"],"inLanguage":"pt-PT"},{"@type":"WebPage","@id":"https:\/\/portaltela.pt\/noticias\/2026\/03\/06\/quinze-distritos-sob-avisos-de-neve-vento-e-agitacao-maritima\/","url":"https:\/\/portaltela.pt\/noticias\/2026\/03\/06\/quinze-distritos-sob-avisos-de-neve-vento-e-agitacao-maritima\/","name":"Quinze distritos sob avisos de neve, vento e agita\u00e7\u00e3o mar\u00edtima - Portal Tela Portugal","isPartOf":{"@id":"https:\/\/portaltela.pt\/#website"},"primaryImageOfPage":{"@id":"https:\/\/portaltela.pt\/noticias\/2026\/03\/06\/quinze-distritos-sob-avisos-de-neve-vento-e-agitacao-maritima\/#primaryimage"},"image":{"@id":"https:\/\/portaltela.pt\/noticias\/2026\/03\/06\/quinze-distritos-sob-avisos-de-neve-vento-e-agitacao-maritima\/#primaryimage"},"thumbnailUrl":"https:\/\/portaltela.pt\/s.01k8rhncp4jt1\/2026\/03\/2072267.jpg","datePublished":"2026-03-06T15:25:00+00:00","author":{"@id":"https:\/\/portaltela.pt\/#\/schema\/person\/c4278d4a6028830caff9ee44b42d32ed"},"breadcrumb":{"@id":"https:\/\/portaltela.pt\/noticias\/2026\/03\/06\/quinze-distritos-sob-avisos-de-neve-vento-e-agitacao-maritima\/#breadcrumb"},"inLanguage":"pt-PT","potentialAction":[{"@type":"ReadAction","target":["https:\/\/portaltela.pt\/noticias\/2026\/03\/06\/quinze-distritos-sob-avisos-de-neve-vento-e-agitacao-maritima\/"]}]},{"@type":"ImageObject","inLanguage":"pt-PT","@id":"https:\/\/portaltela.pt\/noticias\/2026\/03\/06\/quinze-distritos-sob-avisos-de-neve-vento-e-agitacao-maritima\/#primaryimage","url":"https:\/\/portaltela.pt\/s.01k8rhncp4jt1\/2026\/03\/2072267.jpg","contentUrl":"https:\/\/portaltela.pt\/s.01k8rhncp4jt1\/2026\/03\/2072267.jpg","width":796,"height":448,"caption":"H\u00e1 um alerta para agita\u00e7\u00e3o mar\u00edtima forte at\u00e9 \u00e0s 21h00 desta sexta-feira, passando depois a amarelo, prevendo-se ondas de noroeste com cinco a seis metros, podendo atingir 11 metros de altura m\u00e1xima"},{"@type":"BreadcrumbList","@id":"https:\/\/portaltela.pt\/noticias\/2026\/03\/06\/quinze-distritos-sob-avisos-de-neve-vento-e-agitacao-maritima\/#breadcrumb","itemListElement":[{"@type":"ListItem","position":1,"name":"In\u00edcio","item":"https:\/\/portaltela.pt\/"},{"@type":"ListItem","position":2,"name":"Quinze distritos sob avisos de neve, vento e agita\u00e7\u00e3o mar\u00edtima"}]},{"@type":"WebSite","@id":"https:\/\/portaltela.pt\/#website","url":"https:\/\/portaltela.pt\/","name":"Portal Tela Portugal","description":"","potentialAction":[{"@type":"SearchAction","target":{"@type":"EntryPoint","urlTemplate":"https:\/\/portaltela.pt\/?s={search_term_string}"},"query-input":{"@type":"PropertyValueSpecification","valueRequired":true,"valueName":"search_term_string"}}],"inLanguage":"pt-PT"},{"@type":"Person","@id":"https:\/\/portaltela.pt\/#\/schema\/person\/c4278d4a6028830caff9ee44b42d32ed","name":"Telinha","image":{"@type":"ImageObject","inLanguage":"pt-PT","@id":"https:\/\/portaltela.pt\/s.01k8rhncp4jt1\/2025\/11\/talking-bot-125x125.png","url":"https:\/\/portaltela.pt\/s.01k8rhncp4jt1\/2025\/11\/talking-bot-125x125.png","contentUrl":"https:\/\/portaltela.pt\/s.01k8rhncp4jt1\/2025\/11\/talking-bot-125x125.png","caption":"Telinha"},"sameAs":["https:\/\/portaltela.pt\/"],"url":"https:\/\/portaltela.pt\/por\/367410592786\/"}]}},"_links":{"self":[{"href":"https:\/\/portaltela.pt\/api\/wp\/v2\/posts\/400335","targetHints":{"allow":["GET"]}}],"collection":[{"href":"https:\/\/portaltela.pt\/api\/wp\/v2\/posts"}],"about":[{"href":"https:\/\/portaltela.pt\/api\/wp\/v2\/types\/post"}],"author":[{"embeddable":true,"href":"https:\/\/portaltela.pt\/api\/wp\/v2\/users\/2"}],"replies":[{"embeddable":true,"href":"https:\/\/portaltela.pt\/api\/wp\/v2\/comments?post=400335"}],"version-history":[{"count":0,"href":"https:\/\/portaltela.pt\/api\/wp\/v2\/posts\/400335\/revisions"}],"wp:featuredmedia":[{"embeddable":true,"href":"https:\/\/portaltela.pt\/api\/wp\/v2\/media\/400336"}],"wp:attachment":[{"href":"https:\/\/portaltela.pt\/api\/wp\/v2\/media?parent=400335"}],"wp:term":[{"taxonomy":"category","embeddable":true,"href":"https:\/\/portaltela.pt\/api\/wp\/v2\/categories?post=400335"},{"taxonomy":"post_tag","embeddable":true,"href":"https:\/\/portaltela.pt\/api\/wp\/v2\/tags?post=400335"}],"curies":[{"name":"wp","href":"https:\/\/api.w.org\/{rel}","templated":true}]}}