{"id":400329,"date":"2026-03-06T12:36:04","date_gmt":"2026-03-06T15:36:04","guid":{"rendered":"https:\/\/portaltela.pt\/noticias\/2026\/03\/06\/detido-septuagenario-suspeito-de-atear-fogo-a-casa-em-ovar\/"},"modified":"2026-03-06T12:36:04","modified_gmt":"2026-03-06T15:36:04","slug":"detido-septuagenario-suspeito-de-atear-fogo-a-casa-em-ovar","status":"publish","type":"post","link":"https:\/\/portaltela.pt\/noticias\/politica\/2026\/03\/06\/detido-septuagenario-suspeito-de-atear-fogo-a-casa-em-ovar\/","title":{"rendered":"Detido septuagen\u00e1rio suspeito de atear fogo a casa em Ovar"},"content":{"rendered":"<p>A Pol\u00edcia Judici\u00e1ria (PJ) de Aveiro deteve um homem de 72 anos suspeito de atear fogo numa casa arrendada em Esmoriz, Ovar. A deten\u00e7\u00e3o ocorreu com a colabora\u00e7\u00e3o da GNR, e o incidente aconteceu ao in\u00edcio da manh\u00e3 de quarta-feira. O arguido est\u00e1 fortemente indiciado pela pr\u00e1tica de inc\u00eandio.<\/p>\n<p>O suspeito ter\u00e1 utilizado combust\u00edvel adquirido previamente como acelerante para atear fogo a v\u00e1rios objetos na habita\u00e7\u00e3o, com a pretens\u00e3o de destruir a casa e tudo o que possu\u00eda. A PJ acrescenta que o homem agiu num contexto de perturba\u00e7\u00e3o ps\u00edquica e de conflitos de vizinhan\u00e7a, relacionados com um diferendo com os senhorios.<\/p>\n<p>A habita\u00e7\u00e3o incendiada \u00e9 anexa a uma moradia principal, onde residem os propriet\u00e1rios de ambos os im\u00f3veis, que detectaram rapidamente as chamas, permitindo o combate e a extin\u00e7\u00e3o em fase muito precoce. O detido ser\u00e1 apresentado \u00e0s autoridades judici\u00e1rias da comarca de Aveiro para aplica\u00e7\u00e3o das medidas de coa\u00e7\u00e3o cab\u00edveis.<\/p>\n","protected":false},"excerpt":{"rendered":"<ul>\n<li>A Pol\u00edcia Judici\u00e1ria de Aveiro deteve um homem de 72 anos suspeito de atear fogo a uma casa arrendada em Esmoriz, Ovar, na manh\u00e3 de quarta-feira.<\/li>\n<li>A deten\u00e7\u00e3o ocorreu com a colabora\u00e7\u00e3o da Guarda Nacional Republicana e o suspeito est\u00e1 fortemente indiciado pelo crime de inc\u00eandio.<\/li>\n<li>O arguido usou combust\u00edvel adquirido previamente como acelerante e ateou fogo a v\u00e1rios objetos da habita\u00e7\u00e3o, tentando destru\u00ed-la e tudo o que possu\u00eda.<\/li>\n<li>A PJ refere que o caso decorre num quadro de perturba\u00e7\u00e3o ps\u00edquica e de rela\u00e7\u00f5es de m\u00e1 vizinhan\u00e7a, com base num diferendo com os senhorios; a habita\u00e7\u00e3o \u00e9 anexada a outra casa onde residem os propriet\u00e1rios, que detectaram as chamas.<\/li>\n<li>O detido ser\u00e1 apresentado \u00e0s autoridades judici\u00e1rias da comarca de Aveiro para aplica\u00e7\u00e3o das medidas de coa\u00e7\u00e3o adequadas.<\/li>\n<\/ul>\n","protected":false},"author":2,"featured_media":400334,"comment_status":"closed","ping_status":"closed","sticky":false,"template":"","format":"standard","meta":{"footnotes":""},"categories":[1,5],"tags":[1059,5695,1380,1438,3210,4313],"class_list":["post-400329","post","type-post","status-publish","format-standard","has-post-thumbnail","hentry","category-noticias","category-politica","tag-aveiro","tag-esmoriz","tag-gnr","tag-incendio","tag-ovar","tag-pj"],"yoast_head":"<!-- This site is optimized with the Yoast SEO plugin v27.2 - https:\/\/yoast.com\/product\/yoast-seo-wordpress\/ -->\n<title>Detido septuagen\u00e1rio suspeito de atear fogo a casa em Ovar - Portal Tela Portugal<\/title>\n<meta name=\"robots\" content=\"index, follow, max-snippet:-1, max-image-preview:large, max-video-preview:-1\" \/>\n<meta property=\"og:locale\" content=\"pt_PT\" \/>\n<meta property=\"og:type\" content=\"article\" \/>\n<meta property=\"og:title\" content=\"Detido septuagen\u00e1rio suspeito de atear fogo a casa em Ovar - Portal Tela Portugal\" \/>\n<meta property=\"og:description\" content=\"A Pol\u00edcia Judici\u00e1ria de Aveiro deteve um homem de 72 anos suspeito de atear fogo a uma casa arrendada em Esmoriz, Ovar, na manh\u00e3 de quarta-feira. A deten\u00e7\u00e3o ocorreu com a colabora\u00e7\u00e3o da Guarda Nacional Republicana e o suspeito est\u00e1 fortemente indiciado pelo crime de inc\u00eandio. O arguido usou combust\u00edvel adquirido previamente como acelerante e ateou fogo a v\u00e1rios objetos da habita\u00e7\u00e3o, tentando destru\u00ed-la e tudo o que possu\u00eda. A PJ refere que o caso decorre num quadro de perturba\u00e7\u00e3o ps\u00edquica e de rela\u00e7\u00f5es de m\u00e1 vizinhan\u00e7a, com base num diferendo com os senhorios; a habita\u00e7\u00e3o \u00e9 anexada a outra casa onde residem os propriet\u00e1rios, que detectaram as chamas. O detido ser\u00e1 apresentado \u00e0s autoridades judici\u00e1rias da comarca de Aveiro para aplica\u00e7\u00e3o das medidas de coa\u00e7\u00e3o adequadas.\" \/>\n<meta property=\"og:url\" content=\"https:\/\/portaltela.pt\/noticias\/2026\/03\/06\/detido-septuagenario-suspeito-de-atear-fogo-a-casa-em-ovar\/\" \/>\n<meta property=\"og:site_name\" content=\"Portal Tela Portugal\" \/>\n<meta property=\"article:published_time\" content=\"2026-03-06T15:36:04+00:00\" \/>\n<meta name=\"author\" content=\"Telinha\" \/>\n<meta name=\"twitter:card\" content=\"summary_large_image\" \/>\n<meta name=\"twitter:label1\" content=\"Escrito por\" \/>\n\t<meta name=\"twitter:data1\" content=\"Telinha\" \/>\n\t<meta name=\"twitter:label2\" content=\"Tempo estimado de leitura\" \/>\n\t<meta name=\"twitter:data2\" content=\"1 minuto\" \/>\n<script type=\"application\/ld+json\" class=\"yoast-schema-graph\">{\"@context\":\"https:\/\/schema.org\",\"@graph\":[{\"@type\":\"Article\",\"@id\":\"https:\/\/portaltela.pt\/noticias\/2026\/03\/06\/detido-septuagenario-suspeito-de-atear-fogo-a-casa-em-ovar\/#article\",\"isPartOf\":{\"@id\":\"https:\/\/portaltela.pt\/noticias\/2026\/03\/06\/detido-septuagenario-suspeito-de-atear-fogo-a-casa-em-ovar\/\"},\"author\":{\"name\":\"Telinha\",\"@id\":\"https:\/\/portaltela.pt\/#\/schema\/person\/c4278d4a6028830caff9ee44b42d32ed\"},\"headline\":\"Detido septuagen\u00e1rio suspeito de atear fogo a casa em Ovar\",\"datePublished\":\"2026-03-06T15:36:04+00:00\",\"mainEntityOfPage\":{\"@id\":\"https:\/\/portaltela.pt\/noticias\/2026\/03\/06\/detido-septuagenario-suspeito-de-atear-fogo-a-casa-em-ovar\/\"},\"wordCount\":184,\"image\":{\"@id\":\"https:\/\/portaltela.pt\/noticias\/2026\/03\/06\/detido-septuagenario-suspeito-de-atear-fogo-a-casa-em-ovar\/#primaryimage\"},\"thumbnailUrl\":\"https:\/\/portaltela.pt\/s.01k8rhncp4jt1\/2026\/03\/img_1500x1000uu2023-11-12-09-23-00-1490931.jpg\",\"keywords\":[\"Aveiro\",\"Esmoriz\",\"GNR\",\"inc\u00eandio\",\"Ovar\",\"PJ\"],\"articleSection\":[\"Not\u00edcias\",\"Pol\u00edtica\"],\"inLanguage\":\"pt-PT\"},{\"@type\":\"WebPage\",\"@id\":\"https:\/\/portaltela.pt\/noticias\/2026\/03\/06\/detido-septuagenario-suspeito-de-atear-fogo-a-casa-em-ovar\/\",\"url\":\"https:\/\/portaltela.pt\/noticias\/2026\/03\/06\/detido-septuagenario-suspeito-de-atear-fogo-a-casa-em-ovar\/\",\"name\":\"Detido septuagen\u00e1rio suspeito de atear fogo a casa em Ovar - Portal Tela Portugal\",\"isPartOf\":{\"@id\":\"https:\/\/portaltela.pt\/#website\"},\"primaryImageOfPage\":{\"@id\":\"https:\/\/portaltela.pt\/noticias\/2026\/03\/06\/detido-septuagenario-suspeito-de-atear-fogo-a-casa-em-ovar\/#primaryimage\"},\"image\":{\"@id\":\"https:\/\/portaltela.pt\/noticias\/2026\/03\/06\/detido-septuagenario-suspeito-de-atear-fogo-a-casa-em-ovar\/#primaryimage\"},\"thumbnailUrl\":\"https:\/\/portaltela.pt\/s.01k8rhncp4jt1\/2026\/03\/img_1500x1000uu2023-11-12-09-23-00-1490931.jpg\",\"datePublished\":\"2026-03-06T15:36:04+00:00\",\"author\":{\"@id\":\"https:\/\/portaltela.pt\/#\/schema\/person\/c4278d4a6028830caff9ee44b42d32ed\"},\"breadcrumb\":{\"@id\":\"https:\/\/portaltela.pt\/noticias\/2026\/03\/06\/detido-septuagenario-suspeito-de-atear-fogo-a-casa-em-ovar\/#breadcrumb\"},\"inLanguage\":\"pt-PT\",\"potentialAction\":[{\"@type\":\"ReadAction\",\"target\":[\"https:\/\/portaltela.pt\/noticias\/2026\/03\/06\/detido-septuagenario-suspeito-de-atear-fogo-a-casa-em-ovar\/\"]}]},{\"@type\":\"ImageObject\",\"inLanguage\":\"pt-PT\",\"@id\":\"https:\/\/portaltela.pt\/noticias\/2026\/03\/06\/detido-septuagenario-suspeito-de-atear-fogo-a-casa-em-ovar\/#primaryimage\",\"url\":\"https:\/\/portaltela.pt\/s.01k8rhncp4jt1\/2026\/03\/img_1500x1000uu2023-11-12-09-23-00-1490931.jpg\",\"contentUrl\":\"https:\/\/portaltela.pt\/s.01k8rhncp4jt1\/2026\/03\/img_1500x1000uu2023-11-12-09-23-00-1490931.jpg\",\"width\":1500,\"height\":1000,\"caption\":\"Pol\u00edcia Judici\u00e1ria\"},{\"@type\":\"BreadcrumbList\",\"@id\":\"https:\/\/portaltela.pt\/noticias\/2026\/03\/06\/detido-septuagenario-suspeito-de-atear-fogo-a-casa-em-ovar\/#breadcrumb\",\"itemListElement\":[{\"@type\":\"ListItem\",\"position\":1,\"name\":\"In\u00edcio\",\"item\":\"https:\/\/portaltela.pt\/\"},{\"@type\":\"ListItem\",\"position\":2,\"name\":\"Detido septuagen\u00e1rio suspeito de atear fogo a casa em Ovar\"}]},{\"@type\":\"WebSite\",\"@id\":\"https:\/\/portaltela.pt\/#website\",\"url\":\"https:\/\/portaltela.pt\/\",\"name\":\"Portal Tela Portugal\",\"description\":\"\",\"potentialAction\":[{\"@type\":\"SearchAction\",\"target\":{\"@type\":\"EntryPoint\",\"urlTemplate\":\"https:\/\/portaltela.pt\/?s={search_term_string}\"},\"query-input\":{\"@type\":\"PropertyValueSpecification\",\"valueRequired\":true,\"valueName\":\"search_term_string\"}}],\"inLanguage\":\"pt-PT\"},{\"@type\":\"Person\",\"@id\":\"https:\/\/portaltela.pt\/#\/schema\/person\/c4278d4a6028830caff9ee44b42d32ed\",\"name\":\"Telinha\",\"image\":{\"@type\":\"ImageObject\",\"inLanguage\":\"pt-PT\",\"@id\":\"https:\/\/portaltela.pt\/s.01k8rhncp4jt1\/2025\/11\/talking-bot-125x125.png\",\"url\":\"https:\/\/portaltela.pt\/s.01k8rhncp4jt1\/2025\/11\/talking-bot-125x125.png\",\"contentUrl\":\"https:\/\/portaltela.pt\/s.01k8rhncp4jt1\/2025\/11\/talking-bot-125x125.png\",\"caption\":\"Telinha\"},\"sameAs\":[\"https:\/\/portaltela.pt\/\"],\"url\":\"https:\/\/portaltela.pt\/por\/367410592786\/\"}]}<\/script>\n<!-- \/ Yoast SEO plugin. -->","yoast_head_json":{"title":"Detido septuagen\u00e1rio suspeito de atear fogo a casa em Ovar - Portal Tela Portugal","robots":{"index":"index","follow":"follow","max-snippet":"max-snippet:-1","max-image-preview":"max-image-preview:large","max-video-preview":"max-video-preview:-1"},"og_locale":"pt_PT","og_type":"article","og_title":"Detido septuagen\u00e1rio suspeito de atear fogo a casa em Ovar - Portal Tela Portugal","og_description":"A Pol\u00edcia Judici\u00e1ria de Aveiro deteve um homem de 72 anos suspeito de atear fogo a uma casa arrendada em Esmoriz, Ovar, na manh\u00e3 de quarta-feira. A deten\u00e7\u00e3o ocorreu com a colabora\u00e7\u00e3o da Guarda Nacional Republicana e o suspeito est\u00e1 fortemente indiciado pelo crime de inc\u00eandio. O arguido usou combust\u00edvel adquirido previamente como acelerante e ateou fogo a v\u00e1rios objetos da habita\u00e7\u00e3o, tentando destru\u00ed-la e tudo o que possu\u00eda. A PJ refere que o caso decorre num quadro de perturba\u00e7\u00e3o ps\u00edquica e de rela\u00e7\u00f5es de m\u00e1 vizinhan\u00e7a, com base num diferendo com os senhorios; a habita\u00e7\u00e3o \u00e9 anexada a outra casa onde residem os propriet\u00e1rios, que detectaram as chamas. O detido ser\u00e1 apresentado \u00e0s autoridades judici\u00e1rias da comarca de Aveiro para aplica\u00e7\u00e3o das medidas de coa\u00e7\u00e3o adequadas.","og_url":"https:\/\/portaltela.pt\/noticias\/2026\/03\/06\/detido-septuagenario-suspeito-de-atear-fogo-a-casa-em-ovar\/","og_site_name":"Portal Tela Portugal","article_published_time":"2026-03-06T15:36:04+00:00","author":"Telinha","twitter_card":"summary_large_image","twitter_misc":{"Escrito por":"Telinha","Tempo estimado de leitura":"1 minuto"},"schema":{"@context":"https:\/\/schema.org","@graph":[{"@type":"Article","@id":"https:\/\/portaltela.pt\/noticias\/2026\/03\/06\/detido-septuagenario-suspeito-de-atear-fogo-a-casa-em-ovar\/#article","isPartOf":{"@id":"https:\/\/portaltela.pt\/noticias\/2026\/03\/06\/detido-septuagenario-suspeito-de-atear-fogo-a-casa-em-ovar\/"},"author":{"name":"Telinha","@id":"https:\/\/portaltela.pt\/#\/schema\/person\/c4278d4a6028830caff9ee44b42d32ed"},"headline":"Detido septuagen\u00e1rio suspeito de atear fogo a casa em Ovar","datePublished":"2026-03-06T15:36:04+00:00","mainEntityOfPage":{"@id":"https:\/\/portaltela.pt\/noticias\/2026\/03\/06\/detido-septuagenario-suspeito-de-atear-fogo-a-casa-em-ovar\/"},"wordCount":184,"image":{"@id":"https:\/\/portaltela.pt\/noticias\/2026\/03\/06\/detido-septuagenario-suspeito-de-atear-fogo-a-casa-em-ovar\/#primaryimage"},"thumbnailUrl":"https:\/\/portaltela.pt\/s.01k8rhncp4jt1\/2026\/03\/img_1500x1000uu2023-11-12-09-23-00-1490931.jpg","keywords":["Aveiro","Esmoriz","GNR","inc\u00eandio","Ovar","PJ"],"articleSection":["Not\u00edcias","Pol\u00edtica"],"inLanguage":"pt-PT"},{"@type":"WebPage","@id":"https:\/\/portaltela.pt\/noticias\/2026\/03\/06\/detido-septuagenario-suspeito-de-atear-fogo-a-casa-em-ovar\/","url":"https:\/\/portaltela.pt\/noticias\/2026\/03\/06\/detido-septuagenario-suspeito-de-atear-fogo-a-casa-em-ovar\/","name":"Detido septuagen\u00e1rio suspeito de atear fogo a casa em Ovar - Portal Tela Portugal","isPartOf":{"@id":"https:\/\/portaltela.pt\/#website"},"primaryImageOfPage":{"@id":"https:\/\/portaltela.pt\/noticias\/2026\/03\/06\/detido-septuagenario-suspeito-de-atear-fogo-a-casa-em-ovar\/#primaryimage"},"image":{"@id":"https:\/\/portaltela.pt\/noticias\/2026\/03\/06\/detido-septuagenario-suspeito-de-atear-fogo-a-casa-em-ovar\/#primaryimage"},"thumbnailUrl":"https:\/\/portaltela.pt\/s.01k8rhncp4jt1\/2026\/03\/img_1500x1000uu2023-11-12-09-23-00-1490931.jpg","datePublished":"2026-03-06T15:36:04+00:00","author":{"@id":"https:\/\/portaltela.pt\/#\/schema\/person\/c4278d4a6028830caff9ee44b42d32ed"},"breadcrumb":{"@id":"https:\/\/portaltela.pt\/noticias\/2026\/03\/06\/detido-septuagenario-suspeito-de-atear-fogo-a-casa-em-ovar\/#breadcrumb"},"inLanguage":"pt-PT","potentialAction":[{"@type":"ReadAction","target":["https:\/\/portaltela.pt\/noticias\/2026\/03\/06\/detido-septuagenario-suspeito-de-atear-fogo-a-casa-em-ovar\/"]}]},{"@type":"ImageObject","inLanguage":"pt-PT","@id":"https:\/\/portaltela.pt\/noticias\/2026\/03\/06\/detido-septuagenario-suspeito-de-atear-fogo-a-casa-em-ovar\/#primaryimage","url":"https:\/\/portaltela.pt\/s.01k8rhncp4jt1\/2026\/03\/img_1500x1000uu2023-11-12-09-23-00-1490931.jpg","contentUrl":"https:\/\/portaltela.pt\/s.01k8rhncp4jt1\/2026\/03\/img_1500x1000uu2023-11-12-09-23-00-1490931.jpg","width":1500,"height":1000,"caption":"Pol\u00edcia Judici\u00e1ria"},{"@type":"BreadcrumbList","@id":"https:\/\/portaltela.pt\/noticias\/2026\/03\/06\/detido-septuagenario-suspeito-de-atear-fogo-a-casa-em-ovar\/#breadcrumb","itemListElement":[{"@type":"ListItem","position":1,"name":"In\u00edcio","item":"https:\/\/portaltela.pt\/"},{"@type":"ListItem","position":2,"name":"Detido septuagen\u00e1rio suspeito de atear fogo a casa em Ovar"}]},{"@type":"WebSite","@id":"https:\/\/portaltela.pt\/#website","url":"https:\/\/portaltela.pt\/","name":"Portal Tela Portugal","description":"","potentialAction":[{"@type":"SearchAction","target":{"@type":"EntryPoint","urlTemplate":"https:\/\/portaltela.pt\/?s={search_term_string}"},"query-input":{"@type":"PropertyValueSpecification","valueRequired":true,"valueName":"search_term_string"}}],"inLanguage":"pt-PT"},{"@type":"Person","@id":"https:\/\/portaltela.pt\/#\/schema\/person\/c4278d4a6028830caff9ee44b42d32ed","name":"Telinha","image":{"@type":"ImageObject","inLanguage":"pt-PT","@id":"https:\/\/portaltela.pt\/s.01k8rhncp4jt1\/2025\/11\/talking-bot-125x125.png","url":"https:\/\/portaltela.pt\/s.01k8rhncp4jt1\/2025\/11\/talking-bot-125x125.png","contentUrl":"https:\/\/portaltela.pt\/s.01k8rhncp4jt1\/2025\/11\/talking-bot-125x125.png","caption":"Telinha"},"sameAs":["https:\/\/portaltela.pt\/"],"url":"https:\/\/portaltela.pt\/por\/367410592786\/"}]}},"_links":{"self":[{"href":"https:\/\/portaltela.pt\/api\/wp\/v2\/posts\/400329","targetHints":{"allow":["GET"]}}],"collection":[{"href":"https:\/\/portaltela.pt\/api\/wp\/v2\/posts"}],"about":[{"href":"https:\/\/portaltela.pt\/api\/wp\/v2\/types\/post"}],"author":[{"embeddable":true,"href":"https:\/\/portaltela.pt\/api\/wp\/v2\/users\/2"}],"replies":[{"embeddable":true,"href":"https:\/\/portaltela.pt\/api\/wp\/v2\/comments?post=400329"}],"version-history":[{"count":0,"href":"https:\/\/portaltela.pt\/api\/wp\/v2\/posts\/400329\/revisions"}],"wp:featuredmedia":[{"embeddable":true,"href":"https:\/\/portaltela.pt\/api\/wp\/v2\/media\/400334"}],"wp:attachment":[{"href":"https:\/\/portaltela.pt\/api\/wp\/v2\/media?parent=400329"}],"wp:term":[{"taxonomy":"category","embeddable":true,"href":"https:\/\/portaltela.pt\/api\/wp\/v2\/categories?post=400329"},{"taxonomy":"post_tag","embeddable":true,"href":"https:\/\/portaltela.pt\/api\/wp\/v2\/tags?post=400329"}],"curies":[{"name":"wp","href":"https:\/\/api.w.org\/{rel}","templated":true}]}}