{"id":400326,"date":"2026-03-06T12:36:00","date_gmt":"2026-03-06T15:36:00","guid":{"rendered":"https:\/\/portaltela.pt\/noticias\/2026\/03\/06\/inscricoes-aos-exames-nacionais-arrancam-hoje-e-vao-ate-19-de-marco\/"},"modified":"2026-03-06T12:36:00","modified_gmt":"2026-03-06T15:36:00","slug":"inscricoes-aos-exames-nacionais-arrancam-hoje-e-vao-ate-19-de-marco","status":"publish","type":"post","link":"https:\/\/portaltela.pt\/noticias\/politica\/2026\/03\/06\/inscricoes-aos-exames-nacionais-arrancam-hoje-e-vao-ate-19-de-marco\/","title":{"rendered":"Inscri\u00e7\u00f5es aos exames nacionais arrancam hoje e v\u00e3o at\u00e9 19 de mar\u00e7o"},"content":{"rendered":"<p>O Minist\u00e9rio da Educa\u00e7\u00e3o publicou hoje as instru\u00e7\u00f5es para a inscri\u00e7\u00e3o nos exames nacionais do ensino b\u00e1sico e secund\u00e1rio. O prazo decorre at\u00e9 19 de mar\u00e7o e a inscri\u00e7\u00e3o \u00e9 obrigat\u00f3ria para todos os alunos, internos e autopropostos, que v\u00e3o a exame.<\/p>\n<p>Os alunos devem realizar o exame de Portugu\u00eas e escolher duas provas adicionais conforme o curso que seguem. As op\u00e7\u00f5es devem somar \u00e0s disciplinas escolhidas para o ingresso no ensino superior. A inscri\u00e7\u00e3o \u00e9 feita online.<\/p>\n<h3>Inscri\u00e7\u00f5es e prazos<\/h3>\n<p>O acesso \u00e0 plataforma de inscri\u00e7\u00f5es \u00e9 feito atrav\u00e9s da p\u00e1ginajnepiepe.dge.mec.pt. O calend\u00e1rio da 1.\u00aa fase indica in\u00edcio de provas a 16 de junho, com Portugu\u00eas e Economia A, terminando a 26 de junho com Desenho A e Filosofia.<\/p>\n<h3>Guia Geral de Exames 2026<\/h3>\n<p>O Guia permite aos alunos solicitar senha de acesso ao sistema de candidatura online para o concurso de acesso ao ensino superior durante o per\u00edodo de inscri\u00e7\u00e3o. O documento tamb\u00e9m detalha a ficha ENES para as candidaturas.<\/p>\n<h3>Ficha ENES e fases de acesso<\/h3>\n<p>A ficha ENES deve ser requerida na escola onde os alunos realizaram os exames finais, ap\u00f3s afixa\u00e7\u00e3o dos resultados da 1.\u00aa fase. O concurso nacional de acesso est\u00e1 previsto entre 20 de julho e 6 de agosto, com a 2.\u00aa fase entre 24 de agosto e 2 de setembro e a 3.\u00aa entre 22 e 24 de setembro.<\/p>\n<h3>Inscri\u00e7\u00e3o de autopropostos e monitoriza\u00e7\u00e3o<\/h3>\n<p>Hoje arrancou o prazo tamb\u00e9m para autopropostos nas provas finais do 3.\u00ba ciclo, marcadas para 17 e 22 de junho, em Portugu\u00eas e Matem\u00e1tica. A inscri\u00e7\u00e3o seguir\u00e1 o mesmo processo, com prazo at\u00e9 19 de mar\u00e7o.<\/p>\n<h3>Alunos internos e monitoriza\u00e7\u00e3o<\/h3>\n<p>Alunos internos ficam automaticamente inscritos, tal como os alunos do 4.\u00ba e 6.\u00ba anos que realizam as provas de monitoriza\u00e7\u00e3o da aprendizagem. A organiza\u00e7\u00e3o mant\u00e9m-se centrada na prontid\u00e3o para as provas.<\/p>\n","protected":false},"excerpt":{"rendered":"<ul>\n<li>As inscri\u00e7\u00f5es para os exames nacionais arrancaram hoje e v\u00e3o at\u00e9 19 de mar\u00e7o; s\u00e3o obrigat\u00f3rias para alunos internos e autopropostos.<\/li>\n<li>Os alunos far\u00e3o obrigatoriamente a prova de Portugu\u00eas e devem escolher duas provas adicionais da disciplina competente do curso, para efeitos de ingresso no ensino superior.<\/li>\n<li>A inscri\u00e7\u00e3o \u00e9 online em jnepiepe.dge.mec.pt; a 1.\u00aa fase come\u00e7a a 16 de junho com Portugu\u00eas e Economia A e termina a 26 de junho com Desenho A e Filosofia.<\/li>\n<li>Durante o per\u00edodo de inscri\u00e7\u00e3o tamb\u00e9m pode solicitar senha de acesso ao sistema de candidatura online para o concurso nacional de acesso ao ensino superior, e \u00e9 necess\u00e1rio requerer a ficha ENES na escola onde realizaram os exames finais.<\/li>\n<li>A 1.\u00aa fase do concurso de acesso decorre entre 20 de julho e 6 de agosto, com a 2.\u00aa entre 24 de agosto e 2 de setembro e a 3.\u00aa entre 22 e 24 de setembro; hoje abriu o prazo para inscri\u00e7\u00f5es de autopropostos no 3.\u00ba ciclo (Portugu\u00eas e Matem\u00e1tica) para 17 e 22 de junho, at\u00e9 19 de mar\u00e7o.<\/li>\n<\/ul>\n","protected":false},"author":2,"featured_media":400330,"comment_status":"closed","ping_status":"closed","sticky":false,"template":"","format":"standard","meta":{"footnotes":""},"categories":[1,5],"tags":[163,92,6114,6623,5563,1014],"class_list":["post-400326","post","type-post","status-publish","format-standard","has-post-thumbnail","hentry","category-noticias","category-politica","tag-educacao","tag-ensino","tag-ensino-publico","tag-ensino-superior","tag-informacao-publica","tag-portugal"],"yoast_head":"<!-- This site is optimized with the Yoast SEO plugin v27.2 - https:\/\/yoast.com\/product\/yoast-seo-wordpress\/ -->\n<title>Inscri\u00e7\u00f5es aos exames nacionais arrancam hoje e v\u00e3o at\u00e9 19 de mar\u00e7o - Portal Tela Portugal<\/title>\n<meta name=\"robots\" content=\"index, follow, max-snippet:-1, max-image-preview:large, max-video-preview:-1\" \/>\n<meta property=\"og:locale\" content=\"pt_PT\" \/>\n<meta property=\"og:type\" content=\"article\" \/>\n<meta property=\"og:title\" content=\"Inscri\u00e7\u00f5es aos exames nacionais arrancam hoje e v\u00e3o at\u00e9 19 de mar\u00e7o - Portal Tela Portugal\" \/>\n<meta property=\"og:description\" content=\"As inscri\u00e7\u00f5es para os exames nacionais arrancaram hoje e v\u00e3o at\u00e9 19 de mar\u00e7o; s\u00e3o obrigat\u00f3rias para alunos internos e autopropostos. Os alunos far\u00e3o obrigatoriamente a prova de Portugu\u00eas e devem escolher duas provas adicionais da disciplina competente do curso, para efeitos de ingresso no ensino superior. A inscri\u00e7\u00e3o \u00e9 online em jnepiepe.dge.mec.pt; a 1.\u00aa fase come\u00e7a a 16 de junho com Portugu\u00eas e Economia A e termina a 26 de junho com Desenho A e Filosofia. Durante o per\u00edodo de inscri\u00e7\u00e3o tamb\u00e9m pode solicitar senha de acesso ao sistema de candidatura online para o concurso nacional de acesso ao ensino superior, e \u00e9 necess\u00e1rio requerer a ficha ENES na escola onde realizaram os exames finais. A 1.\u00aa fase do concurso de acesso decorre entre 20 de julho e 6 de agosto, com a 2.\u00aa entre 24 de agosto e 2 de setembro e a 3.\u00aa entre 22 e 24 de setembro; hoje abriu o prazo para inscri\u00e7\u00f5es de autopropostos no 3.\u00ba ciclo (Portugu\u00eas e Matem\u00e1tica) para 17 e 22 de junho, at\u00e9 19 de mar\u00e7o.\" \/>\n<meta property=\"og:url\" content=\"https:\/\/portaltela.pt\/noticias\/2026\/03\/06\/inscricoes-aos-exames-nacionais-arrancam-hoje-e-vao-ate-19-de-marco\/\" \/>\n<meta property=\"og:site_name\" content=\"Portal Tela Portugal\" \/>\n<meta property=\"article:published_time\" content=\"2026-03-06T15:36:00+00:00\" \/>\n<meta name=\"author\" content=\"Telinha\" \/>\n<meta name=\"twitter:card\" content=\"summary_large_image\" \/>\n<meta name=\"twitter:label1\" content=\"Escrito por\" \/>\n\t<meta name=\"twitter:data1\" content=\"Telinha\" \/>\n\t<meta name=\"twitter:label2\" content=\"Tempo estimado de leitura\" \/>\n\t<meta name=\"twitter:data2\" content=\"2 minutos\" \/>\n<script type=\"application\/ld+json\" class=\"yoast-schema-graph\">{\"@context\":\"https:\/\/schema.org\",\"@graph\":[{\"@type\":\"Article\",\"@id\":\"https:\/\/portaltela.pt\/noticias\/2026\/03\/06\/inscricoes-aos-exames-nacionais-arrancam-hoje-e-vao-ate-19-de-marco\/#article\",\"isPartOf\":{\"@id\":\"https:\/\/portaltela.pt\/noticias\/2026\/03\/06\/inscricoes-aos-exames-nacionais-arrancam-hoje-e-vao-ate-19-de-marco\/\"},\"author\":{\"name\":\"Telinha\",\"@id\":\"https:\/\/portaltela.pt\/#\/schema\/person\/c4278d4a6028830caff9ee44b42d32ed\"},\"headline\":\"Inscri\u00e7\u00f5es aos exames nacionais arrancam hoje e v\u00e3o at\u00e9 19 de mar\u00e7o\",\"datePublished\":\"2026-03-06T15:36:00+00:00\",\"mainEntityOfPage\":{\"@id\":\"https:\/\/portaltela.pt\/noticias\/2026\/03\/06\/inscricoes-aos-exames-nacionais-arrancam-hoje-e-vao-ate-19-de-marco\/\"},\"wordCount\":332,\"image\":{\"@id\":\"https:\/\/portaltela.pt\/noticias\/2026\/03\/06\/inscricoes-aos-exames-nacionais-arrancam-hoje-e-vao-ate-19-de-marco\/#primaryimage\"},\"thumbnailUrl\":\"https:\/\/portaltela.pt\/s.01k8rhncp4jt1\/2026\/03\/image-396.jpg\",\"keywords\":[\"educa\u00e7\u00e3o\",\"ensino\",\"ensino p\u00fablico\",\"Ensino Superior\",\"informa\u00e7\u00e3o p\u00fablica\",\"Portugal\"],\"articleSection\":[\"Not\u00edcias\",\"Pol\u00edtica\"],\"inLanguage\":\"pt-PT\"},{\"@type\":\"WebPage\",\"@id\":\"https:\/\/portaltela.pt\/noticias\/2026\/03\/06\/inscricoes-aos-exames-nacionais-arrancam-hoje-e-vao-ate-19-de-marco\/\",\"url\":\"https:\/\/portaltela.pt\/noticias\/2026\/03\/06\/inscricoes-aos-exames-nacionais-arrancam-hoje-e-vao-ate-19-de-marco\/\",\"name\":\"Inscri\u00e7\u00f5es aos exames nacionais arrancam hoje e v\u00e3o at\u00e9 19 de mar\u00e7o - Portal Tela Portugal\",\"isPartOf\":{\"@id\":\"https:\/\/portaltela.pt\/#website\"},\"primaryImageOfPage\":{\"@id\":\"https:\/\/portaltela.pt\/noticias\/2026\/03\/06\/inscricoes-aos-exames-nacionais-arrancam-hoje-e-vao-ate-19-de-marco\/#primaryimage\"},\"image\":{\"@id\":\"https:\/\/portaltela.pt\/noticias\/2026\/03\/06\/inscricoes-aos-exames-nacionais-arrancam-hoje-e-vao-ate-19-de-marco\/#primaryimage\"},\"thumbnailUrl\":\"https:\/\/portaltela.pt\/s.01k8rhncp4jt1\/2026\/03\/image-396.jpg\",\"datePublished\":\"2026-03-06T15:36:00+00:00\",\"author\":{\"@id\":\"https:\/\/portaltela.pt\/#\/schema\/person\/c4278d4a6028830caff9ee44b42d32ed\"},\"breadcrumb\":{\"@id\":\"https:\/\/portaltela.pt\/noticias\/2026\/03\/06\/inscricoes-aos-exames-nacionais-arrancam-hoje-e-vao-ate-19-de-marco\/#breadcrumb\"},\"inLanguage\":\"pt-PT\",\"potentialAction\":[{\"@type\":\"ReadAction\",\"target\":[\"https:\/\/portaltela.pt\/noticias\/2026\/03\/06\/inscricoes-aos-exames-nacionais-arrancam-hoje-e-vao-ate-19-de-marco\/\"]}]},{\"@type\":\"ImageObject\",\"inLanguage\":\"pt-PT\",\"@id\":\"https:\/\/portaltela.pt\/noticias\/2026\/03\/06\/inscricoes-aos-exames-nacionais-arrancam-hoje-e-vao-ate-19-de-marco\/#primaryimage\",\"url\":\"https:\/\/portaltela.pt\/s.01k8rhncp4jt1\/2026\/03\/image-396.jpg\",\"contentUrl\":\"https:\/\/portaltela.pt\/s.01k8rhncp4jt1\/2026\/03\/image-396.jpg\",\"width\":796,\"height\":448,\"caption\":\"Inscri\u00e7\u00f5es para os exames nacionais decorrem at\u00e9 19 de mar\u00e7o\"},{\"@type\":\"BreadcrumbList\",\"@id\":\"https:\/\/portaltela.pt\/noticias\/2026\/03\/06\/inscricoes-aos-exames-nacionais-arrancam-hoje-e-vao-ate-19-de-marco\/#breadcrumb\",\"itemListElement\":[{\"@type\":\"ListItem\",\"position\":1,\"name\":\"In\u00edcio\",\"item\":\"https:\/\/portaltela.pt\/\"},{\"@type\":\"ListItem\",\"position\":2,\"name\":\"Inscri\u00e7\u00f5es aos exames nacionais arrancam hoje e v\u00e3o at\u00e9 19 de mar\u00e7o\"}]},{\"@type\":\"WebSite\",\"@id\":\"https:\/\/portaltela.pt\/#website\",\"url\":\"https:\/\/portaltela.pt\/\",\"name\":\"Portal Tela Portugal\",\"description\":\"\",\"potentialAction\":[{\"@type\":\"SearchAction\",\"target\":{\"@type\":\"EntryPoint\",\"urlTemplate\":\"https:\/\/portaltela.pt\/?s={search_term_string}\"},\"query-input\":{\"@type\":\"PropertyValueSpecification\",\"valueRequired\":true,\"valueName\":\"search_term_string\"}}],\"inLanguage\":\"pt-PT\"},{\"@type\":\"Person\",\"@id\":\"https:\/\/portaltela.pt\/#\/schema\/person\/c4278d4a6028830caff9ee44b42d32ed\",\"name\":\"Telinha\",\"image\":{\"@type\":\"ImageObject\",\"inLanguage\":\"pt-PT\",\"@id\":\"https:\/\/portaltela.pt\/s.01k8rhncp4jt1\/2025\/11\/talking-bot-125x125.png\",\"url\":\"https:\/\/portaltela.pt\/s.01k8rhncp4jt1\/2025\/11\/talking-bot-125x125.png\",\"contentUrl\":\"https:\/\/portaltela.pt\/s.01k8rhncp4jt1\/2025\/11\/talking-bot-125x125.png\",\"caption\":\"Telinha\"},\"sameAs\":[\"https:\/\/portaltela.pt\/\"],\"url\":\"https:\/\/portaltela.pt\/por\/367410592786\/\"}]}<\/script>\n<!-- \/ Yoast SEO plugin. -->","yoast_head_json":{"title":"Inscri\u00e7\u00f5es aos exames nacionais arrancam hoje e v\u00e3o at\u00e9 19 de mar\u00e7o - Portal Tela Portugal","robots":{"index":"index","follow":"follow","max-snippet":"max-snippet:-1","max-image-preview":"max-image-preview:large","max-video-preview":"max-video-preview:-1"},"og_locale":"pt_PT","og_type":"article","og_title":"Inscri\u00e7\u00f5es aos exames nacionais arrancam hoje e v\u00e3o at\u00e9 19 de mar\u00e7o - Portal Tela Portugal","og_description":"As inscri\u00e7\u00f5es para os exames nacionais arrancaram hoje e v\u00e3o at\u00e9 19 de mar\u00e7o; s\u00e3o obrigat\u00f3rias para alunos internos e autopropostos. Os alunos far\u00e3o obrigatoriamente a prova de Portugu\u00eas e devem escolher duas provas adicionais da disciplina competente do curso, para efeitos de ingresso no ensino superior. A inscri\u00e7\u00e3o \u00e9 online em jnepiepe.dge.mec.pt; a 1.\u00aa fase come\u00e7a a 16 de junho com Portugu\u00eas e Economia A e termina a 26 de junho com Desenho A e Filosofia. Durante o per\u00edodo de inscri\u00e7\u00e3o tamb\u00e9m pode solicitar senha de acesso ao sistema de candidatura online para o concurso nacional de acesso ao ensino superior, e \u00e9 necess\u00e1rio requerer a ficha ENES na escola onde realizaram os exames finais. A 1.\u00aa fase do concurso de acesso decorre entre 20 de julho e 6 de agosto, com a 2.\u00aa entre 24 de agosto e 2 de setembro e a 3.\u00aa entre 22 e 24 de setembro; hoje abriu o prazo para inscri\u00e7\u00f5es de autopropostos no 3.\u00ba ciclo (Portugu\u00eas e Matem\u00e1tica) para 17 e 22 de junho, at\u00e9 19 de mar\u00e7o.","og_url":"https:\/\/portaltela.pt\/noticias\/2026\/03\/06\/inscricoes-aos-exames-nacionais-arrancam-hoje-e-vao-ate-19-de-marco\/","og_site_name":"Portal Tela Portugal","article_published_time":"2026-03-06T15:36:00+00:00","author":"Telinha","twitter_card":"summary_large_image","twitter_misc":{"Escrito por":"Telinha","Tempo estimado de leitura":"2 minutos"},"schema":{"@context":"https:\/\/schema.org","@graph":[{"@type":"Article","@id":"https:\/\/portaltela.pt\/noticias\/2026\/03\/06\/inscricoes-aos-exames-nacionais-arrancam-hoje-e-vao-ate-19-de-marco\/#article","isPartOf":{"@id":"https:\/\/portaltela.pt\/noticias\/2026\/03\/06\/inscricoes-aos-exames-nacionais-arrancam-hoje-e-vao-ate-19-de-marco\/"},"author":{"name":"Telinha","@id":"https:\/\/portaltela.pt\/#\/schema\/person\/c4278d4a6028830caff9ee44b42d32ed"},"headline":"Inscri\u00e7\u00f5es aos exames nacionais arrancam hoje e v\u00e3o at\u00e9 19 de mar\u00e7o","datePublished":"2026-03-06T15:36:00+00:00","mainEntityOfPage":{"@id":"https:\/\/portaltela.pt\/noticias\/2026\/03\/06\/inscricoes-aos-exames-nacionais-arrancam-hoje-e-vao-ate-19-de-marco\/"},"wordCount":332,"image":{"@id":"https:\/\/portaltela.pt\/noticias\/2026\/03\/06\/inscricoes-aos-exames-nacionais-arrancam-hoje-e-vao-ate-19-de-marco\/#primaryimage"},"thumbnailUrl":"https:\/\/portaltela.pt\/s.01k8rhncp4jt1\/2026\/03\/image-396.jpg","keywords":["educa\u00e7\u00e3o","ensino","ensino p\u00fablico","Ensino Superior","informa\u00e7\u00e3o p\u00fablica","Portugal"],"articleSection":["Not\u00edcias","Pol\u00edtica"],"inLanguage":"pt-PT"},{"@type":"WebPage","@id":"https:\/\/portaltela.pt\/noticias\/2026\/03\/06\/inscricoes-aos-exames-nacionais-arrancam-hoje-e-vao-ate-19-de-marco\/","url":"https:\/\/portaltela.pt\/noticias\/2026\/03\/06\/inscricoes-aos-exames-nacionais-arrancam-hoje-e-vao-ate-19-de-marco\/","name":"Inscri\u00e7\u00f5es aos exames nacionais arrancam hoje e v\u00e3o at\u00e9 19 de mar\u00e7o - Portal Tela Portugal","isPartOf":{"@id":"https:\/\/portaltela.pt\/#website"},"primaryImageOfPage":{"@id":"https:\/\/portaltela.pt\/noticias\/2026\/03\/06\/inscricoes-aos-exames-nacionais-arrancam-hoje-e-vao-ate-19-de-marco\/#primaryimage"},"image":{"@id":"https:\/\/portaltela.pt\/noticias\/2026\/03\/06\/inscricoes-aos-exames-nacionais-arrancam-hoje-e-vao-ate-19-de-marco\/#primaryimage"},"thumbnailUrl":"https:\/\/portaltela.pt\/s.01k8rhncp4jt1\/2026\/03\/image-396.jpg","datePublished":"2026-03-06T15:36:00+00:00","author":{"@id":"https:\/\/portaltela.pt\/#\/schema\/person\/c4278d4a6028830caff9ee44b42d32ed"},"breadcrumb":{"@id":"https:\/\/portaltela.pt\/noticias\/2026\/03\/06\/inscricoes-aos-exames-nacionais-arrancam-hoje-e-vao-ate-19-de-marco\/#breadcrumb"},"inLanguage":"pt-PT","potentialAction":[{"@type":"ReadAction","target":["https:\/\/portaltela.pt\/noticias\/2026\/03\/06\/inscricoes-aos-exames-nacionais-arrancam-hoje-e-vao-ate-19-de-marco\/"]}]},{"@type":"ImageObject","inLanguage":"pt-PT","@id":"https:\/\/portaltela.pt\/noticias\/2026\/03\/06\/inscricoes-aos-exames-nacionais-arrancam-hoje-e-vao-ate-19-de-marco\/#primaryimage","url":"https:\/\/portaltela.pt\/s.01k8rhncp4jt1\/2026\/03\/image-396.jpg","contentUrl":"https:\/\/portaltela.pt\/s.01k8rhncp4jt1\/2026\/03\/image-396.jpg","width":796,"height":448,"caption":"Inscri\u00e7\u00f5es para os exames nacionais decorrem at\u00e9 19 de mar\u00e7o"},{"@type":"BreadcrumbList","@id":"https:\/\/portaltela.pt\/noticias\/2026\/03\/06\/inscricoes-aos-exames-nacionais-arrancam-hoje-e-vao-ate-19-de-marco\/#breadcrumb","itemListElement":[{"@type":"ListItem","position":1,"name":"In\u00edcio","item":"https:\/\/portaltela.pt\/"},{"@type":"ListItem","position":2,"name":"Inscri\u00e7\u00f5es aos exames nacionais arrancam hoje e v\u00e3o at\u00e9 19 de mar\u00e7o"}]},{"@type":"WebSite","@id":"https:\/\/portaltela.pt\/#website","url":"https:\/\/portaltela.pt\/","name":"Portal Tela Portugal","description":"","potentialAction":[{"@type":"SearchAction","target":{"@type":"EntryPoint","urlTemplate":"https:\/\/portaltela.pt\/?s={search_term_string}"},"query-input":{"@type":"PropertyValueSpecification","valueRequired":true,"valueName":"search_term_string"}}],"inLanguage":"pt-PT"},{"@type":"Person","@id":"https:\/\/portaltela.pt\/#\/schema\/person\/c4278d4a6028830caff9ee44b42d32ed","name":"Telinha","image":{"@type":"ImageObject","inLanguage":"pt-PT","@id":"https:\/\/portaltela.pt\/s.01k8rhncp4jt1\/2025\/11\/talking-bot-125x125.png","url":"https:\/\/portaltela.pt\/s.01k8rhncp4jt1\/2025\/11\/talking-bot-125x125.png","contentUrl":"https:\/\/portaltela.pt\/s.01k8rhncp4jt1\/2025\/11\/talking-bot-125x125.png","caption":"Telinha"},"sameAs":["https:\/\/portaltela.pt\/"],"url":"https:\/\/portaltela.pt\/por\/367410592786\/"}]}},"_links":{"self":[{"href":"https:\/\/portaltela.pt\/api\/wp\/v2\/posts\/400326","targetHints":{"allow":["GET"]}}],"collection":[{"href":"https:\/\/portaltela.pt\/api\/wp\/v2\/posts"}],"about":[{"href":"https:\/\/portaltela.pt\/api\/wp\/v2\/types\/post"}],"author":[{"embeddable":true,"href":"https:\/\/portaltela.pt\/api\/wp\/v2\/users\/2"}],"replies":[{"embeddable":true,"href":"https:\/\/portaltela.pt\/api\/wp\/v2\/comments?post=400326"}],"version-history":[{"count":0,"href":"https:\/\/portaltela.pt\/api\/wp\/v2\/posts\/400326\/revisions"}],"wp:featuredmedia":[{"embeddable":true,"href":"https:\/\/portaltela.pt\/api\/wp\/v2\/media\/400330"}],"wp:attachment":[{"href":"https:\/\/portaltela.pt\/api\/wp\/v2\/media?parent=400326"}],"wp:term":[{"taxonomy":"category","embeddable":true,"href":"https:\/\/portaltela.pt\/api\/wp\/v2\/categories?post=400326"},{"taxonomy":"post_tag","embeddable":true,"href":"https:\/\/portaltela.pt\/api\/wp\/v2\/tags?post=400326"}],"curies":[{"name":"wp","href":"https:\/\/api.w.org\/{rel}","templated":true}]}}