{"id":400318,"date":"2026-03-06T12:41:00","date_gmt":"2026-03-06T15:41:00","guid":{"rendered":"https:\/\/portaltela.pt\/noticias\/2026\/03\/06\/luis-pinto-anteve-jogo-com-o-santa-clara-temos-de-jogar-e-fazer\/"},"modified":"2026-03-06T12:41:00","modified_gmt":"2026-03-06T15:41:00","slug":"luis-pinto-anteve-jogo-com-o-santa-clara-temos-de-jogar-e-fazer","status":"publish","type":"post","link":"https:\/\/portaltela.pt\/desporto\/futebol\/2026\/03\/06\/luis-pinto-anteve-jogo-com-o-santa-clara-temos-de-jogar-e-fazer\/","title":{"rendered":"Lu\u00eds Pinto antev\u00ea jogo com o Santa Clara: temos de jogar e fazer"},"content":{"rendered":"<p>O Vit\u00f3ria de Guimar\u00e3es visita o Santa Clara no pr\u00f3ximo domingo, \u00e0s 20h30, em jogo da 25.\u00aa jornada da Liga. A desloca\u00e7\u00e3o aos A\u00e7ores acontece num contexto de luta pela recupera\u00e7\u00e3o na tabela. O est\u00e1dio e o clima locais s\u00e3o fatores que podem influenciar o andamento do encontro.<\/p>\n<p>O treinador Lu\u00eds Pinto admite dificuldades hist\u00f3ricas frente ao Santa Clara, currently no pen\u00faltimo lugar da classifica\u00e7\u00e3o. O advers\u00e1rio atravessa um momento menos positivo, mas tem valias a ter em conta, segundo o t\u00e9cnico.<\/p>\n<p>O Vit\u00f3ria pretende ser proactivo no meio-campo ofensivo, ajustando-se ao relvado e ao ambiente do jogo. O objetivo \u00e9 perceber o que o encontro oferece e agir em cada momento, mantendo o foco no jogo.<\/p>\n<h3>Jovens da B e op\u00e7\u00f5es do plantel<\/h3>\n<p>Lu\u00eds Pinto destaca que a porta est\u00e1 sempre aberta para promover jovens da equipa B, com m\u00e9rito dos atletas e confian\u00e7a da estrutura. As decis\u00f5es de convocat\u00f3ria dependem da semana de trabalho.<\/p>\n<h3>Aus\u00eancias e convocat\u00f3rias<\/h3>\n<p>Sobre Miguel N\u00f3brega e Nelson Oliveira, o treinador confirmou que as aus\u00eancias foram escolhas estrat\u00e9gicas. Para este jogo, ambos podem integrar a lista de convocados, conforme a evolu\u00e7\u00e3o da semana de treinos.<\/p>\n","protected":false},"excerpt":{"rendered":"<ul>\n<li>O Vit\u00f3ria de Guimar\u00e3es joga no domingo, \u00e0s 20h30, contra o Santa Clara, em jogo da 25.\u00aa jornada da Liga.<\/li>\n<li>O objetivo \u00e9 recuperar pontos na classifica\u00e7\u00e3o, num Santa Clara que ocupa o pen\u00faltimo lugar.<\/li>\n<li>Lu\u00eds Pinto admite dificuldades do campo nos A\u00e7ores e espera um advers\u00e1rio que vai tentar pontuar, o que pode complicar a tarefa do Vit\u00f3ria.<\/li>\n<li>O treinador tem lan\u00e7ado jovens da equipa B e mant\u00e9m a porta aberta a oportunidades para estes jogadores.<\/li>\n<li>Miguel N\u00f3brega e Nelson Oliveira ficaram de fora por op\u00e7\u00e3o no \u00faltimo jogo; para este encontro podem regressar \u00e0 convocat\u00f3ria, depende da semana de treino.<\/li>\n<\/ul>\n","protected":false},"author":2,"featured_media":400325,"comment_status":"closed","ping_status":"closed","sticky":false,"template":"","format":"standard","meta":{"footnotes":""},"categories":[21,24],"tags":[4059,4554,32,1145,2844,998],"class_list":["post-400318","post","type-post","status-publish","format-standard","has-post-thumbnail","hentry","category-desporto","category-futebol","tag-1-a-liga","tag-convocatorias","tag-futebol","tag-guimaraes","tag-jovens","tag-santa-clara"],"yoast_head":"<!-- This site is optimized with the Yoast SEO plugin v27.2 - https:\/\/yoast.com\/product\/yoast-seo-wordpress\/ -->\n<title>Lu\u00eds Pinto antev\u00ea jogo com o Santa Clara: temos de jogar e fazer - Portal Tela Portugal<\/title>\n<meta name=\"robots\" content=\"index, follow, max-snippet:-1, max-image-preview:large, max-video-preview:-1\" \/>\n<meta property=\"og:locale\" content=\"pt_PT\" \/>\n<meta property=\"og:type\" content=\"article\" \/>\n<meta property=\"og:title\" content=\"Lu\u00eds Pinto antev\u00ea jogo com o Santa Clara: temos de jogar e fazer - Portal Tela Portugal\" \/>\n<meta property=\"og:description\" content=\"O Vit\u00f3ria de Guimar\u00e3es joga no domingo, \u00e0s 20h30, contra o Santa Clara, em jogo da 25.\u00aa jornada da Liga. O objetivo \u00e9 recuperar pontos na classifica\u00e7\u00e3o, num Santa Clara que ocupa o pen\u00faltimo lugar. Lu\u00eds Pinto admite dificuldades do campo nos A\u00e7ores e espera um advers\u00e1rio que vai tentar pontuar, o que pode complicar a tarefa do Vit\u00f3ria. O treinador tem lan\u00e7ado jovens da equipa B e mant\u00e9m a porta aberta a oportunidades para estes jogadores. Miguel N\u00f3brega e Nelson Oliveira ficaram de fora por op\u00e7\u00e3o no \u00faltimo jogo; para este encontro podem regressar \u00e0 convocat\u00f3ria, depende da semana de treino.\" \/>\n<meta property=\"og:url\" content=\"https:\/\/portaltela.pt\/noticias\/2026\/03\/06\/luis-pinto-anteve-jogo-com-o-santa-clara-temos-de-jogar-e-fazer\/\" \/>\n<meta property=\"og:site_name\" content=\"Portal Tela Portugal\" \/>\n<meta property=\"article:published_time\" content=\"2026-03-06T15:41:00+00:00\" \/>\n<meta name=\"author\" content=\"Telinha\" \/>\n<meta name=\"twitter:card\" content=\"summary_large_image\" \/>\n<meta name=\"twitter:label1\" content=\"Escrito por\" \/>\n\t<meta name=\"twitter:data1\" content=\"Telinha\" \/>\n\t<meta name=\"twitter:label2\" content=\"Tempo estimado de leitura\" \/>\n\t<meta name=\"twitter:data2\" content=\"1 minuto\" \/>\n<script type=\"application\/ld+json\" class=\"yoast-schema-graph\">{\"@context\":\"https:\/\/schema.org\",\"@graph\":[{\"@type\":\"Article\",\"@id\":\"https:\/\/portaltela.pt\/noticias\/2026\/03\/06\/luis-pinto-anteve-jogo-com-o-santa-clara-temos-de-jogar-e-fazer\/#article\",\"isPartOf\":{\"@id\":\"https:\/\/portaltela.pt\/noticias\/2026\/03\/06\/luis-pinto-anteve-jogo-com-o-santa-clara-temos-de-jogar-e-fazer\/\"},\"author\":{\"name\":\"Telinha\",\"@id\":\"https:\/\/portaltela.pt\/#\/schema\/person\/c4278d4a6028830caff9ee44b42d32ed\"},\"headline\":\"Lu\u00eds Pinto antev\u00ea jogo com o Santa Clara: temos de jogar e fazer\",\"datePublished\":\"2026-03-06T15:41:00+00:00\",\"mainEntityOfPage\":{\"@id\":\"https:\/\/portaltela.pt\/noticias\/2026\/03\/06\/luis-pinto-anteve-jogo-com-o-santa-clara-temos-de-jogar-e-fazer\/\"},\"wordCount\":230,\"image\":{\"@id\":\"https:\/\/portaltela.pt\/noticias\/2026\/03\/06\/luis-pinto-anteve-jogo-com-o-santa-clara-temos-de-jogar-e-fazer\/#primaryimage\"},\"thumbnailUrl\":\"https:\/\/portaltela.pt\/s.01k8rhncp4jt1\/2026\/03\/image-394.jpg\",\"keywords\":[\"1.\u00aa Liga\",\"convocat\u00f3rias\",\"futebol\",\"Guimar\u00e3es\",\"jovens\",\"Santa Clara\"],\"articleSection\":[\"Desporto\",\"Futebol\"],\"inLanguage\":\"pt-PT\"},{\"@type\":\"WebPage\",\"@id\":\"https:\/\/portaltela.pt\/noticias\/2026\/03\/06\/luis-pinto-anteve-jogo-com-o-santa-clara-temos-de-jogar-e-fazer\/\",\"url\":\"https:\/\/portaltela.pt\/noticias\/2026\/03\/06\/luis-pinto-anteve-jogo-com-o-santa-clara-temos-de-jogar-e-fazer\/\",\"name\":\"Lu\u00eds Pinto antev\u00ea jogo com o Santa Clara: temos de jogar e fazer - Portal Tela Portugal\",\"isPartOf\":{\"@id\":\"https:\/\/portaltela.pt\/#website\"},\"primaryImageOfPage\":{\"@id\":\"https:\/\/portaltela.pt\/noticias\/2026\/03\/06\/luis-pinto-anteve-jogo-com-o-santa-clara-temos-de-jogar-e-fazer\/#primaryimage\"},\"image\":{\"@id\":\"https:\/\/portaltela.pt\/noticias\/2026\/03\/06\/luis-pinto-anteve-jogo-com-o-santa-clara-temos-de-jogar-e-fazer\/#primaryimage\"},\"thumbnailUrl\":\"https:\/\/portaltela.pt\/s.01k8rhncp4jt1\/2026\/03\/image-394.jpg\",\"datePublished\":\"2026-03-06T15:41:00+00:00\",\"author\":{\"@id\":\"https:\/\/portaltela.pt\/#\/schema\/person\/c4278d4a6028830caff9ee44b42d32ed\"},\"breadcrumb\":{\"@id\":\"https:\/\/portaltela.pt\/noticias\/2026\/03\/06\/luis-pinto-anteve-jogo-com-o-santa-clara-temos-de-jogar-e-fazer\/#breadcrumb\"},\"inLanguage\":\"pt-PT\",\"potentialAction\":[{\"@type\":\"ReadAction\",\"target\":[\"https:\/\/portaltela.pt\/noticias\/2026\/03\/06\/luis-pinto-anteve-jogo-com-o-santa-clara-temos-de-jogar-e-fazer\/\"]}]},{\"@type\":\"ImageObject\",\"inLanguage\":\"pt-PT\",\"@id\":\"https:\/\/portaltela.pt\/noticias\/2026\/03\/06\/luis-pinto-anteve-jogo-com-o-santa-clara-temos-de-jogar-e-fazer\/#primaryimage\",\"url\":\"https:\/\/portaltela.pt\/s.01k8rhncp4jt1\/2026\/03\/image-394.jpg\",\"contentUrl\":\"https:\/\/portaltela.pt\/s.01k8rhncp4jt1\/2026\/03\/image-394.jpg\",\"width\":796,\"height\":448,\"caption\":\"Lu\u00eds Pinto, treinador do V. Guimar\u00e3es\"},{\"@type\":\"BreadcrumbList\",\"@id\":\"https:\/\/portaltela.pt\/noticias\/2026\/03\/06\/luis-pinto-anteve-jogo-com-o-santa-clara-temos-de-jogar-e-fazer\/#breadcrumb\",\"itemListElement\":[{\"@type\":\"ListItem\",\"position\":1,\"name\":\"In\u00edcio\",\"item\":\"https:\/\/portaltela.pt\/\"},{\"@type\":\"ListItem\",\"position\":2,\"name\":\"Lu\u00eds Pinto antev\u00ea jogo com o Santa Clara: temos de jogar e fazer\"}]},{\"@type\":\"WebSite\",\"@id\":\"https:\/\/portaltela.pt\/#website\",\"url\":\"https:\/\/portaltela.pt\/\",\"name\":\"Portal Tela Portugal\",\"description\":\"\",\"potentialAction\":[{\"@type\":\"SearchAction\",\"target\":{\"@type\":\"EntryPoint\",\"urlTemplate\":\"https:\/\/portaltela.pt\/?s={search_term_string}\"},\"query-input\":{\"@type\":\"PropertyValueSpecification\",\"valueRequired\":true,\"valueName\":\"search_term_string\"}}],\"inLanguage\":\"pt-PT\"},{\"@type\":\"Person\",\"@id\":\"https:\/\/portaltela.pt\/#\/schema\/person\/c4278d4a6028830caff9ee44b42d32ed\",\"name\":\"Telinha\",\"image\":{\"@type\":\"ImageObject\",\"inLanguage\":\"pt-PT\",\"@id\":\"https:\/\/portaltela.pt\/s.01k8rhncp4jt1\/2025\/11\/talking-bot-125x125.png\",\"url\":\"https:\/\/portaltela.pt\/s.01k8rhncp4jt1\/2025\/11\/talking-bot-125x125.png\",\"contentUrl\":\"https:\/\/portaltela.pt\/s.01k8rhncp4jt1\/2025\/11\/talking-bot-125x125.png\",\"caption\":\"Telinha\"},\"sameAs\":[\"https:\/\/portaltela.pt\/\"],\"url\":\"https:\/\/portaltela.pt\/por\/367410592786\/\"}]}<\/script>\n<!-- \/ Yoast SEO plugin. -->","yoast_head_json":{"title":"Lu\u00eds Pinto antev\u00ea jogo com o Santa Clara: temos de jogar e fazer - Portal Tela Portugal","robots":{"index":"index","follow":"follow","max-snippet":"max-snippet:-1","max-image-preview":"max-image-preview:large","max-video-preview":"max-video-preview:-1"},"og_locale":"pt_PT","og_type":"article","og_title":"Lu\u00eds Pinto antev\u00ea jogo com o Santa Clara: temos de jogar e fazer - Portal Tela Portugal","og_description":"O Vit\u00f3ria de Guimar\u00e3es joga no domingo, \u00e0s 20h30, contra o Santa Clara, em jogo da 25.\u00aa jornada da Liga. O objetivo \u00e9 recuperar pontos na classifica\u00e7\u00e3o, num Santa Clara que ocupa o pen\u00faltimo lugar. Lu\u00eds Pinto admite dificuldades do campo nos A\u00e7ores e espera um advers\u00e1rio que vai tentar pontuar, o que pode complicar a tarefa do Vit\u00f3ria. O treinador tem lan\u00e7ado jovens da equipa B e mant\u00e9m a porta aberta a oportunidades para estes jogadores. Miguel N\u00f3brega e Nelson Oliveira ficaram de fora por op\u00e7\u00e3o no \u00faltimo jogo; para este encontro podem regressar \u00e0 convocat\u00f3ria, depende da semana de treino.","og_url":"https:\/\/portaltela.pt\/noticias\/2026\/03\/06\/luis-pinto-anteve-jogo-com-o-santa-clara-temos-de-jogar-e-fazer\/","og_site_name":"Portal Tela Portugal","article_published_time":"2026-03-06T15:41:00+00:00","author":"Telinha","twitter_card":"summary_large_image","twitter_misc":{"Escrito por":"Telinha","Tempo estimado de leitura":"1 minuto"},"schema":{"@context":"https:\/\/schema.org","@graph":[{"@type":"Article","@id":"https:\/\/portaltela.pt\/noticias\/2026\/03\/06\/luis-pinto-anteve-jogo-com-o-santa-clara-temos-de-jogar-e-fazer\/#article","isPartOf":{"@id":"https:\/\/portaltela.pt\/noticias\/2026\/03\/06\/luis-pinto-anteve-jogo-com-o-santa-clara-temos-de-jogar-e-fazer\/"},"author":{"name":"Telinha","@id":"https:\/\/portaltela.pt\/#\/schema\/person\/c4278d4a6028830caff9ee44b42d32ed"},"headline":"Lu\u00eds Pinto antev\u00ea jogo com o Santa Clara: temos de jogar e fazer","datePublished":"2026-03-06T15:41:00+00:00","mainEntityOfPage":{"@id":"https:\/\/portaltela.pt\/noticias\/2026\/03\/06\/luis-pinto-anteve-jogo-com-o-santa-clara-temos-de-jogar-e-fazer\/"},"wordCount":230,"image":{"@id":"https:\/\/portaltela.pt\/noticias\/2026\/03\/06\/luis-pinto-anteve-jogo-com-o-santa-clara-temos-de-jogar-e-fazer\/#primaryimage"},"thumbnailUrl":"https:\/\/portaltela.pt\/s.01k8rhncp4jt1\/2026\/03\/image-394.jpg","keywords":["1.\u00aa Liga","convocat\u00f3rias","futebol","Guimar\u00e3es","jovens","Santa Clara"],"articleSection":["Desporto","Futebol"],"inLanguage":"pt-PT"},{"@type":"WebPage","@id":"https:\/\/portaltela.pt\/noticias\/2026\/03\/06\/luis-pinto-anteve-jogo-com-o-santa-clara-temos-de-jogar-e-fazer\/","url":"https:\/\/portaltela.pt\/noticias\/2026\/03\/06\/luis-pinto-anteve-jogo-com-o-santa-clara-temos-de-jogar-e-fazer\/","name":"Lu\u00eds Pinto antev\u00ea jogo com o Santa Clara: temos de jogar e fazer - Portal Tela Portugal","isPartOf":{"@id":"https:\/\/portaltela.pt\/#website"},"primaryImageOfPage":{"@id":"https:\/\/portaltela.pt\/noticias\/2026\/03\/06\/luis-pinto-anteve-jogo-com-o-santa-clara-temos-de-jogar-e-fazer\/#primaryimage"},"image":{"@id":"https:\/\/portaltela.pt\/noticias\/2026\/03\/06\/luis-pinto-anteve-jogo-com-o-santa-clara-temos-de-jogar-e-fazer\/#primaryimage"},"thumbnailUrl":"https:\/\/portaltela.pt\/s.01k8rhncp4jt1\/2026\/03\/image-394.jpg","datePublished":"2026-03-06T15:41:00+00:00","author":{"@id":"https:\/\/portaltela.pt\/#\/schema\/person\/c4278d4a6028830caff9ee44b42d32ed"},"breadcrumb":{"@id":"https:\/\/portaltela.pt\/noticias\/2026\/03\/06\/luis-pinto-anteve-jogo-com-o-santa-clara-temos-de-jogar-e-fazer\/#breadcrumb"},"inLanguage":"pt-PT","potentialAction":[{"@type":"ReadAction","target":["https:\/\/portaltela.pt\/noticias\/2026\/03\/06\/luis-pinto-anteve-jogo-com-o-santa-clara-temos-de-jogar-e-fazer\/"]}]},{"@type":"ImageObject","inLanguage":"pt-PT","@id":"https:\/\/portaltela.pt\/noticias\/2026\/03\/06\/luis-pinto-anteve-jogo-com-o-santa-clara-temos-de-jogar-e-fazer\/#primaryimage","url":"https:\/\/portaltela.pt\/s.01k8rhncp4jt1\/2026\/03\/image-394.jpg","contentUrl":"https:\/\/portaltela.pt\/s.01k8rhncp4jt1\/2026\/03\/image-394.jpg","width":796,"height":448,"caption":"Lu\u00eds Pinto, treinador do V. Guimar\u00e3es"},{"@type":"BreadcrumbList","@id":"https:\/\/portaltela.pt\/noticias\/2026\/03\/06\/luis-pinto-anteve-jogo-com-o-santa-clara-temos-de-jogar-e-fazer\/#breadcrumb","itemListElement":[{"@type":"ListItem","position":1,"name":"In\u00edcio","item":"https:\/\/portaltela.pt\/"},{"@type":"ListItem","position":2,"name":"Lu\u00eds Pinto antev\u00ea jogo com o Santa Clara: temos de jogar e fazer"}]},{"@type":"WebSite","@id":"https:\/\/portaltela.pt\/#website","url":"https:\/\/portaltela.pt\/","name":"Portal Tela Portugal","description":"","potentialAction":[{"@type":"SearchAction","target":{"@type":"EntryPoint","urlTemplate":"https:\/\/portaltela.pt\/?s={search_term_string}"},"query-input":{"@type":"PropertyValueSpecification","valueRequired":true,"valueName":"search_term_string"}}],"inLanguage":"pt-PT"},{"@type":"Person","@id":"https:\/\/portaltela.pt\/#\/schema\/person\/c4278d4a6028830caff9ee44b42d32ed","name":"Telinha","image":{"@type":"ImageObject","inLanguage":"pt-PT","@id":"https:\/\/portaltela.pt\/s.01k8rhncp4jt1\/2025\/11\/talking-bot-125x125.png","url":"https:\/\/portaltela.pt\/s.01k8rhncp4jt1\/2025\/11\/talking-bot-125x125.png","contentUrl":"https:\/\/portaltela.pt\/s.01k8rhncp4jt1\/2025\/11\/talking-bot-125x125.png","caption":"Telinha"},"sameAs":["https:\/\/portaltela.pt\/"],"url":"https:\/\/portaltela.pt\/por\/367410592786\/"}]}},"_links":{"self":[{"href":"https:\/\/portaltela.pt\/api\/wp\/v2\/posts\/400318","targetHints":{"allow":["GET"]}}],"collection":[{"href":"https:\/\/portaltela.pt\/api\/wp\/v2\/posts"}],"about":[{"href":"https:\/\/portaltela.pt\/api\/wp\/v2\/types\/post"}],"author":[{"embeddable":true,"href":"https:\/\/portaltela.pt\/api\/wp\/v2\/users\/2"}],"replies":[{"embeddable":true,"href":"https:\/\/portaltela.pt\/api\/wp\/v2\/comments?post=400318"}],"version-history":[{"count":0,"href":"https:\/\/portaltela.pt\/api\/wp\/v2\/posts\/400318\/revisions"}],"wp:featuredmedia":[{"embeddable":true,"href":"https:\/\/portaltela.pt\/api\/wp\/v2\/media\/400325"}],"wp:attachment":[{"href":"https:\/\/portaltela.pt\/api\/wp\/v2\/media?parent=400318"}],"wp:term":[{"taxonomy":"category","embeddable":true,"href":"https:\/\/portaltela.pt\/api\/wp\/v2\/categories?post=400318"},{"taxonomy":"post_tag","embeddable":true,"href":"https:\/\/portaltela.pt\/api\/wp\/v2\/tags?post=400318"}],"curies":[{"name":"wp","href":"https:\/\/api.w.org\/{rel}","templated":true}]}}