{"id":400316,"date":"2026-03-06T12:26:00","date_gmt":"2026-03-06T15:26:00","guid":{"rendered":"https:\/\/portaltela.pt\/noticias\/2026\/03\/06\/montenegro-condena-ameacas-de-trump-a-espanha-mas-mantem-apoio-aos-eua\/"},"modified":"2026-03-06T12:26:00","modified_gmt":"2026-03-06T15:26:00","slug":"montenegro-condena-ameacas-de-trump-a-espanha-mas-mantem-apoio-aos-eua","status":"publish","type":"post","link":"https:\/\/portaltela.pt\/noticias\/internacional\/2026\/03\/06\/montenegro-condena-ameacas-de-trump-a-espanha-mas-mantem-apoio-aos-eua\/","title":{"rendered":"Montenegro condena amea\u00e7as de Trump a Espanha, mas mant\u00e9m apoio aos EUA"},"content":{"rendered":"<p>Uma cimeira entre Portugal e Espanha decorreu numa universidade de Huelva, nesta sexta-feira, com o objetivo de coordenar respostas a fen\u00f3menos clim\u00e1ticos extremos. O encontro procurou articular a\u00e7\u00f5es conjuntas entre os dois pa\u00edses.<\/p>\n<p>O evento contou com autoridades dos dois governos e com a participa\u00e7\u00e3o de representantes de Montenegro, pa\u00eds que afirmou estar ao lado dos EUA. A presen\u00e7a externa procurou evidenciar alian\u00e7as em torno de quest\u00f5es regionais e internacionais.<\/p>\n<p>Portugal e Espanha procuraram mostrar disponibilidade para aprofundar a coopera\u00e7\u00e3o e manter o di\u00e1logo aberto sobre temas comuns, refor\u00e7ando a rela\u00e7\u00e3o bilateral e a coopera\u00e7\u00e3o multilateral na Pen\u00ednsula Ib\u00e9rica.<\/p>\n<h3>Foco desloca-se para o M\u00e9dio Oriente<\/h3>\n<p>O debate acabou por centrar-se nas tens\u00f5es no M\u00e9dio Oriente, desviando-se do tema inicial relacionado com o clima. A aten\u00e7\u00e3o internacional, incluindo a posi\u00e7\u00e3o de aliados, moldou a discuss\u00e3o durante a cimeira.<\/p>\n<p>As autoridades presentes destacaram que a conjuntura regional e as rela\u00e7\u00f5es com grandes pot\u00eancias influenciam o contexto de coopera\u00e7\u00e3o entre os tr\u00eas pa\u00edses, sem adiantar conclus\u00f5es ou posi\u00e7\u00f5es pol\u00edticas.<\/p>\n","protected":false},"excerpt":{"rendered":"<ul>\n<li>Montenegro condena as amea\u00e7as de Trump a Espanha e afirma estar ao lado dos Estados Unidos.<\/li>\n<li>Dois pa\u00edses, Portugal e Espanha, encontraram-se numa universidade em Huelva para uma cimeira.<\/li>\n<li>O objetivo era articular coopera\u00e7\u00e3o face a fen\u00f3menos clim\u00e1ticos extremos.<\/li>\n<li>Montenegro sublinha amizade e coopera\u00e7\u00e3o total com Espanha, mantendo posi\u00e7\u00e3o de apoio aos EUA.<\/li>\n<li>O encontro acabou com o foco deslocado para o M\u00e9dio Oriente.<\/li>\n<\/ul>\n","protected":false},"author":2,"featured_media":400319,"comment_status":"closed","ping_status":"closed","sticky":false,"template":"","format":"standard","meta":{"footnotes":""},"categories":[4,1],"tags":[256,2031,1600,3111,1014,27],"class_list":["post-400316","post","type-post","status-publish","format-standard","has-post-thumbnail","hentry","category-internacional","category-noticias","tag-cooperacao-internacional","tag-espanha","tag-estados-unidos","tag-montenegro","tag-portugal","tag-relacoes-internacionais"],"yoast_head":"<!-- This site is optimized with the Yoast SEO plugin v27.2 - https:\/\/yoast.com\/product\/yoast-seo-wordpress\/ -->\n<title>Montenegro condena amea\u00e7as de Trump a Espanha, mas mant\u00e9m apoio aos EUA - Portal Tela Portugal<\/title>\n<meta name=\"robots\" content=\"index, follow, max-snippet:-1, max-image-preview:large, max-video-preview:-1\" \/>\n<meta property=\"og:locale\" content=\"pt_PT\" \/>\n<meta property=\"og:type\" content=\"article\" \/>\n<meta property=\"og:title\" content=\"Montenegro condena amea\u00e7as de Trump a Espanha, mas mant\u00e9m apoio aos EUA - Portal Tela Portugal\" \/>\n<meta property=\"og:description\" content=\"Montenegro condena as amea\u00e7as de Trump a Espanha e afirma estar ao lado dos Estados Unidos. Dois pa\u00edses, Portugal e Espanha, encontraram-se numa universidade em Huelva para uma cimeira. O objetivo era articular coopera\u00e7\u00e3o face a fen\u00f3menos clim\u00e1ticos extremos. Montenegro sublinha amizade e coopera\u00e7\u00e3o total com Espanha, mantendo posi\u00e7\u00e3o de apoio aos EUA. O encontro acabou com o foco deslocado para o M\u00e9dio Oriente.\" \/>\n<meta property=\"og:url\" content=\"https:\/\/portaltela.pt\/noticias\/2026\/03\/06\/montenegro-condena-ameacas-de-trump-a-espanha-mas-mantem-apoio-aos-eua\/\" \/>\n<meta property=\"og:site_name\" content=\"Portal Tela Portugal\" \/>\n<meta property=\"article:published_time\" content=\"2026-03-06T15:26:00+00:00\" \/>\n<meta name=\"author\" content=\"Telinha\" \/>\n<meta name=\"twitter:card\" content=\"summary_large_image\" \/>\n<meta name=\"twitter:label1\" content=\"Escrito por\" \/>\n\t<meta name=\"twitter:data1\" content=\"Telinha\" \/>\n\t<meta name=\"twitter:label2\" content=\"Tempo estimado de leitura\" \/>\n\t<meta name=\"twitter:data2\" content=\"1 minuto\" \/>\n<script type=\"application\/ld+json\" class=\"yoast-schema-graph\">{\"@context\":\"https:\/\/schema.org\",\"@graph\":[{\"@type\":\"Article\",\"@id\":\"https:\/\/portaltela.pt\/noticias\/2026\/03\/06\/montenegro-condena-ameacas-de-trump-a-espanha-mas-mantem-apoio-aos-eua\/#article\",\"isPartOf\":{\"@id\":\"https:\/\/portaltela.pt\/noticias\/2026\/03\/06\/montenegro-condena-ameacas-de-trump-a-espanha-mas-mantem-apoio-aos-eua\/\"},\"author\":{\"name\":\"Telinha\",\"@id\":\"https:\/\/portaltela.pt\/#\/schema\/person\/c4278d4a6028830caff9ee44b42d32ed\"},\"headline\":\"Montenegro condena amea\u00e7as de Trump a Espanha, mas mant\u00e9m apoio aos EUA\",\"datePublished\":\"2026-03-06T15:26:00+00:00\",\"mainEntityOfPage\":{\"@id\":\"https:\/\/portaltela.pt\/noticias\/2026\/03\/06\/montenegro-condena-ameacas-de-trump-a-espanha-mas-mantem-apoio-aos-eua\/\"},\"wordCount\":210,\"image\":{\"@id\":\"https:\/\/portaltela.pt\/noticias\/2026\/03\/06\/montenegro-condena-ameacas-de-trump-a-espanha-mas-mantem-apoio-aos-eua\/#primaryimage\"},\"thumbnailUrl\":\"https:\/\/portaltela.pt\/s.01k8rhncp4jt1\/2026\/03\/2072260.jpg\",\"keywords\":[\"coopera\u00e7\u00e3o internacional\",\"Espanha\",\"Estados Unidos\",\"Montenegro\",\"Portugal\",\"rela\u00e7\u00f5es internacionais\"],\"articleSection\":[\"Internacional\",\"Not\u00edcias\"],\"inLanguage\":\"pt-PT\"},{\"@type\":\"WebPage\",\"@id\":\"https:\/\/portaltela.pt\/noticias\/2026\/03\/06\/montenegro-condena-ameacas-de-trump-a-espanha-mas-mantem-apoio-aos-eua\/\",\"url\":\"https:\/\/portaltela.pt\/noticias\/2026\/03\/06\/montenegro-condena-ameacas-de-trump-a-espanha-mas-mantem-apoio-aos-eua\/\",\"name\":\"Montenegro condena amea\u00e7as de Trump a Espanha, mas mant\u00e9m apoio aos EUA - Portal Tela Portugal\",\"isPartOf\":{\"@id\":\"https:\/\/portaltela.pt\/#website\"},\"primaryImageOfPage\":{\"@id\":\"https:\/\/portaltela.pt\/noticias\/2026\/03\/06\/montenegro-condena-ameacas-de-trump-a-espanha-mas-mantem-apoio-aos-eua\/#primaryimage\"},\"image\":{\"@id\":\"https:\/\/portaltela.pt\/noticias\/2026\/03\/06\/montenegro-condena-ameacas-de-trump-a-espanha-mas-mantem-apoio-aos-eua\/#primaryimage\"},\"thumbnailUrl\":\"https:\/\/portaltela.pt\/s.01k8rhncp4jt1\/2026\/03\/2072260.jpg\",\"datePublished\":\"2026-03-06T15:26:00+00:00\",\"author\":{\"@id\":\"https:\/\/portaltela.pt\/#\/schema\/person\/c4278d4a6028830caff9ee44b42d32ed\"},\"breadcrumb\":{\"@id\":\"https:\/\/portaltela.pt\/noticias\/2026\/03\/06\/montenegro-condena-ameacas-de-trump-a-espanha-mas-mantem-apoio-aos-eua\/#breadcrumb\"},\"inLanguage\":\"pt-PT\",\"potentialAction\":[{\"@type\":\"ReadAction\",\"target\":[\"https:\/\/portaltela.pt\/noticias\/2026\/03\/06\/montenegro-condena-ameacas-de-trump-a-espanha-mas-mantem-apoio-aos-eua\/\"]}]},{\"@type\":\"ImageObject\",\"inLanguage\":\"pt-PT\",\"@id\":\"https:\/\/portaltela.pt\/noticias\/2026\/03\/06\/montenegro-condena-ameacas-de-trump-a-espanha-mas-mantem-apoio-aos-eua\/#primaryimage\",\"url\":\"https:\/\/portaltela.pt\/s.01k8rhncp4jt1\/2026\/03\/2072260.jpg\",\"contentUrl\":\"https:\/\/portaltela.pt\/s.01k8rhncp4jt1\/2026\/03\/2072260.jpg\",\"width\":796,\"height\":448,\"caption\":\"O primeiro-ministro portugu\u00eas, Lu\u00eds Montenegro, e o primeiro-ministro espanhol, Pedro S\u00e1nchez\"},{\"@type\":\"BreadcrumbList\",\"@id\":\"https:\/\/portaltela.pt\/noticias\/2026\/03\/06\/montenegro-condena-ameacas-de-trump-a-espanha-mas-mantem-apoio-aos-eua\/#breadcrumb\",\"itemListElement\":[{\"@type\":\"ListItem\",\"position\":1,\"name\":\"In\u00edcio\",\"item\":\"https:\/\/portaltela.pt\/\"},{\"@type\":\"ListItem\",\"position\":2,\"name\":\"Montenegro condena amea\u00e7as de Trump a Espanha, mas mant\u00e9m apoio aos EUA\"}]},{\"@type\":\"WebSite\",\"@id\":\"https:\/\/portaltela.pt\/#website\",\"url\":\"https:\/\/portaltela.pt\/\",\"name\":\"Portal Tela Portugal\",\"description\":\"\",\"potentialAction\":[{\"@type\":\"SearchAction\",\"target\":{\"@type\":\"EntryPoint\",\"urlTemplate\":\"https:\/\/portaltela.pt\/?s={search_term_string}\"},\"query-input\":{\"@type\":\"PropertyValueSpecification\",\"valueRequired\":true,\"valueName\":\"search_term_string\"}}],\"inLanguage\":\"pt-PT\"},{\"@type\":\"Person\",\"@id\":\"https:\/\/portaltela.pt\/#\/schema\/person\/c4278d4a6028830caff9ee44b42d32ed\",\"name\":\"Telinha\",\"image\":{\"@type\":\"ImageObject\",\"inLanguage\":\"pt-PT\",\"@id\":\"https:\/\/portaltela.pt\/s.01k8rhncp4jt1\/2025\/11\/talking-bot-125x125.png\",\"url\":\"https:\/\/portaltela.pt\/s.01k8rhncp4jt1\/2025\/11\/talking-bot-125x125.png\",\"contentUrl\":\"https:\/\/portaltela.pt\/s.01k8rhncp4jt1\/2025\/11\/talking-bot-125x125.png\",\"caption\":\"Telinha\"},\"sameAs\":[\"https:\/\/portaltela.pt\/\"],\"url\":\"https:\/\/portaltela.pt\/por\/367410592786\/\"}]}<\/script>\n<!-- \/ Yoast SEO plugin. -->","yoast_head_json":{"title":"Montenegro condena amea\u00e7as de Trump a Espanha, mas mant\u00e9m apoio aos EUA - Portal Tela Portugal","robots":{"index":"index","follow":"follow","max-snippet":"max-snippet:-1","max-image-preview":"max-image-preview:large","max-video-preview":"max-video-preview:-1"},"og_locale":"pt_PT","og_type":"article","og_title":"Montenegro condena amea\u00e7as de Trump a Espanha, mas mant\u00e9m apoio aos EUA - Portal Tela Portugal","og_description":"Montenegro condena as amea\u00e7as de Trump a Espanha e afirma estar ao lado dos Estados Unidos. Dois pa\u00edses, Portugal e Espanha, encontraram-se numa universidade em Huelva para uma cimeira. O objetivo era articular coopera\u00e7\u00e3o face a fen\u00f3menos clim\u00e1ticos extremos. Montenegro sublinha amizade e coopera\u00e7\u00e3o total com Espanha, mantendo posi\u00e7\u00e3o de apoio aos EUA. O encontro acabou com o foco deslocado para o M\u00e9dio Oriente.","og_url":"https:\/\/portaltela.pt\/noticias\/2026\/03\/06\/montenegro-condena-ameacas-de-trump-a-espanha-mas-mantem-apoio-aos-eua\/","og_site_name":"Portal Tela Portugal","article_published_time":"2026-03-06T15:26:00+00:00","author":"Telinha","twitter_card":"summary_large_image","twitter_misc":{"Escrito por":"Telinha","Tempo estimado de leitura":"1 minuto"},"schema":{"@context":"https:\/\/schema.org","@graph":[{"@type":"Article","@id":"https:\/\/portaltela.pt\/noticias\/2026\/03\/06\/montenegro-condena-ameacas-de-trump-a-espanha-mas-mantem-apoio-aos-eua\/#article","isPartOf":{"@id":"https:\/\/portaltela.pt\/noticias\/2026\/03\/06\/montenegro-condena-ameacas-de-trump-a-espanha-mas-mantem-apoio-aos-eua\/"},"author":{"name":"Telinha","@id":"https:\/\/portaltela.pt\/#\/schema\/person\/c4278d4a6028830caff9ee44b42d32ed"},"headline":"Montenegro condena amea\u00e7as de Trump a Espanha, mas mant\u00e9m apoio aos EUA","datePublished":"2026-03-06T15:26:00+00:00","mainEntityOfPage":{"@id":"https:\/\/portaltela.pt\/noticias\/2026\/03\/06\/montenegro-condena-ameacas-de-trump-a-espanha-mas-mantem-apoio-aos-eua\/"},"wordCount":210,"image":{"@id":"https:\/\/portaltela.pt\/noticias\/2026\/03\/06\/montenegro-condena-ameacas-de-trump-a-espanha-mas-mantem-apoio-aos-eua\/#primaryimage"},"thumbnailUrl":"https:\/\/portaltela.pt\/s.01k8rhncp4jt1\/2026\/03\/2072260.jpg","keywords":["coopera\u00e7\u00e3o internacional","Espanha","Estados Unidos","Montenegro","Portugal","rela\u00e7\u00f5es internacionais"],"articleSection":["Internacional","Not\u00edcias"],"inLanguage":"pt-PT"},{"@type":"WebPage","@id":"https:\/\/portaltela.pt\/noticias\/2026\/03\/06\/montenegro-condena-ameacas-de-trump-a-espanha-mas-mantem-apoio-aos-eua\/","url":"https:\/\/portaltela.pt\/noticias\/2026\/03\/06\/montenegro-condena-ameacas-de-trump-a-espanha-mas-mantem-apoio-aos-eua\/","name":"Montenegro condena amea\u00e7as de Trump a Espanha, mas mant\u00e9m apoio aos EUA - Portal Tela Portugal","isPartOf":{"@id":"https:\/\/portaltela.pt\/#website"},"primaryImageOfPage":{"@id":"https:\/\/portaltela.pt\/noticias\/2026\/03\/06\/montenegro-condena-ameacas-de-trump-a-espanha-mas-mantem-apoio-aos-eua\/#primaryimage"},"image":{"@id":"https:\/\/portaltela.pt\/noticias\/2026\/03\/06\/montenegro-condena-ameacas-de-trump-a-espanha-mas-mantem-apoio-aos-eua\/#primaryimage"},"thumbnailUrl":"https:\/\/portaltela.pt\/s.01k8rhncp4jt1\/2026\/03\/2072260.jpg","datePublished":"2026-03-06T15:26:00+00:00","author":{"@id":"https:\/\/portaltela.pt\/#\/schema\/person\/c4278d4a6028830caff9ee44b42d32ed"},"breadcrumb":{"@id":"https:\/\/portaltela.pt\/noticias\/2026\/03\/06\/montenegro-condena-ameacas-de-trump-a-espanha-mas-mantem-apoio-aos-eua\/#breadcrumb"},"inLanguage":"pt-PT","potentialAction":[{"@type":"ReadAction","target":["https:\/\/portaltela.pt\/noticias\/2026\/03\/06\/montenegro-condena-ameacas-de-trump-a-espanha-mas-mantem-apoio-aos-eua\/"]}]},{"@type":"ImageObject","inLanguage":"pt-PT","@id":"https:\/\/portaltela.pt\/noticias\/2026\/03\/06\/montenegro-condena-ameacas-de-trump-a-espanha-mas-mantem-apoio-aos-eua\/#primaryimage","url":"https:\/\/portaltela.pt\/s.01k8rhncp4jt1\/2026\/03\/2072260.jpg","contentUrl":"https:\/\/portaltela.pt\/s.01k8rhncp4jt1\/2026\/03\/2072260.jpg","width":796,"height":448,"caption":"O primeiro-ministro portugu\u00eas, Lu\u00eds Montenegro, e o primeiro-ministro espanhol, Pedro S\u00e1nchez"},{"@type":"BreadcrumbList","@id":"https:\/\/portaltela.pt\/noticias\/2026\/03\/06\/montenegro-condena-ameacas-de-trump-a-espanha-mas-mantem-apoio-aos-eua\/#breadcrumb","itemListElement":[{"@type":"ListItem","position":1,"name":"In\u00edcio","item":"https:\/\/portaltela.pt\/"},{"@type":"ListItem","position":2,"name":"Montenegro condena amea\u00e7as de Trump a Espanha, mas mant\u00e9m apoio aos EUA"}]},{"@type":"WebSite","@id":"https:\/\/portaltela.pt\/#website","url":"https:\/\/portaltela.pt\/","name":"Portal Tela Portugal","description":"","potentialAction":[{"@type":"SearchAction","target":{"@type":"EntryPoint","urlTemplate":"https:\/\/portaltela.pt\/?s={search_term_string}"},"query-input":{"@type":"PropertyValueSpecification","valueRequired":true,"valueName":"search_term_string"}}],"inLanguage":"pt-PT"},{"@type":"Person","@id":"https:\/\/portaltela.pt\/#\/schema\/person\/c4278d4a6028830caff9ee44b42d32ed","name":"Telinha","image":{"@type":"ImageObject","inLanguage":"pt-PT","@id":"https:\/\/portaltela.pt\/s.01k8rhncp4jt1\/2025\/11\/talking-bot-125x125.png","url":"https:\/\/portaltela.pt\/s.01k8rhncp4jt1\/2025\/11\/talking-bot-125x125.png","contentUrl":"https:\/\/portaltela.pt\/s.01k8rhncp4jt1\/2025\/11\/talking-bot-125x125.png","caption":"Telinha"},"sameAs":["https:\/\/portaltela.pt\/"],"url":"https:\/\/portaltela.pt\/por\/367410592786\/"}]}},"_links":{"self":[{"href":"https:\/\/portaltela.pt\/api\/wp\/v2\/posts\/400316","targetHints":{"allow":["GET"]}}],"collection":[{"href":"https:\/\/portaltela.pt\/api\/wp\/v2\/posts"}],"about":[{"href":"https:\/\/portaltela.pt\/api\/wp\/v2\/types\/post"}],"author":[{"embeddable":true,"href":"https:\/\/portaltela.pt\/api\/wp\/v2\/users\/2"}],"replies":[{"embeddable":true,"href":"https:\/\/portaltela.pt\/api\/wp\/v2\/comments?post=400316"}],"version-history":[{"count":0,"href":"https:\/\/portaltela.pt\/api\/wp\/v2\/posts\/400316\/revisions"}],"wp:featuredmedia":[{"embeddable":true,"href":"https:\/\/portaltela.pt\/api\/wp\/v2\/media\/400319"}],"wp:attachment":[{"href":"https:\/\/portaltela.pt\/api\/wp\/v2\/media?parent=400316"}],"wp:term":[{"taxonomy":"category","embeddable":true,"href":"https:\/\/portaltela.pt\/api\/wp\/v2\/categories?post=400316"},{"taxonomy":"post_tag","embeddable":true,"href":"https:\/\/portaltela.pt\/api\/wp\/v2\/tags?post=400316"}],"curies":[{"name":"wp","href":"https:\/\/api.w.org\/{rel}","templated":true}]}}