{"id":400308,"date":"2026-03-06T12:23:31","date_gmt":"2026-03-06T15:23:31","guid":{"rendered":"https:\/\/portaltela.pt\/noticias\/2026\/03\/06\/idoso-detido-em-braganca-com-900-doses-de-droga-fica-em-prisao-preventiva\/"},"modified":"2026-03-06T12:23:31","modified_gmt":"2026-03-06T15:23:31","slug":"idoso-detido-em-braganca-com-900-doses-de-droga-fica-em-prisao-preventiva","status":"publish","type":"post","link":"https:\/\/portaltela.pt\/noticias\/politica\/2026\/03\/06\/idoso-detido-em-braganca-com-900-doses-de-droga-fica-em-prisao-preventiva\/","title":{"rendered":"Idoso detido em Bragan\u00e7a com 900 doses de droga fica em pris\u00e3o preventiva"},"content":{"rendered":"<p>Um homem de 77 anos foi detido em Bragan\u00e7a, na quarta-feira, na sequ\u00eancia de uma fiscaliza\u00e7\u00e3o rodovi\u00e1ria. A posse de quase 900 doses de droga motivou a interven\u00e7\u00e3o da PSP e a pris\u00e3o preventiva.<\/p>\n<p>Durante a abordagem, o suspeito evidenciou nervosismo e tentou fugir com o ve\u00edculo, tendo sido imediatamente interceptado pelos agentes. N\u00e3o houve sucesso na fuga.<\/p>\n<p>A Pol\u00edcia Judici\u00e1ria apreendeu na opera\u00e7\u00e3o 527,8 doses de hero\u00edna e 340,75 doses de coca\u00edna. Al\u00e9m da droga, foi apreendida uma arma de fogo modificada (ca\u00e7adeira de canos serrados), muni\u00e7\u00f5es e material de prepara\u00e7\u00e3o e acondicionamento para tr\u00e1fico.<\/p>\n<p>Para al\u00e9m disso, foram apreendidos v\u00e1rios objetos, como cabo de madeira, foice, caixa com ferramentas e p\u00e9 de cabra, por falta de prova da respetiva aquisi\u00e7\u00e3o. O caso est\u00e1 a ser investigado pela PSP de Bragan\u00e7a.<\/p>\n<p>O suspeito foi presente a primeiro interrogat\u00f3rio na quinta-feira, tendo-lhe sido aplicada a medida de coa\u00e7\u00e3o mais grave, pris\u00e3o preventiva.<\/p>\n","protected":false},"excerpt":{"rendered":"<ul>\n<li>Um homem de 77 anos foi detido em Bragan\u00e7a por posse de quase 900 doses de droga (527,8 doses de hero\u00edna e 340,75 de coca\u00edna).<\/li>\n<li>A deten\u00e7\u00e3o ocorreu durante uma fiscaliza\u00e7\u00e3o rodovi\u00e1ria, ap\u00f3s o suspeito evidenciar nervosismo e tentar fugir com o ve\u00edculo.<\/li>\n<li>Al\u00e9m da droga, a PSP apreendeu uma arma de fogo modificada (ca\u00e7adeira de canos serrados), muni\u00e7\u00f5es, bem como material de prepara\u00e7\u00e3o e operacionaliza\u00e7\u00e3o de tr\u00e1fico de droga.<\/li>\n<li>Foram ainda apreendidos v\u00e1rios objetos, como cabo de madeira, foice, caixa com ferramentas e p\u00e9 de cabra, por falta de prova da aquisi\u00e7\u00e3o.<\/li>\n<li>O suspeito foi presente a primeiro interrogat\u00f3rio e ficou em pris\u00e3o preventiva.<\/li>\n<\/ul>\n","protected":false},"author":2,"featured_media":400312,"comment_status":"closed","ping_status":"closed","sticky":false,"template":"","format":"standard","meta":{"footnotes":""},"categories":[1,5],"tags":[124,906,3699,147,3697,96],"class_list":["post-400308","post","type-post","status-publish","format-standard","has-post-thumbnail","hentry","category-noticias","category-politica","tag-arma-de-fogo","tag-braganca","tag-cocaina","tag-crime","tag-heroina","tag-trafico-de-droga"],"yoast_head":"<!-- This site is optimized with the Yoast SEO plugin v27.2 - https:\/\/yoast.com\/product\/yoast-seo-wordpress\/ -->\n<title>Idoso detido em Bragan\u00e7a com 900 doses de droga fica em pris\u00e3o preventiva - Portal Tela Portugal<\/title>\n<meta name=\"robots\" content=\"index, follow, max-snippet:-1, max-image-preview:large, max-video-preview:-1\" \/>\n<meta property=\"og:locale\" content=\"pt_PT\" \/>\n<meta property=\"og:type\" content=\"article\" \/>\n<meta property=\"og:title\" content=\"Idoso detido em Bragan\u00e7a com 900 doses de droga fica em pris\u00e3o preventiva - Portal Tela Portugal\" \/>\n<meta property=\"og:description\" content=\"Um homem de 77 anos foi detido em Bragan\u00e7a por posse de quase 900 doses de droga (527,8 doses de hero\u00edna e 340,75 de coca\u00edna). A deten\u00e7\u00e3o ocorreu durante uma fiscaliza\u00e7\u00e3o rodovi\u00e1ria, ap\u00f3s o suspeito evidenciar nervosismo e tentar fugir com o ve\u00edculo. Al\u00e9m da droga, a PSP apreendeu uma arma de fogo modificada (ca\u00e7adeira de canos serrados), muni\u00e7\u00f5es, bem como material de prepara\u00e7\u00e3o e operacionaliza\u00e7\u00e3o de tr\u00e1fico de droga. Foram ainda apreendidos v\u00e1rios objetos, como cabo de madeira, foice, caixa com ferramentas e p\u00e9 de cabra, por falta de prova da aquisi\u00e7\u00e3o. O suspeito foi presente a primeiro interrogat\u00f3rio e ficou em pris\u00e3o preventiva.\" \/>\n<meta property=\"og:url\" content=\"https:\/\/portaltela.pt\/noticias\/2026\/03\/06\/idoso-detido-em-braganca-com-900-doses-de-droga-fica-em-prisao-preventiva\/\" \/>\n<meta property=\"og:site_name\" content=\"Portal Tela Portugal\" \/>\n<meta property=\"article:published_time\" content=\"2026-03-06T15:23:31+00:00\" \/>\n<meta name=\"author\" content=\"Telinha\" \/>\n<meta name=\"twitter:card\" content=\"summary_large_image\" \/>\n<meta name=\"twitter:label1\" content=\"Escrito por\" \/>\n\t<meta name=\"twitter:data1\" content=\"Telinha\" \/>\n\t<meta name=\"twitter:label2\" content=\"Tempo estimado de leitura\" \/>\n\t<meta name=\"twitter:data2\" content=\"1 minuto\" \/>\n<script type=\"application\/ld+json\" class=\"yoast-schema-graph\">{\"@context\":\"https:\/\/schema.org\",\"@graph\":[{\"@type\":\"Article\",\"@id\":\"https:\/\/portaltela.pt\/noticias\/2026\/03\/06\/idoso-detido-em-braganca-com-900-doses-de-droga-fica-em-prisao-preventiva\/#article\",\"isPartOf\":{\"@id\":\"https:\/\/portaltela.pt\/noticias\/2026\/03\/06\/idoso-detido-em-braganca-com-900-doses-de-droga-fica-em-prisao-preventiva\/\"},\"author\":{\"name\":\"Telinha\",\"@id\":\"https:\/\/portaltela.pt\/#\/schema\/person\/c4278d4a6028830caff9ee44b42d32ed\"},\"headline\":\"Idoso detido em Bragan\u00e7a com 900 doses de droga fica em pris\u00e3o preventiva\",\"datePublished\":\"2026-03-06T15:23:31+00:00\",\"mainEntityOfPage\":{\"@id\":\"https:\/\/portaltela.pt\/noticias\/2026\/03\/06\/idoso-detido-em-braganca-com-900-doses-de-droga-fica-em-prisao-preventiva\/\"},\"wordCount\":187,\"image\":{\"@id\":\"https:\/\/portaltela.pt\/noticias\/2026\/03\/06\/idoso-detido-em-braganca-com-900-doses-de-droga-fica-em-prisao-preventiva\/#primaryimage\"},\"thumbnailUrl\":\"https:\/\/portaltela.pt\/s.01k8rhncp4jt1\/2026\/03\/img_1500x1000uu2022-11-01-16-37-29-1196485.jpg\",\"keywords\":[\"arma de fogo\",\"Bragan\u00e7a\",\"coca\u00edna\",\"crime\",\"hero\u00edna\",\"tr\u00e1fico de droga\"],\"articleSection\":[\"Not\u00edcias\",\"Pol\u00edtica\"],\"inLanguage\":\"pt-PT\"},{\"@type\":\"WebPage\",\"@id\":\"https:\/\/portaltela.pt\/noticias\/2026\/03\/06\/idoso-detido-em-braganca-com-900-doses-de-droga-fica-em-prisao-preventiva\/\",\"url\":\"https:\/\/portaltela.pt\/noticias\/2026\/03\/06\/idoso-detido-em-braganca-com-900-doses-de-droga-fica-em-prisao-preventiva\/\",\"name\":\"Idoso detido em Bragan\u00e7a com 900 doses de droga fica em pris\u00e3o preventiva - Portal Tela Portugal\",\"isPartOf\":{\"@id\":\"https:\/\/portaltela.pt\/#website\"},\"primaryImageOfPage\":{\"@id\":\"https:\/\/portaltela.pt\/noticias\/2026\/03\/06\/idoso-detido-em-braganca-com-900-doses-de-droga-fica-em-prisao-preventiva\/#primaryimage\"},\"image\":{\"@id\":\"https:\/\/portaltela.pt\/noticias\/2026\/03\/06\/idoso-detido-em-braganca-com-900-doses-de-droga-fica-em-prisao-preventiva\/#primaryimage\"},\"thumbnailUrl\":\"https:\/\/portaltela.pt\/s.01k8rhncp4jt1\/2026\/03\/img_1500x1000uu2022-11-01-16-37-29-1196485.jpg\",\"datePublished\":\"2026-03-06T15:23:31+00:00\",\"author\":{\"@id\":\"https:\/\/portaltela.pt\/#\/schema\/person\/c4278d4a6028830caff9ee44b42d32ed\"},\"breadcrumb\":{\"@id\":\"https:\/\/portaltela.pt\/noticias\/2026\/03\/06\/idoso-detido-em-braganca-com-900-doses-de-droga-fica-em-prisao-preventiva\/#breadcrumb\"},\"inLanguage\":\"pt-PT\",\"potentialAction\":[{\"@type\":\"ReadAction\",\"target\":[\"https:\/\/portaltela.pt\/noticias\/2026\/03\/06\/idoso-detido-em-braganca-com-900-doses-de-droga-fica-em-prisao-preventiva\/\"]}]},{\"@type\":\"ImageObject\",\"inLanguage\":\"pt-PT\",\"@id\":\"https:\/\/portaltela.pt\/noticias\/2026\/03\/06\/idoso-detido-em-braganca-com-900-doses-de-droga-fica-em-prisao-preventiva\/#primaryimage\",\"url\":\"https:\/\/portaltela.pt\/s.01k8rhncp4jt1\/2026\/03\/img_1500x1000uu2022-11-01-16-37-29-1196485.jpg\",\"contentUrl\":\"https:\/\/portaltela.pt\/s.01k8rhncp4jt1\/2026\/03\/img_1500x1000uu2022-11-01-16-37-29-1196485.jpg\",\"width\":796,\"height\":448,\"caption\":\"PSP\"},{\"@type\":\"BreadcrumbList\",\"@id\":\"https:\/\/portaltela.pt\/noticias\/2026\/03\/06\/idoso-detido-em-braganca-com-900-doses-de-droga-fica-em-prisao-preventiva\/#breadcrumb\",\"itemListElement\":[{\"@type\":\"ListItem\",\"position\":1,\"name\":\"In\u00edcio\",\"item\":\"https:\/\/portaltela.pt\/\"},{\"@type\":\"ListItem\",\"position\":2,\"name\":\"Idoso detido em Bragan\u00e7a com 900 doses de droga fica em pris\u00e3o preventiva\"}]},{\"@type\":\"WebSite\",\"@id\":\"https:\/\/portaltela.pt\/#website\",\"url\":\"https:\/\/portaltela.pt\/\",\"name\":\"Portal Tela Portugal\",\"description\":\"\",\"potentialAction\":[{\"@type\":\"SearchAction\",\"target\":{\"@type\":\"EntryPoint\",\"urlTemplate\":\"https:\/\/portaltela.pt\/?s={search_term_string}\"},\"query-input\":{\"@type\":\"PropertyValueSpecification\",\"valueRequired\":true,\"valueName\":\"search_term_string\"}}],\"inLanguage\":\"pt-PT\"},{\"@type\":\"Person\",\"@id\":\"https:\/\/portaltela.pt\/#\/schema\/person\/c4278d4a6028830caff9ee44b42d32ed\",\"name\":\"Telinha\",\"image\":{\"@type\":\"ImageObject\",\"inLanguage\":\"pt-PT\",\"@id\":\"https:\/\/portaltela.pt\/s.01k8rhncp4jt1\/2025\/11\/talking-bot-125x125.png\",\"url\":\"https:\/\/portaltela.pt\/s.01k8rhncp4jt1\/2025\/11\/talking-bot-125x125.png\",\"contentUrl\":\"https:\/\/portaltela.pt\/s.01k8rhncp4jt1\/2025\/11\/talking-bot-125x125.png\",\"caption\":\"Telinha\"},\"sameAs\":[\"https:\/\/portaltela.pt\/\"],\"url\":\"https:\/\/portaltela.pt\/por\/367410592786\/\"}]}<\/script>\n<!-- \/ Yoast SEO plugin. -->","yoast_head_json":{"title":"Idoso detido em Bragan\u00e7a com 900 doses de droga fica em pris\u00e3o preventiva - Portal Tela Portugal","robots":{"index":"index","follow":"follow","max-snippet":"max-snippet:-1","max-image-preview":"max-image-preview:large","max-video-preview":"max-video-preview:-1"},"og_locale":"pt_PT","og_type":"article","og_title":"Idoso detido em Bragan\u00e7a com 900 doses de droga fica em pris\u00e3o preventiva - Portal Tela Portugal","og_description":"Um homem de 77 anos foi detido em Bragan\u00e7a por posse de quase 900 doses de droga (527,8 doses de hero\u00edna e 340,75 de coca\u00edna). A deten\u00e7\u00e3o ocorreu durante uma fiscaliza\u00e7\u00e3o rodovi\u00e1ria, ap\u00f3s o suspeito evidenciar nervosismo e tentar fugir com o ve\u00edculo. Al\u00e9m da droga, a PSP apreendeu uma arma de fogo modificada (ca\u00e7adeira de canos serrados), muni\u00e7\u00f5es, bem como material de prepara\u00e7\u00e3o e operacionaliza\u00e7\u00e3o de tr\u00e1fico de droga. Foram ainda apreendidos v\u00e1rios objetos, como cabo de madeira, foice, caixa com ferramentas e p\u00e9 de cabra, por falta de prova da aquisi\u00e7\u00e3o. O suspeito foi presente a primeiro interrogat\u00f3rio e ficou em pris\u00e3o preventiva.","og_url":"https:\/\/portaltela.pt\/noticias\/2026\/03\/06\/idoso-detido-em-braganca-com-900-doses-de-droga-fica-em-prisao-preventiva\/","og_site_name":"Portal Tela Portugal","article_published_time":"2026-03-06T15:23:31+00:00","author":"Telinha","twitter_card":"summary_large_image","twitter_misc":{"Escrito por":"Telinha","Tempo estimado de leitura":"1 minuto"},"schema":{"@context":"https:\/\/schema.org","@graph":[{"@type":"Article","@id":"https:\/\/portaltela.pt\/noticias\/2026\/03\/06\/idoso-detido-em-braganca-com-900-doses-de-droga-fica-em-prisao-preventiva\/#article","isPartOf":{"@id":"https:\/\/portaltela.pt\/noticias\/2026\/03\/06\/idoso-detido-em-braganca-com-900-doses-de-droga-fica-em-prisao-preventiva\/"},"author":{"name":"Telinha","@id":"https:\/\/portaltela.pt\/#\/schema\/person\/c4278d4a6028830caff9ee44b42d32ed"},"headline":"Idoso detido em Bragan\u00e7a com 900 doses de droga fica em pris\u00e3o preventiva","datePublished":"2026-03-06T15:23:31+00:00","mainEntityOfPage":{"@id":"https:\/\/portaltela.pt\/noticias\/2026\/03\/06\/idoso-detido-em-braganca-com-900-doses-de-droga-fica-em-prisao-preventiva\/"},"wordCount":187,"image":{"@id":"https:\/\/portaltela.pt\/noticias\/2026\/03\/06\/idoso-detido-em-braganca-com-900-doses-de-droga-fica-em-prisao-preventiva\/#primaryimage"},"thumbnailUrl":"https:\/\/portaltela.pt\/s.01k8rhncp4jt1\/2026\/03\/img_1500x1000uu2022-11-01-16-37-29-1196485.jpg","keywords":["arma de fogo","Bragan\u00e7a","coca\u00edna","crime","hero\u00edna","tr\u00e1fico de droga"],"articleSection":["Not\u00edcias","Pol\u00edtica"],"inLanguage":"pt-PT"},{"@type":"WebPage","@id":"https:\/\/portaltela.pt\/noticias\/2026\/03\/06\/idoso-detido-em-braganca-com-900-doses-de-droga-fica-em-prisao-preventiva\/","url":"https:\/\/portaltela.pt\/noticias\/2026\/03\/06\/idoso-detido-em-braganca-com-900-doses-de-droga-fica-em-prisao-preventiva\/","name":"Idoso detido em Bragan\u00e7a com 900 doses de droga fica em pris\u00e3o preventiva - Portal Tela Portugal","isPartOf":{"@id":"https:\/\/portaltela.pt\/#website"},"primaryImageOfPage":{"@id":"https:\/\/portaltela.pt\/noticias\/2026\/03\/06\/idoso-detido-em-braganca-com-900-doses-de-droga-fica-em-prisao-preventiva\/#primaryimage"},"image":{"@id":"https:\/\/portaltela.pt\/noticias\/2026\/03\/06\/idoso-detido-em-braganca-com-900-doses-de-droga-fica-em-prisao-preventiva\/#primaryimage"},"thumbnailUrl":"https:\/\/portaltela.pt\/s.01k8rhncp4jt1\/2026\/03\/img_1500x1000uu2022-11-01-16-37-29-1196485.jpg","datePublished":"2026-03-06T15:23:31+00:00","author":{"@id":"https:\/\/portaltela.pt\/#\/schema\/person\/c4278d4a6028830caff9ee44b42d32ed"},"breadcrumb":{"@id":"https:\/\/portaltela.pt\/noticias\/2026\/03\/06\/idoso-detido-em-braganca-com-900-doses-de-droga-fica-em-prisao-preventiva\/#breadcrumb"},"inLanguage":"pt-PT","potentialAction":[{"@type":"ReadAction","target":["https:\/\/portaltela.pt\/noticias\/2026\/03\/06\/idoso-detido-em-braganca-com-900-doses-de-droga-fica-em-prisao-preventiva\/"]}]},{"@type":"ImageObject","inLanguage":"pt-PT","@id":"https:\/\/portaltela.pt\/noticias\/2026\/03\/06\/idoso-detido-em-braganca-com-900-doses-de-droga-fica-em-prisao-preventiva\/#primaryimage","url":"https:\/\/portaltela.pt\/s.01k8rhncp4jt1\/2026\/03\/img_1500x1000uu2022-11-01-16-37-29-1196485.jpg","contentUrl":"https:\/\/portaltela.pt\/s.01k8rhncp4jt1\/2026\/03\/img_1500x1000uu2022-11-01-16-37-29-1196485.jpg","width":796,"height":448,"caption":"PSP"},{"@type":"BreadcrumbList","@id":"https:\/\/portaltela.pt\/noticias\/2026\/03\/06\/idoso-detido-em-braganca-com-900-doses-de-droga-fica-em-prisao-preventiva\/#breadcrumb","itemListElement":[{"@type":"ListItem","position":1,"name":"In\u00edcio","item":"https:\/\/portaltela.pt\/"},{"@type":"ListItem","position":2,"name":"Idoso detido em Bragan\u00e7a com 900 doses de droga fica em pris\u00e3o preventiva"}]},{"@type":"WebSite","@id":"https:\/\/portaltela.pt\/#website","url":"https:\/\/portaltela.pt\/","name":"Portal Tela Portugal","description":"","potentialAction":[{"@type":"SearchAction","target":{"@type":"EntryPoint","urlTemplate":"https:\/\/portaltela.pt\/?s={search_term_string}"},"query-input":{"@type":"PropertyValueSpecification","valueRequired":true,"valueName":"search_term_string"}}],"inLanguage":"pt-PT"},{"@type":"Person","@id":"https:\/\/portaltela.pt\/#\/schema\/person\/c4278d4a6028830caff9ee44b42d32ed","name":"Telinha","image":{"@type":"ImageObject","inLanguage":"pt-PT","@id":"https:\/\/portaltela.pt\/s.01k8rhncp4jt1\/2025\/11\/talking-bot-125x125.png","url":"https:\/\/portaltela.pt\/s.01k8rhncp4jt1\/2025\/11\/talking-bot-125x125.png","contentUrl":"https:\/\/portaltela.pt\/s.01k8rhncp4jt1\/2025\/11\/talking-bot-125x125.png","caption":"Telinha"},"sameAs":["https:\/\/portaltela.pt\/"],"url":"https:\/\/portaltela.pt\/por\/367410592786\/"}]}},"_links":{"self":[{"href":"https:\/\/portaltela.pt\/api\/wp\/v2\/posts\/400308","targetHints":{"allow":["GET"]}}],"collection":[{"href":"https:\/\/portaltela.pt\/api\/wp\/v2\/posts"}],"about":[{"href":"https:\/\/portaltela.pt\/api\/wp\/v2\/types\/post"}],"author":[{"embeddable":true,"href":"https:\/\/portaltela.pt\/api\/wp\/v2\/users\/2"}],"replies":[{"embeddable":true,"href":"https:\/\/portaltela.pt\/api\/wp\/v2\/comments?post=400308"}],"version-history":[{"count":0,"href":"https:\/\/portaltela.pt\/api\/wp\/v2\/posts\/400308\/revisions"}],"wp:featuredmedia":[{"embeddable":true,"href":"https:\/\/portaltela.pt\/api\/wp\/v2\/media\/400312"}],"wp:attachment":[{"href":"https:\/\/portaltela.pt\/api\/wp\/v2\/media?parent=400308"}],"wp:term":[{"taxonomy":"category","embeddable":true,"href":"https:\/\/portaltela.pt\/api\/wp\/v2\/categories?post=400308"},{"taxonomy":"post_tag","embeddable":true,"href":"https:\/\/portaltela.pt\/api\/wp\/v2\/tags?post=400308"}],"curies":[{"name":"wp","href":"https:\/\/api.w.org\/{rel}","templated":true}]}}