{"id":400302,"date":"2026-03-06T12:26:54","date_gmt":"2026-03-06T15:26:54","guid":{"rendered":"https:\/\/portaltela.pt\/noticias\/2026\/03\/06\/pedro-porro-envolve-se-em-incidente-no-banco-apos-substituicao\/"},"modified":"2026-03-06T12:26:54","modified_gmt":"2026-03-06T15:26:54","slug":"pedro-porro-envolve-se-em-incidente-no-banco-apos-substituicao","status":"publish","type":"post","link":"https:\/\/portaltela.pt\/desporto\/futebol\/2026\/03\/06\/pedro-porro-envolve-se-em-incidente-no-banco-apos-substituicao\/","title":{"rendered":"Pedro Porro envolve-se em incidente no banco ap\u00f3s substitui\u00e7\u00e3o"},"content":{"rendered":"<p>Futebol. O Tottenham perdeu por 3-1 frente ao Crystal Palace, em jogo da liga inglesa, com o resultado a surgir aos 74 minutos. Pedro Porro, que jogava como lateral direito, foi substitu\u00eddo e deixou o banco de suplentes de forma abrupta.<\/p>\n<p>Segundo relatos, Porro n\u00e3o participou de mais a\u00e7\u00f5es ap\u00f3s abandonar o terreno. Xavi Simons entrou no lugar do espanhol, que j\u00e1 vinha a sofrer press\u00e3o pela equipa advers\u00e1ria ao longo do encontro. O lance foi acompanhado por imagens de c\u00e2maras oficiais.<\/p>\n<h3>Incidente no banco de suplentes<\/h3>\n<p>Ap\u00f3s regressar \u00e0 linha lateral, o antigo jogador do Sporting desfez a sua frustra\u00e7\u00e3o com agress\u00f5es simb\u00f3licas ao banco de suplentes. N\u00e3o houve confirma\u00e7\u00e3o de contus\u00f5es p\u00fablicas nem de consequ\u00eancias disciplinares j\u00e1 comunicadas pela organiza\u00e7\u00e3o.<\/p>\n<p>A partida decorreu no est\u00e1dio do Tottenham, em Londres, numa tarde de presente rendimento para a equipa da casa. A derrota mant\u00e9m o Tottenham no meio da tabela, enquanto o Palace consolidou a sua posi\u00e7\u00e3o na parte superior da classifica\u00e7\u00e3o.<\/p>\n","protected":false},"excerpt":{"rendered":"<ul>\n<li>O Tottenham perdeu por 1-3 frente ao Crystal Palace, com Pedro Porro substitu\u00eddo aos 74 minutos.<\/li>\n<li>O antigo lateral do Sporting deixou o relvado pouco depois da mudan\u00e7a de jogador.<\/li>\n<li>Xavi Simons entrou para o lugar de Porro.<\/li>\n<li>No banco de suplentes, Porro mostrou-se agitado, tendo desferido v\u00e1rios golpes na bancada.<\/li>\n<\/ul>\n","protected":false},"author":2,"featured_media":400304,"comment_status":"closed","ping_status":"closed","sticky":false,"template":"","format":"standard","meta":{"footnotes":""},"categories":[21,24],"tags":[2079,2840,152,32,2376,3369],"class_list":["post-400302","post","type-post","status-publish","format-standard","has-post-thumbnail","hentry","category-desporto","category-futebol","tag-agressoes","tag-crystal-palace","tag-desporto","tag-futebol","tag-londres","tag-premier-league"],"yoast_head":"<!-- This site is optimized with the Yoast SEO plugin v27.2 - https:\/\/yoast.com\/product\/yoast-seo-wordpress\/ -->\n<title>Pedro Porro envolve-se em incidente no banco ap\u00f3s substitui\u00e7\u00e3o - Portal Tela Portugal<\/title>\n<meta name=\"robots\" content=\"index, follow, max-snippet:-1, max-image-preview:large, max-video-preview:-1\" \/>\n<meta property=\"og:locale\" content=\"pt_PT\" \/>\n<meta property=\"og:type\" content=\"article\" \/>\n<meta property=\"og:title\" content=\"Pedro Porro envolve-se em incidente no banco ap\u00f3s substitui\u00e7\u00e3o - Portal Tela Portugal\" \/>\n<meta property=\"og:description\" content=\"O Tottenham perdeu por 1-3 frente ao Crystal Palace, com Pedro Porro substitu\u00eddo aos 74 minutos. O antigo lateral do Sporting deixou o relvado pouco depois da mudan\u00e7a de jogador. Xavi Simons entrou para o lugar de Porro. No banco de suplentes, Porro mostrou-se agitado, tendo desferido v\u00e1rios golpes na bancada.\" \/>\n<meta property=\"og:url\" content=\"https:\/\/portaltela.pt\/noticias\/2026\/03\/06\/pedro-porro-envolve-se-em-incidente-no-banco-apos-substituicao\/\" \/>\n<meta property=\"og:site_name\" content=\"Portal Tela Portugal\" \/>\n<meta property=\"article:published_time\" content=\"2026-03-06T15:26:54+00:00\" \/>\n<meta name=\"author\" content=\"Telinha\" \/>\n<meta name=\"twitter:card\" content=\"summary_large_image\" \/>\n<meta name=\"twitter:label1\" content=\"Escrito por\" \/>\n\t<meta name=\"twitter:data1\" content=\"Telinha\" \/>\n\t<meta name=\"twitter:label2\" content=\"Tempo estimado de leitura\" \/>\n\t<meta name=\"twitter:data2\" content=\"1 minuto\" \/>\n<script type=\"application\/ld+json\" class=\"yoast-schema-graph\">{\"@context\":\"https:\/\/schema.org\",\"@graph\":[{\"@type\":\"Article\",\"@id\":\"https:\/\/portaltela.pt\/noticias\/2026\/03\/06\/pedro-porro-envolve-se-em-incidente-no-banco-apos-substituicao\/#article\",\"isPartOf\":{\"@id\":\"https:\/\/portaltela.pt\/noticias\/2026\/03\/06\/pedro-porro-envolve-se-em-incidente-no-banco-apos-substituicao\/\"},\"author\":{\"name\":\"Telinha\",\"@id\":\"https:\/\/portaltela.pt\/#\/schema\/person\/c4278d4a6028830caff9ee44b42d32ed\"},\"headline\":\"Pedro Porro envolve-se em incidente no banco ap\u00f3s substitui\u00e7\u00e3o\",\"datePublished\":\"2026-03-06T15:26:54+00:00\",\"mainEntityOfPage\":{\"@id\":\"https:\/\/portaltela.pt\/noticias\/2026\/03\/06\/pedro-porro-envolve-se-em-incidente-no-banco-apos-substituicao\/\"},\"wordCount\":192,\"image\":{\"@id\":\"https:\/\/portaltela.pt\/noticias\/2026\/03\/06\/pedro-porro-envolve-se-em-incidente-no-banco-apos-substituicao\/#primaryimage\"},\"thumbnailUrl\":\"https:\/\/portaltela.pt\/s.01k8rhncp4jt1\/2026\/03\/img_1200x721uu2026-03-06-15-24-34-2425258.jpg\",\"keywords\":[\"agress\u00f5es\",\"Crystal Palace\",\"desporto\",\"futebol\",\"Londres\",\"Premier League\"],\"articleSection\":[\"Desporto\",\"Futebol\"],\"inLanguage\":\"pt-PT\"},{\"@type\":\"WebPage\",\"@id\":\"https:\/\/portaltela.pt\/noticias\/2026\/03\/06\/pedro-porro-envolve-se-em-incidente-no-banco-apos-substituicao\/\",\"url\":\"https:\/\/portaltela.pt\/noticias\/2026\/03\/06\/pedro-porro-envolve-se-em-incidente-no-banco-apos-substituicao\/\",\"name\":\"Pedro Porro envolve-se em incidente no banco ap\u00f3s substitui\u00e7\u00e3o - Portal Tela Portugal\",\"isPartOf\":{\"@id\":\"https:\/\/portaltela.pt\/#website\"},\"primaryImageOfPage\":{\"@id\":\"https:\/\/portaltela.pt\/noticias\/2026\/03\/06\/pedro-porro-envolve-se-em-incidente-no-banco-apos-substituicao\/#primaryimage\"},\"image\":{\"@id\":\"https:\/\/portaltela.pt\/noticias\/2026\/03\/06\/pedro-porro-envolve-se-em-incidente-no-banco-apos-substituicao\/#primaryimage\"},\"thumbnailUrl\":\"https:\/\/portaltela.pt\/s.01k8rhncp4jt1\/2026\/03\/img_1200x721uu2026-03-06-15-24-34-2425258.jpg\",\"datePublished\":\"2026-03-06T15:26:54+00:00\",\"author\":{\"@id\":\"https:\/\/portaltela.pt\/#\/schema\/person\/c4278d4a6028830caff9ee44b42d32ed\"},\"breadcrumb\":{\"@id\":\"https:\/\/portaltela.pt\/noticias\/2026\/03\/06\/pedro-porro-envolve-se-em-incidente-no-banco-apos-substituicao\/#breadcrumb\"},\"inLanguage\":\"pt-PT\",\"potentialAction\":[{\"@type\":\"ReadAction\",\"target\":[\"https:\/\/portaltela.pt\/noticias\/2026\/03\/06\/pedro-porro-envolve-se-em-incidente-no-banco-apos-substituicao\/\"]}]},{\"@type\":\"ImageObject\",\"inLanguage\":\"pt-PT\",\"@id\":\"https:\/\/portaltela.pt\/noticias\/2026\/03\/06\/pedro-porro-envolve-se-em-incidente-no-banco-apos-substituicao\/#primaryimage\",\"url\":\"https:\/\/portaltela.pt\/s.01k8rhncp4jt1\/2026\/03\/img_1200x721uu2026-03-06-15-24-34-2425258.jpg\",\"contentUrl\":\"https:\/\/portaltela.pt\/s.01k8rhncp4jt1\/2026\/03\/img_1200x721uu2026-03-06-15-24-34-2425258.jpg\",\"width\":796,\"height\":448,\"caption\":\"Socos no banco de suplentes: Pedro Porro de cabe\u00e7a perdida ap\u00f3s ser substitu\u00eddo\"},{\"@type\":\"BreadcrumbList\",\"@id\":\"https:\/\/portaltela.pt\/noticias\/2026\/03\/06\/pedro-porro-envolve-se-em-incidente-no-banco-apos-substituicao\/#breadcrumb\",\"itemListElement\":[{\"@type\":\"ListItem\",\"position\":1,\"name\":\"In\u00edcio\",\"item\":\"https:\/\/portaltela.pt\/\"},{\"@type\":\"ListItem\",\"position\":2,\"name\":\"Pedro Porro envolve-se em incidente no banco ap\u00f3s substitui\u00e7\u00e3o\"}]},{\"@type\":\"WebSite\",\"@id\":\"https:\/\/portaltela.pt\/#website\",\"url\":\"https:\/\/portaltela.pt\/\",\"name\":\"Portal Tela Portugal\",\"description\":\"\",\"potentialAction\":[{\"@type\":\"SearchAction\",\"target\":{\"@type\":\"EntryPoint\",\"urlTemplate\":\"https:\/\/portaltela.pt\/?s={search_term_string}\"},\"query-input\":{\"@type\":\"PropertyValueSpecification\",\"valueRequired\":true,\"valueName\":\"search_term_string\"}}],\"inLanguage\":\"pt-PT\"},{\"@type\":\"Person\",\"@id\":\"https:\/\/portaltela.pt\/#\/schema\/person\/c4278d4a6028830caff9ee44b42d32ed\",\"name\":\"Telinha\",\"image\":{\"@type\":\"ImageObject\",\"inLanguage\":\"pt-PT\",\"@id\":\"https:\/\/portaltela.pt\/s.01k8rhncp4jt1\/2025\/11\/talking-bot-125x125.png\",\"url\":\"https:\/\/portaltela.pt\/s.01k8rhncp4jt1\/2025\/11\/talking-bot-125x125.png\",\"contentUrl\":\"https:\/\/portaltela.pt\/s.01k8rhncp4jt1\/2025\/11\/talking-bot-125x125.png\",\"caption\":\"Telinha\"},\"sameAs\":[\"https:\/\/portaltela.pt\/\"],\"url\":\"https:\/\/portaltela.pt\/por\/367410592786\/\"}]}<\/script>\n<!-- \/ Yoast SEO plugin. -->","yoast_head_json":{"title":"Pedro Porro envolve-se em incidente no banco ap\u00f3s substitui\u00e7\u00e3o - Portal Tela Portugal","robots":{"index":"index","follow":"follow","max-snippet":"max-snippet:-1","max-image-preview":"max-image-preview:large","max-video-preview":"max-video-preview:-1"},"og_locale":"pt_PT","og_type":"article","og_title":"Pedro Porro envolve-se em incidente no banco ap\u00f3s substitui\u00e7\u00e3o - Portal Tela Portugal","og_description":"O Tottenham perdeu por 1-3 frente ao Crystal Palace, com Pedro Porro substitu\u00eddo aos 74 minutos. O antigo lateral do Sporting deixou o relvado pouco depois da mudan\u00e7a de jogador. Xavi Simons entrou para o lugar de Porro. No banco de suplentes, Porro mostrou-se agitado, tendo desferido v\u00e1rios golpes na bancada.","og_url":"https:\/\/portaltela.pt\/noticias\/2026\/03\/06\/pedro-porro-envolve-se-em-incidente-no-banco-apos-substituicao\/","og_site_name":"Portal Tela Portugal","article_published_time":"2026-03-06T15:26:54+00:00","author":"Telinha","twitter_card":"summary_large_image","twitter_misc":{"Escrito por":"Telinha","Tempo estimado de leitura":"1 minuto"},"schema":{"@context":"https:\/\/schema.org","@graph":[{"@type":"Article","@id":"https:\/\/portaltela.pt\/noticias\/2026\/03\/06\/pedro-porro-envolve-se-em-incidente-no-banco-apos-substituicao\/#article","isPartOf":{"@id":"https:\/\/portaltela.pt\/noticias\/2026\/03\/06\/pedro-porro-envolve-se-em-incidente-no-banco-apos-substituicao\/"},"author":{"name":"Telinha","@id":"https:\/\/portaltela.pt\/#\/schema\/person\/c4278d4a6028830caff9ee44b42d32ed"},"headline":"Pedro Porro envolve-se em incidente no banco ap\u00f3s substitui\u00e7\u00e3o","datePublished":"2026-03-06T15:26:54+00:00","mainEntityOfPage":{"@id":"https:\/\/portaltela.pt\/noticias\/2026\/03\/06\/pedro-porro-envolve-se-em-incidente-no-banco-apos-substituicao\/"},"wordCount":192,"image":{"@id":"https:\/\/portaltela.pt\/noticias\/2026\/03\/06\/pedro-porro-envolve-se-em-incidente-no-banco-apos-substituicao\/#primaryimage"},"thumbnailUrl":"https:\/\/portaltela.pt\/s.01k8rhncp4jt1\/2026\/03\/img_1200x721uu2026-03-06-15-24-34-2425258.jpg","keywords":["agress\u00f5es","Crystal Palace","desporto","futebol","Londres","Premier League"],"articleSection":["Desporto","Futebol"],"inLanguage":"pt-PT"},{"@type":"WebPage","@id":"https:\/\/portaltela.pt\/noticias\/2026\/03\/06\/pedro-porro-envolve-se-em-incidente-no-banco-apos-substituicao\/","url":"https:\/\/portaltela.pt\/noticias\/2026\/03\/06\/pedro-porro-envolve-se-em-incidente-no-banco-apos-substituicao\/","name":"Pedro Porro envolve-se em incidente no banco ap\u00f3s substitui\u00e7\u00e3o - Portal Tela Portugal","isPartOf":{"@id":"https:\/\/portaltela.pt\/#website"},"primaryImageOfPage":{"@id":"https:\/\/portaltela.pt\/noticias\/2026\/03\/06\/pedro-porro-envolve-se-em-incidente-no-banco-apos-substituicao\/#primaryimage"},"image":{"@id":"https:\/\/portaltela.pt\/noticias\/2026\/03\/06\/pedro-porro-envolve-se-em-incidente-no-banco-apos-substituicao\/#primaryimage"},"thumbnailUrl":"https:\/\/portaltela.pt\/s.01k8rhncp4jt1\/2026\/03\/img_1200x721uu2026-03-06-15-24-34-2425258.jpg","datePublished":"2026-03-06T15:26:54+00:00","author":{"@id":"https:\/\/portaltela.pt\/#\/schema\/person\/c4278d4a6028830caff9ee44b42d32ed"},"breadcrumb":{"@id":"https:\/\/portaltela.pt\/noticias\/2026\/03\/06\/pedro-porro-envolve-se-em-incidente-no-banco-apos-substituicao\/#breadcrumb"},"inLanguage":"pt-PT","potentialAction":[{"@type":"ReadAction","target":["https:\/\/portaltela.pt\/noticias\/2026\/03\/06\/pedro-porro-envolve-se-em-incidente-no-banco-apos-substituicao\/"]}]},{"@type":"ImageObject","inLanguage":"pt-PT","@id":"https:\/\/portaltela.pt\/noticias\/2026\/03\/06\/pedro-porro-envolve-se-em-incidente-no-banco-apos-substituicao\/#primaryimage","url":"https:\/\/portaltela.pt\/s.01k8rhncp4jt1\/2026\/03\/img_1200x721uu2026-03-06-15-24-34-2425258.jpg","contentUrl":"https:\/\/portaltela.pt\/s.01k8rhncp4jt1\/2026\/03\/img_1200x721uu2026-03-06-15-24-34-2425258.jpg","width":796,"height":448,"caption":"Socos no banco de suplentes: Pedro Porro de cabe\u00e7a perdida ap\u00f3s ser substitu\u00eddo"},{"@type":"BreadcrumbList","@id":"https:\/\/portaltela.pt\/noticias\/2026\/03\/06\/pedro-porro-envolve-se-em-incidente-no-banco-apos-substituicao\/#breadcrumb","itemListElement":[{"@type":"ListItem","position":1,"name":"In\u00edcio","item":"https:\/\/portaltela.pt\/"},{"@type":"ListItem","position":2,"name":"Pedro Porro envolve-se em incidente no banco ap\u00f3s substitui\u00e7\u00e3o"}]},{"@type":"WebSite","@id":"https:\/\/portaltela.pt\/#website","url":"https:\/\/portaltela.pt\/","name":"Portal Tela Portugal","description":"","potentialAction":[{"@type":"SearchAction","target":{"@type":"EntryPoint","urlTemplate":"https:\/\/portaltela.pt\/?s={search_term_string}"},"query-input":{"@type":"PropertyValueSpecification","valueRequired":true,"valueName":"search_term_string"}}],"inLanguage":"pt-PT"},{"@type":"Person","@id":"https:\/\/portaltela.pt\/#\/schema\/person\/c4278d4a6028830caff9ee44b42d32ed","name":"Telinha","image":{"@type":"ImageObject","inLanguage":"pt-PT","@id":"https:\/\/portaltela.pt\/s.01k8rhncp4jt1\/2025\/11\/talking-bot-125x125.png","url":"https:\/\/portaltela.pt\/s.01k8rhncp4jt1\/2025\/11\/talking-bot-125x125.png","contentUrl":"https:\/\/portaltela.pt\/s.01k8rhncp4jt1\/2025\/11\/talking-bot-125x125.png","caption":"Telinha"},"sameAs":["https:\/\/portaltela.pt\/"],"url":"https:\/\/portaltela.pt\/por\/367410592786\/"}]}},"_links":{"self":[{"href":"https:\/\/portaltela.pt\/api\/wp\/v2\/posts\/400302","targetHints":{"allow":["GET"]}}],"collection":[{"href":"https:\/\/portaltela.pt\/api\/wp\/v2\/posts"}],"about":[{"href":"https:\/\/portaltela.pt\/api\/wp\/v2\/types\/post"}],"author":[{"embeddable":true,"href":"https:\/\/portaltela.pt\/api\/wp\/v2\/users\/2"}],"replies":[{"embeddable":true,"href":"https:\/\/portaltela.pt\/api\/wp\/v2\/comments?post=400302"}],"version-history":[{"count":0,"href":"https:\/\/portaltela.pt\/api\/wp\/v2\/posts\/400302\/revisions"}],"wp:featuredmedia":[{"embeddable":true,"href":"https:\/\/portaltela.pt\/api\/wp\/v2\/media\/400304"}],"wp:attachment":[{"href":"https:\/\/portaltela.pt\/api\/wp\/v2\/media?parent=400302"}],"wp:term":[{"taxonomy":"category","embeddable":true,"href":"https:\/\/portaltela.pt\/api\/wp\/v2\/categories?post=400302"},{"taxonomy":"post_tag","embeddable":true,"href":"https:\/\/portaltela.pt\/api\/wp\/v2\/tags?post=400302"}],"curies":[{"name":"wp","href":"https:\/\/api.w.org\/{rel}","templated":true}]}}