{"id":400293,"date":"2026-03-06T12:11:00","date_gmt":"2026-03-06T15:11:00","guid":{"rendered":"https:\/\/portaltela.pt\/noticias\/2026\/03\/06\/oito-ideias-em-familia-de-o-neill-a-arte-dos-chocolates\/"},"modified":"2026-03-06T12:11:00","modified_gmt":"2026-03-06T15:11:00","slug":"oito-ideias-em-familia-de-o-neill-a-arte-dos-chocolates","status":"publish","type":"post","link":"https:\/\/portaltela.pt\/noticias\/2026\/03\/06\/oito-ideias-em-familia-de-o-neill-a-arte-dos-chocolates\/","title":{"rendered":"Oito ideias em fam\u00edlia: de O\u2019Neill \u00e0 arte dos chocolates"},"content":{"rendered":"<p>Um conjunto de propostas art\u00edsticas e culturais ocupa palco em v\u00e1rias cidades portuguesas entre 5 de mar\u00e7o e 26 de mar\u00e7o. Do romance aos ensaios de chocolate, passando por cinema de anima\u00e7\u00e3o e adapta\u00e7\u00f5es teatrais, o programa inclui espet\u00e1culo, exposi\u00e7\u00e3o e festivais, com foco em p\u00fablico diverso.<\/p>\n<p>A pe\u00e7a Um Poeta em Forma de Assim apresenta-se no Porto, com uma visita guiada \u00e0 cabe\u00e7a de Alexandre O\u2019Neill. Conduzida por Malu Vilas Boas, a montagem cruza teatro, m\u00fasica e artes pl\u00e1sticas, com humor e ironia. Texto de Ana Markl e Lu\u00eds Leal Miranda, para maiores de 10 anos. Hor\u00e1rios: quinta a sexta \u00e0s 10h30 e 15h, s\u00e1bado e domingo \u00e0s 16h. Bilhete: 12\u20ac.<\/p>\n<h3>A Bela Adormecida, nova leitura<\/h3>\n<p>No Lu.Ca &#8211; Teatro Lu\u00eds de Cam\u00f5es, em Lisboa, a hist\u00f3ria de A Bela Adormecida ganha uma leitura contempor\u00e2nea, com base em Perrault e reescrita por Agustina Bessa-Lu\u00eds. Beatriz Br\u00e1s, Francisco Louren\u00e7o e Martim Sousa Tavares assinam a vers\u00e3o. A Orquestra Sem Fronteiras participa na paisagem sonora. Sess\u00f5es: s\u00e1bado 16h30; domingo 11h30 e 16h30.Pre\u00e7o: crian\u00e7a 3\u20ac, adulto 7\u20ac.<\/p>\n<h3>Festival Internacional de Chocolate de \u00d3bidos<\/h3>\n<p>Entre 7 e 22 de mar\u00e7o, \u00d3bidos recebe o Festival Internacional de Chocolate com foco na arte. O programa inclui mercado, concursos, esculturas tem\u00e1ticas, oficinas e demonstra\u00e7\u00f5es culin\u00e1rias, bem como o Museu de Arte em Chocolate. Participam mais de uma centena de chefs e 85 toneladas de chocolate. Hor\u00e1rio: sexta a domingo, 10h-21h. Entrada 10\u20ac (crian\u00e7as 3-11 anos pagam 8\u20ac).<\/p>\n<h3>Animar 21 em Vila do Conde<\/h3>\n<p>Entre 7 de mar\u00e7o e 13 de junho, Vila do Conde acolhe a Animar 21, festival de cinema de anima\u00e7\u00e3o. A mostra inclui curtas, instala\u00e7\u00f5es interativas e atividades educativas para fam\u00edlias e escolas do concelho. Local: Solar &#8211; Galeria de Arte Cinem\u00e1tica. Hor\u00e1rio: segunda a s\u00e1bado, 14h-18h; entrada livre.<\/p>\n<h3>O Principezinho em Santa Maria da Feira e Braga<\/h3>\n<p>No Europarque, em Santa Maria da Feira, o GATEM \u2013 Espelho M\u00e1gico encena O Principezinho no dia 8 de mar\u00e7o, para maiores de 3 anos, \u00e0s 11h15, com bilhetes a 14\u20ac. No dia 15 de mar\u00e7o repete-se a sess\u00e3o em F\u00f3rum Braga, com bilhete entre 10\u20ac e 14\u20ac. A encena\u00e7\u00e3o valoriza a li\u00e7\u00e3o de ver com o cora\u00e7\u00e3o.<\/p>\n<h3>Fazer Uma Can\u00e7\u00e3o em Almada<\/h3>\n<p>No Teatro Municipal Joaquim Benite, Almada, o Teatro Praga apresenta Fazer Uma Can\u00e7\u00e3o nos dias 7 e 8 de mar\u00e7o. O espet\u00e1culo, concebido por Andr\u00e9 e Teod\u00f3sio e encarnado por Alex D\u2019Alva Teixeira, mistura m\u00fasica, filosofia, pol\u00edtica e amor. S\u00e1bado \u00e0s 16h, domingo \u00e0s 11h. Bilhetes entre 7\u20ac e 10\u20ac.<\/p>\n<h3>Periferias &#8211; festival de artes performativas<\/h3>\n<p>Entre 5 e 13 de mar\u00e7o, Sintra acolhe a 15.\u00aa edi\u00e7\u00e3o de Periferias, com teatro, dan\u00e7a, m\u00fasica, cinema e performance. Parte do programa inclui uma feira de artes performativas, uma exposi\u00e7\u00e3o e leituras encenadas, com v\u00e1rias instala\u00e7\u00f5es em palcos locais. Custo por espet\u00e1culo: 5\u20ac; apresenta\u00e7\u00f5es de rua s\u00e3o gratuitas.<\/p>\n<h3>Once Upon a Time no Porto<\/h3>\n<p>No primeiro s\u00e1bado de cada m\u00eas, o British Council Portugal e a Biblioteca Municipal Almeida Garrett promovem Once Upon a Time. Em 7 de mar\u00e7o, a leitura em ingl\u00eas de Goldilocks and the Three Bears destina-se a crian\u00e7as dos 6 aos 10 anos. Entrada gratuita, com inscri\u00e7\u00e3o pr\u00e9via online ou no local sujeita a vagas.<\/p>\n","protected":false},"excerpt":{"rendered":"<ul>\n<li>Um Poeta em Forma de Assim: visita guiada \u00e0 cabe\u00e7a de Alexandre O\u2019Neill, conduzida por Malu Vilas Boas, no Teatro Carlos Alberto, Porto, de cinco a oito de mar\u00e7o, com sess\u00f5es \u00e0s 10h30 e \u00e0s 15h (quinta e sexta) e aos 16h no fim de semana; bilhete a 12\u20ac.<\/li>\n<li>Uma Outra Bela Adormecida: Lu.Ca &#8211; Teatro Lu\u00eds de Cam\u00f5es, Lisboa, de cinco a vinte e seis de mar\u00e7o; sess\u00f5es aos s\u00e1bados \u00e0s 16h30 e aos domingos \u00e0s 11h30 e 16h30 (tamb\u00e9m para escolas); bilhetes 3\u20ac (crian\u00e7a) e 7\u20ac (adulto); classifica\u00e7\u00e3o M\/6.<\/li>\n<li>Festival Internacional de Chocolate de \u00d3bidos: de sete a vinte e dois de mar\u00e7o, com foco em arte e experi\u00eancias; inclui o Museu de Arte em Chocolate, dezenas de oficinas, mais de uma centena de chefs e 85 toneladas de chocolate; portas abertas de sexta a domingo, das 10h \u00e0s 21h; bilhete 10\u20ac (8\u20ac para crian\u00e7as dos tr\u00eas aos onze).<\/li>\n<li>Animar vinte e um: Vila do Conde, de sete de mar\u00e7o a treze de junho; mostra de cinema de anima\u00e7\u00e3o e arte interativa, com exposi\u00e7\u00e3o de objetos do est\u00fadio Anilupa, visitas guiadas, oficinas e sess\u00f5es de cinema; entrada livre na Solar &#8211; Galeria de Arte Cinem\u00e1tica, de segunda a s\u00e1bado, das 14h \u00e0s 18h.<\/li>\n<li>O Principezinho: 8 de mar\u00e7o, no Europarque, Santa Maria da Feira; encena\u00e7\u00e3o pela GATEM \u2013 Espelho M\u00e1gico de Antoine de Saint-Exup\u00e9ry, para maiores de tr\u00eas anos, sess\u00e3o \u00e0s 11h15; bilhetes 14\u20ac; apresenta\u00e7\u00e3o seguinte no dia 15 de mar\u00e7o no F\u00f3rum Braga, com bilhetes entre 10\u20ac e 14\u20ac.<\/li>\n<\/ul>\n","protected":false},"author":2,"featured_media":400294,"comment_status":"closed","ping_status":"closed","sticky":false,"template":"","format":"standard","meta":{"footnotes":""},"categories":[12,1],"tags":[112,145,107,1280,982,119],"class_list":["post-400293","post","type-post","status-publish","format-standard","has-post-thumbnail","hentry","category-entretenimento","category-noticias","tag-cinema","tag-cultura","tag-festivais","tag-obidos","tag-porto","tag-teatro"],"yoast_head":"<!-- This site is optimized with the Yoast SEO plugin v27.2 - https:\/\/yoast.com\/product\/yoast-seo-wordpress\/ -->\n<title>Oito ideias em fam\u00edlia: de O\u2019Neill \u00e0 arte dos chocolates - Portal Tela Portugal<\/title>\n<meta name=\"robots\" content=\"index, follow, max-snippet:-1, max-image-preview:large, max-video-preview:-1\" \/>\n<meta property=\"og:locale\" content=\"pt_PT\" \/>\n<meta property=\"og:type\" content=\"article\" \/>\n<meta property=\"og:title\" content=\"Oito ideias em fam\u00edlia: de O\u2019Neill \u00e0 arte dos chocolates - Portal Tela Portugal\" \/>\n<meta property=\"og:description\" content=\"Um Poeta em Forma de Assim: visita guiada \u00e0 cabe\u00e7a de Alexandre O\u2019Neill, conduzida por Malu Vilas Boas, no Teatro Carlos Alberto, Porto, de cinco a oito de mar\u00e7o, com sess\u00f5es \u00e0s 10h30 e \u00e0s 15h (quinta e sexta) e aos 16h no fim de semana; bilhete a 12\u20ac. Uma Outra Bela Adormecida: Lu.Ca - Teatro Lu\u00eds de Cam\u00f5es, Lisboa, de cinco a vinte e seis de mar\u00e7o; sess\u00f5es aos s\u00e1bados \u00e0s 16h30 e aos domingos \u00e0s 11h30 e 16h30 (tamb\u00e9m para escolas); bilhetes 3\u20ac (crian\u00e7a) e 7\u20ac (adulto); classifica\u00e7\u00e3o M\/6. Festival Internacional de Chocolate de \u00d3bidos: de sete a vinte e dois de mar\u00e7o, com foco em arte e experi\u00eancias; inclui o Museu de Arte em Chocolate, dezenas de oficinas, mais de uma centena de chefs e 85 toneladas de chocolate; portas abertas de sexta a domingo, das 10h \u00e0s 21h; bilhete 10\u20ac (8\u20ac para crian\u00e7as dos tr\u00eas aos onze). Animar vinte e um: Vila do Conde, de sete de mar\u00e7o a treze de junho; mostra de cinema de anima\u00e7\u00e3o e arte interativa, com exposi\u00e7\u00e3o de objetos do est\u00fadio Anilupa, visitas guiadas, oficinas e sess\u00f5es de cinema; entrada livre na Solar - Galeria de Arte Cinem\u00e1tica, de segunda a s\u00e1bado, das 14h \u00e0s 18h. O Principezinho: 8 de mar\u00e7o, no Europarque, Santa Maria da Feira; encena\u00e7\u00e3o pela GATEM \u2013 Espelho M\u00e1gico de Antoine de Saint-Exup\u00e9ry, para maiores de tr\u00eas anos, sess\u00e3o \u00e0s 11h15; bilhetes 14\u20ac; apresenta\u00e7\u00e3o seguinte no dia 15 de mar\u00e7o no F\u00f3rum Braga, com bilhetes entre 10\u20ac e 14\u20ac.\" \/>\n<meta property=\"og:url\" content=\"https:\/\/portaltela.pt\/noticias\/2026\/03\/06\/oito-ideias-em-familia-de-o-neill-a-arte-dos-chocolates\/\" \/>\n<meta property=\"og:site_name\" content=\"Portal Tela Portugal\" \/>\n<meta property=\"article:published_time\" content=\"2026-03-06T15:11:00+00:00\" \/>\n<meta name=\"author\" content=\"Telinha\" \/>\n<meta name=\"twitter:card\" content=\"summary_large_image\" \/>\n<meta name=\"twitter:label1\" content=\"Escrito por\" \/>\n\t<meta name=\"twitter:data1\" content=\"Telinha\" \/>\n\t<meta name=\"twitter:label2\" content=\"Tempo estimado de leitura\" \/>\n\t<meta name=\"twitter:data2\" content=\"3 minutos\" \/>\n<script type=\"application\/ld+json\" class=\"yoast-schema-graph\">{\"@context\":\"https:\/\/schema.org\",\"@graph\":[{\"@type\":\"Article\",\"@id\":\"https:\/\/portaltela.pt\/noticias\/2026\/03\/06\/oito-ideias-em-familia-de-o-neill-a-arte-dos-chocolates\/#article\",\"isPartOf\":{\"@id\":\"https:\/\/portaltela.pt\/noticias\/2026\/03\/06\/oito-ideias-em-familia-de-o-neill-a-arte-dos-chocolates\/\"},\"author\":{\"name\":\"Telinha\",\"@id\":\"https:\/\/portaltela.pt\/#\/schema\/person\/c4278d4a6028830caff9ee44b42d32ed\"},\"headline\":\"Oito ideias em fam\u00edlia: de O\u2019Neill \u00e0 arte dos chocolates\",\"datePublished\":\"2026-03-06T15:11:00+00:00\",\"mainEntityOfPage\":{\"@id\":\"https:\/\/portaltela.pt\/noticias\/2026\/03\/06\/oito-ideias-em-familia-de-o-neill-a-arte-dos-chocolates\/\"},\"wordCount\":591,\"image\":{\"@id\":\"https:\/\/portaltela.pt\/noticias\/2026\/03\/06\/oito-ideias-em-familia-de-o-neill-a-arte-dos-chocolates\/#primaryimage\"},\"thumbnailUrl\":\"https:\/\/portaltela.pt\/s.01k8rhncp4jt1\/2026\/03\/2072252.jpg\",\"keywords\":[\"cinema\",\"cultura\",\"festivais\",\"\u00d3bidos\",\"Porto\",\"teatro\"],\"articleSection\":[\"Entretenimento\",\"Not\u00edcias\"],\"inLanguage\":\"pt-PT\"},{\"@type\":\"WebPage\",\"@id\":\"https:\/\/portaltela.pt\/noticias\/2026\/03\/06\/oito-ideias-em-familia-de-o-neill-a-arte-dos-chocolates\/\",\"url\":\"https:\/\/portaltela.pt\/noticias\/2026\/03\/06\/oito-ideias-em-familia-de-o-neill-a-arte-dos-chocolates\/\",\"name\":\"Oito ideias em fam\u00edlia: de O\u2019Neill \u00e0 arte dos chocolates - Portal Tela Portugal\",\"isPartOf\":{\"@id\":\"https:\/\/portaltela.pt\/#website\"},\"primaryImageOfPage\":{\"@id\":\"https:\/\/portaltela.pt\/noticias\/2026\/03\/06\/oito-ideias-em-familia-de-o-neill-a-arte-dos-chocolates\/#primaryimage\"},\"image\":{\"@id\":\"https:\/\/portaltela.pt\/noticias\/2026\/03\/06\/oito-ideias-em-familia-de-o-neill-a-arte-dos-chocolates\/#primaryimage\"},\"thumbnailUrl\":\"https:\/\/portaltela.pt\/s.01k8rhncp4jt1\/2026\/03\/2072252.jpg\",\"datePublished\":\"2026-03-06T15:11:00+00:00\",\"author\":{\"@id\":\"https:\/\/portaltela.pt\/#\/schema\/person\/c4278d4a6028830caff9ee44b42d32ed\"},\"breadcrumb\":{\"@id\":\"https:\/\/portaltela.pt\/noticias\/2026\/03\/06\/oito-ideias-em-familia-de-o-neill-a-arte-dos-chocolates\/#breadcrumb\"},\"inLanguage\":\"pt-PT\",\"potentialAction\":[{\"@type\":\"ReadAction\",\"target\":[\"https:\/\/portaltela.pt\/noticias\/2026\/03\/06\/oito-ideias-em-familia-de-o-neill-a-arte-dos-chocolates\/\"]}]},{\"@type\":\"ImageObject\",\"inLanguage\":\"pt-PT\",\"@id\":\"https:\/\/portaltela.pt\/noticias\/2026\/03\/06\/oito-ideias-em-familia-de-o-neill-a-arte-dos-chocolates\/#primaryimage\",\"url\":\"https:\/\/portaltela.pt\/s.01k8rhncp4jt1\/2026\/03\/2072252.jpg\",\"contentUrl\":\"https:\/\/portaltela.pt\/s.01k8rhncp4jt1\/2026\/03\/2072252.jpg\",\"width\":796,\"height\":448,\"caption\":\"Um Poeta em Forma de Assim \u2013 Visita guiada \u00e0 cabe\u00e7a de Alexandre O\u2019Neill\"},{\"@type\":\"BreadcrumbList\",\"@id\":\"https:\/\/portaltela.pt\/noticias\/2026\/03\/06\/oito-ideias-em-familia-de-o-neill-a-arte-dos-chocolates\/#breadcrumb\",\"itemListElement\":[{\"@type\":\"ListItem\",\"position\":1,\"name\":\"In\u00edcio\",\"item\":\"https:\/\/portaltela.pt\/\"},{\"@type\":\"ListItem\",\"position\":2,\"name\":\"Oito ideias em fam\u00edlia: de O\u2019Neill \u00e0 arte dos chocolates\"}]},{\"@type\":\"WebSite\",\"@id\":\"https:\/\/portaltela.pt\/#website\",\"url\":\"https:\/\/portaltela.pt\/\",\"name\":\"Portal Tela Portugal\",\"description\":\"\",\"potentialAction\":[{\"@type\":\"SearchAction\",\"target\":{\"@type\":\"EntryPoint\",\"urlTemplate\":\"https:\/\/portaltela.pt\/?s={search_term_string}\"},\"query-input\":{\"@type\":\"PropertyValueSpecification\",\"valueRequired\":true,\"valueName\":\"search_term_string\"}}],\"inLanguage\":\"pt-PT\"},{\"@type\":\"Person\",\"@id\":\"https:\/\/portaltela.pt\/#\/schema\/person\/c4278d4a6028830caff9ee44b42d32ed\",\"name\":\"Telinha\",\"image\":{\"@type\":\"ImageObject\",\"inLanguage\":\"pt-PT\",\"@id\":\"https:\/\/portaltela.pt\/s.01k8rhncp4jt1\/2025\/11\/talking-bot-125x125.png\",\"url\":\"https:\/\/portaltela.pt\/s.01k8rhncp4jt1\/2025\/11\/talking-bot-125x125.png\",\"contentUrl\":\"https:\/\/portaltela.pt\/s.01k8rhncp4jt1\/2025\/11\/talking-bot-125x125.png\",\"caption\":\"Telinha\"},\"sameAs\":[\"https:\/\/portaltela.pt\/\"],\"url\":\"https:\/\/portaltela.pt\/por\/367410592786\/\"}]}<\/script>\n<!-- \/ Yoast SEO plugin. -->","yoast_head_json":{"title":"Oito ideias em fam\u00edlia: de O\u2019Neill \u00e0 arte dos chocolates - Portal Tela Portugal","robots":{"index":"index","follow":"follow","max-snippet":"max-snippet:-1","max-image-preview":"max-image-preview:large","max-video-preview":"max-video-preview:-1"},"og_locale":"pt_PT","og_type":"article","og_title":"Oito ideias em fam\u00edlia: de O\u2019Neill \u00e0 arte dos chocolates - Portal Tela Portugal","og_description":"Um Poeta em Forma de Assim: visita guiada \u00e0 cabe\u00e7a de Alexandre O\u2019Neill, conduzida por Malu Vilas Boas, no Teatro Carlos Alberto, Porto, de cinco a oito de mar\u00e7o, com sess\u00f5es \u00e0s 10h30 e \u00e0s 15h (quinta e sexta) e aos 16h no fim de semana; bilhete a 12\u20ac. Uma Outra Bela Adormecida: Lu.Ca - Teatro Lu\u00eds de Cam\u00f5es, Lisboa, de cinco a vinte e seis de mar\u00e7o; sess\u00f5es aos s\u00e1bados \u00e0s 16h30 e aos domingos \u00e0s 11h30 e 16h30 (tamb\u00e9m para escolas); bilhetes 3\u20ac (crian\u00e7a) e 7\u20ac (adulto); classifica\u00e7\u00e3o M\/6. Festival Internacional de Chocolate de \u00d3bidos: de sete a vinte e dois de mar\u00e7o, com foco em arte e experi\u00eancias; inclui o Museu de Arte em Chocolate, dezenas de oficinas, mais de uma centena de chefs e 85 toneladas de chocolate; portas abertas de sexta a domingo, das 10h \u00e0s 21h; bilhete 10\u20ac (8\u20ac para crian\u00e7as dos tr\u00eas aos onze). Animar vinte e um: Vila do Conde, de sete de mar\u00e7o a treze de junho; mostra de cinema de anima\u00e7\u00e3o e arte interativa, com exposi\u00e7\u00e3o de objetos do est\u00fadio Anilupa, visitas guiadas, oficinas e sess\u00f5es de cinema; entrada livre na Solar - Galeria de Arte Cinem\u00e1tica, de segunda a s\u00e1bado, das 14h \u00e0s 18h. O Principezinho: 8 de mar\u00e7o, no Europarque, Santa Maria da Feira; encena\u00e7\u00e3o pela GATEM \u2013 Espelho M\u00e1gico de Antoine de Saint-Exup\u00e9ry, para maiores de tr\u00eas anos, sess\u00e3o \u00e0s 11h15; bilhetes 14\u20ac; apresenta\u00e7\u00e3o seguinte no dia 15 de mar\u00e7o no F\u00f3rum Braga, com bilhetes entre 10\u20ac e 14\u20ac.","og_url":"https:\/\/portaltela.pt\/noticias\/2026\/03\/06\/oito-ideias-em-familia-de-o-neill-a-arte-dos-chocolates\/","og_site_name":"Portal Tela Portugal","article_published_time":"2026-03-06T15:11:00+00:00","author":"Telinha","twitter_card":"summary_large_image","twitter_misc":{"Escrito por":"Telinha","Tempo estimado de leitura":"3 minutos"},"schema":{"@context":"https:\/\/schema.org","@graph":[{"@type":"Article","@id":"https:\/\/portaltela.pt\/noticias\/2026\/03\/06\/oito-ideias-em-familia-de-o-neill-a-arte-dos-chocolates\/#article","isPartOf":{"@id":"https:\/\/portaltela.pt\/noticias\/2026\/03\/06\/oito-ideias-em-familia-de-o-neill-a-arte-dos-chocolates\/"},"author":{"name":"Telinha","@id":"https:\/\/portaltela.pt\/#\/schema\/person\/c4278d4a6028830caff9ee44b42d32ed"},"headline":"Oito ideias em fam\u00edlia: de O\u2019Neill \u00e0 arte dos chocolates","datePublished":"2026-03-06T15:11:00+00:00","mainEntityOfPage":{"@id":"https:\/\/portaltela.pt\/noticias\/2026\/03\/06\/oito-ideias-em-familia-de-o-neill-a-arte-dos-chocolates\/"},"wordCount":591,"image":{"@id":"https:\/\/portaltela.pt\/noticias\/2026\/03\/06\/oito-ideias-em-familia-de-o-neill-a-arte-dos-chocolates\/#primaryimage"},"thumbnailUrl":"https:\/\/portaltela.pt\/s.01k8rhncp4jt1\/2026\/03\/2072252.jpg","keywords":["cinema","cultura","festivais","\u00d3bidos","Porto","teatro"],"articleSection":["Entretenimento","Not\u00edcias"],"inLanguage":"pt-PT"},{"@type":"WebPage","@id":"https:\/\/portaltela.pt\/noticias\/2026\/03\/06\/oito-ideias-em-familia-de-o-neill-a-arte-dos-chocolates\/","url":"https:\/\/portaltela.pt\/noticias\/2026\/03\/06\/oito-ideias-em-familia-de-o-neill-a-arte-dos-chocolates\/","name":"Oito ideias em fam\u00edlia: de O\u2019Neill \u00e0 arte dos chocolates - Portal Tela Portugal","isPartOf":{"@id":"https:\/\/portaltela.pt\/#website"},"primaryImageOfPage":{"@id":"https:\/\/portaltela.pt\/noticias\/2026\/03\/06\/oito-ideias-em-familia-de-o-neill-a-arte-dos-chocolates\/#primaryimage"},"image":{"@id":"https:\/\/portaltela.pt\/noticias\/2026\/03\/06\/oito-ideias-em-familia-de-o-neill-a-arte-dos-chocolates\/#primaryimage"},"thumbnailUrl":"https:\/\/portaltela.pt\/s.01k8rhncp4jt1\/2026\/03\/2072252.jpg","datePublished":"2026-03-06T15:11:00+00:00","author":{"@id":"https:\/\/portaltela.pt\/#\/schema\/person\/c4278d4a6028830caff9ee44b42d32ed"},"breadcrumb":{"@id":"https:\/\/portaltela.pt\/noticias\/2026\/03\/06\/oito-ideias-em-familia-de-o-neill-a-arte-dos-chocolates\/#breadcrumb"},"inLanguage":"pt-PT","potentialAction":[{"@type":"ReadAction","target":["https:\/\/portaltela.pt\/noticias\/2026\/03\/06\/oito-ideias-em-familia-de-o-neill-a-arte-dos-chocolates\/"]}]},{"@type":"ImageObject","inLanguage":"pt-PT","@id":"https:\/\/portaltela.pt\/noticias\/2026\/03\/06\/oito-ideias-em-familia-de-o-neill-a-arte-dos-chocolates\/#primaryimage","url":"https:\/\/portaltela.pt\/s.01k8rhncp4jt1\/2026\/03\/2072252.jpg","contentUrl":"https:\/\/portaltela.pt\/s.01k8rhncp4jt1\/2026\/03\/2072252.jpg","width":796,"height":448,"caption":"Um Poeta em Forma de Assim \u2013 Visita guiada \u00e0 cabe\u00e7a de Alexandre O\u2019Neill"},{"@type":"BreadcrumbList","@id":"https:\/\/portaltela.pt\/noticias\/2026\/03\/06\/oito-ideias-em-familia-de-o-neill-a-arte-dos-chocolates\/#breadcrumb","itemListElement":[{"@type":"ListItem","position":1,"name":"In\u00edcio","item":"https:\/\/portaltela.pt\/"},{"@type":"ListItem","position":2,"name":"Oito ideias em fam\u00edlia: de O\u2019Neill \u00e0 arte dos chocolates"}]},{"@type":"WebSite","@id":"https:\/\/portaltela.pt\/#website","url":"https:\/\/portaltela.pt\/","name":"Portal Tela Portugal","description":"","potentialAction":[{"@type":"SearchAction","target":{"@type":"EntryPoint","urlTemplate":"https:\/\/portaltela.pt\/?s={search_term_string}"},"query-input":{"@type":"PropertyValueSpecification","valueRequired":true,"valueName":"search_term_string"}}],"inLanguage":"pt-PT"},{"@type":"Person","@id":"https:\/\/portaltela.pt\/#\/schema\/person\/c4278d4a6028830caff9ee44b42d32ed","name":"Telinha","image":{"@type":"ImageObject","inLanguage":"pt-PT","@id":"https:\/\/portaltela.pt\/s.01k8rhncp4jt1\/2025\/11\/talking-bot-125x125.png","url":"https:\/\/portaltela.pt\/s.01k8rhncp4jt1\/2025\/11\/talking-bot-125x125.png","contentUrl":"https:\/\/portaltela.pt\/s.01k8rhncp4jt1\/2025\/11\/talking-bot-125x125.png","caption":"Telinha"},"sameAs":["https:\/\/portaltela.pt\/"],"url":"https:\/\/portaltela.pt\/por\/367410592786\/"}]}},"_links":{"self":[{"href":"https:\/\/portaltela.pt\/api\/wp\/v2\/posts\/400293","targetHints":{"allow":["GET"]}}],"collection":[{"href":"https:\/\/portaltela.pt\/api\/wp\/v2\/posts"}],"about":[{"href":"https:\/\/portaltela.pt\/api\/wp\/v2\/types\/post"}],"author":[{"embeddable":true,"href":"https:\/\/portaltela.pt\/api\/wp\/v2\/users\/2"}],"replies":[{"embeddable":true,"href":"https:\/\/portaltela.pt\/api\/wp\/v2\/comments?post=400293"}],"version-history":[{"count":0,"href":"https:\/\/portaltela.pt\/api\/wp\/v2\/posts\/400293\/revisions"}],"wp:featuredmedia":[{"embeddable":true,"href":"https:\/\/portaltela.pt\/api\/wp\/v2\/media\/400294"}],"wp:attachment":[{"href":"https:\/\/portaltela.pt\/api\/wp\/v2\/media?parent=400293"}],"wp:term":[{"taxonomy":"category","embeddable":true,"href":"https:\/\/portaltela.pt\/api\/wp\/v2\/categories?post=400293"},{"taxonomy":"post_tag","embeddable":true,"href":"https:\/\/portaltela.pt\/api\/wp\/v2\/tags?post=400293"}],"curies":[{"name":"wp","href":"https:\/\/api.w.org\/{rel}","templated":true}]}}