{"id":400285,"date":"2026-03-06T12:06:00","date_gmt":"2026-03-06T15:06:00","guid":{"rendered":"https:\/\/portaltela.pt\/noticias\/2026\/03\/06\/roteiro-de-mesao-frio-no-douro-mostra-como-o-trabalho-moldou-a-paisagem\/"},"modified":"2026-03-06T12:06:00","modified_gmt":"2026-03-06T15:06:00","slug":"roteiro-de-mesao-frio-no-douro-mostra-como-o-trabalho-moldou-a-paisagem","status":"publish","type":"post","link":"https:\/\/portaltela.pt\/noticias\/2026\/03\/06\/roteiro-de-mesao-frio-no-douro-mostra-como-o-trabalho-moldou-a-paisagem\/","title":{"rendered":"Roteiro de Mes\u00e3o Frio, no Douro, mostra como o trabalho moldou a paisagem"},"content":{"rendered":"<p>A inaugura\u00e7\u00e3o de cinco percursos pedestres ocorreu em Mes\u00e3o Frio, in\u00edcio da Regi\u00e3o Demarcada do Douro, com o objetivo de valorizar a paisagem, as quintas e a oferta tur\u00edstica da \u00e1rea. A iniciativa destaca-se pela liga\u00e7\u00e3o entre miradouros, vinhas e locais de restaura\u00e7\u00e3o.<\/p>\n<p>Os trilhos permitem conhecer o territ\u00f3rio entre Miradouros, quintas e provas de vinhos, incluindo paradas em restaurantes locais. A proposta oferece uma perspetiva da dedica\u00e7\u00e3o dos regentes do Douro \u00e0 paisagem e ao patrim\u00f3nio agr\u00edcola.<\/p>\n<p>A aposta tur\u00edstica busca atrair visitantes para destinos de natureza e enoturismo, fortalecendo a economia local. A divulga\u00e7\u00e3o indica que as rotas variam em extens\u00e3o, oferecendo op\u00e7\u00f5es para caminhantes de diferentes n\u00edveis de experi\u00eancia.<\/p>\n<h3>Percursos e experi\u00eancia<\/h3>\n<p>As rotas conectam pontos de interesse ao longo do Douro, com foco na explora\u00e7\u00e3o de vinhas e da cultura do vinho do Porto. O Miradouro de S\u00e3o Silvestre, em Mes\u00e3o Frio, surge como refer\u00eancia visual nas trajetos.<\/p>\n<p>Profissionais locais e servi\u00e7os de apoio ao turismo participaram na organiza\u00e7\u00e3o, conforme o material de divulga\u00e7\u00e3o. O conjunto de percursos pretende prolongar a visita de turistas \u00e0 regi\u00e3o, integrando-se na oferta de restaura\u00e7\u00e3o e atividades v\u00ednicas.<\/p>\n","protected":false},"excerpt":{"rendered":"<ul>\n<li>Cinco percursos pedestres foram inaugurados em Mes\u00e3o Frio, no in\u00edcio da Regi\u00e3o Demarcada do Douro.<\/li>\n<li>As rotas passam por miradouros, quintas, provas de vinhos e restaurantes da zona.<\/li>\n<li>Mes\u00e3o Frio \u00e9 apresentado como lugar de gente trabalhadora ligada ao Douro, com a vinha associada ao vinho do Porto e a regi\u00e3o que se estende at\u00e9 Freixo de Espada \u00e0 Cinta.<\/li>\n<li>O texto enfatiza a dedica\u00e7\u00e3o dos habitantes, mesmo em tempos de mau tempo, ao trabalho no Douro.<\/li>\n<\/ul>\n","protected":false},"author":2,"featured_media":400289,"comment_status":"closed","ping_status":"closed","sticky":false,"template":"","format":"standard","meta":{"footnotes":""},"categories":[1],"tags":[1194,3727,3568,4399,169,5586],"class_list":["post-400285","post","type-post","status-publish","format-standard","has-post-thumbnail","hentry","category-noticias","tag-douro","tag-enoturismo","tag-natureza","tag-paisagens","tag-turismo","tag-vinho"],"yoast_head":"<!-- This site is optimized with the Yoast SEO plugin v27.2 - https:\/\/yoast.com\/product\/yoast-seo-wordpress\/ -->\n<title>Roteiro de Mes\u00e3o Frio, no Douro, mostra como o trabalho moldou a paisagem - Portal Tela Portugal<\/title>\n<meta name=\"robots\" content=\"index, follow, max-snippet:-1, max-image-preview:large, max-video-preview:-1\" \/>\n<meta property=\"og:locale\" content=\"pt_PT\" \/>\n<meta property=\"og:type\" content=\"article\" \/>\n<meta property=\"og:title\" content=\"Roteiro de Mes\u00e3o Frio, no Douro, mostra como o trabalho moldou a paisagem - Portal Tela Portugal\" \/>\n<meta property=\"og:description\" content=\"Cinco percursos pedestres foram inaugurados em Mes\u00e3o Frio, no in\u00edcio da Regi\u00e3o Demarcada do Douro. As rotas passam por miradouros, quintas, provas de vinhos e restaurantes da zona. Mes\u00e3o Frio \u00e9 apresentado como lugar de gente trabalhadora ligada ao Douro, com a vinha associada ao vinho do Porto e a regi\u00e3o que se estende at\u00e9 Freixo de Espada \u00e0 Cinta. O texto enfatiza a dedica\u00e7\u00e3o dos habitantes, mesmo em tempos de mau tempo, ao trabalho no Douro.\" \/>\n<meta property=\"og:url\" content=\"https:\/\/portaltela.pt\/noticias\/2026\/03\/06\/roteiro-de-mesao-frio-no-douro-mostra-como-o-trabalho-moldou-a-paisagem\/\" \/>\n<meta property=\"og:site_name\" content=\"Portal Tela Portugal\" \/>\n<meta property=\"article:published_time\" content=\"2026-03-06T15:06:00+00:00\" \/>\n<meta name=\"author\" content=\"Telinha\" \/>\n<meta name=\"twitter:card\" content=\"summary_large_image\" \/>\n<meta name=\"twitter:label1\" content=\"Escrito por\" \/>\n\t<meta name=\"twitter:data1\" content=\"Telinha\" \/>\n\t<meta name=\"twitter:label2\" content=\"Tempo estimado de leitura\" \/>\n\t<meta name=\"twitter:data2\" content=\"1 minuto\" \/>\n<script type=\"application\/ld+json\" class=\"yoast-schema-graph\">{\"@context\":\"https:\/\/schema.org\",\"@graph\":[{\"@type\":\"Article\",\"@id\":\"https:\/\/portaltela.pt\/noticias\/2026\/03\/06\/roteiro-de-mesao-frio-no-douro-mostra-como-o-trabalho-moldou-a-paisagem\/#article\",\"isPartOf\":{\"@id\":\"https:\/\/portaltela.pt\/noticias\/2026\/03\/06\/roteiro-de-mesao-frio-no-douro-mostra-como-o-trabalho-moldou-a-paisagem\/\"},\"author\":{\"name\":\"Telinha\",\"@id\":\"https:\/\/portaltela.pt\/#\/schema\/person\/c4278d4a6028830caff9ee44b42d32ed\"},\"headline\":\"Roteiro de Mes\u00e3o Frio, no Douro, mostra como o trabalho moldou a paisagem\",\"datePublished\":\"2026-03-06T15:06:00+00:00\",\"mainEntityOfPage\":{\"@id\":\"https:\/\/portaltela.pt\/noticias\/2026\/03\/06\/roteiro-de-mesao-frio-no-douro-mostra-como-o-trabalho-moldou-a-paisagem\/\"},\"wordCount\":228,\"image\":{\"@id\":\"https:\/\/portaltela.pt\/noticias\/2026\/03\/06\/roteiro-de-mesao-frio-no-douro-mostra-como-o-trabalho-moldou-a-paisagem\/#primaryimage\"},\"thumbnailUrl\":\"https:\/\/portaltela.pt\/s.01k8rhncp4jt1\/2026\/03\/image-391.jpg\",\"keywords\":[\"Douro\",\"enoturismo\",\"natureza\",\"Paisagens\",\"turismo\",\"vinho\"],\"articleSection\":[\"Not\u00edcias\"],\"inLanguage\":\"pt-PT\"},{\"@type\":\"WebPage\",\"@id\":\"https:\/\/portaltela.pt\/noticias\/2026\/03\/06\/roteiro-de-mesao-frio-no-douro-mostra-como-o-trabalho-moldou-a-paisagem\/\",\"url\":\"https:\/\/portaltela.pt\/noticias\/2026\/03\/06\/roteiro-de-mesao-frio-no-douro-mostra-como-o-trabalho-moldou-a-paisagem\/\",\"name\":\"Roteiro de Mes\u00e3o Frio, no Douro, mostra como o trabalho moldou a paisagem - Portal Tela Portugal\",\"isPartOf\":{\"@id\":\"https:\/\/portaltela.pt\/#website\"},\"primaryImageOfPage\":{\"@id\":\"https:\/\/portaltela.pt\/noticias\/2026\/03\/06\/roteiro-de-mesao-frio-no-douro-mostra-como-o-trabalho-moldou-a-paisagem\/#primaryimage\"},\"image\":{\"@id\":\"https:\/\/portaltela.pt\/noticias\/2026\/03\/06\/roteiro-de-mesao-frio-no-douro-mostra-como-o-trabalho-moldou-a-paisagem\/#primaryimage\"},\"thumbnailUrl\":\"https:\/\/portaltela.pt\/s.01k8rhncp4jt1\/2026\/03\/image-391.jpg\",\"datePublished\":\"2026-03-06T15:06:00+00:00\",\"author\":{\"@id\":\"https:\/\/portaltela.pt\/#\/schema\/person\/c4278d4a6028830caff9ee44b42d32ed\"},\"breadcrumb\":{\"@id\":\"https:\/\/portaltela.pt\/noticias\/2026\/03\/06\/roteiro-de-mesao-frio-no-douro-mostra-como-o-trabalho-moldou-a-paisagem\/#breadcrumb\"},\"inLanguage\":\"pt-PT\",\"potentialAction\":[{\"@type\":\"ReadAction\",\"target\":[\"https:\/\/portaltela.pt\/noticias\/2026\/03\/06\/roteiro-de-mesao-frio-no-douro-mostra-como-o-trabalho-moldou-a-paisagem\/\"]}]},{\"@type\":\"ImageObject\",\"inLanguage\":\"pt-PT\",\"@id\":\"https:\/\/portaltela.pt\/noticias\/2026\/03\/06\/roteiro-de-mesao-frio-no-douro-mostra-como-o-trabalho-moldou-a-paisagem\/#primaryimage\",\"url\":\"https:\/\/portaltela.pt\/s.01k8rhncp4jt1\/2026\/03\/image-391.jpg\",\"contentUrl\":\"https:\/\/portaltela.pt\/s.01k8rhncp4jt1\/2026\/03\/image-391.jpg\",\"width\":796,\"height\":448,\"caption\":\"Vista do Miradouro de S\u00e3o Silvestre, em Mes\u00e3o Frio\"},{\"@type\":\"BreadcrumbList\",\"@id\":\"https:\/\/portaltela.pt\/noticias\/2026\/03\/06\/roteiro-de-mesao-frio-no-douro-mostra-como-o-trabalho-moldou-a-paisagem\/#breadcrumb\",\"itemListElement\":[{\"@type\":\"ListItem\",\"position\":1,\"name\":\"In\u00edcio\",\"item\":\"https:\/\/portaltela.pt\/\"},{\"@type\":\"ListItem\",\"position\":2,\"name\":\"Roteiro de Mes\u00e3o Frio, no Douro, mostra como o trabalho moldou a paisagem\"}]},{\"@type\":\"WebSite\",\"@id\":\"https:\/\/portaltela.pt\/#website\",\"url\":\"https:\/\/portaltela.pt\/\",\"name\":\"Portal Tela Portugal\",\"description\":\"\",\"potentialAction\":[{\"@type\":\"SearchAction\",\"target\":{\"@type\":\"EntryPoint\",\"urlTemplate\":\"https:\/\/portaltela.pt\/?s={search_term_string}\"},\"query-input\":{\"@type\":\"PropertyValueSpecification\",\"valueRequired\":true,\"valueName\":\"search_term_string\"}}],\"inLanguage\":\"pt-PT\"},{\"@type\":\"Person\",\"@id\":\"https:\/\/portaltela.pt\/#\/schema\/person\/c4278d4a6028830caff9ee44b42d32ed\",\"name\":\"Telinha\",\"image\":{\"@type\":\"ImageObject\",\"inLanguage\":\"pt-PT\",\"@id\":\"https:\/\/portaltela.pt\/s.01k8rhncp4jt1\/2025\/11\/talking-bot-125x125.png\",\"url\":\"https:\/\/portaltela.pt\/s.01k8rhncp4jt1\/2025\/11\/talking-bot-125x125.png\",\"contentUrl\":\"https:\/\/portaltela.pt\/s.01k8rhncp4jt1\/2025\/11\/talking-bot-125x125.png\",\"caption\":\"Telinha\"},\"sameAs\":[\"https:\/\/portaltela.pt\/\"],\"url\":\"https:\/\/portaltela.pt\/por\/367410592786\/\"}]}<\/script>\n<!-- \/ Yoast SEO plugin. -->","yoast_head_json":{"title":"Roteiro de Mes\u00e3o Frio, no Douro, mostra como o trabalho moldou a paisagem - Portal Tela Portugal","robots":{"index":"index","follow":"follow","max-snippet":"max-snippet:-1","max-image-preview":"max-image-preview:large","max-video-preview":"max-video-preview:-1"},"og_locale":"pt_PT","og_type":"article","og_title":"Roteiro de Mes\u00e3o Frio, no Douro, mostra como o trabalho moldou a paisagem - Portal Tela Portugal","og_description":"Cinco percursos pedestres foram inaugurados em Mes\u00e3o Frio, no in\u00edcio da Regi\u00e3o Demarcada do Douro. As rotas passam por miradouros, quintas, provas de vinhos e restaurantes da zona. Mes\u00e3o Frio \u00e9 apresentado como lugar de gente trabalhadora ligada ao Douro, com a vinha associada ao vinho do Porto e a regi\u00e3o que se estende at\u00e9 Freixo de Espada \u00e0 Cinta. O texto enfatiza a dedica\u00e7\u00e3o dos habitantes, mesmo em tempos de mau tempo, ao trabalho no Douro.","og_url":"https:\/\/portaltela.pt\/noticias\/2026\/03\/06\/roteiro-de-mesao-frio-no-douro-mostra-como-o-trabalho-moldou-a-paisagem\/","og_site_name":"Portal Tela Portugal","article_published_time":"2026-03-06T15:06:00+00:00","author":"Telinha","twitter_card":"summary_large_image","twitter_misc":{"Escrito por":"Telinha","Tempo estimado de leitura":"1 minuto"},"schema":{"@context":"https:\/\/schema.org","@graph":[{"@type":"Article","@id":"https:\/\/portaltela.pt\/noticias\/2026\/03\/06\/roteiro-de-mesao-frio-no-douro-mostra-como-o-trabalho-moldou-a-paisagem\/#article","isPartOf":{"@id":"https:\/\/portaltela.pt\/noticias\/2026\/03\/06\/roteiro-de-mesao-frio-no-douro-mostra-como-o-trabalho-moldou-a-paisagem\/"},"author":{"name":"Telinha","@id":"https:\/\/portaltela.pt\/#\/schema\/person\/c4278d4a6028830caff9ee44b42d32ed"},"headline":"Roteiro de Mes\u00e3o Frio, no Douro, mostra como o trabalho moldou a paisagem","datePublished":"2026-03-06T15:06:00+00:00","mainEntityOfPage":{"@id":"https:\/\/portaltela.pt\/noticias\/2026\/03\/06\/roteiro-de-mesao-frio-no-douro-mostra-como-o-trabalho-moldou-a-paisagem\/"},"wordCount":228,"image":{"@id":"https:\/\/portaltela.pt\/noticias\/2026\/03\/06\/roteiro-de-mesao-frio-no-douro-mostra-como-o-trabalho-moldou-a-paisagem\/#primaryimage"},"thumbnailUrl":"https:\/\/portaltela.pt\/s.01k8rhncp4jt1\/2026\/03\/image-391.jpg","keywords":["Douro","enoturismo","natureza","Paisagens","turismo","vinho"],"articleSection":["Not\u00edcias"],"inLanguage":"pt-PT"},{"@type":"WebPage","@id":"https:\/\/portaltela.pt\/noticias\/2026\/03\/06\/roteiro-de-mesao-frio-no-douro-mostra-como-o-trabalho-moldou-a-paisagem\/","url":"https:\/\/portaltela.pt\/noticias\/2026\/03\/06\/roteiro-de-mesao-frio-no-douro-mostra-como-o-trabalho-moldou-a-paisagem\/","name":"Roteiro de Mes\u00e3o Frio, no Douro, mostra como o trabalho moldou a paisagem - Portal Tela Portugal","isPartOf":{"@id":"https:\/\/portaltela.pt\/#website"},"primaryImageOfPage":{"@id":"https:\/\/portaltela.pt\/noticias\/2026\/03\/06\/roteiro-de-mesao-frio-no-douro-mostra-como-o-trabalho-moldou-a-paisagem\/#primaryimage"},"image":{"@id":"https:\/\/portaltela.pt\/noticias\/2026\/03\/06\/roteiro-de-mesao-frio-no-douro-mostra-como-o-trabalho-moldou-a-paisagem\/#primaryimage"},"thumbnailUrl":"https:\/\/portaltela.pt\/s.01k8rhncp4jt1\/2026\/03\/image-391.jpg","datePublished":"2026-03-06T15:06:00+00:00","author":{"@id":"https:\/\/portaltela.pt\/#\/schema\/person\/c4278d4a6028830caff9ee44b42d32ed"},"breadcrumb":{"@id":"https:\/\/portaltela.pt\/noticias\/2026\/03\/06\/roteiro-de-mesao-frio-no-douro-mostra-como-o-trabalho-moldou-a-paisagem\/#breadcrumb"},"inLanguage":"pt-PT","potentialAction":[{"@type":"ReadAction","target":["https:\/\/portaltela.pt\/noticias\/2026\/03\/06\/roteiro-de-mesao-frio-no-douro-mostra-como-o-trabalho-moldou-a-paisagem\/"]}]},{"@type":"ImageObject","inLanguage":"pt-PT","@id":"https:\/\/portaltela.pt\/noticias\/2026\/03\/06\/roteiro-de-mesao-frio-no-douro-mostra-como-o-trabalho-moldou-a-paisagem\/#primaryimage","url":"https:\/\/portaltela.pt\/s.01k8rhncp4jt1\/2026\/03\/image-391.jpg","contentUrl":"https:\/\/portaltela.pt\/s.01k8rhncp4jt1\/2026\/03\/image-391.jpg","width":796,"height":448,"caption":"Vista do Miradouro de S\u00e3o Silvestre, em Mes\u00e3o Frio"},{"@type":"BreadcrumbList","@id":"https:\/\/portaltela.pt\/noticias\/2026\/03\/06\/roteiro-de-mesao-frio-no-douro-mostra-como-o-trabalho-moldou-a-paisagem\/#breadcrumb","itemListElement":[{"@type":"ListItem","position":1,"name":"In\u00edcio","item":"https:\/\/portaltela.pt\/"},{"@type":"ListItem","position":2,"name":"Roteiro de Mes\u00e3o Frio, no Douro, mostra como o trabalho moldou a paisagem"}]},{"@type":"WebSite","@id":"https:\/\/portaltela.pt\/#website","url":"https:\/\/portaltela.pt\/","name":"Portal Tela Portugal","description":"","potentialAction":[{"@type":"SearchAction","target":{"@type":"EntryPoint","urlTemplate":"https:\/\/portaltela.pt\/?s={search_term_string}"},"query-input":{"@type":"PropertyValueSpecification","valueRequired":true,"valueName":"search_term_string"}}],"inLanguage":"pt-PT"},{"@type":"Person","@id":"https:\/\/portaltela.pt\/#\/schema\/person\/c4278d4a6028830caff9ee44b42d32ed","name":"Telinha","image":{"@type":"ImageObject","inLanguage":"pt-PT","@id":"https:\/\/portaltela.pt\/s.01k8rhncp4jt1\/2025\/11\/talking-bot-125x125.png","url":"https:\/\/portaltela.pt\/s.01k8rhncp4jt1\/2025\/11\/talking-bot-125x125.png","contentUrl":"https:\/\/portaltela.pt\/s.01k8rhncp4jt1\/2025\/11\/talking-bot-125x125.png","caption":"Telinha"},"sameAs":["https:\/\/portaltela.pt\/"],"url":"https:\/\/portaltela.pt\/por\/367410592786\/"}]}},"_links":{"self":[{"href":"https:\/\/portaltela.pt\/api\/wp\/v2\/posts\/400285","targetHints":{"allow":["GET"]}}],"collection":[{"href":"https:\/\/portaltela.pt\/api\/wp\/v2\/posts"}],"about":[{"href":"https:\/\/portaltela.pt\/api\/wp\/v2\/types\/post"}],"author":[{"embeddable":true,"href":"https:\/\/portaltela.pt\/api\/wp\/v2\/users\/2"}],"replies":[{"embeddable":true,"href":"https:\/\/portaltela.pt\/api\/wp\/v2\/comments?post=400285"}],"version-history":[{"count":0,"href":"https:\/\/portaltela.pt\/api\/wp\/v2\/posts\/400285\/revisions"}],"wp:featuredmedia":[{"embeddable":true,"href":"https:\/\/portaltela.pt\/api\/wp\/v2\/media\/400289"}],"wp:attachment":[{"href":"https:\/\/portaltela.pt\/api\/wp\/v2\/media?parent=400285"}],"wp:term":[{"taxonomy":"category","embeddable":true,"href":"https:\/\/portaltela.pt\/api\/wp\/v2\/categories?post=400285"},{"taxonomy":"post_tag","embeddable":true,"href":"https:\/\/portaltela.pt\/api\/wp\/v2\/tags?post=400285"}],"curies":[{"name":"wp","href":"https:\/\/api.w.org\/{rel}","templated":true}]}}