{"id":400256,"date":"2026-03-06T11:50:00","date_gmt":"2026-03-06T14:50:00","guid":{"rendered":"https:\/\/portaltela.pt\/noticias\/2026\/03\/06\/postura-de-casillas-no-instagram-gera-risos-em-podcast\/"},"modified":"2026-03-06T11:50:00","modified_gmt":"2026-03-06T14:50:00","slug":"postura-de-casillas-no-instagram-gera-risos-em-podcast","status":"publish","type":"post","link":"https:\/\/portaltela.pt\/desporto\/futebol\/2026\/03\/06\/postura-de-casillas-no-instagram-gera-risos-em-podcast\/","title":{"rendered":"Postura de Casillas no Instagram gera risos em podcast"},"content":{"rendered":"<p>Durante o podcast Linha de Cal, foi discutida a postura de Iker Casillas nas redes sociais, ap\u00f3s o antigo guarda\u2011redes ter mostrado repetidos gostos em publica\u00e7\u00f5es de Alinhoa P\u00e9rez de Lema, jornalista e apresentadora da DAZN, convidada no programa.<\/p>\n<p>Os moderadores mostraram v\u00e1rias imagens partilhadas pela jornalista no seu perfil e, em todas, Casillas ter-lhe-\u00eda dado gosto. A troca gerou risos no est\u00fadio e v\u00e1rias piadas entre os participantes, sem que haja confirma\u00e7\u00e3o de outras a\u00e7\u00f5es por parte do ex\u2011jogador.<\/p>\n<p>Alinhoa P\u00e9rez de Lema comentou publicamente, segundo a imprensa desportiva, que Casillas tende a reagir a conte\u00fados que o chamem a aten\u00e7\u00e3o, o que motivou as brincadeiras entre os presentes no debate. A conversa manteve\u2011se leve, com o tom de humor a dominar a discuss\u00e3o.<\/p>\n<h3>Contexto e impacto no debate<\/h3>\n<p>A discuss\u00e3o centrou\u2011se na perce\u00e7\u00e3o p\u00fablica da atividade de Casillas nas redes, sem que haja confirma\u00e7\u00e3o de comportamento repetido al\u00e9m do epis\u00f3dio apresentado. O tema gerou rea\u00e7\u00e3o entre f\u00e3s e ouvintes, amplificando a curiosidade sobre o uso das redes por figuras p\u00fablicas.<\/p>\n","protected":false},"excerpt":{"rendered":"<ul>\n<li>No podcast L\u00ednea de Cal, Iker Casillas ficou em foco por ter dado &#8216;like&#8217; a v\u00e1rias publica\u00e7\u00f5es da jornalista Alinhoa P\u00e9rez de Lema.<\/li>\n<li>O momento provocou risos no est\u00fadio e v\u00e1rias piadas sobre a postura do ex-guardi\u00e3o do FC Porto e do Real Madrid.<\/li>\n<li>Alinhoa brincou dizendo que Casillas pode distribuir &#8216;like&#8217;s de forma generosa quando algo lhe chama a aten\u00e7\u00e3o.<\/li>\n<li>Os moderadores mostraram imagens com os &#8216;likes&#8217; de Casillas, todas da jornalista convidada do programa.<\/li>\n<li>O tema ganhou ainda mais humor, com coment\u00e1rios de que o guarda-redes poderia ter um filtro ao navegar pelas redes sociais.<\/li>\n<\/ul>\n","protected":false},"author":2,"featured_media":400266,"comment_status":"closed","ping_status":"closed","sticky":false,"template":"","format":"standard","meta":{"footnotes":""},"categories":[21,24],"tags":[3259,1311,32,5563,5661],"class_list":["post-400256","post","type-post","status-publish","format-standard","has-post-thumbnail","hentry","category-desporto","category-futebol","tag-celebidades","tag-dazn","tag-futebol","tag-informacao-publica","tag-pessoas-publicas"],"yoast_head":"<!-- This site is optimized with the Yoast SEO plugin v27.2 - https:\/\/yoast.com\/product\/yoast-seo-wordpress\/ -->\n<title>Postura de Casillas no Instagram gera risos em podcast - Portal Tela Portugal<\/title>\n<meta name=\"robots\" content=\"index, follow, max-snippet:-1, max-image-preview:large, max-video-preview:-1\" \/>\n<meta property=\"og:locale\" content=\"pt_PT\" \/>\n<meta property=\"og:type\" content=\"article\" \/>\n<meta property=\"og:title\" content=\"Postura de Casillas no Instagram gera risos em podcast - Portal Tela Portugal\" \/>\n<meta property=\"og:description\" content=\"No podcast L\u00ednea de Cal, Iker Casillas ficou em foco por ter dado &#039;like&#039; a v\u00e1rias publica\u00e7\u00f5es da jornalista Alinhoa P\u00e9rez de Lema. O momento provocou risos no est\u00fadio e v\u00e1rias piadas sobre a postura do ex-guardi\u00e3o do FC Porto e do Real Madrid. Alinhoa brincou dizendo que Casillas pode distribuir &#039;like&#039;s de forma generosa quando algo lhe chama a aten\u00e7\u00e3o. Os moderadores mostraram imagens com os &#039;likes&#039; de Casillas, todas da jornalista convidada do programa. O tema ganhou ainda mais humor, com coment\u00e1rios de que o guarda-redes poderia ter um filtro ao navegar pelas redes sociais.\" \/>\n<meta property=\"og:url\" content=\"https:\/\/portaltela.pt\/noticias\/2026\/03\/06\/postura-de-casillas-no-instagram-gera-risos-em-podcast\/\" \/>\n<meta property=\"og:site_name\" content=\"Portal Tela Portugal\" \/>\n<meta property=\"article:published_time\" content=\"2026-03-06T14:50:00+00:00\" \/>\n<meta name=\"author\" content=\"Telinha\" \/>\n<meta name=\"twitter:card\" content=\"summary_large_image\" \/>\n<meta name=\"twitter:label1\" content=\"Escrito por\" \/>\n\t<meta name=\"twitter:data1\" content=\"Telinha\" \/>\n\t<meta name=\"twitter:label2\" content=\"Tempo estimado de leitura\" \/>\n\t<meta name=\"twitter:data2\" content=\"1 minuto\" \/>\n<script type=\"application\/ld+json\" class=\"yoast-schema-graph\">{\"@context\":\"https:\/\/schema.org\",\"@graph\":[{\"@type\":\"Article\",\"@id\":\"https:\/\/portaltela.pt\/noticias\/2026\/03\/06\/postura-de-casillas-no-instagram-gera-risos-em-podcast\/#article\",\"isPartOf\":{\"@id\":\"https:\/\/portaltela.pt\/noticias\/2026\/03\/06\/postura-de-casillas-no-instagram-gera-risos-em-podcast\/\"},\"author\":{\"name\":\"Telinha\",\"@id\":\"https:\/\/portaltela.pt\/#\/schema\/person\/c4278d4a6028830caff9ee44b42d32ed\"},\"headline\":\"Postura de Casillas no Instagram gera risos em podcast\",\"datePublished\":\"2026-03-06T14:50:00+00:00\",\"mainEntityOfPage\":{\"@id\":\"https:\/\/portaltela.pt\/noticias\/2026\/03\/06\/postura-de-casillas-no-instagram-gera-risos-em-podcast\/\"},\"wordCount\":207,\"image\":{\"@id\":\"https:\/\/portaltela.pt\/noticias\/2026\/03\/06\/postura-de-casillas-no-instagram-gera-risos-em-podcast\/#primaryimage\"},\"thumbnailUrl\":\"https:\/\/portaltela.pt\/s.01k8rhncp4jt1\/2026\/03\/img_920x518uu2025-06-02-20-42-09-2366853.jpg\",\"keywords\":[\"celebidades\",\"DAZN\",\"futebol\",\"informa\u00e7\u00e3o p\u00fablica\",\"pessoas p\u00fablicas\"],\"articleSection\":[\"Desporto\",\"Futebol\"],\"inLanguage\":\"pt-PT\"},{\"@type\":\"WebPage\",\"@id\":\"https:\/\/portaltela.pt\/noticias\/2026\/03\/06\/postura-de-casillas-no-instagram-gera-risos-em-podcast\/\",\"url\":\"https:\/\/portaltela.pt\/noticias\/2026\/03\/06\/postura-de-casillas-no-instagram-gera-risos-em-podcast\/\",\"name\":\"Postura de Casillas no Instagram gera risos em podcast - Portal Tela Portugal\",\"isPartOf\":{\"@id\":\"https:\/\/portaltela.pt\/#website\"},\"primaryImageOfPage\":{\"@id\":\"https:\/\/portaltela.pt\/noticias\/2026\/03\/06\/postura-de-casillas-no-instagram-gera-risos-em-podcast\/#primaryimage\"},\"image\":{\"@id\":\"https:\/\/portaltela.pt\/noticias\/2026\/03\/06\/postura-de-casillas-no-instagram-gera-risos-em-podcast\/#primaryimage\"},\"thumbnailUrl\":\"https:\/\/portaltela.pt\/s.01k8rhncp4jt1\/2026\/03\/img_920x518uu2025-06-02-20-42-09-2366853.jpg\",\"datePublished\":\"2026-03-06T14:50:00+00:00\",\"author\":{\"@id\":\"https:\/\/portaltela.pt\/#\/schema\/person\/c4278d4a6028830caff9ee44b42d32ed\"},\"breadcrumb\":{\"@id\":\"https:\/\/portaltela.pt\/noticias\/2026\/03\/06\/postura-de-casillas-no-instagram-gera-risos-em-podcast\/#breadcrumb\"},\"inLanguage\":\"pt-PT\",\"potentialAction\":[{\"@type\":\"ReadAction\",\"target\":[\"https:\/\/portaltela.pt\/noticias\/2026\/03\/06\/postura-de-casillas-no-instagram-gera-risos-em-podcast\/\"]}]},{\"@type\":\"ImageObject\",\"inLanguage\":\"pt-PT\",\"@id\":\"https:\/\/portaltela.pt\/noticias\/2026\/03\/06\/postura-de-casillas-no-instagram-gera-risos-em-podcast\/#primaryimage\",\"url\":\"https:\/\/portaltela.pt\/s.01k8rhncp4jt1\/2026\/03\/img_920x518uu2025-06-02-20-42-09-2366853.jpg\",\"contentUrl\":\"https:\/\/portaltela.pt\/s.01k8rhncp4jt1\/2026\/03\/img_920x518uu2025-06-02-20-42-09-2366853.jpg\",\"width\":796,\"height\":448,\"caption\":\"Iker Casillas\"},{\"@type\":\"BreadcrumbList\",\"@id\":\"https:\/\/portaltela.pt\/noticias\/2026\/03\/06\/postura-de-casillas-no-instagram-gera-risos-em-podcast\/#breadcrumb\",\"itemListElement\":[{\"@type\":\"ListItem\",\"position\":1,\"name\":\"In\u00edcio\",\"item\":\"https:\/\/portaltela.pt\/\"},{\"@type\":\"ListItem\",\"position\":2,\"name\":\"Postura de Casillas no Instagram gera risos em podcast\"}]},{\"@type\":\"WebSite\",\"@id\":\"https:\/\/portaltela.pt\/#website\",\"url\":\"https:\/\/portaltela.pt\/\",\"name\":\"Portal Tela Portugal\",\"description\":\"\",\"potentialAction\":[{\"@type\":\"SearchAction\",\"target\":{\"@type\":\"EntryPoint\",\"urlTemplate\":\"https:\/\/portaltela.pt\/?s={search_term_string}\"},\"query-input\":{\"@type\":\"PropertyValueSpecification\",\"valueRequired\":true,\"valueName\":\"search_term_string\"}}],\"inLanguage\":\"pt-PT\"},{\"@type\":\"Person\",\"@id\":\"https:\/\/portaltela.pt\/#\/schema\/person\/c4278d4a6028830caff9ee44b42d32ed\",\"name\":\"Telinha\",\"image\":{\"@type\":\"ImageObject\",\"inLanguage\":\"pt-PT\",\"@id\":\"https:\/\/portaltela.pt\/s.01k8rhncp4jt1\/2025\/11\/talking-bot-125x125.png\",\"url\":\"https:\/\/portaltela.pt\/s.01k8rhncp4jt1\/2025\/11\/talking-bot-125x125.png\",\"contentUrl\":\"https:\/\/portaltela.pt\/s.01k8rhncp4jt1\/2025\/11\/talking-bot-125x125.png\",\"caption\":\"Telinha\"},\"sameAs\":[\"https:\/\/portaltela.pt\/\"],\"url\":\"https:\/\/portaltela.pt\/por\/367410592786\/\"}]}<\/script>\n<!-- \/ Yoast SEO plugin. -->","yoast_head_json":{"title":"Postura de Casillas no Instagram gera risos em podcast - Portal Tela Portugal","robots":{"index":"index","follow":"follow","max-snippet":"max-snippet:-1","max-image-preview":"max-image-preview:large","max-video-preview":"max-video-preview:-1"},"og_locale":"pt_PT","og_type":"article","og_title":"Postura de Casillas no Instagram gera risos em podcast - Portal Tela Portugal","og_description":"No podcast L\u00ednea de Cal, Iker Casillas ficou em foco por ter dado 'like' a v\u00e1rias publica\u00e7\u00f5es da jornalista Alinhoa P\u00e9rez de Lema. O momento provocou risos no est\u00fadio e v\u00e1rias piadas sobre a postura do ex-guardi\u00e3o do FC Porto e do Real Madrid. Alinhoa brincou dizendo que Casillas pode distribuir 'like's de forma generosa quando algo lhe chama a aten\u00e7\u00e3o. Os moderadores mostraram imagens com os 'likes' de Casillas, todas da jornalista convidada do programa. O tema ganhou ainda mais humor, com coment\u00e1rios de que o guarda-redes poderia ter um filtro ao navegar pelas redes sociais.","og_url":"https:\/\/portaltela.pt\/noticias\/2026\/03\/06\/postura-de-casillas-no-instagram-gera-risos-em-podcast\/","og_site_name":"Portal Tela Portugal","article_published_time":"2026-03-06T14:50:00+00:00","author":"Telinha","twitter_card":"summary_large_image","twitter_misc":{"Escrito por":"Telinha","Tempo estimado de leitura":"1 minuto"},"schema":{"@context":"https:\/\/schema.org","@graph":[{"@type":"Article","@id":"https:\/\/portaltela.pt\/noticias\/2026\/03\/06\/postura-de-casillas-no-instagram-gera-risos-em-podcast\/#article","isPartOf":{"@id":"https:\/\/portaltela.pt\/noticias\/2026\/03\/06\/postura-de-casillas-no-instagram-gera-risos-em-podcast\/"},"author":{"name":"Telinha","@id":"https:\/\/portaltela.pt\/#\/schema\/person\/c4278d4a6028830caff9ee44b42d32ed"},"headline":"Postura de Casillas no Instagram gera risos em podcast","datePublished":"2026-03-06T14:50:00+00:00","mainEntityOfPage":{"@id":"https:\/\/portaltela.pt\/noticias\/2026\/03\/06\/postura-de-casillas-no-instagram-gera-risos-em-podcast\/"},"wordCount":207,"image":{"@id":"https:\/\/portaltela.pt\/noticias\/2026\/03\/06\/postura-de-casillas-no-instagram-gera-risos-em-podcast\/#primaryimage"},"thumbnailUrl":"https:\/\/portaltela.pt\/s.01k8rhncp4jt1\/2026\/03\/img_920x518uu2025-06-02-20-42-09-2366853.jpg","keywords":["celebidades","DAZN","futebol","informa\u00e7\u00e3o p\u00fablica","pessoas p\u00fablicas"],"articleSection":["Desporto","Futebol"],"inLanguage":"pt-PT"},{"@type":"WebPage","@id":"https:\/\/portaltela.pt\/noticias\/2026\/03\/06\/postura-de-casillas-no-instagram-gera-risos-em-podcast\/","url":"https:\/\/portaltela.pt\/noticias\/2026\/03\/06\/postura-de-casillas-no-instagram-gera-risos-em-podcast\/","name":"Postura de Casillas no Instagram gera risos em podcast - Portal Tela Portugal","isPartOf":{"@id":"https:\/\/portaltela.pt\/#website"},"primaryImageOfPage":{"@id":"https:\/\/portaltela.pt\/noticias\/2026\/03\/06\/postura-de-casillas-no-instagram-gera-risos-em-podcast\/#primaryimage"},"image":{"@id":"https:\/\/portaltela.pt\/noticias\/2026\/03\/06\/postura-de-casillas-no-instagram-gera-risos-em-podcast\/#primaryimage"},"thumbnailUrl":"https:\/\/portaltela.pt\/s.01k8rhncp4jt1\/2026\/03\/img_920x518uu2025-06-02-20-42-09-2366853.jpg","datePublished":"2026-03-06T14:50:00+00:00","author":{"@id":"https:\/\/portaltela.pt\/#\/schema\/person\/c4278d4a6028830caff9ee44b42d32ed"},"breadcrumb":{"@id":"https:\/\/portaltela.pt\/noticias\/2026\/03\/06\/postura-de-casillas-no-instagram-gera-risos-em-podcast\/#breadcrumb"},"inLanguage":"pt-PT","potentialAction":[{"@type":"ReadAction","target":["https:\/\/portaltela.pt\/noticias\/2026\/03\/06\/postura-de-casillas-no-instagram-gera-risos-em-podcast\/"]}]},{"@type":"ImageObject","inLanguage":"pt-PT","@id":"https:\/\/portaltela.pt\/noticias\/2026\/03\/06\/postura-de-casillas-no-instagram-gera-risos-em-podcast\/#primaryimage","url":"https:\/\/portaltela.pt\/s.01k8rhncp4jt1\/2026\/03\/img_920x518uu2025-06-02-20-42-09-2366853.jpg","contentUrl":"https:\/\/portaltela.pt\/s.01k8rhncp4jt1\/2026\/03\/img_920x518uu2025-06-02-20-42-09-2366853.jpg","width":796,"height":448,"caption":"Iker Casillas"},{"@type":"BreadcrumbList","@id":"https:\/\/portaltela.pt\/noticias\/2026\/03\/06\/postura-de-casillas-no-instagram-gera-risos-em-podcast\/#breadcrumb","itemListElement":[{"@type":"ListItem","position":1,"name":"In\u00edcio","item":"https:\/\/portaltela.pt\/"},{"@type":"ListItem","position":2,"name":"Postura de Casillas no Instagram gera risos em podcast"}]},{"@type":"WebSite","@id":"https:\/\/portaltela.pt\/#website","url":"https:\/\/portaltela.pt\/","name":"Portal Tela Portugal","description":"","potentialAction":[{"@type":"SearchAction","target":{"@type":"EntryPoint","urlTemplate":"https:\/\/portaltela.pt\/?s={search_term_string}"},"query-input":{"@type":"PropertyValueSpecification","valueRequired":true,"valueName":"search_term_string"}}],"inLanguage":"pt-PT"},{"@type":"Person","@id":"https:\/\/portaltela.pt\/#\/schema\/person\/c4278d4a6028830caff9ee44b42d32ed","name":"Telinha","image":{"@type":"ImageObject","inLanguage":"pt-PT","@id":"https:\/\/portaltela.pt\/s.01k8rhncp4jt1\/2025\/11\/talking-bot-125x125.png","url":"https:\/\/portaltela.pt\/s.01k8rhncp4jt1\/2025\/11\/talking-bot-125x125.png","contentUrl":"https:\/\/portaltela.pt\/s.01k8rhncp4jt1\/2025\/11\/talking-bot-125x125.png","caption":"Telinha"},"sameAs":["https:\/\/portaltela.pt\/"],"url":"https:\/\/portaltela.pt\/por\/367410592786\/"}]}},"_links":{"self":[{"href":"https:\/\/portaltela.pt\/api\/wp\/v2\/posts\/400256","targetHints":{"allow":["GET"]}}],"collection":[{"href":"https:\/\/portaltela.pt\/api\/wp\/v2\/posts"}],"about":[{"href":"https:\/\/portaltela.pt\/api\/wp\/v2\/types\/post"}],"author":[{"embeddable":true,"href":"https:\/\/portaltela.pt\/api\/wp\/v2\/users\/2"}],"replies":[{"embeddable":true,"href":"https:\/\/portaltela.pt\/api\/wp\/v2\/comments?post=400256"}],"version-history":[{"count":0,"href":"https:\/\/portaltela.pt\/api\/wp\/v2\/posts\/400256\/revisions"}],"wp:featuredmedia":[{"embeddable":true,"href":"https:\/\/portaltela.pt\/api\/wp\/v2\/media\/400266"}],"wp:attachment":[{"href":"https:\/\/portaltela.pt\/api\/wp\/v2\/media?parent=400256"}],"wp:term":[{"taxonomy":"category","embeddable":true,"href":"https:\/\/portaltela.pt\/api\/wp\/v2\/categories?post=400256"},{"taxonomy":"post_tag","embeddable":true,"href":"https:\/\/portaltela.pt\/api\/wp\/v2\/tags?post=400256"}],"curies":[{"name":"wp","href":"https:\/\/api.w.org\/{rel}","templated":true}]}}