{"id":400239,"date":"2026-03-06T11:48:00","date_gmt":"2026-03-06T14:48:00","guid":{"rendered":"https:\/\/portaltela.pt\/noticias\/2026\/03\/06\/guru-branco-2024-reune-participantes-e-apresenta-projetos\/"},"modified":"2026-03-06T11:48:00","modified_gmt":"2026-03-06T14:48:00","slug":"guru-branco-2024-reune-participantes-e-apresenta-projetos","status":"publish","type":"post","link":"https:\/\/portaltela.pt\/noticias\/2026\/03\/06\/guru-branco-2024-reune-participantes-e-apresenta-projetos\/","title":{"rendered":"Guru Branco 2024 re\u00fane participantes e apresenta projetos"},"content":{"rendered":"<p>O Guru Branco 2024 surge nas notas de prova como um vinho de perfil complexo, com fruta de caro\u00e7o, citrinos e flores brancas, enriquecidas por notas minerais. A origem \u00e9 uma vinha com mais de 70 anos de idade.<\/p>\n<p>A boca apresenta frescor sedutor, com mineralidade, fruta e volume que se movem em harmonia, resultando num conjunto acetinado. Um lote tipicamente duriense de alta altitude.<\/p>\n<p>As castas usadas s\u00e3o Viosinho, Rabigato, C\u00f3dega do Larinho e Gouveio, uvas colhidas a 600 metros. Fermentaram parcialmente em barricas de carvalho franc\u00eas (8%), com bat\u00f4nnage nas mesmas.<\/p>\n<p>O conjunto \u00e9 descrito como completo, apreci\u00e1vel j\u00e1 agora e com potencial de evolu\u00e7\u00e3o na cave, para envelhecimento adicional.<\/p>\n","protected":false},"excerpt":{"rendered":"<ul>\n<li>Guru Branco 2024 \u00e9 um branco do Douro, produzido a partir de um lote duriense com Viosinho, Rabigato, C\u00f3dega do Larinho e Gouveio, de vinha com mais de 70 anos.<\/li>\n<li>Uvas de altitude (600 metros) conferem frescura e notas minerais, com aroma a fruta de caro\u00e7o, citrinos e flores brancas.<\/li>\n<li>Parte da fermenta\u00e7\u00e3o decorreu em barricas de carvalho franc\u00eas, correspondendo a 8% do vinho.<\/li>\n<li>O est\u00e1gio incluiu bat\u00f4nnage (agita\u00e7\u00e3o das borras) nas mesmas barricas.<\/li>\n<li>Resulta num branco completo, acetinado e delicado, bom agora e com potencial de evolu\u00e7\u00e3o na cave nos pr\u00f3ximos anos.<\/li>\n<\/ul>\n","protected":false},"author":2,"featured_media":400242,"comment_status":"closed","ping_status":"closed","sticky":false,"template":"","format":"standard","meta":{"footnotes":""},"categories":[1],"tags":[5664,1194,2788,5586,4103],"class_list":["post-400239","post","type-post","status-publish","format-standard","has-post-thumbnail","hentry","category-noticias","tag-castas","tag-douro","tag-envelhecimento","tag-vinho","tag-viticultura"],"yoast_head":"<!-- This site is optimized with the Yoast SEO plugin v27.2 - https:\/\/yoast.com\/product\/yoast-seo-wordpress\/ -->\n<title>Guru Branco 2024 re\u00fane participantes e apresenta projetos - Portal Tela Portugal<\/title>\n<meta name=\"robots\" content=\"index, follow, max-snippet:-1, max-image-preview:large, max-video-preview:-1\" \/>\n<meta property=\"og:locale\" content=\"pt_PT\" \/>\n<meta property=\"og:type\" content=\"article\" \/>\n<meta property=\"og:title\" content=\"Guru Branco 2024 re\u00fane participantes e apresenta projetos - Portal Tela Portugal\" \/>\n<meta property=\"og:description\" content=\"Guru Branco 2024 \u00e9 um branco do Douro, produzido a partir de um lote duriense com Viosinho, Rabigato, C\u00f3dega do Larinho e Gouveio, de vinha com mais de 70 anos. Uvas de altitude (600 metros) conferem frescura e notas minerais, com aroma a fruta de caro\u00e7o, citrinos e flores brancas. Parte da fermenta\u00e7\u00e3o decorreu em barricas de carvalho franc\u00eas, correspondendo a 8% do vinho. O est\u00e1gio incluiu bat\u00f4nnage (agita\u00e7\u00e3o das borras) nas mesmas barricas. Resulta num branco completo, acetinado e delicado, bom agora e com potencial de evolu\u00e7\u00e3o na cave nos pr\u00f3ximos anos.\" \/>\n<meta property=\"og:url\" content=\"https:\/\/portaltela.pt\/noticias\/2026\/03\/06\/guru-branco-2024-reune-participantes-e-apresenta-projetos\/\" \/>\n<meta property=\"og:site_name\" content=\"Portal Tela Portugal\" \/>\n<meta property=\"article:published_time\" content=\"2026-03-06T14:48:00+00:00\" \/>\n<meta name=\"author\" content=\"Telinha\" \/>\n<meta name=\"twitter:card\" content=\"summary_large_image\" \/>\n<meta name=\"twitter:label1\" content=\"Escrito por\" \/>\n\t<meta name=\"twitter:data1\" content=\"Telinha\" \/>\n\t<meta name=\"twitter:label2\" content=\"Tempo estimado de leitura\" \/>\n\t<meta name=\"twitter:data2\" content=\"1 minuto\" \/>\n<script type=\"application\/ld+json\" class=\"yoast-schema-graph\">{\"@context\":\"https:\/\/schema.org\",\"@graph\":[{\"@type\":\"Article\",\"@id\":\"https:\/\/portaltela.pt\/noticias\/2026\/03\/06\/guru-branco-2024-reune-participantes-e-apresenta-projetos\/#article\",\"isPartOf\":{\"@id\":\"https:\/\/portaltela.pt\/noticias\/2026\/03\/06\/guru-branco-2024-reune-participantes-e-apresenta-projetos\/\"},\"author\":{\"name\":\"Telinha\",\"@id\":\"https:\/\/portaltela.pt\/#\/schema\/person\/c4278d4a6028830caff9ee44b42d32ed\"},\"headline\":\"Guru Branco 2024 re\u00fane participantes e apresenta projetos\",\"datePublished\":\"2026-03-06T14:48:00+00:00\",\"mainEntityOfPage\":{\"@id\":\"https:\/\/portaltela.pt\/noticias\/2026\/03\/06\/guru-branco-2024-reune-participantes-e-apresenta-projetos\/\"},\"wordCount\":121,\"image\":{\"@id\":\"https:\/\/portaltela.pt\/noticias\/2026\/03\/06\/guru-branco-2024-reune-participantes-e-apresenta-projetos\/#primaryimage\"},\"thumbnailUrl\":\"https:\/\/portaltela.pt\/s.01k8rhncp4jt1\/2026\/03\/2071715.jpg\",\"keywords\":[\"castas\",\"Douro\",\"envelhecimento\",\"vinho\",\"viticultura\"],\"articleSection\":[\"Not\u00edcias\"],\"inLanguage\":\"pt-PT\"},{\"@type\":\"WebPage\",\"@id\":\"https:\/\/portaltela.pt\/noticias\/2026\/03\/06\/guru-branco-2024-reune-participantes-e-apresenta-projetos\/\",\"url\":\"https:\/\/portaltela.pt\/noticias\/2026\/03\/06\/guru-branco-2024-reune-participantes-e-apresenta-projetos\/\",\"name\":\"Guru Branco 2024 re\u00fane participantes e apresenta projetos - Portal Tela Portugal\",\"isPartOf\":{\"@id\":\"https:\/\/portaltela.pt\/#website\"},\"primaryImageOfPage\":{\"@id\":\"https:\/\/portaltela.pt\/noticias\/2026\/03\/06\/guru-branco-2024-reune-participantes-e-apresenta-projetos\/#primaryimage\"},\"image\":{\"@id\":\"https:\/\/portaltela.pt\/noticias\/2026\/03\/06\/guru-branco-2024-reune-participantes-e-apresenta-projetos\/#primaryimage\"},\"thumbnailUrl\":\"https:\/\/portaltela.pt\/s.01k8rhncp4jt1\/2026\/03\/2071715.jpg\",\"datePublished\":\"2026-03-06T14:48:00+00:00\",\"author\":{\"@id\":\"https:\/\/portaltela.pt\/#\/schema\/person\/c4278d4a6028830caff9ee44b42d32ed\"},\"breadcrumb\":{\"@id\":\"https:\/\/portaltela.pt\/noticias\/2026\/03\/06\/guru-branco-2024-reune-participantes-e-apresenta-projetos\/#breadcrumb\"},\"inLanguage\":\"pt-PT\",\"potentialAction\":[{\"@type\":\"ReadAction\",\"target\":[\"https:\/\/portaltela.pt\/noticias\/2026\/03\/06\/guru-branco-2024-reune-participantes-e-apresenta-projetos\/\"]}]},{\"@type\":\"ImageObject\",\"inLanguage\":\"pt-PT\",\"@id\":\"https:\/\/portaltela.pt\/noticias\/2026\/03\/06\/guru-branco-2024-reune-participantes-e-apresenta-projetos\/#primaryimage\",\"url\":\"https:\/\/portaltela.pt\/s.01k8rhncp4jt1\/2026\/03\/2071715.jpg\",\"contentUrl\":\"https:\/\/portaltela.pt\/s.01k8rhncp4jt1\/2026\/03\/2071715.jpg\",\"width\":796,\"height\":448,\"caption\":\"Photo\"},{\"@type\":\"BreadcrumbList\",\"@id\":\"https:\/\/portaltela.pt\/noticias\/2026\/03\/06\/guru-branco-2024-reune-participantes-e-apresenta-projetos\/#breadcrumb\",\"itemListElement\":[{\"@type\":\"ListItem\",\"position\":1,\"name\":\"In\u00edcio\",\"item\":\"https:\/\/portaltela.pt\/\"},{\"@type\":\"ListItem\",\"position\":2,\"name\":\"Guru Branco 2024 re\u00fane participantes e apresenta projetos\"}]},{\"@type\":\"WebSite\",\"@id\":\"https:\/\/portaltela.pt\/#website\",\"url\":\"https:\/\/portaltela.pt\/\",\"name\":\"Portal Tela Portugal\",\"description\":\"\",\"potentialAction\":[{\"@type\":\"SearchAction\",\"target\":{\"@type\":\"EntryPoint\",\"urlTemplate\":\"https:\/\/portaltela.pt\/?s={search_term_string}\"},\"query-input\":{\"@type\":\"PropertyValueSpecification\",\"valueRequired\":true,\"valueName\":\"search_term_string\"}}],\"inLanguage\":\"pt-PT\"},{\"@type\":\"Person\",\"@id\":\"https:\/\/portaltela.pt\/#\/schema\/person\/c4278d4a6028830caff9ee44b42d32ed\",\"name\":\"Telinha\",\"image\":{\"@type\":\"ImageObject\",\"inLanguage\":\"pt-PT\",\"@id\":\"https:\/\/portaltela.pt\/s.01k8rhncp4jt1\/2025\/11\/talking-bot-125x125.png\",\"url\":\"https:\/\/portaltela.pt\/s.01k8rhncp4jt1\/2025\/11\/talking-bot-125x125.png\",\"contentUrl\":\"https:\/\/portaltela.pt\/s.01k8rhncp4jt1\/2025\/11\/talking-bot-125x125.png\",\"caption\":\"Telinha\"},\"sameAs\":[\"https:\/\/portaltela.pt\/\"],\"url\":\"https:\/\/portaltela.pt\/por\/367410592786\/\"}]}<\/script>\n<!-- \/ Yoast SEO plugin. -->","yoast_head_json":{"title":"Guru Branco 2024 re\u00fane participantes e apresenta projetos - Portal Tela Portugal","robots":{"index":"index","follow":"follow","max-snippet":"max-snippet:-1","max-image-preview":"max-image-preview:large","max-video-preview":"max-video-preview:-1"},"og_locale":"pt_PT","og_type":"article","og_title":"Guru Branco 2024 re\u00fane participantes e apresenta projetos - Portal Tela Portugal","og_description":"Guru Branco 2024 \u00e9 um branco do Douro, produzido a partir de um lote duriense com Viosinho, Rabigato, C\u00f3dega do Larinho e Gouveio, de vinha com mais de 70 anos. Uvas de altitude (600 metros) conferem frescura e notas minerais, com aroma a fruta de caro\u00e7o, citrinos e flores brancas. Parte da fermenta\u00e7\u00e3o decorreu em barricas de carvalho franc\u00eas, correspondendo a 8% do vinho. O est\u00e1gio incluiu bat\u00f4nnage (agita\u00e7\u00e3o das borras) nas mesmas barricas. Resulta num branco completo, acetinado e delicado, bom agora e com potencial de evolu\u00e7\u00e3o na cave nos pr\u00f3ximos anos.","og_url":"https:\/\/portaltela.pt\/noticias\/2026\/03\/06\/guru-branco-2024-reune-participantes-e-apresenta-projetos\/","og_site_name":"Portal Tela Portugal","article_published_time":"2026-03-06T14:48:00+00:00","author":"Telinha","twitter_card":"summary_large_image","twitter_misc":{"Escrito por":"Telinha","Tempo estimado de leitura":"1 minuto"},"schema":{"@context":"https:\/\/schema.org","@graph":[{"@type":"Article","@id":"https:\/\/portaltela.pt\/noticias\/2026\/03\/06\/guru-branco-2024-reune-participantes-e-apresenta-projetos\/#article","isPartOf":{"@id":"https:\/\/portaltela.pt\/noticias\/2026\/03\/06\/guru-branco-2024-reune-participantes-e-apresenta-projetos\/"},"author":{"name":"Telinha","@id":"https:\/\/portaltela.pt\/#\/schema\/person\/c4278d4a6028830caff9ee44b42d32ed"},"headline":"Guru Branco 2024 re\u00fane participantes e apresenta projetos","datePublished":"2026-03-06T14:48:00+00:00","mainEntityOfPage":{"@id":"https:\/\/portaltela.pt\/noticias\/2026\/03\/06\/guru-branco-2024-reune-participantes-e-apresenta-projetos\/"},"wordCount":121,"image":{"@id":"https:\/\/portaltela.pt\/noticias\/2026\/03\/06\/guru-branco-2024-reune-participantes-e-apresenta-projetos\/#primaryimage"},"thumbnailUrl":"https:\/\/portaltela.pt\/s.01k8rhncp4jt1\/2026\/03\/2071715.jpg","keywords":["castas","Douro","envelhecimento","vinho","viticultura"],"articleSection":["Not\u00edcias"],"inLanguage":"pt-PT"},{"@type":"WebPage","@id":"https:\/\/portaltela.pt\/noticias\/2026\/03\/06\/guru-branco-2024-reune-participantes-e-apresenta-projetos\/","url":"https:\/\/portaltela.pt\/noticias\/2026\/03\/06\/guru-branco-2024-reune-participantes-e-apresenta-projetos\/","name":"Guru Branco 2024 re\u00fane participantes e apresenta projetos - Portal Tela Portugal","isPartOf":{"@id":"https:\/\/portaltela.pt\/#website"},"primaryImageOfPage":{"@id":"https:\/\/portaltela.pt\/noticias\/2026\/03\/06\/guru-branco-2024-reune-participantes-e-apresenta-projetos\/#primaryimage"},"image":{"@id":"https:\/\/portaltela.pt\/noticias\/2026\/03\/06\/guru-branco-2024-reune-participantes-e-apresenta-projetos\/#primaryimage"},"thumbnailUrl":"https:\/\/portaltela.pt\/s.01k8rhncp4jt1\/2026\/03\/2071715.jpg","datePublished":"2026-03-06T14:48:00+00:00","author":{"@id":"https:\/\/portaltela.pt\/#\/schema\/person\/c4278d4a6028830caff9ee44b42d32ed"},"breadcrumb":{"@id":"https:\/\/portaltela.pt\/noticias\/2026\/03\/06\/guru-branco-2024-reune-participantes-e-apresenta-projetos\/#breadcrumb"},"inLanguage":"pt-PT","potentialAction":[{"@type":"ReadAction","target":["https:\/\/portaltela.pt\/noticias\/2026\/03\/06\/guru-branco-2024-reune-participantes-e-apresenta-projetos\/"]}]},{"@type":"ImageObject","inLanguage":"pt-PT","@id":"https:\/\/portaltela.pt\/noticias\/2026\/03\/06\/guru-branco-2024-reune-participantes-e-apresenta-projetos\/#primaryimage","url":"https:\/\/portaltela.pt\/s.01k8rhncp4jt1\/2026\/03\/2071715.jpg","contentUrl":"https:\/\/portaltela.pt\/s.01k8rhncp4jt1\/2026\/03\/2071715.jpg","width":796,"height":448,"caption":"Photo"},{"@type":"BreadcrumbList","@id":"https:\/\/portaltela.pt\/noticias\/2026\/03\/06\/guru-branco-2024-reune-participantes-e-apresenta-projetos\/#breadcrumb","itemListElement":[{"@type":"ListItem","position":1,"name":"In\u00edcio","item":"https:\/\/portaltela.pt\/"},{"@type":"ListItem","position":2,"name":"Guru Branco 2024 re\u00fane participantes e apresenta projetos"}]},{"@type":"WebSite","@id":"https:\/\/portaltela.pt\/#website","url":"https:\/\/portaltela.pt\/","name":"Portal Tela Portugal","description":"","potentialAction":[{"@type":"SearchAction","target":{"@type":"EntryPoint","urlTemplate":"https:\/\/portaltela.pt\/?s={search_term_string}"},"query-input":{"@type":"PropertyValueSpecification","valueRequired":true,"valueName":"search_term_string"}}],"inLanguage":"pt-PT"},{"@type":"Person","@id":"https:\/\/portaltela.pt\/#\/schema\/person\/c4278d4a6028830caff9ee44b42d32ed","name":"Telinha","image":{"@type":"ImageObject","inLanguage":"pt-PT","@id":"https:\/\/portaltela.pt\/s.01k8rhncp4jt1\/2025\/11\/talking-bot-125x125.png","url":"https:\/\/portaltela.pt\/s.01k8rhncp4jt1\/2025\/11\/talking-bot-125x125.png","contentUrl":"https:\/\/portaltela.pt\/s.01k8rhncp4jt1\/2025\/11\/talking-bot-125x125.png","caption":"Telinha"},"sameAs":["https:\/\/portaltela.pt\/"],"url":"https:\/\/portaltela.pt\/por\/367410592786\/"}]}},"_links":{"self":[{"href":"https:\/\/portaltela.pt\/api\/wp\/v2\/posts\/400239","targetHints":{"allow":["GET"]}}],"collection":[{"href":"https:\/\/portaltela.pt\/api\/wp\/v2\/posts"}],"about":[{"href":"https:\/\/portaltela.pt\/api\/wp\/v2\/types\/post"}],"author":[{"embeddable":true,"href":"https:\/\/portaltela.pt\/api\/wp\/v2\/users\/2"}],"replies":[{"embeddable":true,"href":"https:\/\/portaltela.pt\/api\/wp\/v2\/comments?post=400239"}],"version-history":[{"count":0,"href":"https:\/\/portaltela.pt\/api\/wp\/v2\/posts\/400239\/revisions"}],"wp:featuredmedia":[{"embeddable":true,"href":"https:\/\/portaltela.pt\/api\/wp\/v2\/media\/400242"}],"wp:attachment":[{"href":"https:\/\/portaltela.pt\/api\/wp\/v2\/media?parent=400239"}],"wp:term":[{"taxonomy":"category","embeddable":true,"href":"https:\/\/portaltela.pt\/api\/wp\/v2\/categories?post=400239"},{"taxonomy":"post_tag","embeddable":true,"href":"https:\/\/portaltela.pt\/api\/wp\/v2\/tags?post=400239"}],"curies":[{"name":"wp","href":"https:\/\/api.w.org\/{rel}","templated":true}]}}