{"id":400218,"date":"2026-03-06T11:46:56","date_gmt":"2026-03-06T14:46:56","guid":{"rendered":"https:\/\/portaltela.pt\/noticias\/2026\/03\/06\/plano-mestre-visa-transformar-a-capital-ate-2040\/"},"modified":"2026-03-06T11:46:56","modified_gmt":"2026-03-06T14:46:56","slug":"plano-mestre-visa-transformar-a-capital-ate-2040","status":"publish","type":"post","link":"https:\/\/portaltela.pt\/noticias\/politica\/2026\/03\/06\/plano-mestre-visa-transformar-a-capital-ate-2040\/","title":{"rendered":"Plano mestre visa transformar a capital at\u00e9 2040"},"content":{"rendered":"<p>O Plano Mestre de Bacu para 2040 prop\u00f5e transformar a capital do Azerbaij\u00e3o, Bacu, numa cidade mais sustent\u00e1vel com foco humano, at\u00e9 ao ano de 2040. O projecto \u00e9 avan\u00e7ado por urbanistas e especialistas que promovem um desenvolvimento polic\u00eantrico, melhores liga\u00e7\u00f5es de transportes e espa\u00e7os comunit\u00e1rios din\u00e2micos. A iniciativa pretende manter a identidade cultural da cidade em sintonia com infraestruturas modernas.<\/p>\n<p>Segundo os especialistas, o plano inclui corredores verdes que ligam parques e criam trajetos mais eficientes para os residentes. Este modelo de mobilidade visa reduzir viagens curtas de autom\u00f3vel e promover alternativas sustent\u00e1veis no dia a dia.<\/p>\n<p>Os especialistas apontam ainda o impulso econ\u00f3mico fora do centro hist\u00f3rico, atrav\u00e9s de bairros novos. A proposta enfatiza preservar o patrim\u00f3nio e a arquitetura distintiva de Bacu, integrando as linhas hist\u00f3ricas com infraestruturas modernas.<\/p>\n<h3>Elementos centrais<\/h3>\n<p>A preserva\u00e7\u00e3o do patrim\u00f3nio arquitet\u00f3nico \u00e9 destacada, com a integra\u00e7\u00e3o de novas infraestruturas que respeitam a heran\u00e7a da cidade.<\/p>\n<p>O objetivo \u00e9 equilibrar inova\u00e7\u00e3o e identidade, assegurando que o desenvolvimento n\u00e3o comprometa a ess\u00eancia de Bacu.<\/p>\n<p>Espa\u00e7os comunit\u00e1rios vibrantes e apoio a empresas locais aparecem como pilares do plano, para enriquecer a vida cotidiana.<\/p>\n","protected":false},"excerpt":{"rendered":"<ul>\n<li>O Plano Mestre de Bacu para 2040 prop\u00f5e transformar a capital do Azerbaij\u00e3o numa cidade mais sustent\u00e1vel e centrada nas pessoas.<\/li>\n<li>Prop\u00f5e um desenvolvimento polic\u00eantrico, com liga\u00e7\u00f5es de transportes melhores e espa\u00e7os comunit\u00e1rios vibrantes para apoiar empresas locais e a vida quotidiana.<\/li>\n<li>Quer ligar os parques da cidade atrav\u00e9s de corredores verdes, mudando a forma como os residentes se deslocam.<\/li>\n<li>Os bairros novos devem impulsionar o crescimento econ\u00f3mico fora do centro hist\u00f3rico.<\/li>\n<li>Prioriza preservar o patrim\u00f3nio cultural e a identidade arquitet\u00f3nica de Bacu, integrando-o com infraestruturas modernas para o futuro.<\/li>\n<\/ul>\n","protected":false},"author":2,"featured_media":400221,"comment_status":"closed","ping_status":"closed","sticky":false,"template":"","format":"standard","meta":{"footnotes":""},"categories":[1,5],"tags":[6476,4769,3724,2110,814,189],"class_list":["post-400218","post","type-post","status-publish","format-standard","has-post-thumbnail","hentry","category-noticias","category-politica","tag-azerbaijao","tag-cidades-inteligentes","tag-desenvolvimento-urbano-sustentavel","tag-mobilidade","tag-patrimonio","tag-urbanismo"],"yoast_head":"<!-- This site is optimized with the Yoast SEO plugin v27.2 - https:\/\/yoast.com\/product\/yoast-seo-wordpress\/ -->\n<title>Plano mestre visa transformar a capital at\u00e9 2040 - Portal Tela Portugal<\/title>\n<meta name=\"robots\" content=\"index, follow, max-snippet:-1, max-image-preview:large, max-video-preview:-1\" \/>\n<meta property=\"og:locale\" content=\"pt_PT\" \/>\n<meta property=\"og:type\" content=\"article\" \/>\n<meta property=\"og:title\" content=\"Plano mestre visa transformar a capital at\u00e9 2040 - Portal Tela Portugal\" \/>\n<meta property=\"og:description\" content=\"O Plano Mestre de Bacu para 2040 prop\u00f5e transformar a capital do Azerbaij\u00e3o numa cidade mais sustent\u00e1vel e centrada nas pessoas. Prop\u00f5e um desenvolvimento polic\u00eantrico, com liga\u00e7\u00f5es de transportes melhores e espa\u00e7os comunit\u00e1rios vibrantes para apoiar empresas locais e a vida quotidiana. Quer ligar os parques da cidade atrav\u00e9s de corredores verdes, mudando a forma como os residentes se deslocam. Os bairros novos devem impulsionar o crescimento econ\u00f3mico fora do centro hist\u00f3rico. Prioriza preservar o patrim\u00f3nio cultural e a identidade arquitet\u00f3nica de Bacu, integrando-o com infraestruturas modernas para o futuro.\" \/>\n<meta property=\"og:url\" content=\"https:\/\/portaltela.pt\/noticias\/2026\/03\/06\/plano-mestre-visa-transformar-a-capital-ate-2040\/\" \/>\n<meta property=\"og:site_name\" content=\"Portal Tela Portugal\" \/>\n<meta property=\"article:published_time\" content=\"2026-03-06T14:46:56+00:00\" \/>\n<meta name=\"author\" content=\"Telinha\" \/>\n<meta name=\"twitter:card\" content=\"summary_large_image\" \/>\n<meta name=\"twitter:label1\" content=\"Escrito por\" \/>\n\t<meta name=\"twitter:data1\" content=\"Telinha\" \/>\n\t<meta name=\"twitter:label2\" content=\"Tempo estimado de leitura\" \/>\n\t<meta name=\"twitter:data2\" content=\"1 minuto\" \/>\n<script type=\"application\/ld+json\" class=\"yoast-schema-graph\">{\"@context\":\"https:\/\/schema.org\",\"@graph\":[{\"@type\":\"Article\",\"@id\":\"https:\/\/portaltela.pt\/noticias\/2026\/03\/06\/plano-mestre-visa-transformar-a-capital-ate-2040\/#article\",\"isPartOf\":{\"@id\":\"https:\/\/portaltela.pt\/noticias\/2026\/03\/06\/plano-mestre-visa-transformar-a-capital-ate-2040\/\"},\"author\":{\"name\":\"Telinha\",\"@id\":\"https:\/\/portaltela.pt\/#\/schema\/person\/c4278d4a6028830caff9ee44b42d32ed\"},\"headline\":\"Plano mestre visa transformar a capital at\u00e9 2040\",\"datePublished\":\"2026-03-06T14:46:56+00:00\",\"mainEntityOfPage\":{\"@id\":\"https:\/\/portaltela.pt\/noticias\/2026\/03\/06\/plano-mestre-visa-transformar-a-capital-ate-2040\/\"},\"wordCount\":216,\"image\":{\"@id\":\"https:\/\/portaltela.pt\/noticias\/2026\/03\/06\/plano-mestre-visa-transformar-a-capital-ate-2040\/#primaryimage\"},\"thumbnailUrl\":\"https:\/\/portaltela.pt\/s.01k8rhncp4jt1\/2026\/03\/1536x864_cmsv2_87cbefaf-fd1b-53a6-96d7-e2e39464f1f3-9654567.jpg\",\"keywords\":[\"Azerbaij\u00e3o\",\"Cidades Inteligentes\",\"desenvolvimento urbano sustent\u00e1vel\",\"mobilidade\",\"patrim\u00f3nio\",\"urbanismo\"],\"articleSection\":[\"Not\u00edcias\",\"Pol\u00edtica\"],\"inLanguage\":\"pt-PT\"},{\"@type\":\"WebPage\",\"@id\":\"https:\/\/portaltela.pt\/noticias\/2026\/03\/06\/plano-mestre-visa-transformar-a-capital-ate-2040\/\",\"url\":\"https:\/\/portaltela.pt\/noticias\/2026\/03\/06\/plano-mestre-visa-transformar-a-capital-ate-2040\/\",\"name\":\"Plano mestre visa transformar a capital at\u00e9 2040 - Portal Tela Portugal\",\"isPartOf\":{\"@id\":\"https:\/\/portaltela.pt\/#website\"},\"primaryImageOfPage\":{\"@id\":\"https:\/\/portaltela.pt\/noticias\/2026\/03\/06\/plano-mestre-visa-transformar-a-capital-ate-2040\/#primaryimage\"},\"image\":{\"@id\":\"https:\/\/portaltela.pt\/noticias\/2026\/03\/06\/plano-mestre-visa-transformar-a-capital-ate-2040\/#primaryimage\"},\"thumbnailUrl\":\"https:\/\/portaltela.pt\/s.01k8rhncp4jt1\/2026\/03\/1536x864_cmsv2_87cbefaf-fd1b-53a6-96d7-e2e39464f1f3-9654567.jpg\",\"datePublished\":\"2026-03-06T14:46:56+00:00\",\"author\":{\"@id\":\"https:\/\/portaltela.pt\/#\/schema\/person\/c4278d4a6028830caff9ee44b42d32ed\"},\"breadcrumb\":{\"@id\":\"https:\/\/portaltela.pt\/noticias\/2026\/03\/06\/plano-mestre-visa-transformar-a-capital-ate-2040\/#breadcrumb\"},\"inLanguage\":\"pt-PT\",\"potentialAction\":[{\"@type\":\"ReadAction\",\"target\":[\"https:\/\/portaltela.pt\/noticias\/2026\/03\/06\/plano-mestre-visa-transformar-a-capital-ate-2040\/\"]}]},{\"@type\":\"ImageObject\",\"inLanguage\":\"pt-PT\",\"@id\":\"https:\/\/portaltela.pt\/noticias\/2026\/03\/06\/plano-mestre-visa-transformar-a-capital-ate-2040\/#primaryimage\",\"url\":\"https:\/\/portaltela.pt\/s.01k8rhncp4jt1\/2026\/03\/1536x864_cmsv2_87cbefaf-fd1b-53a6-96d7-e2e39464f1f3-9654567.jpg\",\"contentUrl\":\"https:\/\/portaltela.pt\/s.01k8rhncp4jt1\/2026\/03\/1536x864_cmsv2_87cbefaf-fd1b-53a6-96d7-e2e39464f1f3-9654567.jpg\",\"width\":796,\"height\":448,\"caption\":\"Um plano mestre que visa transformar uma capital inteira at\u00e9 2040\"},{\"@type\":\"BreadcrumbList\",\"@id\":\"https:\/\/portaltela.pt\/noticias\/2026\/03\/06\/plano-mestre-visa-transformar-a-capital-ate-2040\/#breadcrumb\",\"itemListElement\":[{\"@type\":\"ListItem\",\"position\":1,\"name\":\"In\u00edcio\",\"item\":\"https:\/\/portaltela.pt\/\"},{\"@type\":\"ListItem\",\"position\":2,\"name\":\"Plano mestre visa transformar a capital at\u00e9 2040\"}]},{\"@type\":\"WebSite\",\"@id\":\"https:\/\/portaltela.pt\/#website\",\"url\":\"https:\/\/portaltela.pt\/\",\"name\":\"Portal Tela Portugal\",\"description\":\"\",\"potentialAction\":[{\"@type\":\"SearchAction\",\"target\":{\"@type\":\"EntryPoint\",\"urlTemplate\":\"https:\/\/portaltela.pt\/?s={search_term_string}\"},\"query-input\":{\"@type\":\"PropertyValueSpecification\",\"valueRequired\":true,\"valueName\":\"search_term_string\"}}],\"inLanguage\":\"pt-PT\"},{\"@type\":\"Person\",\"@id\":\"https:\/\/portaltela.pt\/#\/schema\/person\/c4278d4a6028830caff9ee44b42d32ed\",\"name\":\"Telinha\",\"image\":{\"@type\":\"ImageObject\",\"inLanguage\":\"pt-PT\",\"@id\":\"https:\/\/portaltela.pt\/s.01k8rhncp4jt1\/2025\/11\/talking-bot-125x125.png\",\"url\":\"https:\/\/portaltela.pt\/s.01k8rhncp4jt1\/2025\/11\/talking-bot-125x125.png\",\"contentUrl\":\"https:\/\/portaltela.pt\/s.01k8rhncp4jt1\/2025\/11\/talking-bot-125x125.png\",\"caption\":\"Telinha\"},\"sameAs\":[\"https:\/\/portaltela.pt\/\"],\"url\":\"https:\/\/portaltela.pt\/por\/367410592786\/\"}]}<\/script>\n<!-- \/ Yoast SEO plugin. -->","yoast_head_json":{"title":"Plano mestre visa transformar a capital at\u00e9 2040 - Portal Tela Portugal","robots":{"index":"index","follow":"follow","max-snippet":"max-snippet:-1","max-image-preview":"max-image-preview:large","max-video-preview":"max-video-preview:-1"},"og_locale":"pt_PT","og_type":"article","og_title":"Plano mestre visa transformar a capital at\u00e9 2040 - Portal Tela Portugal","og_description":"O Plano Mestre de Bacu para 2040 prop\u00f5e transformar a capital do Azerbaij\u00e3o numa cidade mais sustent\u00e1vel e centrada nas pessoas. Prop\u00f5e um desenvolvimento polic\u00eantrico, com liga\u00e7\u00f5es de transportes melhores e espa\u00e7os comunit\u00e1rios vibrantes para apoiar empresas locais e a vida quotidiana. Quer ligar os parques da cidade atrav\u00e9s de corredores verdes, mudando a forma como os residentes se deslocam. Os bairros novos devem impulsionar o crescimento econ\u00f3mico fora do centro hist\u00f3rico. Prioriza preservar o patrim\u00f3nio cultural e a identidade arquitet\u00f3nica de Bacu, integrando-o com infraestruturas modernas para o futuro.","og_url":"https:\/\/portaltela.pt\/noticias\/2026\/03\/06\/plano-mestre-visa-transformar-a-capital-ate-2040\/","og_site_name":"Portal Tela Portugal","article_published_time":"2026-03-06T14:46:56+00:00","author":"Telinha","twitter_card":"summary_large_image","twitter_misc":{"Escrito por":"Telinha","Tempo estimado de leitura":"1 minuto"},"schema":{"@context":"https:\/\/schema.org","@graph":[{"@type":"Article","@id":"https:\/\/portaltela.pt\/noticias\/2026\/03\/06\/plano-mestre-visa-transformar-a-capital-ate-2040\/#article","isPartOf":{"@id":"https:\/\/portaltela.pt\/noticias\/2026\/03\/06\/plano-mestre-visa-transformar-a-capital-ate-2040\/"},"author":{"name":"Telinha","@id":"https:\/\/portaltela.pt\/#\/schema\/person\/c4278d4a6028830caff9ee44b42d32ed"},"headline":"Plano mestre visa transformar a capital at\u00e9 2040","datePublished":"2026-03-06T14:46:56+00:00","mainEntityOfPage":{"@id":"https:\/\/portaltela.pt\/noticias\/2026\/03\/06\/plano-mestre-visa-transformar-a-capital-ate-2040\/"},"wordCount":216,"image":{"@id":"https:\/\/portaltela.pt\/noticias\/2026\/03\/06\/plano-mestre-visa-transformar-a-capital-ate-2040\/#primaryimage"},"thumbnailUrl":"https:\/\/portaltela.pt\/s.01k8rhncp4jt1\/2026\/03\/1536x864_cmsv2_87cbefaf-fd1b-53a6-96d7-e2e39464f1f3-9654567.jpg","keywords":["Azerbaij\u00e3o","Cidades Inteligentes","desenvolvimento urbano sustent\u00e1vel","mobilidade","patrim\u00f3nio","urbanismo"],"articleSection":["Not\u00edcias","Pol\u00edtica"],"inLanguage":"pt-PT"},{"@type":"WebPage","@id":"https:\/\/portaltela.pt\/noticias\/2026\/03\/06\/plano-mestre-visa-transformar-a-capital-ate-2040\/","url":"https:\/\/portaltela.pt\/noticias\/2026\/03\/06\/plano-mestre-visa-transformar-a-capital-ate-2040\/","name":"Plano mestre visa transformar a capital at\u00e9 2040 - Portal Tela Portugal","isPartOf":{"@id":"https:\/\/portaltela.pt\/#website"},"primaryImageOfPage":{"@id":"https:\/\/portaltela.pt\/noticias\/2026\/03\/06\/plano-mestre-visa-transformar-a-capital-ate-2040\/#primaryimage"},"image":{"@id":"https:\/\/portaltela.pt\/noticias\/2026\/03\/06\/plano-mestre-visa-transformar-a-capital-ate-2040\/#primaryimage"},"thumbnailUrl":"https:\/\/portaltela.pt\/s.01k8rhncp4jt1\/2026\/03\/1536x864_cmsv2_87cbefaf-fd1b-53a6-96d7-e2e39464f1f3-9654567.jpg","datePublished":"2026-03-06T14:46:56+00:00","author":{"@id":"https:\/\/portaltela.pt\/#\/schema\/person\/c4278d4a6028830caff9ee44b42d32ed"},"breadcrumb":{"@id":"https:\/\/portaltela.pt\/noticias\/2026\/03\/06\/plano-mestre-visa-transformar-a-capital-ate-2040\/#breadcrumb"},"inLanguage":"pt-PT","potentialAction":[{"@type":"ReadAction","target":["https:\/\/portaltela.pt\/noticias\/2026\/03\/06\/plano-mestre-visa-transformar-a-capital-ate-2040\/"]}]},{"@type":"ImageObject","inLanguage":"pt-PT","@id":"https:\/\/portaltela.pt\/noticias\/2026\/03\/06\/plano-mestre-visa-transformar-a-capital-ate-2040\/#primaryimage","url":"https:\/\/portaltela.pt\/s.01k8rhncp4jt1\/2026\/03\/1536x864_cmsv2_87cbefaf-fd1b-53a6-96d7-e2e39464f1f3-9654567.jpg","contentUrl":"https:\/\/portaltela.pt\/s.01k8rhncp4jt1\/2026\/03\/1536x864_cmsv2_87cbefaf-fd1b-53a6-96d7-e2e39464f1f3-9654567.jpg","width":796,"height":448,"caption":"Um plano mestre que visa transformar uma capital inteira at\u00e9 2040"},{"@type":"BreadcrumbList","@id":"https:\/\/portaltela.pt\/noticias\/2026\/03\/06\/plano-mestre-visa-transformar-a-capital-ate-2040\/#breadcrumb","itemListElement":[{"@type":"ListItem","position":1,"name":"In\u00edcio","item":"https:\/\/portaltela.pt\/"},{"@type":"ListItem","position":2,"name":"Plano mestre visa transformar a capital at\u00e9 2040"}]},{"@type":"WebSite","@id":"https:\/\/portaltela.pt\/#website","url":"https:\/\/portaltela.pt\/","name":"Portal Tela Portugal","description":"","potentialAction":[{"@type":"SearchAction","target":{"@type":"EntryPoint","urlTemplate":"https:\/\/portaltela.pt\/?s={search_term_string}"},"query-input":{"@type":"PropertyValueSpecification","valueRequired":true,"valueName":"search_term_string"}}],"inLanguage":"pt-PT"},{"@type":"Person","@id":"https:\/\/portaltela.pt\/#\/schema\/person\/c4278d4a6028830caff9ee44b42d32ed","name":"Telinha","image":{"@type":"ImageObject","inLanguage":"pt-PT","@id":"https:\/\/portaltela.pt\/s.01k8rhncp4jt1\/2025\/11\/talking-bot-125x125.png","url":"https:\/\/portaltela.pt\/s.01k8rhncp4jt1\/2025\/11\/talking-bot-125x125.png","contentUrl":"https:\/\/portaltela.pt\/s.01k8rhncp4jt1\/2025\/11\/talking-bot-125x125.png","caption":"Telinha"},"sameAs":["https:\/\/portaltela.pt\/"],"url":"https:\/\/portaltela.pt\/por\/367410592786\/"}]}},"_links":{"self":[{"href":"https:\/\/portaltela.pt\/api\/wp\/v2\/posts\/400218","targetHints":{"allow":["GET"]}}],"collection":[{"href":"https:\/\/portaltela.pt\/api\/wp\/v2\/posts"}],"about":[{"href":"https:\/\/portaltela.pt\/api\/wp\/v2\/types\/post"}],"author":[{"embeddable":true,"href":"https:\/\/portaltela.pt\/api\/wp\/v2\/users\/2"}],"replies":[{"embeddable":true,"href":"https:\/\/portaltela.pt\/api\/wp\/v2\/comments?post=400218"}],"version-history":[{"count":0,"href":"https:\/\/portaltela.pt\/api\/wp\/v2\/posts\/400218\/revisions"}],"wp:featuredmedia":[{"embeddable":true,"href":"https:\/\/portaltela.pt\/api\/wp\/v2\/media\/400221"}],"wp:attachment":[{"href":"https:\/\/portaltela.pt\/api\/wp\/v2\/media?parent=400218"}],"wp:term":[{"taxonomy":"category","embeddable":true,"href":"https:\/\/portaltela.pt\/api\/wp\/v2\/categories?post=400218"},{"taxonomy":"post_tag","embeddable":true,"href":"https:\/\/portaltela.pt\/api\/wp\/v2\/tags?post=400218"}],"curies":[{"name":"wp","href":"https:\/\/api.w.org\/{rel}","templated":true}]}}