{"id":400214,"date":"2026-03-06T11:40:00","date_gmt":"2026-03-06T14:40:00","guid":{"rendered":"https:\/\/portaltela.pt\/noticias\/2026\/03\/06\/sanchez-afirma-com-montenegro-que-a-guerra-e-erro-extraordinario\/"},"modified":"2026-03-06T11:40:00","modified_gmt":"2026-03-06T14:40:00","slug":"sanchez-afirma-com-montenegro-que-a-guerra-e-erro-extraordinario","status":"publish","type":"post","link":"https:\/\/portaltela.pt\/noticias\/internacional\/2026\/03\/06\/sanchez-afirma-com-montenegro-que-a-guerra-e-erro-extraordinario\/","title":{"rendered":"S\u00e1nchez afirma, com Montenegro, que a guerra \u00e9 erro extraordin\u00e1rio"},"content":{"rendered":"<p>O primeiro-ministro de Espanha, Pedro S\u00e1nchez, reiterou que a guerra no M\u00e9dio Oriente \u00e9 um erro extraordin\u00e1rio e ilegal. A declara\u00e7\u00e3o foi feita ao lado do hom\u00f3logo portugu\u00eas, Lu\u00eds Montenegro, durante a cimeira ib\u00e9rica em Huelva.<\/p>\n<p>S\u00e1nchez afirmou que o conflito foi iniciado fora da legalidade internacional e apontou impactos j\u00e1 vis\u00edveis, como o aumento dos pre\u00e7os do petr\u00f3leo e do g\u00e1s, bem como v\u00edtimas e sofrimento na regi\u00e3o. Refor\u00e7ou o compromisso de Espanha com a defesa da legalidade e dos direitos humanos.<\/p>\n<p>Durante a confer\u00eancia, o chefe do Governo espanhol comentou a posi\u00e7\u00e3o portuguesa, mencionando que a pol\u00edtica externa de cada pa\u00eds fica a cargo dos seus governos. Tamb\u00e9m destacou o respeito pela presid\u00eancia dos Estados Unidos e pela sociedade americana, mantendo uma mensagem de coopera\u00e7\u00e3o entre aliados.<\/p>\n<h3>Contexto internacional e colabora\u00e7\u00e3o ib\u00e9rica<\/h3>\n<p>O l\u00edder espanhol defendeu o multilateralismo como caminho para a resolu\u00e7\u00e3o de conflitos e fez refer\u00eancia ao papel da ONU, liderada pelo secret\u00e1rio-geral Ant\u00f3nio Guterres. S\u00e1nchez tamb\u00e9m mencionou a\u00e7\u00f5es europeias recentes, como o envio de uma fragata da Espanha ao Chipre, em resposta a incidentes na regi\u00e3o.<\/p>\n","protected":false},"excerpt":{"rendered":"<ul>\n<li>O primeiro-ministro espanhol, Pedro S\u00e1nchez, disse que a guerra no M\u00e9dio Oriente \u00e9 um \u201cerro extraordin\u00e1rio\u201d e ilegal, numa declara\u00e7\u00e3o ao lado do l\u00edder portugu\u00eas, Lu\u00eds Montenegro, em Huelva.<\/li>\n<li>S\u00e1nchez afirmou que a guerra foi iniciada \u201cclaramente fora da legalidade internacional\u201d e que j\u00e1 est\u00e1 a causar impactos, incluindo o aumento do pre\u00e7o do petr\u00f3leo e do g\u00e1s, bem como v\u00edtimas.<\/li>\n<li>O respons\u00e1vel espanhol reiterou que Espanha tem mantido uma posi\u00e7\u00e3o coerente com a defesa da legalidade internacional e direitos humanos, recusando o uso de bases espanholas por norte\u2011americanos para as opera\u00e7\u00f5es.<\/li>\n<li>S\u00e1nchez indicou ter apoio da grande maioria da popula\u00e7\u00e3o espanhola e defendeu o multilateralismo, citando o secret\u00e1rio-geral da ONU, Ant\u00f3nio Guterres.<\/li>\n<li>O discurso ocorreu numa confer\u00eancia de imprensa da cimeira ib\u00e9rica com Portugal, com refer\u00eancia a temas internacionais que v\u00e3o desde a Ucr\u00e2nia \u00e0 Palestina e \u00e0 poss\u00edvel participa\u00e7\u00e3o militar na regi\u00e3o.<\/li>\n<\/ul>\n","protected":false},"author":2,"featured_media":400215,"comment_status":"closed","ping_status":"closed","sticky":false,"template":"","format":"standard","meta":{"footnotes":""},"categories":[4,1],"tags":[2633,5039,5123,5698,1014,27],"class_list":["post-400214","post","type-post","status-publish","format-standard","has-post-thumbnail","hentry","category-internacional","category-noticias","tag-direitos-humanos","tag-multilateralismo","tag-onu","tag-politica-internacional","tag-portugal","tag-relacoes-internacionais"],"yoast_head":"<!-- This site is optimized with the Yoast SEO plugin v27.2 - https:\/\/yoast.com\/product\/yoast-seo-wordpress\/ -->\n<title>S\u00e1nchez afirma, com Montenegro, que a guerra \u00e9 erro extraordin\u00e1rio - Portal Tela Portugal<\/title>\n<meta name=\"robots\" content=\"index, follow, max-snippet:-1, max-image-preview:large, max-video-preview:-1\" \/>\n<meta property=\"og:locale\" content=\"pt_PT\" \/>\n<meta property=\"og:type\" content=\"article\" \/>\n<meta property=\"og:title\" content=\"S\u00e1nchez afirma, com Montenegro, que a guerra \u00e9 erro extraordin\u00e1rio - Portal Tela Portugal\" \/>\n<meta property=\"og:description\" content=\"O primeiro-ministro espanhol, Pedro S\u00e1nchez, disse que a guerra no M\u00e9dio Oriente \u00e9 um \u201cerro extraordin\u00e1rio\u201d e ilegal, numa declara\u00e7\u00e3o ao lado do l\u00edder portugu\u00eas, Lu\u00eds Montenegro, em Huelva. S\u00e1nchez afirmou que a guerra foi iniciada \u201cclaramente fora da legalidade internacional\u201d e que j\u00e1 est\u00e1 a causar impactos, incluindo o aumento do pre\u00e7o do petr\u00f3leo e do g\u00e1s, bem como v\u00edtimas. O respons\u00e1vel espanhol reiterou que Espanha tem mantido uma posi\u00e7\u00e3o coerente com a defesa da legalidade internacional e direitos humanos, recusando o uso de bases espanholas por norte\u2011americanos para as opera\u00e7\u00f5es. S\u00e1nchez indicou ter apoio da grande maioria da popula\u00e7\u00e3o espanhola e defendeu o multilateralismo, citando o secret\u00e1rio-geral da ONU, Ant\u00f3nio Guterres. O discurso ocorreu numa confer\u00eancia de imprensa da cimeira ib\u00e9rica com Portugal, com refer\u00eancia a temas internacionais que v\u00e3o desde a Ucr\u00e2nia \u00e0 Palestina e \u00e0 poss\u00edvel participa\u00e7\u00e3o militar na regi\u00e3o.\" \/>\n<meta property=\"og:url\" content=\"https:\/\/portaltela.pt\/noticias\/2026\/03\/06\/sanchez-afirma-com-montenegro-que-a-guerra-e-erro-extraordinario\/\" \/>\n<meta property=\"og:site_name\" content=\"Portal Tela Portugal\" \/>\n<meta property=\"article:published_time\" content=\"2026-03-06T14:40:00+00:00\" \/>\n<meta name=\"author\" content=\"Telinha\" \/>\n<meta name=\"twitter:card\" content=\"summary_large_image\" \/>\n<meta name=\"twitter:label1\" content=\"Escrito por\" \/>\n\t<meta name=\"twitter:data1\" content=\"Telinha\" \/>\n\t<meta name=\"twitter:label2\" content=\"Tempo estimado de leitura\" \/>\n\t<meta name=\"twitter:data2\" content=\"1 minuto\" \/>\n<script type=\"application\/ld+json\" class=\"yoast-schema-graph\">{\"@context\":\"https:\/\/schema.org\",\"@graph\":[{\"@type\":\"Article\",\"@id\":\"https:\/\/portaltela.pt\/noticias\/2026\/03\/06\/sanchez-afirma-com-montenegro-que-a-guerra-e-erro-extraordinario\/#article\",\"isPartOf\":{\"@id\":\"https:\/\/portaltela.pt\/noticias\/2026\/03\/06\/sanchez-afirma-com-montenegro-que-a-guerra-e-erro-extraordinario\/\"},\"author\":{\"name\":\"Telinha\",\"@id\":\"https:\/\/portaltela.pt\/#\/schema\/person\/c4278d4a6028830caff9ee44b42d32ed\"},\"headline\":\"S\u00e1nchez afirma, com Montenegro, que a guerra \u00e9 erro extraordin\u00e1rio\",\"datePublished\":\"2026-03-06T14:40:00+00:00\",\"mainEntityOfPage\":{\"@id\":\"https:\/\/portaltela.pt\/noticias\/2026\/03\/06\/sanchez-afirma-com-montenegro-que-a-guerra-e-erro-extraordinario\/\"},\"wordCount\":225,\"image\":{\"@id\":\"https:\/\/portaltela.pt\/noticias\/2026\/03\/06\/sanchez-afirma-com-montenegro-que-a-guerra-e-erro-extraordinario\/#primaryimage\"},\"thumbnailUrl\":\"https:\/\/portaltela.pt\/s.01k8rhncp4jt1\/2026\/03\/image-388.jpg\",\"keywords\":[\"direitos humanos\",\"multilateralismo\",\"ONU\",\"pol\u00edtica internacional\",\"Portugal\",\"rela\u00e7\u00f5es internacionais\"],\"articleSection\":[\"Internacional\",\"Not\u00edcias\"],\"inLanguage\":\"pt-PT\"},{\"@type\":\"WebPage\",\"@id\":\"https:\/\/portaltela.pt\/noticias\/2026\/03\/06\/sanchez-afirma-com-montenegro-que-a-guerra-e-erro-extraordinario\/\",\"url\":\"https:\/\/portaltela.pt\/noticias\/2026\/03\/06\/sanchez-afirma-com-montenegro-que-a-guerra-e-erro-extraordinario\/\",\"name\":\"S\u00e1nchez afirma, com Montenegro, que a guerra \u00e9 erro extraordin\u00e1rio - Portal Tela Portugal\",\"isPartOf\":{\"@id\":\"https:\/\/portaltela.pt\/#website\"},\"primaryImageOfPage\":{\"@id\":\"https:\/\/portaltela.pt\/noticias\/2026\/03\/06\/sanchez-afirma-com-montenegro-que-a-guerra-e-erro-extraordinario\/#primaryimage\"},\"image\":{\"@id\":\"https:\/\/portaltela.pt\/noticias\/2026\/03\/06\/sanchez-afirma-com-montenegro-que-a-guerra-e-erro-extraordinario\/#primaryimage\"},\"thumbnailUrl\":\"https:\/\/portaltela.pt\/s.01k8rhncp4jt1\/2026\/03\/image-388.jpg\",\"datePublished\":\"2026-03-06T14:40:00+00:00\",\"author\":{\"@id\":\"https:\/\/portaltela.pt\/#\/schema\/person\/c4278d4a6028830caff9ee44b42d32ed\"},\"breadcrumb\":{\"@id\":\"https:\/\/portaltela.pt\/noticias\/2026\/03\/06\/sanchez-afirma-com-montenegro-que-a-guerra-e-erro-extraordinario\/#breadcrumb\"},\"inLanguage\":\"pt-PT\",\"potentialAction\":[{\"@type\":\"ReadAction\",\"target\":[\"https:\/\/portaltela.pt\/noticias\/2026\/03\/06\/sanchez-afirma-com-montenegro-que-a-guerra-e-erro-extraordinario\/\"]}]},{\"@type\":\"ImageObject\",\"inLanguage\":\"pt-PT\",\"@id\":\"https:\/\/portaltela.pt\/noticias\/2026\/03\/06\/sanchez-afirma-com-montenegro-que-a-guerra-e-erro-extraordinario\/#primaryimage\",\"url\":\"https:\/\/portaltela.pt\/s.01k8rhncp4jt1\/2026\/03\/image-388.jpg\",\"contentUrl\":\"https:\/\/portaltela.pt\/s.01k8rhncp4jt1\/2026\/03\/image-388.jpg\",\"width\":796,\"height\":448,\"caption\":\"Cimeira ib\u00e9rica decorre em Huelva\"},{\"@type\":\"BreadcrumbList\",\"@id\":\"https:\/\/portaltela.pt\/noticias\/2026\/03\/06\/sanchez-afirma-com-montenegro-que-a-guerra-e-erro-extraordinario\/#breadcrumb\",\"itemListElement\":[{\"@type\":\"ListItem\",\"position\":1,\"name\":\"In\u00edcio\",\"item\":\"https:\/\/portaltela.pt\/\"},{\"@type\":\"ListItem\",\"position\":2,\"name\":\"S\u00e1nchez afirma, com Montenegro, que a guerra \u00e9 erro extraordin\u00e1rio\"}]},{\"@type\":\"WebSite\",\"@id\":\"https:\/\/portaltela.pt\/#website\",\"url\":\"https:\/\/portaltela.pt\/\",\"name\":\"Portal Tela Portugal\",\"description\":\"\",\"potentialAction\":[{\"@type\":\"SearchAction\",\"target\":{\"@type\":\"EntryPoint\",\"urlTemplate\":\"https:\/\/portaltela.pt\/?s={search_term_string}\"},\"query-input\":{\"@type\":\"PropertyValueSpecification\",\"valueRequired\":true,\"valueName\":\"search_term_string\"}}],\"inLanguage\":\"pt-PT\"},{\"@type\":\"Person\",\"@id\":\"https:\/\/portaltela.pt\/#\/schema\/person\/c4278d4a6028830caff9ee44b42d32ed\",\"name\":\"Telinha\",\"image\":{\"@type\":\"ImageObject\",\"inLanguage\":\"pt-PT\",\"@id\":\"https:\/\/portaltela.pt\/s.01k8rhncp4jt1\/2025\/11\/talking-bot-125x125.png\",\"url\":\"https:\/\/portaltela.pt\/s.01k8rhncp4jt1\/2025\/11\/talking-bot-125x125.png\",\"contentUrl\":\"https:\/\/portaltela.pt\/s.01k8rhncp4jt1\/2025\/11\/talking-bot-125x125.png\",\"caption\":\"Telinha\"},\"sameAs\":[\"https:\/\/portaltela.pt\/\"],\"url\":\"https:\/\/portaltela.pt\/por\/367410592786\/\"}]}<\/script>\n<!-- \/ Yoast SEO plugin. -->","yoast_head_json":{"title":"S\u00e1nchez afirma, com Montenegro, que a guerra \u00e9 erro extraordin\u00e1rio - Portal Tela Portugal","robots":{"index":"index","follow":"follow","max-snippet":"max-snippet:-1","max-image-preview":"max-image-preview:large","max-video-preview":"max-video-preview:-1"},"og_locale":"pt_PT","og_type":"article","og_title":"S\u00e1nchez afirma, com Montenegro, que a guerra \u00e9 erro extraordin\u00e1rio - Portal Tela Portugal","og_description":"O primeiro-ministro espanhol, Pedro S\u00e1nchez, disse que a guerra no M\u00e9dio Oriente \u00e9 um \u201cerro extraordin\u00e1rio\u201d e ilegal, numa declara\u00e7\u00e3o ao lado do l\u00edder portugu\u00eas, Lu\u00eds Montenegro, em Huelva. S\u00e1nchez afirmou que a guerra foi iniciada \u201cclaramente fora da legalidade internacional\u201d e que j\u00e1 est\u00e1 a causar impactos, incluindo o aumento do pre\u00e7o do petr\u00f3leo e do g\u00e1s, bem como v\u00edtimas. O respons\u00e1vel espanhol reiterou que Espanha tem mantido uma posi\u00e7\u00e3o coerente com a defesa da legalidade internacional e direitos humanos, recusando o uso de bases espanholas por norte\u2011americanos para as opera\u00e7\u00f5es. S\u00e1nchez indicou ter apoio da grande maioria da popula\u00e7\u00e3o espanhola e defendeu o multilateralismo, citando o secret\u00e1rio-geral da ONU, Ant\u00f3nio Guterres. O discurso ocorreu numa confer\u00eancia de imprensa da cimeira ib\u00e9rica com Portugal, com refer\u00eancia a temas internacionais que v\u00e3o desde a Ucr\u00e2nia \u00e0 Palestina e \u00e0 poss\u00edvel participa\u00e7\u00e3o militar na regi\u00e3o.","og_url":"https:\/\/portaltela.pt\/noticias\/2026\/03\/06\/sanchez-afirma-com-montenegro-que-a-guerra-e-erro-extraordinario\/","og_site_name":"Portal Tela Portugal","article_published_time":"2026-03-06T14:40:00+00:00","author":"Telinha","twitter_card":"summary_large_image","twitter_misc":{"Escrito por":"Telinha","Tempo estimado de leitura":"1 minuto"},"schema":{"@context":"https:\/\/schema.org","@graph":[{"@type":"Article","@id":"https:\/\/portaltela.pt\/noticias\/2026\/03\/06\/sanchez-afirma-com-montenegro-que-a-guerra-e-erro-extraordinario\/#article","isPartOf":{"@id":"https:\/\/portaltela.pt\/noticias\/2026\/03\/06\/sanchez-afirma-com-montenegro-que-a-guerra-e-erro-extraordinario\/"},"author":{"name":"Telinha","@id":"https:\/\/portaltela.pt\/#\/schema\/person\/c4278d4a6028830caff9ee44b42d32ed"},"headline":"S\u00e1nchez afirma, com Montenegro, que a guerra \u00e9 erro extraordin\u00e1rio","datePublished":"2026-03-06T14:40:00+00:00","mainEntityOfPage":{"@id":"https:\/\/portaltela.pt\/noticias\/2026\/03\/06\/sanchez-afirma-com-montenegro-que-a-guerra-e-erro-extraordinario\/"},"wordCount":225,"image":{"@id":"https:\/\/portaltela.pt\/noticias\/2026\/03\/06\/sanchez-afirma-com-montenegro-que-a-guerra-e-erro-extraordinario\/#primaryimage"},"thumbnailUrl":"https:\/\/portaltela.pt\/s.01k8rhncp4jt1\/2026\/03\/image-388.jpg","keywords":["direitos humanos","multilateralismo","ONU","pol\u00edtica internacional","Portugal","rela\u00e7\u00f5es internacionais"],"articleSection":["Internacional","Not\u00edcias"],"inLanguage":"pt-PT"},{"@type":"WebPage","@id":"https:\/\/portaltela.pt\/noticias\/2026\/03\/06\/sanchez-afirma-com-montenegro-que-a-guerra-e-erro-extraordinario\/","url":"https:\/\/portaltela.pt\/noticias\/2026\/03\/06\/sanchez-afirma-com-montenegro-que-a-guerra-e-erro-extraordinario\/","name":"S\u00e1nchez afirma, com Montenegro, que a guerra \u00e9 erro extraordin\u00e1rio - Portal Tela Portugal","isPartOf":{"@id":"https:\/\/portaltela.pt\/#website"},"primaryImageOfPage":{"@id":"https:\/\/portaltela.pt\/noticias\/2026\/03\/06\/sanchez-afirma-com-montenegro-que-a-guerra-e-erro-extraordinario\/#primaryimage"},"image":{"@id":"https:\/\/portaltela.pt\/noticias\/2026\/03\/06\/sanchez-afirma-com-montenegro-que-a-guerra-e-erro-extraordinario\/#primaryimage"},"thumbnailUrl":"https:\/\/portaltela.pt\/s.01k8rhncp4jt1\/2026\/03\/image-388.jpg","datePublished":"2026-03-06T14:40:00+00:00","author":{"@id":"https:\/\/portaltela.pt\/#\/schema\/person\/c4278d4a6028830caff9ee44b42d32ed"},"breadcrumb":{"@id":"https:\/\/portaltela.pt\/noticias\/2026\/03\/06\/sanchez-afirma-com-montenegro-que-a-guerra-e-erro-extraordinario\/#breadcrumb"},"inLanguage":"pt-PT","potentialAction":[{"@type":"ReadAction","target":["https:\/\/portaltela.pt\/noticias\/2026\/03\/06\/sanchez-afirma-com-montenegro-que-a-guerra-e-erro-extraordinario\/"]}]},{"@type":"ImageObject","inLanguage":"pt-PT","@id":"https:\/\/portaltela.pt\/noticias\/2026\/03\/06\/sanchez-afirma-com-montenegro-que-a-guerra-e-erro-extraordinario\/#primaryimage","url":"https:\/\/portaltela.pt\/s.01k8rhncp4jt1\/2026\/03\/image-388.jpg","contentUrl":"https:\/\/portaltela.pt\/s.01k8rhncp4jt1\/2026\/03\/image-388.jpg","width":796,"height":448,"caption":"Cimeira ib\u00e9rica decorre em Huelva"},{"@type":"BreadcrumbList","@id":"https:\/\/portaltela.pt\/noticias\/2026\/03\/06\/sanchez-afirma-com-montenegro-que-a-guerra-e-erro-extraordinario\/#breadcrumb","itemListElement":[{"@type":"ListItem","position":1,"name":"In\u00edcio","item":"https:\/\/portaltela.pt\/"},{"@type":"ListItem","position":2,"name":"S\u00e1nchez afirma, com Montenegro, que a guerra \u00e9 erro extraordin\u00e1rio"}]},{"@type":"WebSite","@id":"https:\/\/portaltela.pt\/#website","url":"https:\/\/portaltela.pt\/","name":"Portal Tela Portugal","description":"","potentialAction":[{"@type":"SearchAction","target":{"@type":"EntryPoint","urlTemplate":"https:\/\/portaltela.pt\/?s={search_term_string}"},"query-input":{"@type":"PropertyValueSpecification","valueRequired":true,"valueName":"search_term_string"}}],"inLanguage":"pt-PT"},{"@type":"Person","@id":"https:\/\/portaltela.pt\/#\/schema\/person\/c4278d4a6028830caff9ee44b42d32ed","name":"Telinha","image":{"@type":"ImageObject","inLanguage":"pt-PT","@id":"https:\/\/portaltela.pt\/s.01k8rhncp4jt1\/2025\/11\/talking-bot-125x125.png","url":"https:\/\/portaltela.pt\/s.01k8rhncp4jt1\/2025\/11\/talking-bot-125x125.png","contentUrl":"https:\/\/portaltela.pt\/s.01k8rhncp4jt1\/2025\/11\/talking-bot-125x125.png","caption":"Telinha"},"sameAs":["https:\/\/portaltela.pt\/"],"url":"https:\/\/portaltela.pt\/por\/367410592786\/"}]}},"_links":{"self":[{"href":"https:\/\/portaltela.pt\/api\/wp\/v2\/posts\/400214","targetHints":{"allow":["GET"]}}],"collection":[{"href":"https:\/\/portaltela.pt\/api\/wp\/v2\/posts"}],"about":[{"href":"https:\/\/portaltela.pt\/api\/wp\/v2\/types\/post"}],"author":[{"embeddable":true,"href":"https:\/\/portaltela.pt\/api\/wp\/v2\/users\/2"}],"replies":[{"embeddable":true,"href":"https:\/\/portaltela.pt\/api\/wp\/v2\/comments?post=400214"}],"version-history":[{"count":0,"href":"https:\/\/portaltela.pt\/api\/wp\/v2\/posts\/400214\/revisions"}],"wp:featuredmedia":[{"embeddable":true,"href":"https:\/\/portaltela.pt\/api\/wp\/v2\/media\/400215"}],"wp:attachment":[{"href":"https:\/\/portaltela.pt\/api\/wp\/v2\/media?parent=400214"}],"wp:term":[{"taxonomy":"category","embeddable":true,"href":"https:\/\/portaltela.pt\/api\/wp\/v2\/categories?post=400214"},{"taxonomy":"post_tag","embeddable":true,"href":"https:\/\/portaltela.pt\/api\/wp\/v2\/tags?post=400214"}],"curies":[{"name":"wp","href":"https:\/\/api.w.org\/{rel}","templated":true}]}}