{"id":400183,"date":"2026-03-06T10:57:00","date_gmt":"2026-03-06T13:57:00","guid":{"rendered":"https:\/\/portaltela.pt\/noticias\/2026\/03\/06\/mae-com-deficiencia-e-dois-filhos-despejados-pela-camara-de-lisboa\/"},"modified":"2026-03-06T10:57:00","modified_gmt":"2026-03-06T13:57:00","slug":"mae-com-deficiencia-e-dois-filhos-despejados-pela-camara-de-lisboa","status":"publish","type":"post","link":"https:\/\/portaltela.pt\/noticias\/politica\/2026\/03\/06\/mae-com-deficiencia-e-dois-filhos-despejados-pela-camara-de-lisboa\/","title":{"rendered":"M\u00e3e com defici\u00eancia e dois filhos despejados pela C\u00e2mara de Lisboa"},"content":{"rendered":"<p>O caso envolve uma fam\u00edlia com tr\u00eas elementos sens\u00edveis: uma m\u00e3e com defici\u00eancia, dois filhos e uma rela\u00e7\u00e3o contratual com a C\u00e2mara de Lisboa. Maria, de 40 anos, tem uma incapacidade f\u00edsica reconhecida de 68%. Vivia num apartamento no per\u00edmetro de Entrecampos desde setembro de 2021, com o marido e os dois filhos.<\/p>\n<p>O contrato de arrendamento terminou recentemente, e o grupo est\u00e1 a ser obrigado a deixar o lar. O senhorio privado pretende sair do arrendamento e colocar a casa no mercado. A C\u00e2mara de Lisboa afirma que est\u00e1 a cumprir as regras do programa e que n\u00e3o pode agir fora do permitido pela legisla\u00e7\u00e3o.<\/p>\n<h3>Envolvimento da C\u00e2mara e do senhorio<\/h3>\n<p>A fam\u00edlia fazia parte do Programa Renda Segura, que envolve a C\u00e2mara de Lisboa a alugar fogos a privados e, depois, subarrend\u00e1-los a valores acess\u00edveis. O fim do contrato encerra a possibilidade de manter o alojamento sob as condi\u00e7\u00f5es utilizadas at\u00e9 agora.<\/p>\n<p>A autarquia sustenta que a atua\u00e7\u00e3o est\u00e1 condicionada pela caducidade contratual e pelas regras aplic\u00e1veis ao programa. O senhorio, por seu turno, pretende libertar o espa\u00e7o para regresso ao mercado imobili\u00e1rio. O desfecho depende de procedimentos legais e de op\u00e7\u00f5es de realojamento para a fam\u00edlia.<\/p>\n","protected":false},"excerpt":{"rendered":"<ul>\n<li>M\u00e3e com defici\u00eancia (68%) e dois filhos, um deles autista, vivem em Lisboa desde setembro de 2021.<\/li>\n<li>Est\u00e3o num andar na zona de Entrecampos, no programa Renda Segura, que envolve arrendamento a privados e subarrendamento a pre\u00e7os acess\u00edveis.<\/li>\n<li>O contrato de arrendamento caducou no fim de semana passado, levando a intimida\u00e7\u00e3o de despejo.<\/li>\n<li>O senhorio privado pretende sair e colocar a casa no mercado.<\/li>\n<li>A C\u00e2mara de Lisboa afirma que est\u00e1 a seguir as regras do programa e que o caso envolve ambos os lados.<\/li>\n<\/ul>\n","protected":false},"author":2,"featured_media":400186,"comment_status":"closed","ping_status":"closed","sticky":false,"template":"","format":"standard","meta":{"footnotes":""},"categories":[1,5],"tags":[6372,2480,150,1167,981,2737],"class_list":["post-400183","post","type-post","status-publish","format-standard","has-post-thumbnail","hentry","category-noticias","category-politica","tag-despejos","tag-entrecampos","tag-habitacao","tag-habitacao-social","tag-lisboa","tag-pessoas-com-deficiencia"],"yoast_head":"<!-- This site is optimized with the Yoast SEO plugin v27.2 - https:\/\/yoast.com\/product\/yoast-seo-wordpress\/ -->\n<title>M\u00e3e com defici\u00eancia e dois filhos despejados pela C\u00e2mara de Lisboa - Portal Tela Portugal<\/title>\n<meta name=\"robots\" content=\"index, follow, max-snippet:-1, max-image-preview:large, max-video-preview:-1\" \/>\n<meta property=\"og:locale\" content=\"pt_PT\" \/>\n<meta property=\"og:type\" content=\"article\" \/>\n<meta property=\"og:title\" content=\"M\u00e3e com defici\u00eancia e dois filhos despejados pela C\u00e2mara de Lisboa - Portal Tela Portugal\" \/>\n<meta property=\"og:description\" content=\"M\u00e3e com defici\u00eancia (68%) e dois filhos, um deles autista, vivem em Lisboa desde setembro de 2021. Est\u00e3o num andar na zona de Entrecampos, no programa Renda Segura, que envolve arrendamento a privados e subarrendamento a pre\u00e7os acess\u00edveis. O contrato de arrendamento caducou no fim de semana passado, levando a intimida\u00e7\u00e3o de despejo. O senhorio privado pretende sair e colocar a casa no mercado. A C\u00e2mara de Lisboa afirma que est\u00e1 a seguir as regras do programa e que o caso envolve ambos os lados.\" \/>\n<meta property=\"og:url\" content=\"https:\/\/portaltela.pt\/noticias\/2026\/03\/06\/mae-com-deficiencia-e-dois-filhos-despejados-pela-camara-de-lisboa\/\" \/>\n<meta property=\"og:site_name\" content=\"Portal Tela Portugal\" \/>\n<meta property=\"article:published_time\" content=\"2026-03-06T13:57:00+00:00\" \/>\n<meta name=\"author\" content=\"Telinha\" \/>\n<meta name=\"twitter:card\" content=\"summary_large_image\" \/>\n<meta name=\"twitter:label1\" content=\"Escrito por\" \/>\n\t<meta name=\"twitter:data1\" content=\"Telinha\" \/>\n\t<meta name=\"twitter:label2\" content=\"Tempo estimado de leitura\" \/>\n\t<meta name=\"twitter:data2\" content=\"1 minuto\" \/>\n<script type=\"application\/ld+json\" class=\"yoast-schema-graph\">{\"@context\":\"https:\/\/schema.org\",\"@graph\":[{\"@type\":\"Article\",\"@id\":\"https:\/\/portaltela.pt\/noticias\/2026\/03\/06\/mae-com-deficiencia-e-dois-filhos-despejados-pela-camara-de-lisboa\/#article\",\"isPartOf\":{\"@id\":\"https:\/\/portaltela.pt\/noticias\/2026\/03\/06\/mae-com-deficiencia-e-dois-filhos-despejados-pela-camara-de-lisboa\/\"},\"author\":{\"name\":\"Telinha\",\"@id\":\"https:\/\/portaltela.pt\/#\/schema\/person\/c4278d4a6028830caff9ee44b42d32ed\"},\"headline\":\"M\u00e3e com defici\u00eancia e dois filhos despejados pela C\u00e2mara de Lisboa\",\"datePublished\":\"2026-03-06T13:57:00+00:00\",\"mainEntityOfPage\":{\"@id\":\"https:\/\/portaltela.pt\/noticias\/2026\/03\/06\/mae-com-deficiencia-e-dois-filhos-despejados-pela-camara-de-lisboa\/\"},\"wordCount\":234,\"image\":{\"@id\":\"https:\/\/portaltela.pt\/noticias\/2026\/03\/06\/mae-com-deficiencia-e-dois-filhos-despejados-pela-camara-de-lisboa\/#primaryimage\"},\"thumbnailUrl\":\"https:\/\/portaltela.pt\/s.01k8rhncp4jt1\/2026\/03\/2071626.jpg\",\"keywords\":[\"despejos\",\"Entrecampos\",\"habita\u00e7\u00e3o\",\"habita\u00e7\u00e3o social\",\"Lisboa\",\"pessoas com defici\u00eancia\"],\"articleSection\":[\"Not\u00edcias\",\"Pol\u00edtica\"],\"inLanguage\":\"pt-PT\"},{\"@type\":\"WebPage\",\"@id\":\"https:\/\/portaltela.pt\/noticias\/2026\/03\/06\/mae-com-deficiencia-e-dois-filhos-despejados-pela-camara-de-lisboa\/\",\"url\":\"https:\/\/portaltela.pt\/noticias\/2026\/03\/06\/mae-com-deficiencia-e-dois-filhos-despejados-pela-camara-de-lisboa\/\",\"name\":\"M\u00e3e com defici\u00eancia e dois filhos despejados pela C\u00e2mara de Lisboa - Portal Tela Portugal\",\"isPartOf\":{\"@id\":\"https:\/\/portaltela.pt\/#website\"},\"primaryImageOfPage\":{\"@id\":\"https:\/\/portaltela.pt\/noticias\/2026\/03\/06\/mae-com-deficiencia-e-dois-filhos-despejados-pela-camara-de-lisboa\/#primaryimage\"},\"image\":{\"@id\":\"https:\/\/portaltela.pt\/noticias\/2026\/03\/06\/mae-com-deficiencia-e-dois-filhos-despejados-pela-camara-de-lisboa\/#primaryimage\"},\"thumbnailUrl\":\"https:\/\/portaltela.pt\/s.01k8rhncp4jt1\/2026\/03\/2071626.jpg\",\"datePublished\":\"2026-03-06T13:57:00+00:00\",\"author\":{\"@id\":\"https:\/\/portaltela.pt\/#\/schema\/person\/c4278d4a6028830caff9ee44b42d32ed\"},\"breadcrumb\":{\"@id\":\"https:\/\/portaltela.pt\/noticias\/2026\/03\/06\/mae-com-deficiencia-e-dois-filhos-despejados-pela-camara-de-lisboa\/#breadcrumb\"},\"inLanguage\":\"pt-PT\",\"potentialAction\":[{\"@type\":\"ReadAction\",\"target\":[\"https:\/\/portaltela.pt\/noticias\/2026\/03\/06\/mae-com-deficiencia-e-dois-filhos-despejados-pela-camara-de-lisboa\/\"]}]},{\"@type\":\"ImageObject\",\"inLanguage\":\"pt-PT\",\"@id\":\"https:\/\/portaltela.pt\/noticias\/2026\/03\/06\/mae-com-deficiencia-e-dois-filhos-despejados-pela-camara-de-lisboa\/#primaryimage\",\"url\":\"https:\/\/portaltela.pt\/s.01k8rhncp4jt1\/2026\/03\/2071626.jpg\",\"contentUrl\":\"https:\/\/portaltela.pt\/s.01k8rhncp4jt1\/2026\/03\/2071626.jpg\",\"width\":796,\"height\":448,\"caption\":\"Maria (nome fic\u00edtico) e a filha mais nova, esta semana, na casa de onde est\u00e3o a ser despejadas\"},{\"@type\":\"BreadcrumbList\",\"@id\":\"https:\/\/portaltela.pt\/noticias\/2026\/03\/06\/mae-com-deficiencia-e-dois-filhos-despejados-pela-camara-de-lisboa\/#breadcrumb\",\"itemListElement\":[{\"@type\":\"ListItem\",\"position\":1,\"name\":\"In\u00edcio\",\"item\":\"https:\/\/portaltela.pt\/\"},{\"@type\":\"ListItem\",\"position\":2,\"name\":\"M\u00e3e com defici\u00eancia e dois filhos despejados pela C\u00e2mara de Lisboa\"}]},{\"@type\":\"WebSite\",\"@id\":\"https:\/\/portaltela.pt\/#website\",\"url\":\"https:\/\/portaltela.pt\/\",\"name\":\"Portal Tela Portugal\",\"description\":\"\",\"potentialAction\":[{\"@type\":\"SearchAction\",\"target\":{\"@type\":\"EntryPoint\",\"urlTemplate\":\"https:\/\/portaltela.pt\/?s={search_term_string}\"},\"query-input\":{\"@type\":\"PropertyValueSpecification\",\"valueRequired\":true,\"valueName\":\"search_term_string\"}}],\"inLanguage\":\"pt-PT\"},{\"@type\":\"Person\",\"@id\":\"https:\/\/portaltela.pt\/#\/schema\/person\/c4278d4a6028830caff9ee44b42d32ed\",\"name\":\"Telinha\",\"image\":{\"@type\":\"ImageObject\",\"inLanguage\":\"pt-PT\",\"@id\":\"https:\/\/portaltela.pt\/s.01k8rhncp4jt1\/2025\/11\/talking-bot-125x125.png\",\"url\":\"https:\/\/portaltela.pt\/s.01k8rhncp4jt1\/2025\/11\/talking-bot-125x125.png\",\"contentUrl\":\"https:\/\/portaltela.pt\/s.01k8rhncp4jt1\/2025\/11\/talking-bot-125x125.png\",\"caption\":\"Telinha\"},\"sameAs\":[\"https:\/\/portaltela.pt\/\"],\"url\":\"https:\/\/portaltela.pt\/por\/367410592786\/\"}]}<\/script>\n<!-- \/ Yoast SEO plugin. -->","yoast_head_json":{"title":"M\u00e3e com defici\u00eancia e dois filhos despejados pela C\u00e2mara de Lisboa - Portal Tela Portugal","robots":{"index":"index","follow":"follow","max-snippet":"max-snippet:-1","max-image-preview":"max-image-preview:large","max-video-preview":"max-video-preview:-1"},"og_locale":"pt_PT","og_type":"article","og_title":"M\u00e3e com defici\u00eancia e dois filhos despejados pela C\u00e2mara de Lisboa - Portal Tela Portugal","og_description":"M\u00e3e com defici\u00eancia (68%) e dois filhos, um deles autista, vivem em Lisboa desde setembro de 2021. Est\u00e3o num andar na zona de Entrecampos, no programa Renda Segura, que envolve arrendamento a privados e subarrendamento a pre\u00e7os acess\u00edveis. O contrato de arrendamento caducou no fim de semana passado, levando a intimida\u00e7\u00e3o de despejo. O senhorio privado pretende sair e colocar a casa no mercado. A C\u00e2mara de Lisboa afirma que est\u00e1 a seguir as regras do programa e que o caso envolve ambos os lados.","og_url":"https:\/\/portaltela.pt\/noticias\/2026\/03\/06\/mae-com-deficiencia-e-dois-filhos-despejados-pela-camara-de-lisboa\/","og_site_name":"Portal Tela Portugal","article_published_time":"2026-03-06T13:57:00+00:00","author":"Telinha","twitter_card":"summary_large_image","twitter_misc":{"Escrito por":"Telinha","Tempo estimado de leitura":"1 minuto"},"schema":{"@context":"https:\/\/schema.org","@graph":[{"@type":"Article","@id":"https:\/\/portaltela.pt\/noticias\/2026\/03\/06\/mae-com-deficiencia-e-dois-filhos-despejados-pela-camara-de-lisboa\/#article","isPartOf":{"@id":"https:\/\/portaltela.pt\/noticias\/2026\/03\/06\/mae-com-deficiencia-e-dois-filhos-despejados-pela-camara-de-lisboa\/"},"author":{"name":"Telinha","@id":"https:\/\/portaltela.pt\/#\/schema\/person\/c4278d4a6028830caff9ee44b42d32ed"},"headline":"M\u00e3e com defici\u00eancia e dois filhos despejados pela C\u00e2mara de Lisboa","datePublished":"2026-03-06T13:57:00+00:00","mainEntityOfPage":{"@id":"https:\/\/portaltela.pt\/noticias\/2026\/03\/06\/mae-com-deficiencia-e-dois-filhos-despejados-pela-camara-de-lisboa\/"},"wordCount":234,"image":{"@id":"https:\/\/portaltela.pt\/noticias\/2026\/03\/06\/mae-com-deficiencia-e-dois-filhos-despejados-pela-camara-de-lisboa\/#primaryimage"},"thumbnailUrl":"https:\/\/portaltela.pt\/s.01k8rhncp4jt1\/2026\/03\/2071626.jpg","keywords":["despejos","Entrecampos","habita\u00e7\u00e3o","habita\u00e7\u00e3o social","Lisboa","pessoas com defici\u00eancia"],"articleSection":["Not\u00edcias","Pol\u00edtica"],"inLanguage":"pt-PT"},{"@type":"WebPage","@id":"https:\/\/portaltela.pt\/noticias\/2026\/03\/06\/mae-com-deficiencia-e-dois-filhos-despejados-pela-camara-de-lisboa\/","url":"https:\/\/portaltela.pt\/noticias\/2026\/03\/06\/mae-com-deficiencia-e-dois-filhos-despejados-pela-camara-de-lisboa\/","name":"M\u00e3e com defici\u00eancia e dois filhos despejados pela C\u00e2mara de Lisboa - Portal Tela Portugal","isPartOf":{"@id":"https:\/\/portaltela.pt\/#website"},"primaryImageOfPage":{"@id":"https:\/\/portaltela.pt\/noticias\/2026\/03\/06\/mae-com-deficiencia-e-dois-filhos-despejados-pela-camara-de-lisboa\/#primaryimage"},"image":{"@id":"https:\/\/portaltela.pt\/noticias\/2026\/03\/06\/mae-com-deficiencia-e-dois-filhos-despejados-pela-camara-de-lisboa\/#primaryimage"},"thumbnailUrl":"https:\/\/portaltela.pt\/s.01k8rhncp4jt1\/2026\/03\/2071626.jpg","datePublished":"2026-03-06T13:57:00+00:00","author":{"@id":"https:\/\/portaltela.pt\/#\/schema\/person\/c4278d4a6028830caff9ee44b42d32ed"},"breadcrumb":{"@id":"https:\/\/portaltela.pt\/noticias\/2026\/03\/06\/mae-com-deficiencia-e-dois-filhos-despejados-pela-camara-de-lisboa\/#breadcrumb"},"inLanguage":"pt-PT","potentialAction":[{"@type":"ReadAction","target":["https:\/\/portaltela.pt\/noticias\/2026\/03\/06\/mae-com-deficiencia-e-dois-filhos-despejados-pela-camara-de-lisboa\/"]}]},{"@type":"ImageObject","inLanguage":"pt-PT","@id":"https:\/\/portaltela.pt\/noticias\/2026\/03\/06\/mae-com-deficiencia-e-dois-filhos-despejados-pela-camara-de-lisboa\/#primaryimage","url":"https:\/\/portaltela.pt\/s.01k8rhncp4jt1\/2026\/03\/2071626.jpg","contentUrl":"https:\/\/portaltela.pt\/s.01k8rhncp4jt1\/2026\/03\/2071626.jpg","width":796,"height":448,"caption":"Maria (nome fic\u00edtico) e a filha mais nova, esta semana, na casa de onde est\u00e3o a ser despejadas"},{"@type":"BreadcrumbList","@id":"https:\/\/portaltela.pt\/noticias\/2026\/03\/06\/mae-com-deficiencia-e-dois-filhos-despejados-pela-camara-de-lisboa\/#breadcrumb","itemListElement":[{"@type":"ListItem","position":1,"name":"In\u00edcio","item":"https:\/\/portaltela.pt\/"},{"@type":"ListItem","position":2,"name":"M\u00e3e com defici\u00eancia e dois filhos despejados pela C\u00e2mara de Lisboa"}]},{"@type":"WebSite","@id":"https:\/\/portaltela.pt\/#website","url":"https:\/\/portaltela.pt\/","name":"Portal Tela Portugal","description":"","potentialAction":[{"@type":"SearchAction","target":{"@type":"EntryPoint","urlTemplate":"https:\/\/portaltela.pt\/?s={search_term_string}"},"query-input":{"@type":"PropertyValueSpecification","valueRequired":true,"valueName":"search_term_string"}}],"inLanguage":"pt-PT"},{"@type":"Person","@id":"https:\/\/portaltela.pt\/#\/schema\/person\/c4278d4a6028830caff9ee44b42d32ed","name":"Telinha","image":{"@type":"ImageObject","inLanguage":"pt-PT","@id":"https:\/\/portaltela.pt\/s.01k8rhncp4jt1\/2025\/11\/talking-bot-125x125.png","url":"https:\/\/portaltela.pt\/s.01k8rhncp4jt1\/2025\/11\/talking-bot-125x125.png","contentUrl":"https:\/\/portaltela.pt\/s.01k8rhncp4jt1\/2025\/11\/talking-bot-125x125.png","caption":"Telinha"},"sameAs":["https:\/\/portaltela.pt\/"],"url":"https:\/\/portaltela.pt\/por\/367410592786\/"}]}},"_links":{"self":[{"href":"https:\/\/portaltela.pt\/api\/wp\/v2\/posts\/400183","targetHints":{"allow":["GET"]}}],"collection":[{"href":"https:\/\/portaltela.pt\/api\/wp\/v2\/posts"}],"about":[{"href":"https:\/\/portaltela.pt\/api\/wp\/v2\/types\/post"}],"author":[{"embeddable":true,"href":"https:\/\/portaltela.pt\/api\/wp\/v2\/users\/2"}],"replies":[{"embeddable":true,"href":"https:\/\/portaltela.pt\/api\/wp\/v2\/comments?post=400183"}],"version-history":[{"count":0,"href":"https:\/\/portaltela.pt\/api\/wp\/v2\/posts\/400183\/revisions"}],"wp:featuredmedia":[{"embeddable":true,"href":"https:\/\/portaltela.pt\/api\/wp\/v2\/media\/400186"}],"wp:attachment":[{"href":"https:\/\/portaltela.pt\/api\/wp\/v2\/media?parent=400183"}],"wp:term":[{"taxonomy":"category","embeddable":true,"href":"https:\/\/portaltela.pt\/api\/wp\/v2\/categories?post=400183"},{"taxonomy":"post_tag","embeddable":true,"href":"https:\/\/portaltela.pt\/api\/wp\/v2\/tags?post=400183"}],"curies":[{"name":"wp","href":"https:\/\/api.w.org\/{rel}","templated":true}]}}