{"id":400146,"date":"2026-03-06T10:43:00","date_gmt":"2026-03-06T13:43:00","guid":{"rendered":"https:\/\/portaltela.pt\/noticias\/2026\/03\/06\/alegacoes-sobre-a-parentalidade-de-sarah-ferguson-geram-reacao\/"},"modified":"2026-03-06T10:43:00","modified_gmt":"2026-03-06T13:43:00","slug":"alegacoes-sobre-a-parentalidade-de-sarah-ferguson-geram-reacao","status":"publish","type":"post","link":"https:\/\/portaltela.pt\/celebridades\/2026\/03\/06\/alegacoes-sobre-a-parentalidade-de-sarah-ferguson-geram-reacao\/","title":{"rendered":"Alega\u00e7\u00f5es sobre a parentalidade de Sarah Ferguson geram rea\u00e7\u00e3o"},"content":{"rendered":"<p>O comentador da realeza voltou a atacar a antiga duquesa de York, Sarah Ferguson, questionando a imagem p\u00fablica que ela sempre criou sobre a parentalidade. A discuss\u00e3o acompanha relatos de uma suposta falta de envolvimento constante com as filhas quando eram mais novas.<\/p>\n<p>No \u00e2mbito de um epis\u00f3dio de 2009, a antiga duquesa acompanhou as filhas a uma visita aos Estados Unidos, poucos dias ap\u00f3s Jeffrey Epstein ter sa\u00eddo da pris\u00e3o. Ferguson, segundo as informa\u00e7\u00f5es, ter\u00e1 ido falar com o amigo que cumpriu pena por crimes contra menores, o que gerou controv\u00e9rsia sobre o seu papel parental.<\/p>\n<p>Segundo Andrew Lownie, especialista em realeza e autor de um livro sobre a Casa de York, Ferguson ter\u00e1 preferido deixar as filhas aos cuidados de amas. A afirma\u00e7\u00e3o sustenta que Beatrice viajou com o amante, pouco depois do nascimento de Eugenie, sem envolvimento cont\u00ednuo com as filhas.<\/p>\n<h3>Acusa\u00e7\u00f5es e controv\u00e9rsia<\/h3>\n<p>Fontes pr\u00f3ximas da revista Hello! alegam que Ferguson s\u00f3 acompanhou as filhas na sess\u00e3o fotogr\u00e1fica quando havia uma c\u00e2mara apontada para ela, sendo posteriormente entregue a terceiros. A leitura dessas informa\u00e7\u00f5es sugere uma dissocia\u00e7\u00e3o entre a imagem familiar apresentada e a realidade descrita por quem conhecia o meio familiar.<\/p>\n<p>A ideia de uma \u201cfam\u00edlia unida\u201d teria sido, segundo as mesmas fontes, uma imagem criada para fins medi\u00e1ticos, n\u00e3o refletindo necessariamente o comportamento di\u00e1rio. A situa\u00e7\u00e3o permanece objeto de debates entre comentadores da realeza e seguidores da fam\u00edlia real.<\/p>\n","protected":false},"excerpt":{"rendered":"<ul>\n<li>O comentador da realeza volta a criticar a antiga duquesa de York, Sarah Ferguson, por alegadas falhas na parentalidade.<\/li>\n<li>A alega\u00e7\u00e3o \u00e9 que, em 2009, Sarah Ferguson levou as filhas Beatrice e Eugenie aos Estados Unidos pouco depois de Epstein ter sa\u00eddo da cadeia, situa\u00e7\u00e3o contestada pela cr\u00edtica.<\/li>\n<li>O autor Andrew Lownie sustenta que a duquesa preferia deixar as filhas ao cuidado de amas e que chegou a levar Beatrice numa viagem com o amante, pouco depois do nascimento de Eugenie.<\/li>\n<li>Em 2007, Sarah Ferguson ter\u00e1 recebido o pr\u00e9mio de M\u00e3e do Ano, mas o escritor afirma que ela n\u00e3o esteve presente no cuidado di\u00e1rio das filhas quando eram pequenas.<\/li>\n<li>Fontes da revista Hello! alegam que Sarah s\u00f3 estava com as filhas durante sess\u00f5es fotogr\u00e1ficas e que, de resto, as deixava na responsabilidade de terceiros, dizendo que a imagem de uni\u00e3o familiar seria \u201cteatro\u201d.<\/li>\n<\/ul>\n","protected":false},"author":2,"featured_media":400148,"comment_status":"closed","ping_status":"closed","sticky":false,"template":"","format":"standard","meta":{"footnotes":""},"categories":[6675],"tags":[76,64,1140,5661,44,4963],"class_list":["post-400146","post","type-post","status-publish","format-standard","has-post-thumbnail","hentry","category-celebridades","tag-celebridades","tag-familia","tag-parentalidade","tag-pessoas-publicas","tag-polemicas","tag-sarah-ferguson"],"yoast_head":"<!-- This site is optimized with the Yoast SEO plugin v27.2 - https:\/\/yoast.com\/product\/yoast-seo-wordpress\/ -->\n<title>Alega\u00e7\u00f5es sobre a parentalidade de Sarah Ferguson geram rea\u00e7\u00e3o - Portal Tela Portugal<\/title>\n<meta name=\"robots\" content=\"index, follow, max-snippet:-1, max-image-preview:large, max-video-preview:-1\" \/>\n<meta property=\"og:locale\" content=\"pt_PT\" \/>\n<meta property=\"og:type\" content=\"article\" \/>\n<meta property=\"og:title\" content=\"Alega\u00e7\u00f5es sobre a parentalidade de Sarah Ferguson geram rea\u00e7\u00e3o - Portal Tela Portugal\" \/>\n<meta property=\"og:description\" content=\"O comentador da realeza volta a criticar a antiga duquesa de York, Sarah Ferguson, por alegadas falhas na parentalidade. A alega\u00e7\u00e3o \u00e9 que, em 2009, Sarah Ferguson levou as filhas Beatrice e Eugenie aos Estados Unidos pouco depois de Epstein ter sa\u00eddo da cadeia, situa\u00e7\u00e3o contestada pela cr\u00edtica. O autor Andrew Lownie sustenta que a duquesa preferia deixar as filhas ao cuidado de amas e que chegou a levar Beatrice numa viagem com o amante, pouco depois do nascimento de Eugenie. Em 2007, Sarah Ferguson ter\u00e1 recebido o pr\u00e9mio de M\u00e3e do Ano, mas o escritor afirma que ela n\u00e3o esteve presente no cuidado di\u00e1rio das filhas quando eram pequenas. Fontes da revista Hello! alegam que Sarah s\u00f3 estava com as filhas durante sess\u00f5es fotogr\u00e1ficas e que, de resto, as deixava na responsabilidade de terceiros, dizendo que a imagem de uni\u00e3o familiar seria \u201cteatro\u201d.\" \/>\n<meta property=\"og:url\" content=\"https:\/\/portaltela.pt\/noticias\/2026\/03\/06\/alegacoes-sobre-a-parentalidade-de-sarah-ferguson-geram-reacao\/\" \/>\n<meta property=\"og:site_name\" content=\"Portal Tela Portugal\" \/>\n<meta property=\"article:published_time\" content=\"2026-03-06T13:43:00+00:00\" \/>\n<meta name=\"author\" content=\"Telinha\" \/>\n<meta name=\"twitter:card\" content=\"summary_large_image\" \/>\n<meta name=\"twitter:label1\" content=\"Escrito por\" \/>\n\t<meta name=\"twitter:data1\" content=\"Telinha\" \/>\n\t<meta name=\"twitter:label2\" content=\"Tempo estimado de leitura\" \/>\n\t<meta name=\"twitter:data2\" content=\"1 minuto\" \/>\n<script type=\"application\/ld+json\" class=\"yoast-schema-graph\">{\"@context\":\"https:\/\/schema.org\",\"@graph\":[{\"@type\":\"Article\",\"@id\":\"https:\/\/portaltela.pt\/noticias\/2026\/03\/06\/alegacoes-sobre-a-parentalidade-de-sarah-ferguson-geram-reacao\/#article\",\"isPartOf\":{\"@id\":\"https:\/\/portaltela.pt\/noticias\/2026\/03\/06\/alegacoes-sobre-a-parentalidade-de-sarah-ferguson-geram-reacao\/\"},\"author\":{\"name\":\"Telinha\",\"@id\":\"https:\/\/portaltela.pt\/#\/schema\/person\/c4278d4a6028830caff9ee44b42d32ed\"},\"headline\":\"Alega\u00e7\u00f5es sobre a parentalidade de Sarah Ferguson geram rea\u00e7\u00e3o\",\"datePublished\":\"2026-03-06T13:43:00+00:00\",\"mainEntityOfPage\":{\"@id\":\"https:\/\/portaltela.pt\/noticias\/2026\/03\/06\/alegacoes-sobre-a-parentalidade-de-sarah-ferguson-geram-reacao\/\"},\"wordCount\":269,\"image\":{\"@id\":\"https:\/\/portaltela.pt\/noticias\/2026\/03\/06\/alegacoes-sobre-a-parentalidade-de-sarah-ferguson-geram-reacao\/#primaryimage\"},\"thumbnailUrl\":\"https:\/\/portaltela.pt\/s.01k8rhncp4jt1\/2026\/03\/img_1280x718uu2026-03-04-20-16-30-2270438-im-639082522273270322.jpg\",\"keywords\":[\"celebridades\",\"fam\u00edlia\",\"parentalidade\",\"pessoas p\u00fablicas\",\"pol\u00eamicas\",\"Sarah Ferguson\"],\"articleSection\":[\"Celebridades\"],\"inLanguage\":\"pt-PT\"},{\"@type\":\"WebPage\",\"@id\":\"https:\/\/portaltela.pt\/noticias\/2026\/03\/06\/alegacoes-sobre-a-parentalidade-de-sarah-ferguson-geram-reacao\/\",\"url\":\"https:\/\/portaltela.pt\/noticias\/2026\/03\/06\/alegacoes-sobre-a-parentalidade-de-sarah-ferguson-geram-reacao\/\",\"name\":\"Alega\u00e7\u00f5es sobre a parentalidade de Sarah Ferguson geram rea\u00e7\u00e3o - Portal Tela Portugal\",\"isPartOf\":{\"@id\":\"https:\/\/portaltela.pt\/#website\"},\"primaryImageOfPage\":{\"@id\":\"https:\/\/portaltela.pt\/noticias\/2026\/03\/06\/alegacoes-sobre-a-parentalidade-de-sarah-ferguson-geram-reacao\/#primaryimage\"},\"image\":{\"@id\":\"https:\/\/portaltela.pt\/noticias\/2026\/03\/06\/alegacoes-sobre-a-parentalidade-de-sarah-ferguson-geram-reacao\/#primaryimage\"},\"thumbnailUrl\":\"https:\/\/portaltela.pt\/s.01k8rhncp4jt1\/2026\/03\/img_1280x718uu2026-03-04-20-16-30-2270438-im-639082522273270322.jpg\",\"datePublished\":\"2026-03-06T13:43:00+00:00\",\"author\":{\"@id\":\"https:\/\/portaltela.pt\/#\/schema\/person\/c4278d4a6028830caff9ee44b42d32ed\"},\"breadcrumb\":{\"@id\":\"https:\/\/portaltela.pt\/noticias\/2026\/03\/06\/alegacoes-sobre-a-parentalidade-de-sarah-ferguson-geram-reacao\/#breadcrumb\"},\"inLanguage\":\"pt-PT\",\"potentialAction\":[{\"@type\":\"ReadAction\",\"target\":[\"https:\/\/portaltela.pt\/noticias\/2026\/03\/06\/alegacoes-sobre-a-parentalidade-de-sarah-ferguson-geram-reacao\/\"]}]},{\"@type\":\"ImageObject\",\"inLanguage\":\"pt-PT\",\"@id\":\"https:\/\/portaltela.pt\/noticias\/2026\/03\/06\/alegacoes-sobre-a-parentalidade-de-sarah-ferguson-geram-reacao\/#primaryimage\",\"url\":\"https:\/\/portaltela.pt\/s.01k8rhncp4jt1\/2026\/03\/img_1280x718uu2026-03-04-20-16-30-2270438-im-639082522273270322.jpg\",\"contentUrl\":\"https:\/\/portaltela.pt\/s.01k8rhncp4jt1\/2026\/03\/img_1280x718uu2026-03-04-20-16-30-2270438-im-639082522273270322.jpg\",\"width\":796,\"height\":448,\"caption\":\"Sarah Ferguson com as filhas, princesas Beatrice e Eugenie\"},{\"@type\":\"BreadcrumbList\",\"@id\":\"https:\/\/portaltela.pt\/noticias\/2026\/03\/06\/alegacoes-sobre-a-parentalidade-de-sarah-ferguson-geram-reacao\/#breadcrumb\",\"itemListElement\":[{\"@type\":\"ListItem\",\"position\":1,\"name\":\"In\u00edcio\",\"item\":\"https:\/\/portaltela.pt\/\"},{\"@type\":\"ListItem\",\"position\":2,\"name\":\"Alega\u00e7\u00f5es sobre a parentalidade de Sarah Ferguson geram rea\u00e7\u00e3o\"}]},{\"@type\":\"WebSite\",\"@id\":\"https:\/\/portaltela.pt\/#website\",\"url\":\"https:\/\/portaltela.pt\/\",\"name\":\"Portal Tela Portugal\",\"description\":\"\",\"potentialAction\":[{\"@type\":\"SearchAction\",\"target\":{\"@type\":\"EntryPoint\",\"urlTemplate\":\"https:\/\/portaltela.pt\/?s={search_term_string}\"},\"query-input\":{\"@type\":\"PropertyValueSpecification\",\"valueRequired\":true,\"valueName\":\"search_term_string\"}}],\"inLanguage\":\"pt-PT\"},{\"@type\":\"Person\",\"@id\":\"https:\/\/portaltela.pt\/#\/schema\/person\/c4278d4a6028830caff9ee44b42d32ed\",\"name\":\"Telinha\",\"image\":{\"@type\":\"ImageObject\",\"inLanguage\":\"pt-PT\",\"@id\":\"https:\/\/portaltela.pt\/s.01k8rhncp4jt1\/2025\/11\/talking-bot-125x125.png\",\"url\":\"https:\/\/portaltela.pt\/s.01k8rhncp4jt1\/2025\/11\/talking-bot-125x125.png\",\"contentUrl\":\"https:\/\/portaltela.pt\/s.01k8rhncp4jt1\/2025\/11\/talking-bot-125x125.png\",\"caption\":\"Telinha\"},\"sameAs\":[\"https:\/\/portaltela.pt\/\"],\"url\":\"https:\/\/portaltela.pt\/por\/367410592786\/\"}]}<\/script>\n<!-- \/ Yoast SEO plugin. -->","yoast_head_json":{"title":"Alega\u00e7\u00f5es sobre a parentalidade de Sarah Ferguson geram rea\u00e7\u00e3o - Portal Tela Portugal","robots":{"index":"index","follow":"follow","max-snippet":"max-snippet:-1","max-image-preview":"max-image-preview:large","max-video-preview":"max-video-preview:-1"},"og_locale":"pt_PT","og_type":"article","og_title":"Alega\u00e7\u00f5es sobre a parentalidade de Sarah Ferguson geram rea\u00e7\u00e3o - Portal Tela Portugal","og_description":"O comentador da realeza volta a criticar a antiga duquesa de York, Sarah Ferguson, por alegadas falhas na parentalidade. A alega\u00e7\u00e3o \u00e9 que, em 2009, Sarah Ferguson levou as filhas Beatrice e Eugenie aos Estados Unidos pouco depois de Epstein ter sa\u00eddo da cadeia, situa\u00e7\u00e3o contestada pela cr\u00edtica. O autor Andrew Lownie sustenta que a duquesa preferia deixar as filhas ao cuidado de amas e que chegou a levar Beatrice numa viagem com o amante, pouco depois do nascimento de Eugenie. Em 2007, Sarah Ferguson ter\u00e1 recebido o pr\u00e9mio de M\u00e3e do Ano, mas o escritor afirma que ela n\u00e3o esteve presente no cuidado di\u00e1rio das filhas quando eram pequenas. Fontes da revista Hello! alegam que Sarah s\u00f3 estava com as filhas durante sess\u00f5es fotogr\u00e1ficas e que, de resto, as deixava na responsabilidade de terceiros, dizendo que a imagem de uni\u00e3o familiar seria \u201cteatro\u201d.","og_url":"https:\/\/portaltela.pt\/noticias\/2026\/03\/06\/alegacoes-sobre-a-parentalidade-de-sarah-ferguson-geram-reacao\/","og_site_name":"Portal Tela Portugal","article_published_time":"2026-03-06T13:43:00+00:00","author":"Telinha","twitter_card":"summary_large_image","twitter_misc":{"Escrito por":"Telinha","Tempo estimado de leitura":"1 minuto"},"schema":{"@context":"https:\/\/schema.org","@graph":[{"@type":"Article","@id":"https:\/\/portaltela.pt\/noticias\/2026\/03\/06\/alegacoes-sobre-a-parentalidade-de-sarah-ferguson-geram-reacao\/#article","isPartOf":{"@id":"https:\/\/portaltela.pt\/noticias\/2026\/03\/06\/alegacoes-sobre-a-parentalidade-de-sarah-ferguson-geram-reacao\/"},"author":{"name":"Telinha","@id":"https:\/\/portaltela.pt\/#\/schema\/person\/c4278d4a6028830caff9ee44b42d32ed"},"headline":"Alega\u00e7\u00f5es sobre a parentalidade de Sarah Ferguson geram rea\u00e7\u00e3o","datePublished":"2026-03-06T13:43:00+00:00","mainEntityOfPage":{"@id":"https:\/\/portaltela.pt\/noticias\/2026\/03\/06\/alegacoes-sobre-a-parentalidade-de-sarah-ferguson-geram-reacao\/"},"wordCount":269,"image":{"@id":"https:\/\/portaltela.pt\/noticias\/2026\/03\/06\/alegacoes-sobre-a-parentalidade-de-sarah-ferguson-geram-reacao\/#primaryimage"},"thumbnailUrl":"https:\/\/portaltela.pt\/s.01k8rhncp4jt1\/2026\/03\/img_1280x718uu2026-03-04-20-16-30-2270438-im-639082522273270322.jpg","keywords":["celebridades","fam\u00edlia","parentalidade","pessoas p\u00fablicas","pol\u00eamicas","Sarah Ferguson"],"articleSection":["Celebridades"],"inLanguage":"pt-PT"},{"@type":"WebPage","@id":"https:\/\/portaltela.pt\/noticias\/2026\/03\/06\/alegacoes-sobre-a-parentalidade-de-sarah-ferguson-geram-reacao\/","url":"https:\/\/portaltela.pt\/noticias\/2026\/03\/06\/alegacoes-sobre-a-parentalidade-de-sarah-ferguson-geram-reacao\/","name":"Alega\u00e7\u00f5es sobre a parentalidade de Sarah Ferguson geram rea\u00e7\u00e3o - Portal Tela Portugal","isPartOf":{"@id":"https:\/\/portaltela.pt\/#website"},"primaryImageOfPage":{"@id":"https:\/\/portaltela.pt\/noticias\/2026\/03\/06\/alegacoes-sobre-a-parentalidade-de-sarah-ferguson-geram-reacao\/#primaryimage"},"image":{"@id":"https:\/\/portaltela.pt\/noticias\/2026\/03\/06\/alegacoes-sobre-a-parentalidade-de-sarah-ferguson-geram-reacao\/#primaryimage"},"thumbnailUrl":"https:\/\/portaltela.pt\/s.01k8rhncp4jt1\/2026\/03\/img_1280x718uu2026-03-04-20-16-30-2270438-im-639082522273270322.jpg","datePublished":"2026-03-06T13:43:00+00:00","author":{"@id":"https:\/\/portaltela.pt\/#\/schema\/person\/c4278d4a6028830caff9ee44b42d32ed"},"breadcrumb":{"@id":"https:\/\/portaltela.pt\/noticias\/2026\/03\/06\/alegacoes-sobre-a-parentalidade-de-sarah-ferguson-geram-reacao\/#breadcrumb"},"inLanguage":"pt-PT","potentialAction":[{"@type":"ReadAction","target":["https:\/\/portaltela.pt\/noticias\/2026\/03\/06\/alegacoes-sobre-a-parentalidade-de-sarah-ferguson-geram-reacao\/"]}]},{"@type":"ImageObject","inLanguage":"pt-PT","@id":"https:\/\/portaltela.pt\/noticias\/2026\/03\/06\/alegacoes-sobre-a-parentalidade-de-sarah-ferguson-geram-reacao\/#primaryimage","url":"https:\/\/portaltela.pt\/s.01k8rhncp4jt1\/2026\/03\/img_1280x718uu2026-03-04-20-16-30-2270438-im-639082522273270322.jpg","contentUrl":"https:\/\/portaltela.pt\/s.01k8rhncp4jt1\/2026\/03\/img_1280x718uu2026-03-04-20-16-30-2270438-im-639082522273270322.jpg","width":796,"height":448,"caption":"Sarah Ferguson com as filhas, princesas Beatrice e Eugenie"},{"@type":"BreadcrumbList","@id":"https:\/\/portaltela.pt\/noticias\/2026\/03\/06\/alegacoes-sobre-a-parentalidade-de-sarah-ferguson-geram-reacao\/#breadcrumb","itemListElement":[{"@type":"ListItem","position":1,"name":"In\u00edcio","item":"https:\/\/portaltela.pt\/"},{"@type":"ListItem","position":2,"name":"Alega\u00e7\u00f5es sobre a parentalidade de Sarah Ferguson geram rea\u00e7\u00e3o"}]},{"@type":"WebSite","@id":"https:\/\/portaltela.pt\/#website","url":"https:\/\/portaltela.pt\/","name":"Portal Tela Portugal","description":"","potentialAction":[{"@type":"SearchAction","target":{"@type":"EntryPoint","urlTemplate":"https:\/\/portaltela.pt\/?s={search_term_string}"},"query-input":{"@type":"PropertyValueSpecification","valueRequired":true,"valueName":"search_term_string"}}],"inLanguage":"pt-PT"},{"@type":"Person","@id":"https:\/\/portaltela.pt\/#\/schema\/person\/c4278d4a6028830caff9ee44b42d32ed","name":"Telinha","image":{"@type":"ImageObject","inLanguage":"pt-PT","@id":"https:\/\/portaltela.pt\/s.01k8rhncp4jt1\/2025\/11\/talking-bot-125x125.png","url":"https:\/\/portaltela.pt\/s.01k8rhncp4jt1\/2025\/11\/talking-bot-125x125.png","contentUrl":"https:\/\/portaltela.pt\/s.01k8rhncp4jt1\/2025\/11\/talking-bot-125x125.png","caption":"Telinha"},"sameAs":["https:\/\/portaltela.pt\/"],"url":"https:\/\/portaltela.pt\/por\/367410592786\/"}]}},"_links":{"self":[{"href":"https:\/\/portaltela.pt\/api\/wp\/v2\/posts\/400146","targetHints":{"allow":["GET"]}}],"collection":[{"href":"https:\/\/portaltela.pt\/api\/wp\/v2\/posts"}],"about":[{"href":"https:\/\/portaltela.pt\/api\/wp\/v2\/types\/post"}],"author":[{"embeddable":true,"href":"https:\/\/portaltela.pt\/api\/wp\/v2\/users\/2"}],"replies":[{"embeddable":true,"href":"https:\/\/portaltela.pt\/api\/wp\/v2\/comments?post=400146"}],"version-history":[{"count":0,"href":"https:\/\/portaltela.pt\/api\/wp\/v2\/posts\/400146\/revisions"}],"wp:featuredmedia":[{"embeddable":true,"href":"https:\/\/portaltela.pt\/api\/wp\/v2\/media\/400148"}],"wp:attachment":[{"href":"https:\/\/portaltela.pt\/api\/wp\/v2\/media?parent=400146"}],"wp:term":[{"taxonomy":"category","embeddable":true,"href":"https:\/\/portaltela.pt\/api\/wp\/v2\/categories?post=400146"},{"taxonomy":"post_tag","embeddable":true,"href":"https:\/\/portaltela.pt\/api\/wp\/v2\/tags?post=400146"}],"curies":[{"name":"wp","href":"https:\/\/api.w.org\/{rel}","templated":true}]}}