{"id":400138,"date":"2026-03-06T10:31:13","date_gmt":"2026-03-06T13:31:13","guid":{"rendered":"https:\/\/portaltela.pt\/noticias\/2026\/03\/06\/rui-borges-diz-que-trincao-foi-um-dos-jogadores-que-mais-o-impressionou\/"},"modified":"2026-03-06T10:31:13","modified_gmt":"2026-03-06T13:31:13","slug":"rui-borges-diz-que-trincao-foi-um-dos-jogadores-que-mais-o-impressionou","status":"publish","type":"post","link":"https:\/\/portaltela.pt\/desporto\/futebol\/2026\/03\/06\/rui-borges-diz-que-trincao-foi-um-dos-jogadores-que-mais-o-impressionou\/","title":{"rendered":"Rui Borges diz que Trinc\u00e3o foi um dos jogadores que mais o impressionou"},"content":{"rendered":"<p>Rui Borges comunicou hoje, na antevis\u00e3o ao encontro com o Sp. Braga, que a renova\u00e7\u00e3o de Trinc\u00e3o est\u00e1 em foco no clube. O treinador admitiu que o assunto tamb\u00e9m envolve Morita, cuja poss\u00edvel renova\u00e7\u00e3o poder\u00e1 estar para breve. A confer\u00eancia decorreu na Melhoria da Prepara\u00e7\u00e3o do plantel.<\/p>\n<p>O t\u00e9cnico destacou que Trinc\u00e3o foi um dos jogadores que mais o impressionaram desde que chegou ao Sporting. A avalia\u00e7\u00e3o foi feita na sequ\u00eancia de d\u00favidas sobre continuidade do extremo na equipa, que j\u00e1 demonstrou desempenho consistente na \u00faltima \u00e9poca.<\/p>\n<p>A orienta\u00e7\u00e3o de Rui Borges passa pela negocia\u00e7\u00e3o como prioridade para manter a estabilidade do plantel, sobretudo num momento de competi\u00e7\u00e3o pr\u00f3xima com o Sp. Braga. O calend\u00e1rio e o desempenho da equipa est\u00e3o j\u00e1 a exigir decis\u00f5es.<\/p>\n<p>O clube n\u00e3o detalhou prazos nem valores, mantendo o foco na prepara\u00e7\u00e3o para os jogos futuros. As declara\u00e7\u00f5es refor\u00e7am a import\u00e2ncia de definir rapidamente as condi\u00e7\u00f5es contratuais de Trinc\u00e3o e Morita para evitar distra\u00e7\u00f5es no balne\u00e1rio.<\/p>\n","protected":false},"excerpt":{"rendered":"<ul>\n<li>Rui Borges afirmou que Trinc\u00e3o foi dos jogadores que mais o impressionaram, durante a confer\u00eancia de antevis\u00e3o ao jogo com o Sp. Braga.<\/li>\n<li>O treinador mencionou a renova\u00e7\u00e3o de Trinc\u00e3o e indicou que a de Morita poder\u00e1 estar para breve.<\/li>\n<li>O tema principal da confer\u00eancia foi a poss\u00edvel renova\u00e7\u00e3o de contratos e o pr\u00f3ximo confronto diante do Sp. Braga.<\/li>\n<li>As declara\u00e7\u00f5es mant\u00eam tom informativo, sem ju\u00edzos de valor ou opini\u00f5es pessoais.<\/li>\n<li>O foco \u00e9 apresentar os factos relacionados com o plantel e as negocia\u00e7\u00f5es em curso.<\/li>\n<\/ul>\n","protected":false},"author":2,"featured_media":400142,"comment_status":"closed","ping_status":"closed","sticky":false,"template":"","format":"standard","meta":{"footnotes":""},"categories":[21,24],"tags":[32,3286,6430,2070,1652,3374],"class_list":["post-400138","post","type-post","status-publish","format-standard","has-post-thumbnail","hentry","category-desporto","category-futebol","tag-futebol","tag-morita","tag-renovacoes","tag-sp-braga","tag-sporting","tag-trincao"],"yoast_head":"<!-- This site is optimized with the Yoast SEO plugin v27.2 - https:\/\/yoast.com\/product\/yoast-seo-wordpress\/ -->\n<title>Rui Borges diz que Trinc\u00e3o foi um dos jogadores que mais o impressionou - Portal Tela Portugal<\/title>\n<meta name=\"robots\" content=\"index, follow, max-snippet:-1, max-image-preview:large, max-video-preview:-1\" \/>\n<meta property=\"og:locale\" content=\"pt_PT\" \/>\n<meta property=\"og:type\" content=\"article\" \/>\n<meta property=\"og:title\" content=\"Rui Borges diz que Trinc\u00e3o foi um dos jogadores que mais o impressionou - Portal Tela Portugal\" \/>\n<meta property=\"og:description\" content=\"Rui Borges afirmou que Trinc\u00e3o foi dos jogadores que mais o impressionaram, durante a confer\u00eancia de antevis\u00e3o ao jogo com o Sp. Braga. O treinador mencionou a renova\u00e7\u00e3o de Trinc\u00e3o e indicou que a de Morita poder\u00e1 estar para breve. O tema principal da confer\u00eancia foi a poss\u00edvel renova\u00e7\u00e3o de contratos e o pr\u00f3ximo confronto diante do Sp. Braga. As declara\u00e7\u00f5es mant\u00eam tom informativo, sem ju\u00edzos de valor ou opini\u00f5es pessoais. O foco \u00e9 apresentar os factos relacionados com o plantel e as negocia\u00e7\u00f5es em curso.\" \/>\n<meta property=\"og:url\" content=\"https:\/\/portaltela.pt\/noticias\/2026\/03\/06\/rui-borges-diz-que-trincao-foi-um-dos-jogadores-que-mais-o-impressionou\/\" \/>\n<meta property=\"og:site_name\" content=\"Portal Tela Portugal\" \/>\n<meta property=\"article:published_time\" content=\"2026-03-06T13:31:13+00:00\" \/>\n<meta name=\"author\" content=\"Telinha\" \/>\n<meta name=\"twitter:card\" content=\"summary_large_image\" \/>\n<meta name=\"twitter:label1\" content=\"Escrito por\" \/>\n\t<meta name=\"twitter:data1\" content=\"Telinha\" \/>\n\t<meta name=\"twitter:label2\" content=\"Tempo estimado de leitura\" \/>\n\t<meta name=\"twitter:data2\" content=\"1 minuto\" \/>\n<script type=\"application\/ld+json\" class=\"yoast-schema-graph\">{\"@context\":\"https:\/\/schema.org\",\"@graph\":[{\"@type\":\"Article\",\"@id\":\"https:\/\/portaltela.pt\/noticias\/2026\/03\/06\/rui-borges-diz-que-trincao-foi-um-dos-jogadores-que-mais-o-impressionou\/#article\",\"isPartOf\":{\"@id\":\"https:\/\/portaltela.pt\/noticias\/2026\/03\/06\/rui-borges-diz-que-trincao-foi-um-dos-jogadores-que-mais-o-impressionou\/\"},\"author\":{\"name\":\"Telinha\",\"@id\":\"https:\/\/portaltela.pt\/#\/schema\/person\/c4278d4a6028830caff9ee44b42d32ed\"},\"headline\":\"Rui Borges diz que Trinc\u00e3o foi um dos jogadores que mais o impressionou\",\"datePublished\":\"2026-03-06T13:31:13+00:00\",\"mainEntityOfPage\":{\"@id\":\"https:\/\/portaltela.pt\/noticias\/2026\/03\/06\/rui-borges-diz-que-trincao-foi-um-dos-jogadores-que-mais-o-impressionou\/\"},\"wordCount\":204,\"image\":{\"@id\":\"https:\/\/portaltela.pt\/noticias\/2026\/03\/06\/rui-borges-diz-que-trincao-foi-um-dos-jogadores-que-mais-o-impressionou\/#primaryimage\"},\"thumbnailUrl\":\"https:\/\/portaltela.pt\/s.01k8rhncp4jt1\/2026\/03\/img_1200x721uu2026-03-06-13-23-00-2425236.jpg\",\"keywords\":[\"futebol\",\"Morita\",\"renova\u00e7\u00f5es\",\"Sp. Braga\",\"Sporting\",\"Trinc\u00e3o\"],\"articleSection\":[\"Desporto\",\"Futebol\"],\"inLanguage\":\"pt-PT\"},{\"@type\":\"WebPage\",\"@id\":\"https:\/\/portaltela.pt\/noticias\/2026\/03\/06\/rui-borges-diz-que-trincao-foi-um-dos-jogadores-que-mais-o-impressionou\/\",\"url\":\"https:\/\/portaltela.pt\/noticias\/2026\/03\/06\/rui-borges-diz-que-trincao-foi-um-dos-jogadores-que-mais-o-impressionou\/\",\"name\":\"Rui Borges diz que Trinc\u00e3o foi um dos jogadores que mais o impressionou - Portal Tela Portugal\",\"isPartOf\":{\"@id\":\"https:\/\/portaltela.pt\/#website\"},\"primaryImageOfPage\":{\"@id\":\"https:\/\/portaltela.pt\/noticias\/2026\/03\/06\/rui-borges-diz-que-trincao-foi-um-dos-jogadores-que-mais-o-impressionou\/#primaryimage\"},\"image\":{\"@id\":\"https:\/\/portaltela.pt\/noticias\/2026\/03\/06\/rui-borges-diz-que-trincao-foi-um-dos-jogadores-que-mais-o-impressionou\/#primaryimage\"},\"thumbnailUrl\":\"https:\/\/portaltela.pt\/s.01k8rhncp4jt1\/2026\/03\/img_1200x721uu2026-03-06-13-23-00-2425236.jpg\",\"datePublished\":\"2026-03-06T13:31:13+00:00\",\"author\":{\"@id\":\"https:\/\/portaltela.pt\/#\/schema\/person\/c4278d4a6028830caff9ee44b42d32ed\"},\"breadcrumb\":{\"@id\":\"https:\/\/portaltela.pt\/noticias\/2026\/03\/06\/rui-borges-diz-que-trincao-foi-um-dos-jogadores-que-mais-o-impressionou\/#breadcrumb\"},\"inLanguage\":\"pt-PT\",\"potentialAction\":[{\"@type\":\"ReadAction\",\"target\":[\"https:\/\/portaltela.pt\/noticias\/2026\/03\/06\/rui-borges-diz-que-trincao-foi-um-dos-jogadores-que-mais-o-impressionou\/\"]}]},{\"@type\":\"ImageObject\",\"inLanguage\":\"pt-PT\",\"@id\":\"https:\/\/portaltela.pt\/noticias\/2026\/03\/06\/rui-borges-diz-que-trincao-foi-um-dos-jogadores-que-mais-o-impressionou\/#primaryimage\",\"url\":\"https:\/\/portaltela.pt\/s.01k8rhncp4jt1\/2026\/03\/img_1200x721uu2026-03-06-13-23-00-2425236.jpg\",\"contentUrl\":\"https:\/\/portaltela.pt\/s.01k8rhncp4jt1\/2026\/03\/img_1200x721uu2026-03-06-13-23-00-2425236.jpg\",\"width\":796,\"height\":448,\"caption\":\"Rui Borges: \u00abTrinc\u00e3o foi dos jogadores que mais me impressionou\u00bb\"},{\"@type\":\"BreadcrumbList\",\"@id\":\"https:\/\/portaltela.pt\/noticias\/2026\/03\/06\/rui-borges-diz-que-trincao-foi-um-dos-jogadores-que-mais-o-impressionou\/#breadcrumb\",\"itemListElement\":[{\"@type\":\"ListItem\",\"position\":1,\"name\":\"In\u00edcio\",\"item\":\"https:\/\/portaltela.pt\/\"},{\"@type\":\"ListItem\",\"position\":2,\"name\":\"Rui Borges diz que Trinc\u00e3o foi um dos jogadores que mais o impressionou\"}]},{\"@type\":\"WebSite\",\"@id\":\"https:\/\/portaltela.pt\/#website\",\"url\":\"https:\/\/portaltela.pt\/\",\"name\":\"Portal Tela Portugal\",\"description\":\"\",\"potentialAction\":[{\"@type\":\"SearchAction\",\"target\":{\"@type\":\"EntryPoint\",\"urlTemplate\":\"https:\/\/portaltela.pt\/?s={search_term_string}\"},\"query-input\":{\"@type\":\"PropertyValueSpecification\",\"valueRequired\":true,\"valueName\":\"search_term_string\"}}],\"inLanguage\":\"pt-PT\"},{\"@type\":\"Person\",\"@id\":\"https:\/\/portaltela.pt\/#\/schema\/person\/c4278d4a6028830caff9ee44b42d32ed\",\"name\":\"Telinha\",\"image\":{\"@type\":\"ImageObject\",\"inLanguage\":\"pt-PT\",\"@id\":\"https:\/\/portaltela.pt\/s.01k8rhncp4jt1\/2025\/11\/talking-bot-125x125.png\",\"url\":\"https:\/\/portaltela.pt\/s.01k8rhncp4jt1\/2025\/11\/talking-bot-125x125.png\",\"contentUrl\":\"https:\/\/portaltela.pt\/s.01k8rhncp4jt1\/2025\/11\/talking-bot-125x125.png\",\"caption\":\"Telinha\"},\"sameAs\":[\"https:\/\/portaltela.pt\/\"],\"url\":\"https:\/\/portaltela.pt\/por\/367410592786\/\"}]}<\/script>\n<!-- \/ Yoast SEO plugin. -->","yoast_head_json":{"title":"Rui Borges diz que Trinc\u00e3o foi um dos jogadores que mais o impressionou - Portal Tela Portugal","robots":{"index":"index","follow":"follow","max-snippet":"max-snippet:-1","max-image-preview":"max-image-preview:large","max-video-preview":"max-video-preview:-1"},"og_locale":"pt_PT","og_type":"article","og_title":"Rui Borges diz que Trinc\u00e3o foi um dos jogadores que mais o impressionou - Portal Tela Portugal","og_description":"Rui Borges afirmou que Trinc\u00e3o foi dos jogadores que mais o impressionaram, durante a confer\u00eancia de antevis\u00e3o ao jogo com o Sp. Braga. O treinador mencionou a renova\u00e7\u00e3o de Trinc\u00e3o e indicou que a de Morita poder\u00e1 estar para breve. O tema principal da confer\u00eancia foi a poss\u00edvel renova\u00e7\u00e3o de contratos e o pr\u00f3ximo confronto diante do Sp. Braga. As declara\u00e7\u00f5es mant\u00eam tom informativo, sem ju\u00edzos de valor ou opini\u00f5es pessoais. O foco \u00e9 apresentar os factos relacionados com o plantel e as negocia\u00e7\u00f5es em curso.","og_url":"https:\/\/portaltela.pt\/noticias\/2026\/03\/06\/rui-borges-diz-que-trincao-foi-um-dos-jogadores-que-mais-o-impressionou\/","og_site_name":"Portal Tela Portugal","article_published_time":"2026-03-06T13:31:13+00:00","author":"Telinha","twitter_card":"summary_large_image","twitter_misc":{"Escrito por":"Telinha","Tempo estimado de leitura":"1 minuto"},"schema":{"@context":"https:\/\/schema.org","@graph":[{"@type":"Article","@id":"https:\/\/portaltela.pt\/noticias\/2026\/03\/06\/rui-borges-diz-que-trincao-foi-um-dos-jogadores-que-mais-o-impressionou\/#article","isPartOf":{"@id":"https:\/\/portaltela.pt\/noticias\/2026\/03\/06\/rui-borges-diz-que-trincao-foi-um-dos-jogadores-que-mais-o-impressionou\/"},"author":{"name":"Telinha","@id":"https:\/\/portaltela.pt\/#\/schema\/person\/c4278d4a6028830caff9ee44b42d32ed"},"headline":"Rui Borges diz que Trinc\u00e3o foi um dos jogadores que mais o impressionou","datePublished":"2026-03-06T13:31:13+00:00","mainEntityOfPage":{"@id":"https:\/\/portaltela.pt\/noticias\/2026\/03\/06\/rui-borges-diz-que-trincao-foi-um-dos-jogadores-que-mais-o-impressionou\/"},"wordCount":204,"image":{"@id":"https:\/\/portaltela.pt\/noticias\/2026\/03\/06\/rui-borges-diz-que-trincao-foi-um-dos-jogadores-que-mais-o-impressionou\/#primaryimage"},"thumbnailUrl":"https:\/\/portaltela.pt\/s.01k8rhncp4jt1\/2026\/03\/img_1200x721uu2026-03-06-13-23-00-2425236.jpg","keywords":["futebol","Morita","renova\u00e7\u00f5es","Sp. Braga","Sporting","Trinc\u00e3o"],"articleSection":["Desporto","Futebol"],"inLanguage":"pt-PT"},{"@type":"WebPage","@id":"https:\/\/portaltela.pt\/noticias\/2026\/03\/06\/rui-borges-diz-que-trincao-foi-um-dos-jogadores-que-mais-o-impressionou\/","url":"https:\/\/portaltela.pt\/noticias\/2026\/03\/06\/rui-borges-diz-que-trincao-foi-um-dos-jogadores-que-mais-o-impressionou\/","name":"Rui Borges diz que Trinc\u00e3o foi um dos jogadores que mais o impressionou - Portal Tela Portugal","isPartOf":{"@id":"https:\/\/portaltela.pt\/#website"},"primaryImageOfPage":{"@id":"https:\/\/portaltela.pt\/noticias\/2026\/03\/06\/rui-borges-diz-que-trincao-foi-um-dos-jogadores-que-mais-o-impressionou\/#primaryimage"},"image":{"@id":"https:\/\/portaltela.pt\/noticias\/2026\/03\/06\/rui-borges-diz-que-trincao-foi-um-dos-jogadores-que-mais-o-impressionou\/#primaryimage"},"thumbnailUrl":"https:\/\/portaltela.pt\/s.01k8rhncp4jt1\/2026\/03\/img_1200x721uu2026-03-06-13-23-00-2425236.jpg","datePublished":"2026-03-06T13:31:13+00:00","author":{"@id":"https:\/\/portaltela.pt\/#\/schema\/person\/c4278d4a6028830caff9ee44b42d32ed"},"breadcrumb":{"@id":"https:\/\/portaltela.pt\/noticias\/2026\/03\/06\/rui-borges-diz-que-trincao-foi-um-dos-jogadores-que-mais-o-impressionou\/#breadcrumb"},"inLanguage":"pt-PT","potentialAction":[{"@type":"ReadAction","target":["https:\/\/portaltela.pt\/noticias\/2026\/03\/06\/rui-borges-diz-que-trincao-foi-um-dos-jogadores-que-mais-o-impressionou\/"]}]},{"@type":"ImageObject","inLanguage":"pt-PT","@id":"https:\/\/portaltela.pt\/noticias\/2026\/03\/06\/rui-borges-diz-que-trincao-foi-um-dos-jogadores-que-mais-o-impressionou\/#primaryimage","url":"https:\/\/portaltela.pt\/s.01k8rhncp4jt1\/2026\/03\/img_1200x721uu2026-03-06-13-23-00-2425236.jpg","contentUrl":"https:\/\/portaltela.pt\/s.01k8rhncp4jt1\/2026\/03\/img_1200x721uu2026-03-06-13-23-00-2425236.jpg","width":796,"height":448,"caption":"Rui Borges: \u00abTrinc\u00e3o foi dos jogadores que mais me impressionou\u00bb"},{"@type":"BreadcrumbList","@id":"https:\/\/portaltela.pt\/noticias\/2026\/03\/06\/rui-borges-diz-que-trincao-foi-um-dos-jogadores-que-mais-o-impressionou\/#breadcrumb","itemListElement":[{"@type":"ListItem","position":1,"name":"In\u00edcio","item":"https:\/\/portaltela.pt\/"},{"@type":"ListItem","position":2,"name":"Rui Borges diz que Trinc\u00e3o foi um dos jogadores que mais o impressionou"}]},{"@type":"WebSite","@id":"https:\/\/portaltela.pt\/#website","url":"https:\/\/portaltela.pt\/","name":"Portal Tela Portugal","description":"","potentialAction":[{"@type":"SearchAction","target":{"@type":"EntryPoint","urlTemplate":"https:\/\/portaltela.pt\/?s={search_term_string}"},"query-input":{"@type":"PropertyValueSpecification","valueRequired":true,"valueName":"search_term_string"}}],"inLanguage":"pt-PT"},{"@type":"Person","@id":"https:\/\/portaltela.pt\/#\/schema\/person\/c4278d4a6028830caff9ee44b42d32ed","name":"Telinha","image":{"@type":"ImageObject","inLanguage":"pt-PT","@id":"https:\/\/portaltela.pt\/s.01k8rhncp4jt1\/2025\/11\/talking-bot-125x125.png","url":"https:\/\/portaltela.pt\/s.01k8rhncp4jt1\/2025\/11\/talking-bot-125x125.png","contentUrl":"https:\/\/portaltela.pt\/s.01k8rhncp4jt1\/2025\/11\/talking-bot-125x125.png","caption":"Telinha"},"sameAs":["https:\/\/portaltela.pt\/"],"url":"https:\/\/portaltela.pt\/por\/367410592786\/"}]}},"_links":{"self":[{"href":"https:\/\/portaltela.pt\/api\/wp\/v2\/posts\/400138","targetHints":{"allow":["GET"]}}],"collection":[{"href":"https:\/\/portaltela.pt\/api\/wp\/v2\/posts"}],"about":[{"href":"https:\/\/portaltela.pt\/api\/wp\/v2\/types\/post"}],"author":[{"embeddable":true,"href":"https:\/\/portaltela.pt\/api\/wp\/v2\/users\/2"}],"replies":[{"embeddable":true,"href":"https:\/\/portaltela.pt\/api\/wp\/v2\/comments?post=400138"}],"version-history":[{"count":0,"href":"https:\/\/portaltela.pt\/api\/wp\/v2\/posts\/400138\/revisions"}],"wp:featuredmedia":[{"embeddable":true,"href":"https:\/\/portaltela.pt\/api\/wp\/v2\/media\/400142"}],"wp:attachment":[{"href":"https:\/\/portaltela.pt\/api\/wp\/v2\/media?parent=400138"}],"wp:term":[{"taxonomy":"category","embeddable":true,"href":"https:\/\/portaltela.pt\/api\/wp\/v2\/categories?post=400138"},{"taxonomy":"post_tag","embeddable":true,"href":"https:\/\/portaltela.pt\/api\/wp\/v2\/tags?post=400138"}],"curies":[{"name":"wp","href":"https:\/\/api.w.org\/{rel}","templated":true}]}}