{"id":400132,"date":"2026-03-06T10:46:53","date_gmt":"2026-03-06T13:46:53","guid":{"rendered":"https:\/\/portaltela.pt\/noticias\/2026\/03\/06\/nasa-distingue-astronomos-que-confirmaram-a-primeira-deflexao-de-asteroide\/"},"modified":"2026-03-06T10:46:53","modified_gmt":"2026-03-06T13:46:53","slug":"nasa-distingue-astronomos-que-confirmaram-a-primeira-deflexao-de-asteroide","status":"publish","type":"post","link":"https:\/\/portaltela.pt\/noticias\/internacional\/2026\/03\/06\/nasa-distingue-astronomos-que-confirmaram-a-primeira-deflexao-de-asteroide\/","title":{"rendered":"NASA distingue astr\u00f3nomos que confirmaram a primeira deflex\u00e3o de asteroide"},"content":{"rendered":"<p>O Observat\u00f3rio de Maydanak, na \u00c1sia Central, integrou uma rede global de observa\u00e7\u00e3o que confirmou que a miss\u00e3o DART da NASA alterou a \u00f3rbita de Dimorphos, a pequena lua que orbita Didymos. A mudan\u00e7a ocorreu ap\u00f3s o impacto cin\u00e9tico da sonda, em uma experi\u00eancia de defesa planet\u00e1ria sem precedentes.<\/p>\n<p>Cem investigadores de 28 observat\u00f3rios trabalharam no acompanhamento, incluindo os astr\u00f3nomos do Uzbequist\u00e3o Kamoliddin Ergashov e Otabek Burkhonov, do Instituto Astron\u00f3mico Mirzo Ulug\u2018bek. As suas medi\u00e7\u00f5es contribu\u00edram para o conjunto de dados internacional que mediu a altera\u00e7\u00e3o orbital.<\/p>\n<p>Observa\u00e7\u00f5es fotom\u00e9tricas realizadas antes e depois do impacto mostraram que Dimorphos completou o seu ciclo em torno de Didymos cerca de 32 minutos mais r\u00e1pido. Essa redu\u00e7\u00e3o do per\u00edodo orbital foi verificada de forma independente por m\u00faltiplos telesc\u00f3pios ao redor do mundo.<\/p>\n<h3>Participa\u00e7\u00e3o e reconhecimento<\/h3>\n<p>O trabalho do Observat\u00f3rio de Maydanak ajudou a preencher lacunas de observa\u00e7\u00e3o na rede mundial e a refinar as medi\u00e7\u00f5es do per\u00edodo orbital de Dimorphos. A NASA atribuiu o NASA Group Achievement Award aos investigadores pela coopera\u00e7\u00e3o entre v\u00e1rias institui\u00e7\u00f5es.<\/p>\n<p>Burkhonov afirmou que o projeto demonstra o potencial de coopera\u00e7\u00e3o internacional para monitorizar objetos pr\u00f3ximos da Terra e explorar futuras estrat\u00e9gias de defesa planet\u00e1ria. Ergashov acrescentou que a experi\u00eancia pode apoiar estudos sobre rota\u00e7\u00e3o e detritos de asteroides, fortalecendo a seguran\u00e7a espacial global.<\/p>\n","protected":false},"excerpt":{"rendered":"<ul>\n<li>A NASA distinguiu dois cientistas do Uzbequist\u00e3o pela contribui\u00e7\u00e3o nas observa\u00e7\u00f5es que confirmaram a primeira altera\u00e7\u00e3o comprovada da \u00f3rbita de um asteroide, ap\u00f3s a miss\u00e3o DART.<\/li>\n<li>Observa\u00e7\u00f5es de uma rede global, incluindo o Observat\u00f3rio de Maydanak, mostraram que o per\u00edodo orbital de Dimorphos, lua de Didymos, encurtou em cerca de 32 minutos.<\/li>\n<li>Kamoliddin Ergashov e Otabek Burkhonov participaram num grupo de quase cem investigadores de 28 observat\u00f3rios, que alimentaram os dados usados para medir a altera\u00e7\u00e3o orbital.<\/li>\n<li>A NASA concedeu o NASA Group Achievement Award ao conjunto de investigadores, reconhecendo o trabalho colaborativo entre institui\u00e7\u00f5es para a defesa planet\u00e1ria.<\/li>\n<\/ul>\n","protected":false},"author":2,"featured_media":400134,"comment_status":"closed","ping_status":"closed","sticky":false,"template":"","format":"standard","meta":{"footnotes":""},"categories":[4,1],"tags":[1992,215,6232,787,4745],"class_list":["post-400132","post","type-post","status-publish","format-standard","has-post-thumbnail","hentry","category-internacional","category-noticias","tag-ciencia","tag-investigacao","tag-nasa","tag-observacao","tag-observacoes-internacionais"],"yoast_head":"<!-- This site is optimized with the Yoast SEO plugin v27.2 - https:\/\/yoast.com\/product\/yoast-seo-wordpress\/ -->\n<title>NASA distingue astr\u00f3nomos que confirmaram a primeira deflex\u00e3o de asteroide - Portal Tela Portugal<\/title>\n<meta name=\"robots\" content=\"index, follow, max-snippet:-1, max-image-preview:large, max-video-preview:-1\" \/>\n<meta property=\"og:locale\" content=\"pt_PT\" \/>\n<meta property=\"og:type\" content=\"article\" \/>\n<meta property=\"og:title\" content=\"NASA distingue astr\u00f3nomos que confirmaram a primeira deflex\u00e3o de asteroide - Portal Tela Portugal\" \/>\n<meta property=\"og:description\" content=\"A NASA distinguiu dois cientistas do Uzbequist\u00e3o pela contribui\u00e7\u00e3o nas observa\u00e7\u00f5es que confirmaram a primeira altera\u00e7\u00e3o comprovada da \u00f3rbita de um asteroide, ap\u00f3s a miss\u00e3o DART. Observa\u00e7\u00f5es de uma rede global, incluindo o Observat\u00f3rio de Maydanak, mostraram que o per\u00edodo orbital de Dimorphos, lua de Didymos, encurtou em cerca de 32 minutos. Kamoliddin Ergashov e Otabek Burkhonov participaram num grupo de quase cem investigadores de 28 observat\u00f3rios, que alimentaram os dados usados para medir a altera\u00e7\u00e3o orbital. A NASA concedeu o NASA Group Achievement Award ao conjunto de investigadores, reconhecendo o trabalho colaborativo entre institui\u00e7\u00f5es para a defesa planet\u00e1ria.\" \/>\n<meta property=\"og:url\" content=\"https:\/\/portaltela.pt\/noticias\/2026\/03\/06\/nasa-distingue-astronomos-que-confirmaram-a-primeira-deflexao-de-asteroide\/\" \/>\n<meta property=\"og:site_name\" content=\"Portal Tela Portugal\" \/>\n<meta property=\"article:published_time\" content=\"2026-03-06T13:46:53+00:00\" \/>\n<meta name=\"author\" content=\"Telinha\" \/>\n<meta name=\"twitter:card\" content=\"summary_large_image\" \/>\n<meta name=\"twitter:label1\" content=\"Escrito por\" \/>\n\t<meta name=\"twitter:data1\" content=\"Telinha\" \/>\n\t<meta name=\"twitter:label2\" content=\"Tempo estimado de leitura\" \/>\n\t<meta name=\"twitter:data2\" content=\"1 minuto\" \/>\n<script type=\"application\/ld+json\" class=\"yoast-schema-graph\">{\"@context\":\"https:\/\/schema.org\",\"@graph\":[{\"@type\":\"Article\",\"@id\":\"https:\/\/portaltela.pt\/noticias\/2026\/03\/06\/nasa-distingue-astronomos-que-confirmaram-a-primeira-deflexao-de-asteroide\/#article\",\"isPartOf\":{\"@id\":\"https:\/\/portaltela.pt\/noticias\/2026\/03\/06\/nasa-distingue-astronomos-que-confirmaram-a-primeira-deflexao-de-asteroide\/\"},\"author\":{\"name\":\"Telinha\",\"@id\":\"https:\/\/portaltela.pt\/#\/schema\/person\/c4278d4a6028830caff9ee44b42d32ed\"},\"headline\":\"NASA distingue astr\u00f3nomos que confirmaram a primeira deflex\u00e3o de asteroide\",\"datePublished\":\"2026-03-06T13:46:53+00:00\",\"mainEntityOfPage\":{\"@id\":\"https:\/\/portaltela.pt\/noticias\/2026\/03\/06\/nasa-distingue-astronomos-que-confirmaram-a-primeira-deflexao-de-asteroide\/\"},\"wordCount\":263,\"image\":{\"@id\":\"https:\/\/portaltela.pt\/noticias\/2026\/03\/06\/nasa-distingue-astronomos-que-confirmaram-a-primeira-deflexao-de-asteroide\/#primaryimage\"},\"thumbnailUrl\":\"https:\/\/portaltela.pt\/s.01k8rhncp4jt1\/2026\/03\/1536x864_cmsv2_e06ba773-6645-5df4-bcc0-948d4247fefa-9673932.jpg\",\"keywords\":[\"ci\u00eancia\",\"investiga\u00e7\u00e3o\",\"NASA\",\"observa\u00e7\u00e3o\",\"observa\u00e7\u00f5es internacionais\"],\"articleSection\":[\"Internacional\",\"Not\u00edcias\"],\"inLanguage\":\"pt-PT\"},{\"@type\":\"WebPage\",\"@id\":\"https:\/\/portaltela.pt\/noticias\/2026\/03\/06\/nasa-distingue-astronomos-que-confirmaram-a-primeira-deflexao-de-asteroide\/\",\"url\":\"https:\/\/portaltela.pt\/noticias\/2026\/03\/06\/nasa-distingue-astronomos-que-confirmaram-a-primeira-deflexao-de-asteroide\/\",\"name\":\"NASA distingue astr\u00f3nomos que confirmaram a primeira deflex\u00e3o de asteroide - Portal Tela Portugal\",\"isPartOf\":{\"@id\":\"https:\/\/portaltela.pt\/#website\"},\"primaryImageOfPage\":{\"@id\":\"https:\/\/portaltela.pt\/noticias\/2026\/03\/06\/nasa-distingue-astronomos-que-confirmaram-a-primeira-deflexao-de-asteroide\/#primaryimage\"},\"image\":{\"@id\":\"https:\/\/portaltela.pt\/noticias\/2026\/03\/06\/nasa-distingue-astronomos-que-confirmaram-a-primeira-deflexao-de-asteroide\/#primaryimage\"},\"thumbnailUrl\":\"https:\/\/portaltela.pt\/s.01k8rhncp4jt1\/2026\/03\/1536x864_cmsv2_e06ba773-6645-5df4-bcc0-948d4247fefa-9673932.jpg\",\"datePublished\":\"2026-03-06T13:46:53+00:00\",\"author\":{\"@id\":\"https:\/\/portaltela.pt\/#\/schema\/person\/c4278d4a6028830caff9ee44b42d32ed\"},\"breadcrumb\":{\"@id\":\"https:\/\/portaltela.pt\/noticias\/2026\/03\/06\/nasa-distingue-astronomos-que-confirmaram-a-primeira-deflexao-de-asteroide\/#breadcrumb\"},\"inLanguage\":\"pt-PT\",\"potentialAction\":[{\"@type\":\"ReadAction\",\"target\":[\"https:\/\/portaltela.pt\/noticias\/2026\/03\/06\/nasa-distingue-astronomos-que-confirmaram-a-primeira-deflexao-de-asteroide\/\"]}]},{\"@type\":\"ImageObject\",\"inLanguage\":\"pt-PT\",\"@id\":\"https:\/\/portaltela.pt\/noticias\/2026\/03\/06\/nasa-distingue-astronomos-que-confirmaram-a-primeira-deflexao-de-asteroide\/#primaryimage\",\"url\":\"https:\/\/portaltela.pt\/s.01k8rhncp4jt1\/2026\/03\/1536x864_cmsv2_e06ba773-6645-5df4-bcc0-948d4247fefa-9673932.jpg\",\"contentUrl\":\"https:\/\/portaltela.pt\/s.01k8rhncp4jt1\/2026\/03\/1536x864_cmsv2_e06ba773-6645-5df4-bcc0-948d4247fefa-9673932.jpg\",\"width\":796,\"height\":448,\"caption\":\"Primeiro teste de defesa planet\u00e1ria da NASA altera \u00f3rbita de asteroide\"},{\"@type\":\"BreadcrumbList\",\"@id\":\"https:\/\/portaltela.pt\/noticias\/2026\/03\/06\/nasa-distingue-astronomos-que-confirmaram-a-primeira-deflexao-de-asteroide\/#breadcrumb\",\"itemListElement\":[{\"@type\":\"ListItem\",\"position\":1,\"name\":\"In\u00edcio\",\"item\":\"https:\/\/portaltela.pt\/\"},{\"@type\":\"ListItem\",\"position\":2,\"name\":\"NASA distingue astr\u00f3nomos que confirmaram a primeira deflex\u00e3o de asteroide\"}]},{\"@type\":\"WebSite\",\"@id\":\"https:\/\/portaltela.pt\/#website\",\"url\":\"https:\/\/portaltela.pt\/\",\"name\":\"Portal Tela Portugal\",\"description\":\"\",\"potentialAction\":[{\"@type\":\"SearchAction\",\"target\":{\"@type\":\"EntryPoint\",\"urlTemplate\":\"https:\/\/portaltela.pt\/?s={search_term_string}\"},\"query-input\":{\"@type\":\"PropertyValueSpecification\",\"valueRequired\":true,\"valueName\":\"search_term_string\"}}],\"inLanguage\":\"pt-PT\"},{\"@type\":\"Person\",\"@id\":\"https:\/\/portaltela.pt\/#\/schema\/person\/c4278d4a6028830caff9ee44b42d32ed\",\"name\":\"Telinha\",\"image\":{\"@type\":\"ImageObject\",\"inLanguage\":\"pt-PT\",\"@id\":\"https:\/\/portaltela.pt\/s.01k8rhncp4jt1\/2025\/11\/talking-bot-125x125.png\",\"url\":\"https:\/\/portaltela.pt\/s.01k8rhncp4jt1\/2025\/11\/talking-bot-125x125.png\",\"contentUrl\":\"https:\/\/portaltela.pt\/s.01k8rhncp4jt1\/2025\/11\/talking-bot-125x125.png\",\"caption\":\"Telinha\"},\"sameAs\":[\"https:\/\/portaltela.pt\/\"],\"url\":\"https:\/\/portaltela.pt\/por\/367410592786\/\"}]}<\/script>\n<!-- \/ Yoast SEO plugin. -->","yoast_head_json":{"title":"NASA distingue astr\u00f3nomos que confirmaram a primeira deflex\u00e3o de asteroide - Portal Tela Portugal","robots":{"index":"index","follow":"follow","max-snippet":"max-snippet:-1","max-image-preview":"max-image-preview:large","max-video-preview":"max-video-preview:-1"},"og_locale":"pt_PT","og_type":"article","og_title":"NASA distingue astr\u00f3nomos que confirmaram a primeira deflex\u00e3o de asteroide - Portal Tela Portugal","og_description":"A NASA distinguiu dois cientistas do Uzbequist\u00e3o pela contribui\u00e7\u00e3o nas observa\u00e7\u00f5es que confirmaram a primeira altera\u00e7\u00e3o comprovada da \u00f3rbita de um asteroide, ap\u00f3s a miss\u00e3o DART. Observa\u00e7\u00f5es de uma rede global, incluindo o Observat\u00f3rio de Maydanak, mostraram que o per\u00edodo orbital de Dimorphos, lua de Didymos, encurtou em cerca de 32 minutos. Kamoliddin Ergashov e Otabek Burkhonov participaram num grupo de quase cem investigadores de 28 observat\u00f3rios, que alimentaram os dados usados para medir a altera\u00e7\u00e3o orbital. A NASA concedeu o NASA Group Achievement Award ao conjunto de investigadores, reconhecendo o trabalho colaborativo entre institui\u00e7\u00f5es para a defesa planet\u00e1ria.","og_url":"https:\/\/portaltela.pt\/noticias\/2026\/03\/06\/nasa-distingue-astronomos-que-confirmaram-a-primeira-deflexao-de-asteroide\/","og_site_name":"Portal Tela Portugal","article_published_time":"2026-03-06T13:46:53+00:00","author":"Telinha","twitter_card":"summary_large_image","twitter_misc":{"Escrito por":"Telinha","Tempo estimado de leitura":"1 minuto"},"schema":{"@context":"https:\/\/schema.org","@graph":[{"@type":"Article","@id":"https:\/\/portaltela.pt\/noticias\/2026\/03\/06\/nasa-distingue-astronomos-que-confirmaram-a-primeira-deflexao-de-asteroide\/#article","isPartOf":{"@id":"https:\/\/portaltela.pt\/noticias\/2026\/03\/06\/nasa-distingue-astronomos-que-confirmaram-a-primeira-deflexao-de-asteroide\/"},"author":{"name":"Telinha","@id":"https:\/\/portaltela.pt\/#\/schema\/person\/c4278d4a6028830caff9ee44b42d32ed"},"headline":"NASA distingue astr\u00f3nomos que confirmaram a primeira deflex\u00e3o de asteroide","datePublished":"2026-03-06T13:46:53+00:00","mainEntityOfPage":{"@id":"https:\/\/portaltela.pt\/noticias\/2026\/03\/06\/nasa-distingue-astronomos-que-confirmaram-a-primeira-deflexao-de-asteroide\/"},"wordCount":263,"image":{"@id":"https:\/\/portaltela.pt\/noticias\/2026\/03\/06\/nasa-distingue-astronomos-que-confirmaram-a-primeira-deflexao-de-asteroide\/#primaryimage"},"thumbnailUrl":"https:\/\/portaltela.pt\/s.01k8rhncp4jt1\/2026\/03\/1536x864_cmsv2_e06ba773-6645-5df4-bcc0-948d4247fefa-9673932.jpg","keywords":["ci\u00eancia","investiga\u00e7\u00e3o","NASA","observa\u00e7\u00e3o","observa\u00e7\u00f5es internacionais"],"articleSection":["Internacional","Not\u00edcias"],"inLanguage":"pt-PT"},{"@type":"WebPage","@id":"https:\/\/portaltela.pt\/noticias\/2026\/03\/06\/nasa-distingue-astronomos-que-confirmaram-a-primeira-deflexao-de-asteroide\/","url":"https:\/\/portaltela.pt\/noticias\/2026\/03\/06\/nasa-distingue-astronomos-que-confirmaram-a-primeira-deflexao-de-asteroide\/","name":"NASA distingue astr\u00f3nomos que confirmaram a primeira deflex\u00e3o de asteroide - Portal Tela Portugal","isPartOf":{"@id":"https:\/\/portaltela.pt\/#website"},"primaryImageOfPage":{"@id":"https:\/\/portaltela.pt\/noticias\/2026\/03\/06\/nasa-distingue-astronomos-que-confirmaram-a-primeira-deflexao-de-asteroide\/#primaryimage"},"image":{"@id":"https:\/\/portaltela.pt\/noticias\/2026\/03\/06\/nasa-distingue-astronomos-que-confirmaram-a-primeira-deflexao-de-asteroide\/#primaryimage"},"thumbnailUrl":"https:\/\/portaltela.pt\/s.01k8rhncp4jt1\/2026\/03\/1536x864_cmsv2_e06ba773-6645-5df4-bcc0-948d4247fefa-9673932.jpg","datePublished":"2026-03-06T13:46:53+00:00","author":{"@id":"https:\/\/portaltela.pt\/#\/schema\/person\/c4278d4a6028830caff9ee44b42d32ed"},"breadcrumb":{"@id":"https:\/\/portaltela.pt\/noticias\/2026\/03\/06\/nasa-distingue-astronomos-que-confirmaram-a-primeira-deflexao-de-asteroide\/#breadcrumb"},"inLanguage":"pt-PT","potentialAction":[{"@type":"ReadAction","target":["https:\/\/portaltela.pt\/noticias\/2026\/03\/06\/nasa-distingue-astronomos-que-confirmaram-a-primeira-deflexao-de-asteroide\/"]}]},{"@type":"ImageObject","inLanguage":"pt-PT","@id":"https:\/\/portaltela.pt\/noticias\/2026\/03\/06\/nasa-distingue-astronomos-que-confirmaram-a-primeira-deflexao-de-asteroide\/#primaryimage","url":"https:\/\/portaltela.pt\/s.01k8rhncp4jt1\/2026\/03\/1536x864_cmsv2_e06ba773-6645-5df4-bcc0-948d4247fefa-9673932.jpg","contentUrl":"https:\/\/portaltela.pt\/s.01k8rhncp4jt1\/2026\/03\/1536x864_cmsv2_e06ba773-6645-5df4-bcc0-948d4247fefa-9673932.jpg","width":796,"height":448,"caption":"Primeiro teste de defesa planet\u00e1ria da NASA altera \u00f3rbita de asteroide"},{"@type":"BreadcrumbList","@id":"https:\/\/portaltela.pt\/noticias\/2026\/03\/06\/nasa-distingue-astronomos-que-confirmaram-a-primeira-deflexao-de-asteroide\/#breadcrumb","itemListElement":[{"@type":"ListItem","position":1,"name":"In\u00edcio","item":"https:\/\/portaltela.pt\/"},{"@type":"ListItem","position":2,"name":"NASA distingue astr\u00f3nomos que confirmaram a primeira deflex\u00e3o de asteroide"}]},{"@type":"WebSite","@id":"https:\/\/portaltela.pt\/#website","url":"https:\/\/portaltela.pt\/","name":"Portal Tela Portugal","description":"","potentialAction":[{"@type":"SearchAction","target":{"@type":"EntryPoint","urlTemplate":"https:\/\/portaltela.pt\/?s={search_term_string}"},"query-input":{"@type":"PropertyValueSpecification","valueRequired":true,"valueName":"search_term_string"}}],"inLanguage":"pt-PT"},{"@type":"Person","@id":"https:\/\/portaltela.pt\/#\/schema\/person\/c4278d4a6028830caff9ee44b42d32ed","name":"Telinha","image":{"@type":"ImageObject","inLanguage":"pt-PT","@id":"https:\/\/portaltela.pt\/s.01k8rhncp4jt1\/2025\/11\/talking-bot-125x125.png","url":"https:\/\/portaltela.pt\/s.01k8rhncp4jt1\/2025\/11\/talking-bot-125x125.png","contentUrl":"https:\/\/portaltela.pt\/s.01k8rhncp4jt1\/2025\/11\/talking-bot-125x125.png","caption":"Telinha"},"sameAs":["https:\/\/portaltela.pt\/"],"url":"https:\/\/portaltela.pt\/por\/367410592786\/"}]}},"_links":{"self":[{"href":"https:\/\/portaltela.pt\/api\/wp\/v2\/posts\/400132","targetHints":{"allow":["GET"]}}],"collection":[{"href":"https:\/\/portaltela.pt\/api\/wp\/v2\/posts"}],"about":[{"href":"https:\/\/portaltela.pt\/api\/wp\/v2\/types\/post"}],"author":[{"embeddable":true,"href":"https:\/\/portaltela.pt\/api\/wp\/v2\/users\/2"}],"replies":[{"embeddable":true,"href":"https:\/\/portaltela.pt\/api\/wp\/v2\/comments?post=400132"}],"version-history":[{"count":0,"href":"https:\/\/portaltela.pt\/api\/wp\/v2\/posts\/400132\/revisions"}],"wp:featuredmedia":[{"embeddable":true,"href":"https:\/\/portaltela.pt\/api\/wp\/v2\/media\/400134"}],"wp:attachment":[{"href":"https:\/\/portaltela.pt\/api\/wp\/v2\/media?parent=400132"}],"wp:term":[{"taxonomy":"category","embeddable":true,"href":"https:\/\/portaltela.pt\/api\/wp\/v2\/categories?post=400132"},{"taxonomy":"post_tag","embeddable":true,"href":"https:\/\/portaltela.pt\/api\/wp\/v2\/tags?post=400132"}],"curies":[{"name":"wp","href":"https:\/\/api.w.org\/{rel}","templated":true}]}}