{"id":400111,"date":"2026-03-06T10:16:19","date_gmt":"2026-03-06T13:16:19","guid":{"rendered":"https:\/\/portaltela.pt\/noticias\/2026\/03\/06\/prisao-por-roubo-a-doente-de-alzheimer\/"},"modified":"2026-03-06T10:16:19","modified_gmt":"2026-03-06T13:16:19","slug":"prisao-por-roubo-a-doente-de-alzheimer","status":"publish","type":"post","link":"https:\/\/portaltela.pt\/noticias\/economia\/2026\/03\/06\/prisao-por-roubo-a-doente-de-alzheimer\/","title":{"rendered":"Pris\u00e3o por roubo a doente de Alzheimer"},"content":{"rendered":"<p>Um homem de 41 anos foi detido pela PSP de Cascais por ter assaltado uma v\u00edtima portadora de doen\u00e7a de Alzheimer. O crime ocorreu na \u00e1rea de um estabelecimento de divers\u00e3o noturna no Estoril, em Cascais, no m\u00eas de janeiro.<\/p>\n<p>A v\u00edtima foi amea\u00e7ada pelo suspeito, que encostou um objeto n\u00e3o identificado \u00e0s costas. Ao verificar que n\u00e3o possu\u00eda ouro nem dinheiro na carteira, o ladr\u00e3o for\u00e7ou-a a deslocar-se at\u00e9 a uma caixa multibanco.<\/p>\n<p>No local, o assaltante obrigou o saque de 200 euros. O suspeito foi detido na Brandoa, Amadora, onde reside, na ter\u00e7a-feira da \u00faltima semana. A PSP considerou suficiente a prova para a aplica\u00e7\u00e3o de pris\u00e3o preventiva.<\/p>\n<h3>Deten\u00e7\u00e3o e medidas cautelares<\/h3>\n<p>A autoridade policial detalhou que, ap\u00f3s recolha de prova, foi enviada a mat\u00e9ria para o tribunal, que decretou a medida de coa\u00e7\u00e3o mais gravosa. A investiga\u00e7\u00e3o permanece em curso para esclarecer eventuais liga\u00e7\u00f5es a outros casos.<\/p>\n","protected":false},"excerpt":{"rendered":"<ul>\n<li>Um homem de 41 anos foi detido pela PSP de Cascais por assaltar uma v\u00edtima portadora de doen\u00e7a de Alzheimer, na zona do Estoril, em janeiro.<\/li>\n<li>O suspeito reside na Brandoa, Amadora, e encontra-se em pris\u00e3o preventiva.<\/li>\n<li>A v\u00edtima foi amea\u00e7ada com um objeto encostado \u00e0s costas e obrigada a deslocar\u2011se a uma caixa multibanco ap\u00f3s o encerramento de um estabelecimento de divers\u00e3o nocturna.<\/li>\n<li>No multibanco, for\u00e7ou o levantamento de 200 euros, ficando com o dinheiro.<\/li>\n<li>A deten\u00e7\u00e3o ocorreu na ter\u00e7a-feira anterior, com a prova recolhida pela PSP a justificar a medida de coa\u00e7\u00e3o mais gravosa.<\/li>\n<\/ul>\n","protected":false},"author":2,"featured_media":400114,"comment_status":"closed","ping_status":"closed","sticky":false,"template":"","format":"standard","meta":{"footnotes":""},"categories":[2,1],"tags":[3442,1111,147,999,3418,203],"class_list":["post-400111","post","type-post","status-publish","format-standard","has-post-thumbnail","hentry","category-economia","category-noticias","tag-alzheimer-portugal","tag-cascais","tag-crime","tag-estoril","tag-policia-de-seguranca-publica","tag-roubo"],"yoast_head":"<!-- This site is optimized with the Yoast SEO plugin v27.2 - https:\/\/yoast.com\/product\/yoast-seo-wordpress\/ -->\n<title>Pris\u00e3o por roubo a doente de Alzheimer - Portal Tela Portugal<\/title>\n<meta name=\"robots\" content=\"index, follow, max-snippet:-1, max-image-preview:large, max-video-preview:-1\" \/>\n<meta property=\"og:locale\" content=\"pt_PT\" \/>\n<meta property=\"og:type\" content=\"article\" \/>\n<meta property=\"og:title\" content=\"Pris\u00e3o por roubo a doente de Alzheimer - Portal Tela Portugal\" \/>\n<meta property=\"og:description\" content=\"Um homem de 41 anos foi detido pela PSP de Cascais por assaltar uma v\u00edtima portadora de doen\u00e7a de Alzheimer, na zona do Estoril, em janeiro. O suspeito reside na Brandoa, Amadora, e encontra-se em pris\u00e3o preventiva. A v\u00edtima foi amea\u00e7ada com um objeto encostado \u00e0s costas e obrigada a deslocar\u2011se a uma caixa multibanco ap\u00f3s o encerramento de um estabelecimento de divers\u00e3o nocturna. No multibanco, for\u00e7ou o levantamento de 200 euros, ficando com o dinheiro. A deten\u00e7\u00e3o ocorreu na ter\u00e7a-feira anterior, com a prova recolhida pela PSP a justificar a medida de coa\u00e7\u00e3o mais gravosa.\" \/>\n<meta property=\"og:url\" content=\"https:\/\/portaltela.pt\/noticias\/2026\/03\/06\/prisao-por-roubo-a-doente-de-alzheimer\/\" \/>\n<meta property=\"og:site_name\" content=\"Portal Tela Portugal\" \/>\n<meta property=\"article:published_time\" content=\"2026-03-06T13:16:19+00:00\" \/>\n<meta name=\"author\" content=\"Telinha\" \/>\n<meta name=\"twitter:card\" content=\"summary_large_image\" \/>\n<meta name=\"twitter:label1\" content=\"Escrito por\" \/>\n\t<meta name=\"twitter:data1\" content=\"Telinha\" \/>\n\t<meta name=\"twitter:label2\" content=\"Tempo estimado de leitura\" \/>\n\t<meta name=\"twitter:data2\" content=\"1 minuto\" \/>\n<script type=\"application\/ld+json\" class=\"yoast-schema-graph\">{\"@context\":\"https:\/\/schema.org\",\"@graph\":[{\"@type\":\"Article\",\"@id\":\"https:\/\/portaltela.pt\/noticias\/2026\/03\/06\/prisao-por-roubo-a-doente-de-alzheimer\/#article\",\"isPartOf\":{\"@id\":\"https:\/\/portaltela.pt\/noticias\/2026\/03\/06\/prisao-por-roubo-a-doente-de-alzheimer\/\"},\"author\":{\"name\":\"Telinha\",\"@id\":\"https:\/\/portaltela.pt\/#\/schema\/person\/c4278d4a6028830caff9ee44b42d32ed\"},\"headline\":\"Pris\u00e3o por roubo a doente de Alzheimer\",\"datePublished\":\"2026-03-06T13:16:19+00:00\",\"mainEntityOfPage\":{\"@id\":\"https:\/\/portaltela.pt\/noticias\/2026\/03\/06\/prisao-por-roubo-a-doente-de-alzheimer\/\"},\"wordCount\":176,\"image\":{\"@id\":\"https:\/\/portaltela.pt\/noticias\/2026\/03\/06\/prisao-por-roubo-a-doente-de-alzheimer\/#primaryimage\"},\"thumbnailUrl\":\"https:\/\/portaltela.pt\/s.01k8rhncp4jt1\/2026\/03\/img_1500x1000uu2024-12-30-23-12-12-2185247-im-639083990458336648.jpg\",\"keywords\":[\"Alzheimer Portugal\",\"Cascais\",\"crime\",\"Estoril\",\"Pol\u00edcia de Seguran\u00e7a P\u00fablica\",\"roubo\"],\"articleSection\":[\"Economia\",\"Not\u00edcias\"],\"inLanguage\":\"pt-PT\"},{\"@type\":\"WebPage\",\"@id\":\"https:\/\/portaltela.pt\/noticias\/2026\/03\/06\/prisao-por-roubo-a-doente-de-alzheimer\/\",\"url\":\"https:\/\/portaltela.pt\/noticias\/2026\/03\/06\/prisao-por-roubo-a-doente-de-alzheimer\/\",\"name\":\"Pris\u00e3o por roubo a doente de Alzheimer - Portal Tela Portugal\",\"isPartOf\":{\"@id\":\"https:\/\/portaltela.pt\/#website\"},\"primaryImageOfPage\":{\"@id\":\"https:\/\/portaltela.pt\/noticias\/2026\/03\/06\/prisao-por-roubo-a-doente-de-alzheimer\/#primaryimage\"},\"image\":{\"@id\":\"https:\/\/portaltela.pt\/noticias\/2026\/03\/06\/prisao-por-roubo-a-doente-de-alzheimer\/#primaryimage\"},\"thumbnailUrl\":\"https:\/\/portaltela.pt\/s.01k8rhncp4jt1\/2026\/03\/img_1500x1000uu2024-12-30-23-12-12-2185247-im-639083990458336648.jpg\",\"datePublished\":\"2026-03-06T13:16:19+00:00\",\"author\":{\"@id\":\"https:\/\/portaltela.pt\/#\/schema\/person\/c4278d4a6028830caff9ee44b42d32ed\"},\"breadcrumb\":{\"@id\":\"https:\/\/portaltela.pt\/noticias\/2026\/03\/06\/prisao-por-roubo-a-doente-de-alzheimer\/#breadcrumb\"},\"inLanguage\":\"pt-PT\",\"potentialAction\":[{\"@type\":\"ReadAction\",\"target\":[\"https:\/\/portaltela.pt\/noticias\/2026\/03\/06\/prisao-por-roubo-a-doente-de-alzheimer\/\"]}]},{\"@type\":\"ImageObject\",\"inLanguage\":\"pt-PT\",\"@id\":\"https:\/\/portaltela.pt\/noticias\/2026\/03\/06\/prisao-por-roubo-a-doente-de-alzheimer\/#primaryimage\",\"url\":\"https:\/\/portaltela.pt\/s.01k8rhncp4jt1\/2026\/03\/img_1500x1000uu2024-12-30-23-12-12-2185247-im-639083990458336648.jpg\",\"contentUrl\":\"https:\/\/portaltela.pt\/s.01k8rhncp4jt1\/2026\/03\/img_1500x1000uu2024-12-30-23-12-12-2185247-im-639083990458336648.jpg\",\"width\":796,\"height\":448,\"caption\":\"Homem de 41 anos foi presente ao tribunal de Cascais\"},{\"@type\":\"BreadcrumbList\",\"@id\":\"https:\/\/portaltela.pt\/noticias\/2026\/03\/06\/prisao-por-roubo-a-doente-de-alzheimer\/#breadcrumb\",\"itemListElement\":[{\"@type\":\"ListItem\",\"position\":1,\"name\":\"In\u00edcio\",\"item\":\"https:\/\/portaltela.pt\/\"},{\"@type\":\"ListItem\",\"position\":2,\"name\":\"Pris\u00e3o por roubo a doente de Alzheimer\"}]},{\"@type\":\"WebSite\",\"@id\":\"https:\/\/portaltela.pt\/#website\",\"url\":\"https:\/\/portaltela.pt\/\",\"name\":\"Portal Tela Portugal\",\"description\":\"\",\"potentialAction\":[{\"@type\":\"SearchAction\",\"target\":{\"@type\":\"EntryPoint\",\"urlTemplate\":\"https:\/\/portaltela.pt\/?s={search_term_string}\"},\"query-input\":{\"@type\":\"PropertyValueSpecification\",\"valueRequired\":true,\"valueName\":\"search_term_string\"}}],\"inLanguage\":\"pt-PT\"},{\"@type\":\"Person\",\"@id\":\"https:\/\/portaltela.pt\/#\/schema\/person\/c4278d4a6028830caff9ee44b42d32ed\",\"name\":\"Telinha\",\"image\":{\"@type\":\"ImageObject\",\"inLanguage\":\"pt-PT\",\"@id\":\"https:\/\/portaltela.pt\/s.01k8rhncp4jt1\/2025\/11\/talking-bot-125x125.png\",\"url\":\"https:\/\/portaltela.pt\/s.01k8rhncp4jt1\/2025\/11\/talking-bot-125x125.png\",\"contentUrl\":\"https:\/\/portaltela.pt\/s.01k8rhncp4jt1\/2025\/11\/talking-bot-125x125.png\",\"caption\":\"Telinha\"},\"sameAs\":[\"https:\/\/portaltela.pt\/\"],\"url\":\"https:\/\/portaltela.pt\/por\/367410592786\/\"}]}<\/script>\n<!-- \/ Yoast SEO plugin. -->","yoast_head_json":{"title":"Pris\u00e3o por roubo a doente de Alzheimer - Portal Tela Portugal","robots":{"index":"index","follow":"follow","max-snippet":"max-snippet:-1","max-image-preview":"max-image-preview:large","max-video-preview":"max-video-preview:-1"},"og_locale":"pt_PT","og_type":"article","og_title":"Pris\u00e3o por roubo a doente de Alzheimer - Portal Tela Portugal","og_description":"Um homem de 41 anos foi detido pela PSP de Cascais por assaltar uma v\u00edtima portadora de doen\u00e7a de Alzheimer, na zona do Estoril, em janeiro. O suspeito reside na Brandoa, Amadora, e encontra-se em pris\u00e3o preventiva. A v\u00edtima foi amea\u00e7ada com um objeto encostado \u00e0s costas e obrigada a deslocar\u2011se a uma caixa multibanco ap\u00f3s o encerramento de um estabelecimento de divers\u00e3o nocturna. No multibanco, for\u00e7ou o levantamento de 200 euros, ficando com o dinheiro. A deten\u00e7\u00e3o ocorreu na ter\u00e7a-feira anterior, com a prova recolhida pela PSP a justificar a medida de coa\u00e7\u00e3o mais gravosa.","og_url":"https:\/\/portaltela.pt\/noticias\/2026\/03\/06\/prisao-por-roubo-a-doente-de-alzheimer\/","og_site_name":"Portal Tela Portugal","article_published_time":"2026-03-06T13:16:19+00:00","author":"Telinha","twitter_card":"summary_large_image","twitter_misc":{"Escrito por":"Telinha","Tempo estimado de leitura":"1 minuto"},"schema":{"@context":"https:\/\/schema.org","@graph":[{"@type":"Article","@id":"https:\/\/portaltela.pt\/noticias\/2026\/03\/06\/prisao-por-roubo-a-doente-de-alzheimer\/#article","isPartOf":{"@id":"https:\/\/portaltela.pt\/noticias\/2026\/03\/06\/prisao-por-roubo-a-doente-de-alzheimer\/"},"author":{"name":"Telinha","@id":"https:\/\/portaltela.pt\/#\/schema\/person\/c4278d4a6028830caff9ee44b42d32ed"},"headline":"Pris\u00e3o por roubo a doente de Alzheimer","datePublished":"2026-03-06T13:16:19+00:00","mainEntityOfPage":{"@id":"https:\/\/portaltela.pt\/noticias\/2026\/03\/06\/prisao-por-roubo-a-doente-de-alzheimer\/"},"wordCount":176,"image":{"@id":"https:\/\/portaltela.pt\/noticias\/2026\/03\/06\/prisao-por-roubo-a-doente-de-alzheimer\/#primaryimage"},"thumbnailUrl":"https:\/\/portaltela.pt\/s.01k8rhncp4jt1\/2026\/03\/img_1500x1000uu2024-12-30-23-12-12-2185247-im-639083990458336648.jpg","keywords":["Alzheimer Portugal","Cascais","crime","Estoril","Pol\u00edcia de Seguran\u00e7a P\u00fablica","roubo"],"articleSection":["Economia","Not\u00edcias"],"inLanguage":"pt-PT"},{"@type":"WebPage","@id":"https:\/\/portaltela.pt\/noticias\/2026\/03\/06\/prisao-por-roubo-a-doente-de-alzheimer\/","url":"https:\/\/portaltela.pt\/noticias\/2026\/03\/06\/prisao-por-roubo-a-doente-de-alzheimer\/","name":"Pris\u00e3o por roubo a doente de Alzheimer - Portal Tela Portugal","isPartOf":{"@id":"https:\/\/portaltela.pt\/#website"},"primaryImageOfPage":{"@id":"https:\/\/portaltela.pt\/noticias\/2026\/03\/06\/prisao-por-roubo-a-doente-de-alzheimer\/#primaryimage"},"image":{"@id":"https:\/\/portaltela.pt\/noticias\/2026\/03\/06\/prisao-por-roubo-a-doente-de-alzheimer\/#primaryimage"},"thumbnailUrl":"https:\/\/portaltela.pt\/s.01k8rhncp4jt1\/2026\/03\/img_1500x1000uu2024-12-30-23-12-12-2185247-im-639083990458336648.jpg","datePublished":"2026-03-06T13:16:19+00:00","author":{"@id":"https:\/\/portaltela.pt\/#\/schema\/person\/c4278d4a6028830caff9ee44b42d32ed"},"breadcrumb":{"@id":"https:\/\/portaltela.pt\/noticias\/2026\/03\/06\/prisao-por-roubo-a-doente-de-alzheimer\/#breadcrumb"},"inLanguage":"pt-PT","potentialAction":[{"@type":"ReadAction","target":["https:\/\/portaltela.pt\/noticias\/2026\/03\/06\/prisao-por-roubo-a-doente-de-alzheimer\/"]}]},{"@type":"ImageObject","inLanguage":"pt-PT","@id":"https:\/\/portaltela.pt\/noticias\/2026\/03\/06\/prisao-por-roubo-a-doente-de-alzheimer\/#primaryimage","url":"https:\/\/portaltela.pt\/s.01k8rhncp4jt1\/2026\/03\/img_1500x1000uu2024-12-30-23-12-12-2185247-im-639083990458336648.jpg","contentUrl":"https:\/\/portaltela.pt\/s.01k8rhncp4jt1\/2026\/03\/img_1500x1000uu2024-12-30-23-12-12-2185247-im-639083990458336648.jpg","width":796,"height":448,"caption":"Homem de 41 anos foi presente ao tribunal de Cascais"},{"@type":"BreadcrumbList","@id":"https:\/\/portaltela.pt\/noticias\/2026\/03\/06\/prisao-por-roubo-a-doente-de-alzheimer\/#breadcrumb","itemListElement":[{"@type":"ListItem","position":1,"name":"In\u00edcio","item":"https:\/\/portaltela.pt\/"},{"@type":"ListItem","position":2,"name":"Pris\u00e3o por roubo a doente de Alzheimer"}]},{"@type":"WebSite","@id":"https:\/\/portaltela.pt\/#website","url":"https:\/\/portaltela.pt\/","name":"Portal Tela Portugal","description":"","potentialAction":[{"@type":"SearchAction","target":{"@type":"EntryPoint","urlTemplate":"https:\/\/portaltela.pt\/?s={search_term_string}"},"query-input":{"@type":"PropertyValueSpecification","valueRequired":true,"valueName":"search_term_string"}}],"inLanguage":"pt-PT"},{"@type":"Person","@id":"https:\/\/portaltela.pt\/#\/schema\/person\/c4278d4a6028830caff9ee44b42d32ed","name":"Telinha","image":{"@type":"ImageObject","inLanguage":"pt-PT","@id":"https:\/\/portaltela.pt\/s.01k8rhncp4jt1\/2025\/11\/talking-bot-125x125.png","url":"https:\/\/portaltela.pt\/s.01k8rhncp4jt1\/2025\/11\/talking-bot-125x125.png","contentUrl":"https:\/\/portaltela.pt\/s.01k8rhncp4jt1\/2025\/11\/talking-bot-125x125.png","caption":"Telinha"},"sameAs":["https:\/\/portaltela.pt\/"],"url":"https:\/\/portaltela.pt\/por\/367410592786\/"}]}},"_links":{"self":[{"href":"https:\/\/portaltela.pt\/api\/wp\/v2\/posts\/400111","targetHints":{"allow":["GET"]}}],"collection":[{"href":"https:\/\/portaltela.pt\/api\/wp\/v2\/posts"}],"about":[{"href":"https:\/\/portaltela.pt\/api\/wp\/v2\/types\/post"}],"author":[{"embeddable":true,"href":"https:\/\/portaltela.pt\/api\/wp\/v2\/users\/2"}],"replies":[{"embeddable":true,"href":"https:\/\/portaltela.pt\/api\/wp\/v2\/comments?post=400111"}],"version-history":[{"count":0,"href":"https:\/\/portaltela.pt\/api\/wp\/v2\/posts\/400111\/revisions"}],"wp:featuredmedia":[{"embeddable":true,"href":"https:\/\/portaltela.pt\/api\/wp\/v2\/media\/400114"}],"wp:attachment":[{"href":"https:\/\/portaltela.pt\/api\/wp\/v2\/media?parent=400111"}],"wp:term":[{"taxonomy":"category","embeddable":true,"href":"https:\/\/portaltela.pt\/api\/wp\/v2\/categories?post=400111"},{"taxonomy":"post_tag","embeddable":true,"href":"https:\/\/portaltela.pt\/api\/wp\/v2\/tags?post=400111"}],"curies":[{"name":"wp","href":"https:\/\/api.w.org\/{rel}","templated":true}]}}