{"id":400103,"date":"2026-03-06T10:25:00","date_gmt":"2026-03-06T13:25:00","guid":{"rendered":"https:\/\/portaltela.pt\/noticias\/2026\/03\/06\/mulher-acusada-de-vender-recem-nascido-por-2500-euros-a-casal-de-gondomar\/"},"modified":"2026-03-06T10:25:00","modified_gmt":"2026-03-06T13:25:00","slug":"mulher-acusada-de-vender-recem-nascido-por-2500-euros-a-casal-de-gondomar","status":"publish","type":"post","link":"https:\/\/portaltela.pt\/noticias\/politica\/2026\/03\/06\/mulher-acusada-de-vender-recem-nascido-por-2500-euros-a-casal-de-gondomar\/","title":{"rendered":"Mulher acusada de vender rec\u00e9m-nascido por 2500 euros a casal de Gondomar"},"content":{"rendered":"<p>O Minist\u00e9rio P\u00fablico acusou uma mulher de vender o filho rec\u00e9m-nascido por 2500 euros a um casal de Gondomar. O casal tamb\u00e9m \u00e9 arguido no processo, segundo a nona Procuradoria-Geral Regional do Porto (PGR-P).<\/p>\n<p>Os tr\u00eas arguidos s\u00e3o acusados de tr\u00e1fico de pessoas. Dois deles est\u00e3o ainda indiciados pelos crimes de falsidade de testemunho e de falsas declara\u00e7\u00f5es, conforme a acusa\u00e7\u00e3o.<\/p>\n<p>Segundo a PGR-P, a mulher, na altura em que vivia no Brasil, anunciava online a disponibilidade para conceber crian\u00e7as e entreg\u00e1-las a terceiros mediante pagamento.<\/p>\n<h3>Detalhes do caso e evolu\u00e7\u00e3o<\/h3>\n<p>Em dezembro de 2023, j\u00e1 gr\u00e1vida do companheiro, o casal procurou a mulher para ultrapassar formalismos da ado\u00e7\u00e3o, indicou a acusa\u00e7\u00e3o. O acordo previa entregar a crian\u00e7a ap\u00f3s o nascimento, por 2500 euros.<\/p>\n<p>A crian\u00e7a nasceu a 21 de janeiro de 2024, na resid\u00eancia da arguida, sem apoio de terceiros, mas recomendas sofreu complica\u00e7\u00f5es e foi internada.<\/p>\n<p>No hospital, a mulher registou o filho em nome do arguido para depois abdicar da guarda, permitindo a ado\u00e7\u00e3o pela outra parte.<\/p>\n<p>Dias depois da alta, a mulher entregou o beb\u00e9 ao casal, recebendo os 2500 euros. O Minist\u00e9rio P\u00fablico abriu uma investiga\u00e7\u00e3o, levando a crian\u00e7a a ser retirada e colocada numa institui\u00e7\u00e3o de ado\u00e7\u00e3o.<\/p>\n","protected":false},"excerpt":{"rendered":"<ul>\n<li>O Minist\u00e9rio P\u00fablico acusou uma mulher de vender o filho rec\u00e9m-nascido por 2500 euros a um casal de Gondomar, que tamb\u00e9m \u00e9 arguido no processo.<\/li>\n<li>Os tr\u00eas arguidos s\u00e3o acusados de tr\u00e1fico de pessoas; dois deles tamb\u00e9m enfrentam alega\u00e7\u00f5es de falsidade de testemunho e falsas declara\u00e7\u00f5es.<\/li>\n<li>A alega\u00e7\u00e3o sustenta que, no Brasil, a mulher anunciava a disponibilidade para conceber crian\u00e7as a troco de dinheiro.<\/li>\n<li>Em dezembro de 2023, j\u00e1 gr\u00e1vida do companheiro, acordaram entregar a crian\u00e7a ap\u00f3s o nascimento por 2500 euros; o filho nasceu a 21 de janeiro de 2024.<\/li>\n<li>Na altura do parto, a crian\u00e7a foi registada em nome do arguido para facilitar a entrega \u00e0 mulher do casal, que recebeu o dinheiro; o beb\u00e9 acabou por ser retirado aos dois pela autoridade competente e colocado numa institui\u00e7\u00e3o de ado\u00e7\u00e3o.<\/li>\n<\/ul>\n","protected":false},"author":2,"featured_media":400106,"comment_status":"closed","ping_status":"closed","sticky":false,"template":"","format":"standard","meta":{"footnotes":""},"categories":[1,5],"tags":[2865,147,64,2701,1014,473],"class_list":["post-400103","post","type-post","status-publish","format-standard","has-post-thumbnail","hentry","category-noticias","category-politica","tag-adocao","tag-crime","tag-familia","tag-mulheres","tag-portugal","tag-trafico-de-pessoas"],"yoast_head":"<!-- This site is optimized with the Yoast SEO plugin v27.2 - https:\/\/yoast.com\/product\/yoast-seo-wordpress\/ -->\n<title>Mulher acusada de vender rec\u00e9m-nascido por 2500 euros a casal de Gondomar - Portal Tela Portugal<\/title>\n<meta name=\"robots\" content=\"index, follow, max-snippet:-1, max-image-preview:large, max-video-preview:-1\" \/>\n<meta property=\"og:locale\" content=\"pt_PT\" \/>\n<meta property=\"og:type\" content=\"article\" \/>\n<meta property=\"og:title\" content=\"Mulher acusada de vender rec\u00e9m-nascido por 2500 euros a casal de Gondomar - Portal Tela Portugal\" \/>\n<meta property=\"og:description\" content=\"O Minist\u00e9rio P\u00fablico acusou uma mulher de vender o filho rec\u00e9m-nascido por 2500 euros a um casal de Gondomar, que tamb\u00e9m \u00e9 arguido no processo. Os tr\u00eas arguidos s\u00e3o acusados de tr\u00e1fico de pessoas; dois deles tamb\u00e9m enfrentam alega\u00e7\u00f5es de falsidade de testemunho e falsas declara\u00e7\u00f5es. A alega\u00e7\u00e3o sustenta que, no Brasil, a mulher anunciava a disponibilidade para conceber crian\u00e7as a troco de dinheiro. Em dezembro de 2023, j\u00e1 gr\u00e1vida do companheiro, acordaram entregar a crian\u00e7a ap\u00f3s o nascimento por 2500 euros; o filho nasceu a 21 de janeiro de 2024. Na altura do parto, a crian\u00e7a foi registada em nome do arguido para facilitar a entrega \u00e0 mulher do casal, que recebeu o dinheiro; o beb\u00e9 acabou por ser retirado aos dois pela autoridade competente e colocado numa institui\u00e7\u00e3o de ado\u00e7\u00e3o.\" \/>\n<meta property=\"og:url\" content=\"https:\/\/portaltela.pt\/noticias\/2026\/03\/06\/mulher-acusada-de-vender-recem-nascido-por-2500-euros-a-casal-de-gondomar\/\" \/>\n<meta property=\"og:site_name\" content=\"Portal Tela Portugal\" \/>\n<meta property=\"article:published_time\" content=\"2026-03-06T13:25:00+00:00\" \/>\n<meta name=\"author\" content=\"Telinha\" \/>\n<meta name=\"twitter:card\" content=\"summary_large_image\" \/>\n<meta name=\"twitter:label1\" content=\"Escrito por\" \/>\n\t<meta name=\"twitter:data1\" content=\"Telinha\" \/>\n\t<meta name=\"twitter:label2\" content=\"Tempo estimado de leitura\" \/>\n\t<meta name=\"twitter:data2\" content=\"1 minuto\" \/>\n<script type=\"application\/ld+json\" class=\"yoast-schema-graph\">{\"@context\":\"https:\/\/schema.org\",\"@graph\":[{\"@type\":\"Article\",\"@id\":\"https:\/\/portaltela.pt\/noticias\/2026\/03\/06\/mulher-acusada-de-vender-recem-nascido-por-2500-euros-a-casal-de-gondomar\/#article\",\"isPartOf\":{\"@id\":\"https:\/\/portaltela.pt\/noticias\/2026\/03\/06\/mulher-acusada-de-vender-recem-nascido-por-2500-euros-a-casal-de-gondomar\/\"},\"author\":{\"name\":\"Telinha\",\"@id\":\"https:\/\/portaltela.pt\/#\/schema\/person\/c4278d4a6028830caff9ee44b42d32ed\"},\"headline\":\"Mulher acusada de vender rec\u00e9m-nascido por 2500 euros a casal de Gondomar\",\"datePublished\":\"2026-03-06T13:25:00+00:00\",\"mainEntityOfPage\":{\"@id\":\"https:\/\/portaltela.pt\/noticias\/2026\/03\/06\/mulher-acusada-de-vender-recem-nascido-por-2500-euros-a-casal-de-gondomar\/\"},\"wordCount\":236,\"image\":{\"@id\":\"https:\/\/portaltela.pt\/noticias\/2026\/03\/06\/mulher-acusada-de-vender-recem-nascido-por-2500-euros-a-casal-de-gondomar\/#primaryimage\"},\"thumbnailUrl\":\"https:\/\/portaltela.pt\/s.01k8rhncp4jt1\/2026\/03\/04400a6b-6606-40ed-b773-110f9731cbe7_1200x675.jpg\",\"keywords\":[\"ado\u00e7\u00e3o\",\"crime\",\"fam\u00edlia\",\"Mulheres\",\"Portugal\",\"tr\u00e1fico de pessoas\"],\"articleSection\":[\"Not\u00edcias\",\"Pol\u00edtica\"],\"inLanguage\":\"pt-PT\"},{\"@type\":\"WebPage\",\"@id\":\"https:\/\/portaltela.pt\/noticias\/2026\/03\/06\/mulher-acusada-de-vender-recem-nascido-por-2500-euros-a-casal-de-gondomar\/\",\"url\":\"https:\/\/portaltela.pt\/noticias\/2026\/03\/06\/mulher-acusada-de-vender-recem-nascido-por-2500-euros-a-casal-de-gondomar\/\",\"name\":\"Mulher acusada de vender rec\u00e9m-nascido por 2500 euros a casal de Gondomar - Portal Tela Portugal\",\"isPartOf\":{\"@id\":\"https:\/\/portaltela.pt\/#website\"},\"primaryImageOfPage\":{\"@id\":\"https:\/\/portaltela.pt\/noticias\/2026\/03\/06\/mulher-acusada-de-vender-recem-nascido-por-2500-euros-a-casal-de-gondomar\/#primaryimage\"},\"image\":{\"@id\":\"https:\/\/portaltela.pt\/noticias\/2026\/03\/06\/mulher-acusada-de-vender-recem-nascido-por-2500-euros-a-casal-de-gondomar\/#primaryimage\"},\"thumbnailUrl\":\"https:\/\/portaltela.pt\/s.01k8rhncp4jt1\/2026\/03\/04400a6b-6606-40ed-b773-110f9731cbe7_1200x675.jpg\",\"datePublished\":\"2026-03-06T13:25:00+00:00\",\"author\":{\"@id\":\"https:\/\/portaltela.pt\/#\/schema\/person\/c4278d4a6028830caff9ee44b42d32ed\"},\"breadcrumb\":{\"@id\":\"https:\/\/portaltela.pt\/noticias\/2026\/03\/06\/mulher-acusada-de-vender-recem-nascido-por-2500-euros-a-casal-de-gondomar\/#breadcrumb\"},\"inLanguage\":\"pt-PT\",\"potentialAction\":[{\"@type\":\"ReadAction\",\"target\":[\"https:\/\/portaltela.pt\/noticias\/2026\/03\/06\/mulher-acusada-de-vender-recem-nascido-por-2500-euros-a-casal-de-gondomar\/\"]}]},{\"@type\":\"ImageObject\",\"inLanguage\":\"pt-PT\",\"@id\":\"https:\/\/portaltela.pt\/noticias\/2026\/03\/06\/mulher-acusada-de-vender-recem-nascido-por-2500-euros-a-casal-de-gondomar\/#primaryimage\",\"url\":\"https:\/\/portaltela.pt\/s.01k8rhncp4jt1\/2026\/03\/04400a6b-6606-40ed-b773-110f9731cbe7_1200x675.jpg\",\"contentUrl\":\"https:\/\/portaltela.pt\/s.01k8rhncp4jt1\/2026\/03\/04400a6b-6606-40ed-b773-110f9731cbe7_1200x675.jpg\",\"width\":796,\"height\":448,\"caption\":\"A crian\u00e7a foi retirada ao casal e levada para uma institui\u00e7\u00e3o para ado\u00e7\u00e3o\"},{\"@type\":\"BreadcrumbList\",\"@id\":\"https:\/\/portaltela.pt\/noticias\/2026\/03\/06\/mulher-acusada-de-vender-recem-nascido-por-2500-euros-a-casal-de-gondomar\/#breadcrumb\",\"itemListElement\":[{\"@type\":\"ListItem\",\"position\":1,\"name\":\"In\u00edcio\",\"item\":\"https:\/\/portaltela.pt\/\"},{\"@type\":\"ListItem\",\"position\":2,\"name\":\"Mulher acusada de vender rec\u00e9m-nascido por 2500 euros a casal de Gondomar\"}]},{\"@type\":\"WebSite\",\"@id\":\"https:\/\/portaltela.pt\/#website\",\"url\":\"https:\/\/portaltela.pt\/\",\"name\":\"Portal Tela Portugal\",\"description\":\"\",\"potentialAction\":[{\"@type\":\"SearchAction\",\"target\":{\"@type\":\"EntryPoint\",\"urlTemplate\":\"https:\/\/portaltela.pt\/?s={search_term_string}\"},\"query-input\":{\"@type\":\"PropertyValueSpecification\",\"valueRequired\":true,\"valueName\":\"search_term_string\"}}],\"inLanguage\":\"pt-PT\"},{\"@type\":\"Person\",\"@id\":\"https:\/\/portaltela.pt\/#\/schema\/person\/c4278d4a6028830caff9ee44b42d32ed\",\"name\":\"Telinha\",\"image\":{\"@type\":\"ImageObject\",\"inLanguage\":\"pt-PT\",\"@id\":\"https:\/\/portaltela.pt\/s.01k8rhncp4jt1\/2025\/11\/talking-bot-125x125.png\",\"url\":\"https:\/\/portaltela.pt\/s.01k8rhncp4jt1\/2025\/11\/talking-bot-125x125.png\",\"contentUrl\":\"https:\/\/portaltela.pt\/s.01k8rhncp4jt1\/2025\/11\/talking-bot-125x125.png\",\"caption\":\"Telinha\"},\"sameAs\":[\"https:\/\/portaltela.pt\/\"],\"url\":\"https:\/\/portaltela.pt\/por\/367410592786\/\"}]}<\/script>\n<!-- \/ Yoast SEO plugin. -->","yoast_head_json":{"title":"Mulher acusada de vender rec\u00e9m-nascido por 2500 euros a casal de Gondomar - Portal Tela Portugal","robots":{"index":"index","follow":"follow","max-snippet":"max-snippet:-1","max-image-preview":"max-image-preview:large","max-video-preview":"max-video-preview:-1"},"og_locale":"pt_PT","og_type":"article","og_title":"Mulher acusada de vender rec\u00e9m-nascido por 2500 euros a casal de Gondomar - Portal Tela Portugal","og_description":"O Minist\u00e9rio P\u00fablico acusou uma mulher de vender o filho rec\u00e9m-nascido por 2500 euros a um casal de Gondomar, que tamb\u00e9m \u00e9 arguido no processo. Os tr\u00eas arguidos s\u00e3o acusados de tr\u00e1fico de pessoas; dois deles tamb\u00e9m enfrentam alega\u00e7\u00f5es de falsidade de testemunho e falsas declara\u00e7\u00f5es. A alega\u00e7\u00e3o sustenta que, no Brasil, a mulher anunciava a disponibilidade para conceber crian\u00e7as a troco de dinheiro. Em dezembro de 2023, j\u00e1 gr\u00e1vida do companheiro, acordaram entregar a crian\u00e7a ap\u00f3s o nascimento por 2500 euros; o filho nasceu a 21 de janeiro de 2024. Na altura do parto, a crian\u00e7a foi registada em nome do arguido para facilitar a entrega \u00e0 mulher do casal, que recebeu o dinheiro; o beb\u00e9 acabou por ser retirado aos dois pela autoridade competente e colocado numa institui\u00e7\u00e3o de ado\u00e7\u00e3o.","og_url":"https:\/\/portaltela.pt\/noticias\/2026\/03\/06\/mulher-acusada-de-vender-recem-nascido-por-2500-euros-a-casal-de-gondomar\/","og_site_name":"Portal Tela Portugal","article_published_time":"2026-03-06T13:25:00+00:00","author":"Telinha","twitter_card":"summary_large_image","twitter_misc":{"Escrito por":"Telinha","Tempo estimado de leitura":"1 minuto"},"schema":{"@context":"https:\/\/schema.org","@graph":[{"@type":"Article","@id":"https:\/\/portaltela.pt\/noticias\/2026\/03\/06\/mulher-acusada-de-vender-recem-nascido-por-2500-euros-a-casal-de-gondomar\/#article","isPartOf":{"@id":"https:\/\/portaltela.pt\/noticias\/2026\/03\/06\/mulher-acusada-de-vender-recem-nascido-por-2500-euros-a-casal-de-gondomar\/"},"author":{"name":"Telinha","@id":"https:\/\/portaltela.pt\/#\/schema\/person\/c4278d4a6028830caff9ee44b42d32ed"},"headline":"Mulher acusada de vender rec\u00e9m-nascido por 2500 euros a casal de Gondomar","datePublished":"2026-03-06T13:25:00+00:00","mainEntityOfPage":{"@id":"https:\/\/portaltela.pt\/noticias\/2026\/03\/06\/mulher-acusada-de-vender-recem-nascido-por-2500-euros-a-casal-de-gondomar\/"},"wordCount":236,"image":{"@id":"https:\/\/portaltela.pt\/noticias\/2026\/03\/06\/mulher-acusada-de-vender-recem-nascido-por-2500-euros-a-casal-de-gondomar\/#primaryimage"},"thumbnailUrl":"https:\/\/portaltela.pt\/s.01k8rhncp4jt1\/2026\/03\/04400a6b-6606-40ed-b773-110f9731cbe7_1200x675.jpg","keywords":["ado\u00e7\u00e3o","crime","fam\u00edlia","Mulheres","Portugal","tr\u00e1fico de pessoas"],"articleSection":["Not\u00edcias","Pol\u00edtica"],"inLanguage":"pt-PT"},{"@type":"WebPage","@id":"https:\/\/portaltela.pt\/noticias\/2026\/03\/06\/mulher-acusada-de-vender-recem-nascido-por-2500-euros-a-casal-de-gondomar\/","url":"https:\/\/portaltela.pt\/noticias\/2026\/03\/06\/mulher-acusada-de-vender-recem-nascido-por-2500-euros-a-casal-de-gondomar\/","name":"Mulher acusada de vender rec\u00e9m-nascido por 2500 euros a casal de Gondomar - Portal Tela Portugal","isPartOf":{"@id":"https:\/\/portaltela.pt\/#website"},"primaryImageOfPage":{"@id":"https:\/\/portaltela.pt\/noticias\/2026\/03\/06\/mulher-acusada-de-vender-recem-nascido-por-2500-euros-a-casal-de-gondomar\/#primaryimage"},"image":{"@id":"https:\/\/portaltela.pt\/noticias\/2026\/03\/06\/mulher-acusada-de-vender-recem-nascido-por-2500-euros-a-casal-de-gondomar\/#primaryimage"},"thumbnailUrl":"https:\/\/portaltela.pt\/s.01k8rhncp4jt1\/2026\/03\/04400a6b-6606-40ed-b773-110f9731cbe7_1200x675.jpg","datePublished":"2026-03-06T13:25:00+00:00","author":{"@id":"https:\/\/portaltela.pt\/#\/schema\/person\/c4278d4a6028830caff9ee44b42d32ed"},"breadcrumb":{"@id":"https:\/\/portaltela.pt\/noticias\/2026\/03\/06\/mulher-acusada-de-vender-recem-nascido-por-2500-euros-a-casal-de-gondomar\/#breadcrumb"},"inLanguage":"pt-PT","potentialAction":[{"@type":"ReadAction","target":["https:\/\/portaltela.pt\/noticias\/2026\/03\/06\/mulher-acusada-de-vender-recem-nascido-por-2500-euros-a-casal-de-gondomar\/"]}]},{"@type":"ImageObject","inLanguage":"pt-PT","@id":"https:\/\/portaltela.pt\/noticias\/2026\/03\/06\/mulher-acusada-de-vender-recem-nascido-por-2500-euros-a-casal-de-gondomar\/#primaryimage","url":"https:\/\/portaltela.pt\/s.01k8rhncp4jt1\/2026\/03\/04400a6b-6606-40ed-b773-110f9731cbe7_1200x675.jpg","contentUrl":"https:\/\/portaltela.pt\/s.01k8rhncp4jt1\/2026\/03\/04400a6b-6606-40ed-b773-110f9731cbe7_1200x675.jpg","width":796,"height":448,"caption":"A crian\u00e7a foi retirada ao casal e levada para uma institui\u00e7\u00e3o para ado\u00e7\u00e3o"},{"@type":"BreadcrumbList","@id":"https:\/\/portaltela.pt\/noticias\/2026\/03\/06\/mulher-acusada-de-vender-recem-nascido-por-2500-euros-a-casal-de-gondomar\/#breadcrumb","itemListElement":[{"@type":"ListItem","position":1,"name":"In\u00edcio","item":"https:\/\/portaltela.pt\/"},{"@type":"ListItem","position":2,"name":"Mulher acusada de vender rec\u00e9m-nascido por 2500 euros a casal de Gondomar"}]},{"@type":"WebSite","@id":"https:\/\/portaltela.pt\/#website","url":"https:\/\/portaltela.pt\/","name":"Portal Tela Portugal","description":"","potentialAction":[{"@type":"SearchAction","target":{"@type":"EntryPoint","urlTemplate":"https:\/\/portaltela.pt\/?s={search_term_string}"},"query-input":{"@type":"PropertyValueSpecification","valueRequired":true,"valueName":"search_term_string"}}],"inLanguage":"pt-PT"},{"@type":"Person","@id":"https:\/\/portaltela.pt\/#\/schema\/person\/c4278d4a6028830caff9ee44b42d32ed","name":"Telinha","image":{"@type":"ImageObject","inLanguage":"pt-PT","@id":"https:\/\/portaltela.pt\/s.01k8rhncp4jt1\/2025\/11\/talking-bot-125x125.png","url":"https:\/\/portaltela.pt\/s.01k8rhncp4jt1\/2025\/11\/talking-bot-125x125.png","contentUrl":"https:\/\/portaltela.pt\/s.01k8rhncp4jt1\/2025\/11\/talking-bot-125x125.png","caption":"Telinha"},"sameAs":["https:\/\/portaltela.pt\/"],"url":"https:\/\/portaltela.pt\/por\/367410592786\/"}]}},"_links":{"self":[{"href":"https:\/\/portaltela.pt\/api\/wp\/v2\/posts\/400103","targetHints":{"allow":["GET"]}}],"collection":[{"href":"https:\/\/portaltela.pt\/api\/wp\/v2\/posts"}],"about":[{"href":"https:\/\/portaltela.pt\/api\/wp\/v2\/types\/post"}],"author":[{"embeddable":true,"href":"https:\/\/portaltela.pt\/api\/wp\/v2\/users\/2"}],"replies":[{"embeddable":true,"href":"https:\/\/portaltela.pt\/api\/wp\/v2\/comments?post=400103"}],"version-history":[{"count":0,"href":"https:\/\/portaltela.pt\/api\/wp\/v2\/posts\/400103\/revisions"}],"wp:featuredmedia":[{"embeddable":true,"href":"https:\/\/portaltela.pt\/api\/wp\/v2\/media\/400106"}],"wp:attachment":[{"href":"https:\/\/portaltela.pt\/api\/wp\/v2\/media?parent=400103"}],"wp:term":[{"taxonomy":"category","embeddable":true,"href":"https:\/\/portaltela.pt\/api\/wp\/v2\/categories?post=400103"},{"taxonomy":"post_tag","embeddable":true,"href":"https:\/\/portaltela.pt\/api\/wp\/v2\/tags?post=400103"}],"curies":[{"name":"wp","href":"https:\/\/api.w.org\/{rel}","templated":true}]}}