{"id":400076,"date":"2026-03-06T10:08:19","date_gmt":"2026-03-06T13:08:19","guid":{"rendered":"https:\/\/portaltela.pt\/noticias\/2026\/03\/06\/heitor-lourenco-elogia-a-comedia-bem-construida-um-quinteto-de-morte\/"},"modified":"2026-03-06T10:08:19","modified_gmt":"2026-03-06T13:08:19","slug":"heitor-lourenco-elogia-a-comedia-bem-construida-um-quinteto-de-morte","status":"publish","type":"post","link":"https:\/\/portaltela.pt\/entretenimento\/2026\/03\/06\/heitor-lourenco-elogia-a-comedia-bem-construida-um-quinteto-de-morte\/","title":{"rendered":"Heitor Louren\u00e7o elogia a com\u00e9dia bem constru\u00edda &#8220;Um Quinteto de Morte&#8221;"},"content":{"rendered":"<p>Heitor Louren\u00e7o falhou em elogiar a pe\u00e7a de teatro Um Quinteto de Morte, descrevendo-a como uma com\u00e9dia refinada e bem constru\u00edda. O ator foi o convidado especial do programa Noite das Estrelas, numa apresenta\u00e7\u00e3o que tem gerado interesse junto do p\u00fablico.<\/p>\n<p>A produ\u00e7\u00e3o \u00e9 marcada pela constru\u00e7\u00e3o precisa do humor, com encena\u00e7\u00e3o que, segundo Louren\u00e7o, equilibra ritmo e timing. O convite do Noite das Estrelas serviu para promover a pe\u00e7a entre os f\u00e3s de teatro e cinema.<\/p>\n<p>06 de mar\u00e7o de 2026, \u00e0s 13:08, registou-se a publica\u00e7\u00e3o da entrevista, destacando a rece\u00e7\u00e3o positiva do elenco. A agenda de divulga\u00e7\u00e3o aponta para mais sess\u00f5es na semana seguinte, com a expectativa de lota\u00e7\u00e3o est\u00e1vel.<\/p>\n<h3>Desdobramentos e observa\u00e7\u00f5es<\/h3>\n<p>Isto \u00e9 muito dispendioso: S\u00edlvia Botelho comenta sobre a viagem de Diogo Amaral que vai regressar a Portugal. A atriz refere custos associados e altera\u00e7\u00f5es de itiner\u00e1rio, sem adiantar datas espec\u00edficas.<\/p>\n<p>Est\u00e3o a aproveitar-se: Rui Figueiredo analisa o aumento de pre\u00e7os das viagens para portugueses retidos devido \u00e0 guerra. O cr\u00edtico aponta impactos no or\u00e7amento familiar e na mobilidade internacional.<\/p>\n<p>Ele \u00e9 amor: Liliana Oliveira celebra o centen\u00e1rio de Ruy de Carvalho, que completou 99 anos. A atriz real\u00e7a a longevidade da carreira e o papel do veterano na cultura portuguesa.<\/p>\n<p>Tem sangue-frio: Ricardo Azedo questiona a capacidade de B\u00e1rbara Norton de Matos para denunciar uma situa\u00e7\u00e3o de extors\u00e3o. O coment\u00e1rio surge no contexto de debates sobre den\u00fancias p\u00fablicas no meio art\u00edstico.<\/p>\n","protected":false},"excerpt":{"rendered":"<ul>\n<li>Heitor Louren\u00e7o elogia a pe\u00e7a de teatro Um Quinteto de Morte, ocorrendo como convidado especial do Noite das Estrelas, em 6 de mar\u00e7o de 2026.<\/li>\n<li>S\u00edlvia Botelho comenta a viagem de Diogo Amaral, afirmando que o regresso a Portugal \u00e9 dispendioso.<\/li>\n<li>Rui Figueiredo diz que as viagens est\u00e3o mais caras para portugueses retidos pela guerra.<\/li>\n<li>Liliana Oliveira destaca que Ruy de Carvalho completou 99 anos.<\/li>\n<li>Ricardo Azedo afirma que B\u00e1rbara Norton de Matos tem sangue-frio para denunciar eventual extors\u00e3o.<\/li>\n<\/ul>\n","protected":false},"author":2,"featured_media":400085,"comment_status":"closed","ping_status":"closed","sticky":false,"template":"","format":"standard","meta":{"footnotes":""},"categories":[6675,12],"tags":[762,145,879,5661,6722,119],"class_list":["post-400076","post","type-post","status-publish","format-standard","has-post-thumbnail","hentry","category-celebridades","category-entretenimento","tag-artistas","tag-cultura","tag-noite-das-estrelas","tag-pessoas-publicas","tag-ruy-de-carvalho","tag-teatro"],"yoast_head":"<!-- This site is optimized with the Yoast SEO plugin v27.2 - https:\/\/yoast.com\/product\/yoast-seo-wordpress\/ -->\n<title>Heitor Louren\u00e7o elogia a com\u00e9dia bem constru\u00edda &quot;Um Quinteto de Morte&quot; - Portal Tela Portugal<\/title>\n<meta name=\"robots\" content=\"index, follow, max-snippet:-1, max-image-preview:large, max-video-preview:-1\" \/>\n<meta property=\"og:locale\" content=\"pt_PT\" \/>\n<meta property=\"og:type\" content=\"article\" \/>\n<meta property=\"og:title\" content=\"Heitor Louren\u00e7o elogia a com\u00e9dia bem constru\u00edda &quot;Um Quinteto de Morte&quot; - Portal Tela Portugal\" \/>\n<meta property=\"og:description\" content=\"Heitor Louren\u00e7o elogia a pe\u00e7a de teatro Um Quinteto de Morte, ocorrendo como convidado especial do Noite das Estrelas, em 6 de mar\u00e7o de 2026. S\u00edlvia Botelho comenta a viagem de Diogo Amaral, afirmando que o regresso a Portugal \u00e9 dispendioso. Rui Figueiredo diz que as viagens est\u00e3o mais caras para portugueses retidos pela guerra. Liliana Oliveira destaca que Ruy de Carvalho completou 99 anos. Ricardo Azedo afirma que B\u00e1rbara Norton de Matos tem sangue-frio para denunciar eventual extors\u00e3o.\" \/>\n<meta property=\"og:url\" content=\"https:\/\/portaltela.pt\/noticias\/2026\/03\/06\/heitor-lourenco-elogia-a-comedia-bem-construida-um-quinteto-de-morte\/\" \/>\n<meta property=\"og:site_name\" content=\"Portal Tela Portugal\" \/>\n<meta property=\"article:published_time\" content=\"2026-03-06T13:08:19+00:00\" \/>\n<meta name=\"author\" content=\"Telinha\" \/>\n<meta name=\"twitter:card\" content=\"summary_large_image\" \/>\n<meta name=\"twitter:label1\" content=\"Escrito por\" \/>\n\t<meta name=\"twitter:data1\" content=\"Telinha\" \/>\n\t<meta name=\"twitter:label2\" content=\"Tempo estimado de leitura\" \/>\n\t<meta name=\"twitter:data2\" content=\"1 minuto\" \/>\n<script type=\"application\/ld+json\" class=\"yoast-schema-graph\">{\"@context\":\"https:\/\/schema.org\",\"@graph\":[{\"@type\":\"Article\",\"@id\":\"https:\/\/portaltela.pt\/noticias\/2026\/03\/06\/heitor-lourenco-elogia-a-comedia-bem-construida-um-quinteto-de-morte\/#article\",\"isPartOf\":{\"@id\":\"https:\/\/portaltela.pt\/noticias\/2026\/03\/06\/heitor-lourenco-elogia-a-comedia-bem-construida-um-quinteto-de-morte\/\"},\"author\":{\"name\":\"Telinha\",\"@id\":\"https:\/\/portaltela.pt\/#\/schema\/person\/c4278d4a6028830caff9ee44b42d32ed\"},\"headline\":\"Heitor Louren\u00e7o elogia a com\u00e9dia bem constru\u00edda &#8220;Um Quinteto de Morte&#8221;\",\"datePublished\":\"2026-03-06T13:08:19+00:00\",\"mainEntityOfPage\":{\"@id\":\"https:\/\/portaltela.pt\/noticias\/2026\/03\/06\/heitor-lourenco-elogia-a-comedia-bem-construida-um-quinteto-de-morte\/\"},\"wordCount\":280,\"image\":{\"@id\":\"https:\/\/portaltela.pt\/noticias\/2026\/03\/06\/heitor-lourenco-elogia-a-comedia-bem-construida-um-quinteto-de-morte\/#primaryimage\"},\"thumbnailUrl\":\"https:\/\/portaltela.pt\/s.01k8rhncp4jt1\/2026\/03\/img_1280x722uu2026-03-06-13-07-10-2270751.jpg\",\"keywords\":[\"artistas\",\"cultura\",\"Noite das Estrelas\",\"pessoas p\u00fablicas\",\"Ruy de Carvalho\",\"teatro\"],\"articleSection\":[\"Celebridades\",\"Entretenimento\"],\"inLanguage\":\"pt-PT\"},{\"@type\":\"WebPage\",\"@id\":\"https:\/\/portaltela.pt\/noticias\/2026\/03\/06\/heitor-lourenco-elogia-a-comedia-bem-construida-um-quinteto-de-morte\/\",\"url\":\"https:\/\/portaltela.pt\/noticias\/2026\/03\/06\/heitor-lourenco-elogia-a-comedia-bem-construida-um-quinteto-de-morte\/\",\"name\":\"Heitor Louren\u00e7o elogia a com\u00e9dia bem constru\u00edda \\\"Um Quinteto de Morte\\\" - Portal Tela Portugal\",\"isPartOf\":{\"@id\":\"https:\/\/portaltela.pt\/#website\"},\"primaryImageOfPage\":{\"@id\":\"https:\/\/portaltela.pt\/noticias\/2026\/03\/06\/heitor-lourenco-elogia-a-comedia-bem-construida-um-quinteto-de-morte\/#primaryimage\"},\"image\":{\"@id\":\"https:\/\/portaltela.pt\/noticias\/2026\/03\/06\/heitor-lourenco-elogia-a-comedia-bem-construida-um-quinteto-de-morte\/#primaryimage\"},\"thumbnailUrl\":\"https:\/\/portaltela.pt\/s.01k8rhncp4jt1\/2026\/03\/img_1280x722uu2026-03-06-13-07-10-2270751.jpg\",\"datePublished\":\"2026-03-06T13:08:19+00:00\",\"author\":{\"@id\":\"https:\/\/portaltela.pt\/#\/schema\/person\/c4278d4a6028830caff9ee44b42d32ed\"},\"breadcrumb\":{\"@id\":\"https:\/\/portaltela.pt\/noticias\/2026\/03\/06\/heitor-lourenco-elogia-a-comedia-bem-construida-um-quinteto-de-morte\/#breadcrumb\"},\"inLanguage\":\"pt-PT\",\"potentialAction\":[{\"@type\":\"ReadAction\",\"target\":[\"https:\/\/portaltela.pt\/noticias\/2026\/03\/06\/heitor-lourenco-elogia-a-comedia-bem-construida-um-quinteto-de-morte\/\"]}]},{\"@type\":\"ImageObject\",\"inLanguage\":\"pt-PT\",\"@id\":\"https:\/\/portaltela.pt\/noticias\/2026\/03\/06\/heitor-lourenco-elogia-a-comedia-bem-construida-um-quinteto-de-morte\/#primaryimage\",\"url\":\"https:\/\/portaltela.pt\/s.01k8rhncp4jt1\/2026\/03\/img_1280x722uu2026-03-06-13-07-10-2270751.jpg\",\"contentUrl\":\"https:\/\/portaltela.pt\/s.01k8rhncp4jt1\/2026\/03\/img_1280x722uu2026-03-06-13-07-10-2270751.jpg\",\"width\":796,\"height\":448,\"caption\":\"Photo\"},{\"@type\":\"BreadcrumbList\",\"@id\":\"https:\/\/portaltela.pt\/noticias\/2026\/03\/06\/heitor-lourenco-elogia-a-comedia-bem-construida-um-quinteto-de-morte\/#breadcrumb\",\"itemListElement\":[{\"@type\":\"ListItem\",\"position\":1,\"name\":\"In\u00edcio\",\"item\":\"https:\/\/portaltela.pt\/\"},{\"@type\":\"ListItem\",\"position\":2,\"name\":\"Heitor Louren\u00e7o elogia a com\u00e9dia bem constru\u00edda &#8220;Um Quinteto de Morte&#8221;\"}]},{\"@type\":\"WebSite\",\"@id\":\"https:\/\/portaltela.pt\/#website\",\"url\":\"https:\/\/portaltela.pt\/\",\"name\":\"Portal Tela Portugal\",\"description\":\"\",\"potentialAction\":[{\"@type\":\"SearchAction\",\"target\":{\"@type\":\"EntryPoint\",\"urlTemplate\":\"https:\/\/portaltela.pt\/?s={search_term_string}\"},\"query-input\":{\"@type\":\"PropertyValueSpecification\",\"valueRequired\":true,\"valueName\":\"search_term_string\"}}],\"inLanguage\":\"pt-PT\"},{\"@type\":\"Person\",\"@id\":\"https:\/\/portaltela.pt\/#\/schema\/person\/c4278d4a6028830caff9ee44b42d32ed\",\"name\":\"Telinha\",\"image\":{\"@type\":\"ImageObject\",\"inLanguage\":\"pt-PT\",\"@id\":\"https:\/\/portaltela.pt\/s.01k8rhncp4jt1\/2025\/11\/talking-bot-125x125.png\",\"url\":\"https:\/\/portaltela.pt\/s.01k8rhncp4jt1\/2025\/11\/talking-bot-125x125.png\",\"contentUrl\":\"https:\/\/portaltela.pt\/s.01k8rhncp4jt1\/2025\/11\/talking-bot-125x125.png\",\"caption\":\"Telinha\"},\"sameAs\":[\"https:\/\/portaltela.pt\/\"],\"url\":\"https:\/\/portaltela.pt\/por\/367410592786\/\"}]}<\/script>\n<!-- \/ Yoast SEO plugin. -->","yoast_head_json":{"title":"Heitor Louren\u00e7o elogia a com\u00e9dia bem constru\u00edda \"Um Quinteto de Morte\" - Portal Tela Portugal","robots":{"index":"index","follow":"follow","max-snippet":"max-snippet:-1","max-image-preview":"max-image-preview:large","max-video-preview":"max-video-preview:-1"},"og_locale":"pt_PT","og_type":"article","og_title":"Heitor Louren\u00e7o elogia a com\u00e9dia bem constru\u00edda \"Um Quinteto de Morte\" - Portal Tela Portugal","og_description":"Heitor Louren\u00e7o elogia a pe\u00e7a de teatro Um Quinteto de Morte, ocorrendo como convidado especial do Noite das Estrelas, em 6 de mar\u00e7o de 2026. S\u00edlvia Botelho comenta a viagem de Diogo Amaral, afirmando que o regresso a Portugal \u00e9 dispendioso. Rui Figueiredo diz que as viagens est\u00e3o mais caras para portugueses retidos pela guerra. Liliana Oliveira destaca que Ruy de Carvalho completou 99 anos. Ricardo Azedo afirma que B\u00e1rbara Norton de Matos tem sangue-frio para denunciar eventual extors\u00e3o.","og_url":"https:\/\/portaltela.pt\/noticias\/2026\/03\/06\/heitor-lourenco-elogia-a-comedia-bem-construida-um-quinteto-de-morte\/","og_site_name":"Portal Tela Portugal","article_published_time":"2026-03-06T13:08:19+00:00","author":"Telinha","twitter_card":"summary_large_image","twitter_misc":{"Escrito por":"Telinha","Tempo estimado de leitura":"1 minuto"},"schema":{"@context":"https:\/\/schema.org","@graph":[{"@type":"Article","@id":"https:\/\/portaltela.pt\/noticias\/2026\/03\/06\/heitor-lourenco-elogia-a-comedia-bem-construida-um-quinteto-de-morte\/#article","isPartOf":{"@id":"https:\/\/portaltela.pt\/noticias\/2026\/03\/06\/heitor-lourenco-elogia-a-comedia-bem-construida-um-quinteto-de-morte\/"},"author":{"name":"Telinha","@id":"https:\/\/portaltela.pt\/#\/schema\/person\/c4278d4a6028830caff9ee44b42d32ed"},"headline":"Heitor Louren\u00e7o elogia a com\u00e9dia bem constru\u00edda &#8220;Um Quinteto de Morte&#8221;","datePublished":"2026-03-06T13:08:19+00:00","mainEntityOfPage":{"@id":"https:\/\/portaltela.pt\/noticias\/2026\/03\/06\/heitor-lourenco-elogia-a-comedia-bem-construida-um-quinteto-de-morte\/"},"wordCount":280,"image":{"@id":"https:\/\/portaltela.pt\/noticias\/2026\/03\/06\/heitor-lourenco-elogia-a-comedia-bem-construida-um-quinteto-de-morte\/#primaryimage"},"thumbnailUrl":"https:\/\/portaltela.pt\/s.01k8rhncp4jt1\/2026\/03\/img_1280x722uu2026-03-06-13-07-10-2270751.jpg","keywords":["artistas","cultura","Noite das Estrelas","pessoas p\u00fablicas","Ruy de Carvalho","teatro"],"articleSection":["Celebridades","Entretenimento"],"inLanguage":"pt-PT"},{"@type":"WebPage","@id":"https:\/\/portaltela.pt\/noticias\/2026\/03\/06\/heitor-lourenco-elogia-a-comedia-bem-construida-um-quinteto-de-morte\/","url":"https:\/\/portaltela.pt\/noticias\/2026\/03\/06\/heitor-lourenco-elogia-a-comedia-bem-construida-um-quinteto-de-morte\/","name":"Heitor Louren\u00e7o elogia a com\u00e9dia bem constru\u00edda \"Um Quinteto de Morte\" - Portal Tela Portugal","isPartOf":{"@id":"https:\/\/portaltela.pt\/#website"},"primaryImageOfPage":{"@id":"https:\/\/portaltela.pt\/noticias\/2026\/03\/06\/heitor-lourenco-elogia-a-comedia-bem-construida-um-quinteto-de-morte\/#primaryimage"},"image":{"@id":"https:\/\/portaltela.pt\/noticias\/2026\/03\/06\/heitor-lourenco-elogia-a-comedia-bem-construida-um-quinteto-de-morte\/#primaryimage"},"thumbnailUrl":"https:\/\/portaltela.pt\/s.01k8rhncp4jt1\/2026\/03\/img_1280x722uu2026-03-06-13-07-10-2270751.jpg","datePublished":"2026-03-06T13:08:19+00:00","author":{"@id":"https:\/\/portaltela.pt\/#\/schema\/person\/c4278d4a6028830caff9ee44b42d32ed"},"breadcrumb":{"@id":"https:\/\/portaltela.pt\/noticias\/2026\/03\/06\/heitor-lourenco-elogia-a-comedia-bem-construida-um-quinteto-de-morte\/#breadcrumb"},"inLanguage":"pt-PT","potentialAction":[{"@type":"ReadAction","target":["https:\/\/portaltela.pt\/noticias\/2026\/03\/06\/heitor-lourenco-elogia-a-comedia-bem-construida-um-quinteto-de-morte\/"]}]},{"@type":"ImageObject","inLanguage":"pt-PT","@id":"https:\/\/portaltela.pt\/noticias\/2026\/03\/06\/heitor-lourenco-elogia-a-comedia-bem-construida-um-quinteto-de-morte\/#primaryimage","url":"https:\/\/portaltela.pt\/s.01k8rhncp4jt1\/2026\/03\/img_1280x722uu2026-03-06-13-07-10-2270751.jpg","contentUrl":"https:\/\/portaltela.pt\/s.01k8rhncp4jt1\/2026\/03\/img_1280x722uu2026-03-06-13-07-10-2270751.jpg","width":796,"height":448,"caption":"Photo"},{"@type":"BreadcrumbList","@id":"https:\/\/portaltela.pt\/noticias\/2026\/03\/06\/heitor-lourenco-elogia-a-comedia-bem-construida-um-quinteto-de-morte\/#breadcrumb","itemListElement":[{"@type":"ListItem","position":1,"name":"In\u00edcio","item":"https:\/\/portaltela.pt\/"},{"@type":"ListItem","position":2,"name":"Heitor Louren\u00e7o elogia a com\u00e9dia bem constru\u00edda &#8220;Um Quinteto de Morte&#8221;"}]},{"@type":"WebSite","@id":"https:\/\/portaltela.pt\/#website","url":"https:\/\/portaltela.pt\/","name":"Portal Tela Portugal","description":"","potentialAction":[{"@type":"SearchAction","target":{"@type":"EntryPoint","urlTemplate":"https:\/\/portaltela.pt\/?s={search_term_string}"},"query-input":{"@type":"PropertyValueSpecification","valueRequired":true,"valueName":"search_term_string"}}],"inLanguage":"pt-PT"},{"@type":"Person","@id":"https:\/\/portaltela.pt\/#\/schema\/person\/c4278d4a6028830caff9ee44b42d32ed","name":"Telinha","image":{"@type":"ImageObject","inLanguage":"pt-PT","@id":"https:\/\/portaltela.pt\/s.01k8rhncp4jt1\/2025\/11\/talking-bot-125x125.png","url":"https:\/\/portaltela.pt\/s.01k8rhncp4jt1\/2025\/11\/talking-bot-125x125.png","contentUrl":"https:\/\/portaltela.pt\/s.01k8rhncp4jt1\/2025\/11\/talking-bot-125x125.png","caption":"Telinha"},"sameAs":["https:\/\/portaltela.pt\/"],"url":"https:\/\/portaltela.pt\/por\/367410592786\/"}]}},"_links":{"self":[{"href":"https:\/\/portaltela.pt\/api\/wp\/v2\/posts\/400076","targetHints":{"allow":["GET"]}}],"collection":[{"href":"https:\/\/portaltela.pt\/api\/wp\/v2\/posts"}],"about":[{"href":"https:\/\/portaltela.pt\/api\/wp\/v2\/types\/post"}],"author":[{"embeddable":true,"href":"https:\/\/portaltela.pt\/api\/wp\/v2\/users\/2"}],"replies":[{"embeddable":true,"href":"https:\/\/portaltela.pt\/api\/wp\/v2\/comments?post=400076"}],"version-history":[{"count":0,"href":"https:\/\/portaltela.pt\/api\/wp\/v2\/posts\/400076\/revisions"}],"wp:featuredmedia":[{"embeddable":true,"href":"https:\/\/portaltela.pt\/api\/wp\/v2\/media\/400085"}],"wp:attachment":[{"href":"https:\/\/portaltela.pt\/api\/wp\/v2\/media?parent=400076"}],"wp:term":[{"taxonomy":"category","embeddable":true,"href":"https:\/\/portaltela.pt\/api\/wp\/v2\/categories?post=400076"},{"taxonomy":"post_tag","embeddable":true,"href":"https:\/\/portaltela.pt\/api\/wp\/v2\/tags?post=400076"}],"curies":[{"name":"wp","href":"https:\/\/api.w.org\/{rel}","templated":true}]}}