{"id":400070,"date":"2026-03-06T10:16:58","date_gmt":"2026-03-06T13:16:58","guid":{"rendered":"https:\/\/portaltela.pt\/noticias\/2026\/03\/06\/grecia-reforca-defesas-no-norte-do-pais-como-possivel-escudo-para-a-bulgaria\/"},"modified":"2026-03-06T10:16:58","modified_gmt":"2026-03-06T13:16:58","slug":"grecia-reforca-defesas-no-norte-do-pais-como-possivel-escudo-para-a-bulgaria","status":"publish","type":"post","link":"https:\/\/portaltela.pt\/noticias\/internacional\/2026\/03\/06\/grecia-reforca-defesas-no-norte-do-pais-como-possivel-escudo-para-a-bulgaria\/","title":{"rendered":"Gr\u00e9cia refor\u00e7a defesas no norte do pa\u00eds como poss\u00edvel escudo para a Bulg\u00e1ria"},"content":{"rendered":"<p>O governo da Gr\u00e9cia anunciou refor\u00e7os nas for\u00e7as de defesa no norte do pa\u00eds, com a desloca\u00e7\u00e3o de uma divis\u00e3o de artilharia Patriot para cobrir grande parte do territ\u00f3rio da Bulg\u00e1ria com prote\u00e7\u00e3o antibal\u00edstica. A medida surge na esteira da evolu\u00e7\u00e3o da crise no M\u00e9dio Oriente.<\/p>\n<p>Segundo o ministro da Defesa grego, Nikos Dendias, a decis\u00e3o visa tamb\u00e9m responder ao pedido do Governo b\u00falgaro, mantendo a capacidade de defesa de ambos os pa\u00edses. A medida foi aprovada pelo Conselho de Seguran\u00e7a grego.<\/p>\n<p>Na pr\u00e1tica, a opera\u00e7\u00e3o envolve a transfer\u00eancia de uma divis\u00e3o de artilharia Patriot para o norte da Gr\u00e9cia, al\u00e9m da desloca\u00e7\u00e3o de dois oficiais superiores da For\u00e7a A\u00e9rea para o Centro de Opera\u00e7\u00f5es das For\u00e7as Armadas b\u00falgaras em Sofia. Paralelamente, um par de F-16 desloca-se para um aer\u00f3dromo no norte da Gr\u00e9cia.<\/p>\n<h3>Refor\u00e7o solicitado pela Bulg\u00e1ria<\/h3>\n<p>A a\u00e7\u00e3o \u00e9 apresentada pelo governo grego como uma resposta de coopera\u00e7\u00e3o entre aliados da NATO e da Uni\u00e3o Europeia. O ministro Dendias refor\u00e7ou que, mesmo com a transfer\u00eancia, a capacidade de prote\u00e7\u00e3o antibal\u00edstica da Gr\u00e9cia n\u00e3o fica comprometida.<\/p>\n<p>O ministro da Defesa afirmou ainda que, na pr\u00f3xima semana, vai deslocar-se a Sofia para reuni\u00e3o com o hom\u00f3logo b\u00falgaro, mantendo o canal de di\u00e1logo aberto entre ambos os pa\u00edses.<\/p>\n","protected":false},"excerpt":{"rendered":"<ul>\n<li>O ministro da Defesa grego, Nikos Dendias, anunciou refor\u00e7os das for\u00e7as de defesa no norte da Gr\u00e9cia, acompanhando a evolu\u00e7\u00e3o da situa\u00e7\u00e3o no M\u00e9dio Oriente.<\/li>\n<li>A decis\u00e3o, tomada a pedido da Bulg\u00e1ria, prev\u00ea a transfer\u00eancia de uma divis\u00e3o de artilharia Patriot para o norte do pa\u00eds para cobrir antibalisticamente uma grande parte do territ\u00f3rio b\u00falgaro.<\/li>\n<li>Ser\u00e3o transferidos para Sofia dois oficiais superiores da For\u00e7a A\u00e9rea para o Centro de Opera\u00e7\u00f5es das For\u00e7as Armadas b\u00falgaras.<\/li>\n<li>Um par de F-16 ser\u00e1 transferido para um aer\u00f3dromo no norte da Gr\u00e9cia.<\/li>\n<li>Na pr\u00f3xima semana, o ministro visitar\u00e1 Sofia, a convite do colega da Bulg\u00e1ria.<\/li>\n<\/ul>\n","protected":false},"author":2,"featured_media":400073,"comment_status":"closed","ping_status":"closed","sticky":false,"template":"","format":"standard","meta":{"footnotes":""},"categories":[4,1],"tags":[416,1487,256,6574,4299,3137],"class_list":["post-400070","post","type-post","status-publish","format-standard","has-post-thumbnail","hentry","category-internacional","category-noticias","tag-artilharia","tag-bulgaria","tag-cooperacao-internacional","tag-defesa","tag-forca-aerea","tag-grecia"],"yoast_head":"<!-- This site is optimized with the Yoast SEO plugin v27.2 - https:\/\/yoast.com\/product\/yoast-seo-wordpress\/ -->\n<title>Gr\u00e9cia refor\u00e7a defesas no norte do pa\u00eds como poss\u00edvel escudo para a Bulg\u00e1ria - Portal Tela Portugal<\/title>\n<meta name=\"robots\" content=\"index, follow, max-snippet:-1, max-image-preview:large, max-video-preview:-1\" \/>\n<meta property=\"og:locale\" content=\"pt_PT\" \/>\n<meta property=\"og:type\" content=\"article\" \/>\n<meta property=\"og:title\" content=\"Gr\u00e9cia refor\u00e7a defesas no norte do pa\u00eds como poss\u00edvel escudo para a Bulg\u00e1ria - Portal Tela Portugal\" \/>\n<meta property=\"og:description\" content=\"O ministro da Defesa grego, Nikos Dendias, anunciou refor\u00e7os das for\u00e7as de defesa no norte da Gr\u00e9cia, acompanhando a evolu\u00e7\u00e3o da situa\u00e7\u00e3o no M\u00e9dio Oriente. A decis\u00e3o, tomada a pedido da Bulg\u00e1ria, prev\u00ea a transfer\u00eancia de uma divis\u00e3o de artilharia Patriot para o norte do pa\u00eds para cobrir antibalisticamente uma grande parte do territ\u00f3rio b\u00falgaro. Ser\u00e3o transferidos para Sofia dois oficiais superiores da For\u00e7a A\u00e9rea para o Centro de Opera\u00e7\u00f5es das For\u00e7as Armadas b\u00falgaras. Um par de F-16 ser\u00e1 transferido para um aer\u00f3dromo no norte da Gr\u00e9cia. Na pr\u00f3xima semana, o ministro visitar\u00e1 Sofia, a convite do colega da Bulg\u00e1ria.\" \/>\n<meta property=\"og:url\" content=\"https:\/\/portaltela.pt\/noticias\/2026\/03\/06\/grecia-reforca-defesas-no-norte-do-pais-como-possivel-escudo-para-a-bulgaria\/\" \/>\n<meta property=\"og:site_name\" content=\"Portal Tela Portugal\" \/>\n<meta property=\"article:published_time\" content=\"2026-03-06T13:16:58+00:00\" \/>\n<meta name=\"author\" content=\"Telinha\" \/>\n<meta name=\"twitter:card\" content=\"summary_large_image\" \/>\n<meta name=\"twitter:label1\" content=\"Escrito por\" \/>\n\t<meta name=\"twitter:data1\" content=\"Telinha\" \/>\n\t<meta name=\"twitter:label2\" content=\"Tempo estimado de leitura\" \/>\n\t<meta name=\"twitter:data2\" content=\"1 minuto\" \/>\n<script type=\"application\/ld+json\" class=\"yoast-schema-graph\">{\"@context\":\"https:\/\/schema.org\",\"@graph\":[{\"@type\":\"Article\",\"@id\":\"https:\/\/portaltela.pt\/noticias\/2026\/03\/06\/grecia-reforca-defesas-no-norte-do-pais-como-possivel-escudo-para-a-bulgaria\/#article\",\"isPartOf\":{\"@id\":\"https:\/\/portaltela.pt\/noticias\/2026\/03\/06\/grecia-reforca-defesas-no-norte-do-pais-como-possivel-escudo-para-a-bulgaria\/\"},\"author\":{\"name\":\"Telinha\",\"@id\":\"https:\/\/portaltela.pt\/#\/schema\/person\/c4278d4a6028830caff9ee44b42d32ed\"},\"headline\":\"Gr\u00e9cia refor\u00e7a defesas no norte do pa\u00eds como poss\u00edvel escudo para a Bulg\u00e1ria\",\"datePublished\":\"2026-03-06T13:16:58+00:00\",\"mainEntityOfPage\":{\"@id\":\"https:\/\/portaltela.pt\/noticias\/2026\/03\/06\/grecia-reforca-defesas-no-norte-do-pais-como-possivel-escudo-para-a-bulgaria\/\"},\"wordCount\":272,\"image\":{\"@id\":\"https:\/\/portaltela.pt\/noticias\/2026\/03\/06\/grecia-reforca-defesas-no-norte-do-pais-como-possivel-escudo-para-a-bulgaria\/#primaryimage\"},\"thumbnailUrl\":\"https:\/\/portaltela.pt\/s.01k8rhncp4jt1\/2026\/03\/1536x864_cmsv2_19a9e4c9-fbf5-5244-bee7-4945af269265-9440915.jpg\",\"keywords\":[\"artilharia\",\"Bulg\u00e1ria\",\"coopera\u00e7\u00e3o internacional\",\"defesa\",\"For\u00e7a A\u00e9rea\",\"Gr\u00e9cia\"],\"articleSection\":[\"Internacional\",\"Not\u00edcias\"],\"inLanguage\":\"pt-PT\"},{\"@type\":\"WebPage\",\"@id\":\"https:\/\/portaltela.pt\/noticias\/2026\/03\/06\/grecia-reforca-defesas-no-norte-do-pais-como-possivel-escudo-para-a-bulgaria\/\",\"url\":\"https:\/\/portaltela.pt\/noticias\/2026\/03\/06\/grecia-reforca-defesas-no-norte-do-pais-como-possivel-escudo-para-a-bulgaria\/\",\"name\":\"Gr\u00e9cia refor\u00e7a defesas no norte do pa\u00eds como poss\u00edvel escudo para a Bulg\u00e1ria - Portal Tela Portugal\",\"isPartOf\":{\"@id\":\"https:\/\/portaltela.pt\/#website\"},\"primaryImageOfPage\":{\"@id\":\"https:\/\/portaltela.pt\/noticias\/2026\/03\/06\/grecia-reforca-defesas-no-norte-do-pais-como-possivel-escudo-para-a-bulgaria\/#primaryimage\"},\"image\":{\"@id\":\"https:\/\/portaltela.pt\/noticias\/2026\/03\/06\/grecia-reforca-defesas-no-norte-do-pais-como-possivel-escudo-para-a-bulgaria\/#primaryimage\"},\"thumbnailUrl\":\"https:\/\/portaltela.pt\/s.01k8rhncp4jt1\/2026\/03\/1536x864_cmsv2_19a9e4c9-fbf5-5244-bee7-4945af269265-9440915.jpg\",\"datePublished\":\"2026-03-06T13:16:58+00:00\",\"author\":{\"@id\":\"https:\/\/portaltela.pt\/#\/schema\/person\/c4278d4a6028830caff9ee44b42d32ed\"},\"breadcrumb\":{\"@id\":\"https:\/\/portaltela.pt\/noticias\/2026\/03\/06\/grecia-reforca-defesas-no-norte-do-pais-como-possivel-escudo-para-a-bulgaria\/#breadcrumb\"},\"inLanguage\":\"pt-PT\",\"potentialAction\":[{\"@type\":\"ReadAction\",\"target\":[\"https:\/\/portaltela.pt\/noticias\/2026\/03\/06\/grecia-reforca-defesas-no-norte-do-pais-como-possivel-escudo-para-a-bulgaria\/\"]}]},{\"@type\":\"ImageObject\",\"inLanguage\":\"pt-PT\",\"@id\":\"https:\/\/portaltela.pt\/noticias\/2026\/03\/06\/grecia-reforca-defesas-no-norte-do-pais-como-possivel-escudo-para-a-bulgaria\/#primaryimage\",\"url\":\"https:\/\/portaltela.pt\/s.01k8rhncp4jt1\/2026\/03\/1536x864_cmsv2_19a9e4c9-fbf5-5244-bee7-4945af269265-9440915.jpg\",\"contentUrl\":\"https:\/\/portaltela.pt\/s.01k8rhncp4jt1\/2026\/03\/1536x864_cmsv2_19a9e4c9-fbf5-5244-bee7-4945af269265-9440915.jpg\",\"width\":796,\"height\":448,\"caption\":\"fotografia de stock\"},{\"@type\":\"BreadcrumbList\",\"@id\":\"https:\/\/portaltela.pt\/noticias\/2026\/03\/06\/grecia-reforca-defesas-no-norte-do-pais-como-possivel-escudo-para-a-bulgaria\/#breadcrumb\",\"itemListElement\":[{\"@type\":\"ListItem\",\"position\":1,\"name\":\"In\u00edcio\",\"item\":\"https:\/\/portaltela.pt\/\"},{\"@type\":\"ListItem\",\"position\":2,\"name\":\"Gr\u00e9cia refor\u00e7a defesas no norte do pa\u00eds como poss\u00edvel escudo para a Bulg\u00e1ria\"}]},{\"@type\":\"WebSite\",\"@id\":\"https:\/\/portaltela.pt\/#website\",\"url\":\"https:\/\/portaltela.pt\/\",\"name\":\"Portal Tela Portugal\",\"description\":\"\",\"potentialAction\":[{\"@type\":\"SearchAction\",\"target\":{\"@type\":\"EntryPoint\",\"urlTemplate\":\"https:\/\/portaltela.pt\/?s={search_term_string}\"},\"query-input\":{\"@type\":\"PropertyValueSpecification\",\"valueRequired\":true,\"valueName\":\"search_term_string\"}}],\"inLanguage\":\"pt-PT\"},{\"@type\":\"Person\",\"@id\":\"https:\/\/portaltela.pt\/#\/schema\/person\/c4278d4a6028830caff9ee44b42d32ed\",\"name\":\"Telinha\",\"image\":{\"@type\":\"ImageObject\",\"inLanguage\":\"pt-PT\",\"@id\":\"https:\/\/portaltela.pt\/s.01k8rhncp4jt1\/2025\/11\/talking-bot-125x125.png\",\"url\":\"https:\/\/portaltela.pt\/s.01k8rhncp4jt1\/2025\/11\/talking-bot-125x125.png\",\"contentUrl\":\"https:\/\/portaltela.pt\/s.01k8rhncp4jt1\/2025\/11\/talking-bot-125x125.png\",\"caption\":\"Telinha\"},\"sameAs\":[\"https:\/\/portaltela.pt\/\"],\"url\":\"https:\/\/portaltela.pt\/por\/367410592786\/\"}]}<\/script>\n<!-- \/ Yoast SEO plugin. -->","yoast_head_json":{"title":"Gr\u00e9cia refor\u00e7a defesas no norte do pa\u00eds como poss\u00edvel escudo para a Bulg\u00e1ria - Portal Tela Portugal","robots":{"index":"index","follow":"follow","max-snippet":"max-snippet:-1","max-image-preview":"max-image-preview:large","max-video-preview":"max-video-preview:-1"},"og_locale":"pt_PT","og_type":"article","og_title":"Gr\u00e9cia refor\u00e7a defesas no norte do pa\u00eds como poss\u00edvel escudo para a Bulg\u00e1ria - Portal Tela Portugal","og_description":"O ministro da Defesa grego, Nikos Dendias, anunciou refor\u00e7os das for\u00e7as de defesa no norte da Gr\u00e9cia, acompanhando a evolu\u00e7\u00e3o da situa\u00e7\u00e3o no M\u00e9dio Oriente. A decis\u00e3o, tomada a pedido da Bulg\u00e1ria, prev\u00ea a transfer\u00eancia de uma divis\u00e3o de artilharia Patriot para o norte do pa\u00eds para cobrir antibalisticamente uma grande parte do territ\u00f3rio b\u00falgaro. Ser\u00e3o transferidos para Sofia dois oficiais superiores da For\u00e7a A\u00e9rea para o Centro de Opera\u00e7\u00f5es das For\u00e7as Armadas b\u00falgaras. Um par de F-16 ser\u00e1 transferido para um aer\u00f3dromo no norte da Gr\u00e9cia. Na pr\u00f3xima semana, o ministro visitar\u00e1 Sofia, a convite do colega da Bulg\u00e1ria.","og_url":"https:\/\/portaltela.pt\/noticias\/2026\/03\/06\/grecia-reforca-defesas-no-norte-do-pais-como-possivel-escudo-para-a-bulgaria\/","og_site_name":"Portal Tela Portugal","article_published_time":"2026-03-06T13:16:58+00:00","author":"Telinha","twitter_card":"summary_large_image","twitter_misc":{"Escrito por":"Telinha","Tempo estimado de leitura":"1 minuto"},"schema":{"@context":"https:\/\/schema.org","@graph":[{"@type":"Article","@id":"https:\/\/portaltela.pt\/noticias\/2026\/03\/06\/grecia-reforca-defesas-no-norte-do-pais-como-possivel-escudo-para-a-bulgaria\/#article","isPartOf":{"@id":"https:\/\/portaltela.pt\/noticias\/2026\/03\/06\/grecia-reforca-defesas-no-norte-do-pais-como-possivel-escudo-para-a-bulgaria\/"},"author":{"name":"Telinha","@id":"https:\/\/portaltela.pt\/#\/schema\/person\/c4278d4a6028830caff9ee44b42d32ed"},"headline":"Gr\u00e9cia refor\u00e7a defesas no norte do pa\u00eds como poss\u00edvel escudo para a Bulg\u00e1ria","datePublished":"2026-03-06T13:16:58+00:00","mainEntityOfPage":{"@id":"https:\/\/portaltela.pt\/noticias\/2026\/03\/06\/grecia-reforca-defesas-no-norte-do-pais-como-possivel-escudo-para-a-bulgaria\/"},"wordCount":272,"image":{"@id":"https:\/\/portaltela.pt\/noticias\/2026\/03\/06\/grecia-reforca-defesas-no-norte-do-pais-como-possivel-escudo-para-a-bulgaria\/#primaryimage"},"thumbnailUrl":"https:\/\/portaltela.pt\/s.01k8rhncp4jt1\/2026\/03\/1536x864_cmsv2_19a9e4c9-fbf5-5244-bee7-4945af269265-9440915.jpg","keywords":["artilharia","Bulg\u00e1ria","coopera\u00e7\u00e3o internacional","defesa","For\u00e7a A\u00e9rea","Gr\u00e9cia"],"articleSection":["Internacional","Not\u00edcias"],"inLanguage":"pt-PT"},{"@type":"WebPage","@id":"https:\/\/portaltela.pt\/noticias\/2026\/03\/06\/grecia-reforca-defesas-no-norte-do-pais-como-possivel-escudo-para-a-bulgaria\/","url":"https:\/\/portaltela.pt\/noticias\/2026\/03\/06\/grecia-reforca-defesas-no-norte-do-pais-como-possivel-escudo-para-a-bulgaria\/","name":"Gr\u00e9cia refor\u00e7a defesas no norte do pa\u00eds como poss\u00edvel escudo para a Bulg\u00e1ria - Portal Tela Portugal","isPartOf":{"@id":"https:\/\/portaltela.pt\/#website"},"primaryImageOfPage":{"@id":"https:\/\/portaltela.pt\/noticias\/2026\/03\/06\/grecia-reforca-defesas-no-norte-do-pais-como-possivel-escudo-para-a-bulgaria\/#primaryimage"},"image":{"@id":"https:\/\/portaltela.pt\/noticias\/2026\/03\/06\/grecia-reforca-defesas-no-norte-do-pais-como-possivel-escudo-para-a-bulgaria\/#primaryimage"},"thumbnailUrl":"https:\/\/portaltela.pt\/s.01k8rhncp4jt1\/2026\/03\/1536x864_cmsv2_19a9e4c9-fbf5-5244-bee7-4945af269265-9440915.jpg","datePublished":"2026-03-06T13:16:58+00:00","author":{"@id":"https:\/\/portaltela.pt\/#\/schema\/person\/c4278d4a6028830caff9ee44b42d32ed"},"breadcrumb":{"@id":"https:\/\/portaltela.pt\/noticias\/2026\/03\/06\/grecia-reforca-defesas-no-norte-do-pais-como-possivel-escudo-para-a-bulgaria\/#breadcrumb"},"inLanguage":"pt-PT","potentialAction":[{"@type":"ReadAction","target":["https:\/\/portaltela.pt\/noticias\/2026\/03\/06\/grecia-reforca-defesas-no-norte-do-pais-como-possivel-escudo-para-a-bulgaria\/"]}]},{"@type":"ImageObject","inLanguage":"pt-PT","@id":"https:\/\/portaltela.pt\/noticias\/2026\/03\/06\/grecia-reforca-defesas-no-norte-do-pais-como-possivel-escudo-para-a-bulgaria\/#primaryimage","url":"https:\/\/portaltela.pt\/s.01k8rhncp4jt1\/2026\/03\/1536x864_cmsv2_19a9e4c9-fbf5-5244-bee7-4945af269265-9440915.jpg","contentUrl":"https:\/\/portaltela.pt\/s.01k8rhncp4jt1\/2026\/03\/1536x864_cmsv2_19a9e4c9-fbf5-5244-bee7-4945af269265-9440915.jpg","width":796,"height":448,"caption":"fotografia de stock"},{"@type":"BreadcrumbList","@id":"https:\/\/portaltela.pt\/noticias\/2026\/03\/06\/grecia-reforca-defesas-no-norte-do-pais-como-possivel-escudo-para-a-bulgaria\/#breadcrumb","itemListElement":[{"@type":"ListItem","position":1,"name":"In\u00edcio","item":"https:\/\/portaltela.pt\/"},{"@type":"ListItem","position":2,"name":"Gr\u00e9cia refor\u00e7a defesas no norte do pa\u00eds como poss\u00edvel escudo para a Bulg\u00e1ria"}]},{"@type":"WebSite","@id":"https:\/\/portaltela.pt\/#website","url":"https:\/\/portaltela.pt\/","name":"Portal Tela Portugal","description":"","potentialAction":[{"@type":"SearchAction","target":{"@type":"EntryPoint","urlTemplate":"https:\/\/portaltela.pt\/?s={search_term_string}"},"query-input":{"@type":"PropertyValueSpecification","valueRequired":true,"valueName":"search_term_string"}}],"inLanguage":"pt-PT"},{"@type":"Person","@id":"https:\/\/portaltela.pt\/#\/schema\/person\/c4278d4a6028830caff9ee44b42d32ed","name":"Telinha","image":{"@type":"ImageObject","inLanguage":"pt-PT","@id":"https:\/\/portaltela.pt\/s.01k8rhncp4jt1\/2025\/11\/talking-bot-125x125.png","url":"https:\/\/portaltela.pt\/s.01k8rhncp4jt1\/2025\/11\/talking-bot-125x125.png","contentUrl":"https:\/\/portaltela.pt\/s.01k8rhncp4jt1\/2025\/11\/talking-bot-125x125.png","caption":"Telinha"},"sameAs":["https:\/\/portaltela.pt\/"],"url":"https:\/\/portaltela.pt\/por\/367410592786\/"}]}},"_links":{"self":[{"href":"https:\/\/portaltela.pt\/api\/wp\/v2\/posts\/400070","targetHints":{"allow":["GET"]}}],"collection":[{"href":"https:\/\/portaltela.pt\/api\/wp\/v2\/posts"}],"about":[{"href":"https:\/\/portaltela.pt\/api\/wp\/v2\/types\/post"}],"author":[{"embeddable":true,"href":"https:\/\/portaltela.pt\/api\/wp\/v2\/users\/2"}],"replies":[{"embeddable":true,"href":"https:\/\/portaltela.pt\/api\/wp\/v2\/comments?post=400070"}],"version-history":[{"count":0,"href":"https:\/\/portaltela.pt\/api\/wp\/v2\/posts\/400070\/revisions"}],"wp:featuredmedia":[{"embeddable":true,"href":"https:\/\/portaltela.pt\/api\/wp\/v2\/media\/400073"}],"wp:attachment":[{"href":"https:\/\/portaltela.pt\/api\/wp\/v2\/media?parent=400070"}],"wp:term":[{"taxonomy":"category","embeddable":true,"href":"https:\/\/portaltela.pt\/api\/wp\/v2\/categories?post=400070"},{"taxonomy":"post_tag","embeddable":true,"href":"https:\/\/portaltela.pt\/api\/wp\/v2\/tags?post=400070"}],"curies":[{"name":"wp","href":"https:\/\/api.w.org\/{rel}","templated":true}]}}