{"id":400069,"date":"2026-03-06T10:00:00","date_gmt":"2026-03-06T13:00:00","guid":{"rendered":"https:\/\/portaltela.pt\/noticias\/2026\/03\/06\/igas-arquiva-processo-sobre-caso-de-gravida-de-risco-que-perdeu-o-bebe\/"},"modified":"2026-03-06T10:00:00","modified_gmt":"2026-03-06T13:00:00","slug":"igas-arquiva-processo-sobre-caso-de-gravida-de-risco-que-perdeu-o-bebe","status":"publish","type":"post","link":"https:\/\/portaltela.pt\/noticias\/politica\/2026\/03\/06\/igas-arquiva-processo-sobre-caso-de-gravida-de-risco-que-perdeu-o-bebe\/","title":{"rendered":"IGAS arquiva processo sobre caso de gr\u00e1vida de risco que perdeu o beb\u00e9"},"content":{"rendered":"<p>A IGAS (Inspe\u00e7\u00e3o-Geral das Atividades em Sa\u00fade) prop\u00f4s o arquivamento do processo de esclarecimento relativo ao caso de uma gr\u00e1vida de risco que foi encaminhada para um hospital a mais de uma hora de dist\u00e2ncia da sua \u00e1rea de resid\u00eancia, no Barreiro. A an\u00e1lise concluiu que n\u00e3o h\u00e1 diverg\u00eancias a apontar \u00e0 Unidade Local de Sa\u00fade (ULS) Arco Ribeirinho, uma vez que a urg\u00eancia estava encerrada conforme o previsto e a popula\u00e7\u00e3o foi informada. O mesmo foi comunicado \u00e0 Linha SNS 24 e ao INEM.<\/p>\n<p>O epis\u00f3dio remonta a julho de 2025, quando a urg\u00eancia de obstetr\u00edcia do Barreiro foi encerrada por um per\u00edodo significativo, com planos de cria\u00e7\u00e3o de uma urg\u00eancia regional. A paciente foi encaminhada para Cascais, expondo a desloca\u00e7\u00e3o de dist\u00e2ncia e tempo de atendimento. A IGAS confirmou que toda a informa\u00e7\u00e3o foi disponibilizada aos servi\u00e7os de sa\u00fade competentes.<\/p>\n<p>Segundo a IGAS, a decis\u00e3o de arquivar decorreu da conformidade com os procedimentos vigentes e do cumprimento das informa\u00e7\u00f5es prestadas aos utentes. A investiga\u00e7\u00e3o n\u00e3o identificou falhas no funcionamento da ULS Arco Ribeirinho, nem omiss\u00f5es no envio de dados relevantes aos servi\u00e7os de apoio, nomeadamente a Linha SNS 24 e o INEM.<\/p>\n","protected":false},"excerpt":{"rendered":"<ul>\n<li>A IGAS prop\u00f4s o arquivamento do processo de esclarecimento ao caso de uma gr\u00e1vida de risco encaminhada para um hospital a mais de uma hora de dist\u00e2ncia, no Barreiro.<\/li>\n<li>A avalia\u00e7\u00e3o concluiu que nada havia a apontar \u00e0 Unidade Local de Sa\u00fade Arco Ribeirinho, pois a urg\u00eancia estava encerrada conforme o previsto.<\/li>\n<li>A popula\u00e7\u00e3o foi informada, tal como a Linha SNS 24 e o INEM.<\/li>\n<li>O caso remonta a julho de 2025 e envolve a urg\u00eancia de obstetr\u00edcia do Barreiro, que iria fechar com a cria\u00e7\u00e3o de uma urg\u00eancia regional.<\/li>\n<\/ul>\n","protected":false},"author":2,"featured_media":400075,"comment_status":"closed","ping_status":"closed","sticky":false,"template":"","format":"standard","meta":{"footnotes":""},"categories":[1,5],"tags":[1056,1111,1922,1402,172,3693],"class_list":["post-400069","post","type-post","status-publish","format-standard","has-post-thumbnail","hentry","category-noticias","category-politica","tag-barreiro","tag-cascais","tag-inem","tag-obstetricia","tag-saude","tag-sns-24"],"yoast_head":"<!-- This site is optimized with the Yoast SEO plugin v27.2 - https:\/\/yoast.com\/product\/yoast-seo-wordpress\/ -->\n<title>IGAS arquiva processo sobre caso de gr\u00e1vida de risco que perdeu o beb\u00e9 - Portal Tela Portugal<\/title>\n<meta name=\"robots\" content=\"index, follow, max-snippet:-1, max-image-preview:large, max-video-preview:-1\" \/>\n<meta property=\"og:locale\" content=\"pt_PT\" \/>\n<meta property=\"og:type\" content=\"article\" \/>\n<meta property=\"og:title\" content=\"IGAS arquiva processo sobre caso de gr\u00e1vida de risco que perdeu o beb\u00e9 - Portal Tela Portugal\" \/>\n<meta property=\"og:description\" content=\"A IGAS prop\u00f4s o arquivamento do processo de esclarecimento ao caso de uma gr\u00e1vida de risco encaminhada para um hospital a mais de uma hora de dist\u00e2ncia, no Barreiro. A avalia\u00e7\u00e3o concluiu que nada havia a apontar \u00e0 Unidade Local de Sa\u00fade Arco Ribeirinho, pois a urg\u00eancia estava encerrada conforme o previsto. A popula\u00e7\u00e3o foi informada, tal como a Linha SNS 24 e o INEM. O caso remonta a julho de 2025 e envolve a urg\u00eancia de obstetr\u00edcia do Barreiro, que iria fechar com a cria\u00e7\u00e3o de uma urg\u00eancia regional.\" \/>\n<meta property=\"og:url\" content=\"https:\/\/portaltela.pt\/noticias\/2026\/03\/06\/igas-arquiva-processo-sobre-caso-de-gravida-de-risco-que-perdeu-o-bebe\/\" \/>\n<meta property=\"og:site_name\" content=\"Portal Tela Portugal\" \/>\n<meta property=\"article:published_time\" content=\"2026-03-06T13:00:00+00:00\" \/>\n<meta name=\"author\" content=\"Telinha\" \/>\n<meta name=\"twitter:card\" content=\"summary_large_image\" \/>\n<meta name=\"twitter:label1\" content=\"Escrito por\" \/>\n\t<meta name=\"twitter:data1\" content=\"Telinha\" \/>\n\t<meta name=\"twitter:label2\" content=\"Tempo estimado de leitura\" \/>\n\t<meta name=\"twitter:data2\" content=\"1 minuto\" \/>\n<script type=\"application\/ld+json\" class=\"yoast-schema-graph\">{\"@context\":\"https:\/\/schema.org\",\"@graph\":[{\"@type\":\"Article\",\"@id\":\"https:\/\/portaltela.pt\/noticias\/2026\/03\/06\/igas-arquiva-processo-sobre-caso-de-gravida-de-risco-que-perdeu-o-bebe\/#article\",\"isPartOf\":{\"@id\":\"https:\/\/portaltela.pt\/noticias\/2026\/03\/06\/igas-arquiva-processo-sobre-caso-de-gravida-de-risco-que-perdeu-o-bebe\/\"},\"author\":{\"name\":\"Telinha\",\"@id\":\"https:\/\/portaltela.pt\/#\/schema\/person\/c4278d4a6028830caff9ee44b42d32ed\"},\"headline\":\"IGAS arquiva processo sobre caso de gr\u00e1vida de risco que perdeu o beb\u00e9\",\"datePublished\":\"2026-03-06T13:00:00+00:00\",\"mainEntityOfPage\":{\"@id\":\"https:\/\/portaltela.pt\/noticias\/2026\/03\/06\/igas-arquiva-processo-sobre-caso-de-gravida-de-risco-que-perdeu-o-bebe\/\"},\"wordCount\":232,\"image\":{\"@id\":\"https:\/\/portaltela.pt\/noticias\/2026\/03\/06\/igas-arquiva-processo-sobre-caso-de-gravida-de-risco-que-perdeu-o-bebe\/#primaryimage\"},\"thumbnailUrl\":\"https:\/\/portaltela.pt\/s.01k8rhncp4jt1\/2026\/03\/2072132.jpg\",\"keywords\":[\"Barreiro\",\"Cascais\",\"INEM\",\"Obstetr\u00edcia\",\"sa\u00fade\",\"SNS 24\"],\"articleSection\":[\"Not\u00edcias\",\"Pol\u00edtica\"],\"inLanguage\":\"pt-PT\"},{\"@type\":\"WebPage\",\"@id\":\"https:\/\/portaltela.pt\/noticias\/2026\/03\/06\/igas-arquiva-processo-sobre-caso-de-gravida-de-risco-que-perdeu-o-bebe\/\",\"url\":\"https:\/\/portaltela.pt\/noticias\/2026\/03\/06\/igas-arquiva-processo-sobre-caso-de-gravida-de-risco-que-perdeu-o-bebe\/\",\"name\":\"IGAS arquiva processo sobre caso de gr\u00e1vida de risco que perdeu o beb\u00e9 - Portal Tela Portugal\",\"isPartOf\":{\"@id\":\"https:\/\/portaltela.pt\/#website\"},\"primaryImageOfPage\":{\"@id\":\"https:\/\/portaltela.pt\/noticias\/2026\/03\/06\/igas-arquiva-processo-sobre-caso-de-gravida-de-risco-que-perdeu-o-bebe\/#primaryimage\"},\"image\":{\"@id\":\"https:\/\/portaltela.pt\/noticias\/2026\/03\/06\/igas-arquiva-processo-sobre-caso-de-gravida-de-risco-que-perdeu-o-bebe\/#primaryimage\"},\"thumbnailUrl\":\"https:\/\/portaltela.pt\/s.01k8rhncp4jt1\/2026\/03\/2072132.jpg\",\"datePublished\":\"2026-03-06T13:00:00+00:00\",\"author\":{\"@id\":\"https:\/\/portaltela.pt\/#\/schema\/person\/c4278d4a6028830caff9ee44b42d32ed\"},\"breadcrumb\":{\"@id\":\"https:\/\/portaltela.pt\/noticias\/2026\/03\/06\/igas-arquiva-processo-sobre-caso-de-gravida-de-risco-que-perdeu-o-bebe\/#breadcrumb\"},\"inLanguage\":\"pt-PT\",\"potentialAction\":[{\"@type\":\"ReadAction\",\"target\":[\"https:\/\/portaltela.pt\/noticias\/2026\/03\/06\/igas-arquiva-processo-sobre-caso-de-gravida-de-risco-que-perdeu-o-bebe\/\"]}]},{\"@type\":\"ImageObject\",\"inLanguage\":\"pt-PT\",\"@id\":\"https:\/\/portaltela.pt\/noticias\/2026\/03\/06\/igas-arquiva-processo-sobre-caso-de-gravida-de-risco-que-perdeu-o-bebe\/#primaryimage\",\"url\":\"https:\/\/portaltela.pt\/s.01k8rhncp4jt1\/2026\/03\/2072132.jpg\",\"contentUrl\":\"https:\/\/portaltela.pt\/s.01k8rhncp4jt1\/2026\/03\/2072132.jpg\",\"width\":796,\"height\":448,\"caption\":\"Processo de esclarecimento da IGAS iniciou-se no ano passado\"},{\"@type\":\"BreadcrumbList\",\"@id\":\"https:\/\/portaltela.pt\/noticias\/2026\/03\/06\/igas-arquiva-processo-sobre-caso-de-gravida-de-risco-que-perdeu-o-bebe\/#breadcrumb\",\"itemListElement\":[{\"@type\":\"ListItem\",\"position\":1,\"name\":\"In\u00edcio\",\"item\":\"https:\/\/portaltela.pt\/\"},{\"@type\":\"ListItem\",\"position\":2,\"name\":\"IGAS arquiva processo sobre caso de gr\u00e1vida de risco que perdeu o beb\u00e9\"}]},{\"@type\":\"WebSite\",\"@id\":\"https:\/\/portaltela.pt\/#website\",\"url\":\"https:\/\/portaltela.pt\/\",\"name\":\"Portal Tela Portugal\",\"description\":\"\",\"potentialAction\":[{\"@type\":\"SearchAction\",\"target\":{\"@type\":\"EntryPoint\",\"urlTemplate\":\"https:\/\/portaltela.pt\/?s={search_term_string}\"},\"query-input\":{\"@type\":\"PropertyValueSpecification\",\"valueRequired\":true,\"valueName\":\"search_term_string\"}}],\"inLanguage\":\"pt-PT\"},{\"@type\":\"Person\",\"@id\":\"https:\/\/portaltela.pt\/#\/schema\/person\/c4278d4a6028830caff9ee44b42d32ed\",\"name\":\"Telinha\",\"image\":{\"@type\":\"ImageObject\",\"inLanguage\":\"pt-PT\",\"@id\":\"https:\/\/portaltela.pt\/s.01k8rhncp4jt1\/2025\/11\/talking-bot-125x125.png\",\"url\":\"https:\/\/portaltela.pt\/s.01k8rhncp4jt1\/2025\/11\/talking-bot-125x125.png\",\"contentUrl\":\"https:\/\/portaltela.pt\/s.01k8rhncp4jt1\/2025\/11\/talking-bot-125x125.png\",\"caption\":\"Telinha\"},\"sameAs\":[\"https:\/\/portaltela.pt\/\"],\"url\":\"https:\/\/portaltela.pt\/por\/367410592786\/\"}]}<\/script>\n<!-- \/ Yoast SEO plugin. -->","yoast_head_json":{"title":"IGAS arquiva processo sobre caso de gr\u00e1vida de risco que perdeu o beb\u00e9 - Portal Tela Portugal","robots":{"index":"index","follow":"follow","max-snippet":"max-snippet:-1","max-image-preview":"max-image-preview:large","max-video-preview":"max-video-preview:-1"},"og_locale":"pt_PT","og_type":"article","og_title":"IGAS arquiva processo sobre caso de gr\u00e1vida de risco que perdeu o beb\u00e9 - Portal Tela Portugal","og_description":"A IGAS prop\u00f4s o arquivamento do processo de esclarecimento ao caso de uma gr\u00e1vida de risco encaminhada para um hospital a mais de uma hora de dist\u00e2ncia, no Barreiro. A avalia\u00e7\u00e3o concluiu que nada havia a apontar \u00e0 Unidade Local de Sa\u00fade Arco Ribeirinho, pois a urg\u00eancia estava encerrada conforme o previsto. A popula\u00e7\u00e3o foi informada, tal como a Linha SNS 24 e o INEM. O caso remonta a julho de 2025 e envolve a urg\u00eancia de obstetr\u00edcia do Barreiro, que iria fechar com a cria\u00e7\u00e3o de uma urg\u00eancia regional.","og_url":"https:\/\/portaltela.pt\/noticias\/2026\/03\/06\/igas-arquiva-processo-sobre-caso-de-gravida-de-risco-que-perdeu-o-bebe\/","og_site_name":"Portal Tela Portugal","article_published_time":"2026-03-06T13:00:00+00:00","author":"Telinha","twitter_card":"summary_large_image","twitter_misc":{"Escrito por":"Telinha","Tempo estimado de leitura":"1 minuto"},"schema":{"@context":"https:\/\/schema.org","@graph":[{"@type":"Article","@id":"https:\/\/portaltela.pt\/noticias\/2026\/03\/06\/igas-arquiva-processo-sobre-caso-de-gravida-de-risco-que-perdeu-o-bebe\/#article","isPartOf":{"@id":"https:\/\/portaltela.pt\/noticias\/2026\/03\/06\/igas-arquiva-processo-sobre-caso-de-gravida-de-risco-que-perdeu-o-bebe\/"},"author":{"name":"Telinha","@id":"https:\/\/portaltela.pt\/#\/schema\/person\/c4278d4a6028830caff9ee44b42d32ed"},"headline":"IGAS arquiva processo sobre caso de gr\u00e1vida de risco que perdeu o beb\u00e9","datePublished":"2026-03-06T13:00:00+00:00","mainEntityOfPage":{"@id":"https:\/\/portaltela.pt\/noticias\/2026\/03\/06\/igas-arquiva-processo-sobre-caso-de-gravida-de-risco-que-perdeu-o-bebe\/"},"wordCount":232,"image":{"@id":"https:\/\/portaltela.pt\/noticias\/2026\/03\/06\/igas-arquiva-processo-sobre-caso-de-gravida-de-risco-que-perdeu-o-bebe\/#primaryimage"},"thumbnailUrl":"https:\/\/portaltela.pt\/s.01k8rhncp4jt1\/2026\/03\/2072132.jpg","keywords":["Barreiro","Cascais","INEM","Obstetr\u00edcia","sa\u00fade","SNS 24"],"articleSection":["Not\u00edcias","Pol\u00edtica"],"inLanguage":"pt-PT"},{"@type":"WebPage","@id":"https:\/\/portaltela.pt\/noticias\/2026\/03\/06\/igas-arquiva-processo-sobre-caso-de-gravida-de-risco-que-perdeu-o-bebe\/","url":"https:\/\/portaltela.pt\/noticias\/2026\/03\/06\/igas-arquiva-processo-sobre-caso-de-gravida-de-risco-que-perdeu-o-bebe\/","name":"IGAS arquiva processo sobre caso de gr\u00e1vida de risco que perdeu o beb\u00e9 - Portal Tela Portugal","isPartOf":{"@id":"https:\/\/portaltela.pt\/#website"},"primaryImageOfPage":{"@id":"https:\/\/portaltela.pt\/noticias\/2026\/03\/06\/igas-arquiva-processo-sobre-caso-de-gravida-de-risco-que-perdeu-o-bebe\/#primaryimage"},"image":{"@id":"https:\/\/portaltela.pt\/noticias\/2026\/03\/06\/igas-arquiva-processo-sobre-caso-de-gravida-de-risco-que-perdeu-o-bebe\/#primaryimage"},"thumbnailUrl":"https:\/\/portaltela.pt\/s.01k8rhncp4jt1\/2026\/03\/2072132.jpg","datePublished":"2026-03-06T13:00:00+00:00","author":{"@id":"https:\/\/portaltela.pt\/#\/schema\/person\/c4278d4a6028830caff9ee44b42d32ed"},"breadcrumb":{"@id":"https:\/\/portaltela.pt\/noticias\/2026\/03\/06\/igas-arquiva-processo-sobre-caso-de-gravida-de-risco-que-perdeu-o-bebe\/#breadcrumb"},"inLanguage":"pt-PT","potentialAction":[{"@type":"ReadAction","target":["https:\/\/portaltela.pt\/noticias\/2026\/03\/06\/igas-arquiva-processo-sobre-caso-de-gravida-de-risco-que-perdeu-o-bebe\/"]}]},{"@type":"ImageObject","inLanguage":"pt-PT","@id":"https:\/\/portaltela.pt\/noticias\/2026\/03\/06\/igas-arquiva-processo-sobre-caso-de-gravida-de-risco-que-perdeu-o-bebe\/#primaryimage","url":"https:\/\/portaltela.pt\/s.01k8rhncp4jt1\/2026\/03\/2072132.jpg","contentUrl":"https:\/\/portaltela.pt\/s.01k8rhncp4jt1\/2026\/03\/2072132.jpg","width":796,"height":448,"caption":"Processo de esclarecimento da IGAS iniciou-se no ano passado"},{"@type":"BreadcrumbList","@id":"https:\/\/portaltela.pt\/noticias\/2026\/03\/06\/igas-arquiva-processo-sobre-caso-de-gravida-de-risco-que-perdeu-o-bebe\/#breadcrumb","itemListElement":[{"@type":"ListItem","position":1,"name":"In\u00edcio","item":"https:\/\/portaltela.pt\/"},{"@type":"ListItem","position":2,"name":"IGAS arquiva processo sobre caso de gr\u00e1vida de risco que perdeu o beb\u00e9"}]},{"@type":"WebSite","@id":"https:\/\/portaltela.pt\/#website","url":"https:\/\/portaltela.pt\/","name":"Portal Tela Portugal","description":"","potentialAction":[{"@type":"SearchAction","target":{"@type":"EntryPoint","urlTemplate":"https:\/\/portaltela.pt\/?s={search_term_string}"},"query-input":{"@type":"PropertyValueSpecification","valueRequired":true,"valueName":"search_term_string"}}],"inLanguage":"pt-PT"},{"@type":"Person","@id":"https:\/\/portaltela.pt\/#\/schema\/person\/c4278d4a6028830caff9ee44b42d32ed","name":"Telinha","image":{"@type":"ImageObject","inLanguage":"pt-PT","@id":"https:\/\/portaltela.pt\/s.01k8rhncp4jt1\/2025\/11\/talking-bot-125x125.png","url":"https:\/\/portaltela.pt\/s.01k8rhncp4jt1\/2025\/11\/talking-bot-125x125.png","contentUrl":"https:\/\/portaltela.pt\/s.01k8rhncp4jt1\/2025\/11\/talking-bot-125x125.png","caption":"Telinha"},"sameAs":["https:\/\/portaltela.pt\/"],"url":"https:\/\/portaltela.pt\/por\/367410592786\/"}]}},"_links":{"self":[{"href":"https:\/\/portaltela.pt\/api\/wp\/v2\/posts\/400069","targetHints":{"allow":["GET"]}}],"collection":[{"href":"https:\/\/portaltela.pt\/api\/wp\/v2\/posts"}],"about":[{"href":"https:\/\/portaltela.pt\/api\/wp\/v2\/types\/post"}],"author":[{"embeddable":true,"href":"https:\/\/portaltela.pt\/api\/wp\/v2\/users\/2"}],"replies":[{"embeddable":true,"href":"https:\/\/portaltela.pt\/api\/wp\/v2\/comments?post=400069"}],"version-history":[{"count":0,"href":"https:\/\/portaltela.pt\/api\/wp\/v2\/posts\/400069\/revisions"}],"wp:featuredmedia":[{"embeddable":true,"href":"https:\/\/portaltela.pt\/api\/wp\/v2\/media\/400075"}],"wp:attachment":[{"href":"https:\/\/portaltela.pt\/api\/wp\/v2\/media?parent=400069"}],"wp:term":[{"taxonomy":"category","embeddable":true,"href":"https:\/\/portaltela.pt\/api\/wp\/v2\/categories?post=400069"},{"taxonomy":"post_tag","embeddable":true,"href":"https:\/\/portaltela.pt\/api\/wp\/v2\/tags?post=400069"}],"curies":[{"name":"wp","href":"https:\/\/api.w.org\/{rel}","templated":true}]}}