{"id":400050,"date":"2026-03-06T09:46:01","date_gmt":"2026-03-06T12:46:01","guid":{"rendered":"https:\/\/portaltela.pt\/noticias\/2026\/03\/06\/governo-da-islandia-propoe-referendo-em-agosto-sobre-adesao-a-ue\/"},"modified":"2026-03-06T09:46:01","modified_gmt":"2026-03-06T12:46:01","slug":"governo-da-islandia-propoe-referendo-em-agosto-sobre-adesao-a-ue","status":"publish","type":"post","link":"https:\/\/portaltela.pt\/noticias\/internacional\/2026\/03\/06\/governo-da-islandia-propoe-referendo-em-agosto-sobre-adesao-a-ue\/","title":{"rendered":"Governo da Isl\u00e2ndia prop\u00f5e referendo em agosto sobre ades\u00e3o \u00e0 UE"},"content":{"rendered":"<p>O Governo da Isl\u00e2ndia vai propor ao parlamento a realiza\u00e7\u00e3o de um referendo sobre a ades\u00e3o \u00e0 Uni\u00e3o Europeia. A vota\u00e7\u00e3o est\u00e1 prevista para 29 de agosto, caso o parlamento aprove a iniciativa.<\/p>\n<p>A proposta foi anunciada pela ministra dos Neg\u00f3cios Estrangeiros, Thorgerdur Katrin Gunnarsdottir, que revelou o plano para a pr\u00f3xima semana. O objetivo \u00e9 decidir sobre a entrada do pa\u00eds na UE.<\/p>\n<p>As negocia\u00e7\u00f5es com Bruxelas, que tinham in\u00edcio em 2009, foram suspensas em 2015. A decis\u00e3o de avan\u00e7ar com o referendo surge ap\u00f3s esse impasse e pretende esclarecer o apoio popular \u00e0 ades\u00e3o.<\/p>\n<p>A Isl\u00e2ndia pediu a ades\u00e3o \u00e0 UE em 2009, ap\u00f3s a crise financeira que afetou fortemente o pa\u00eds e a Europa. O novo passo coloca o tema novamente em debate p\u00fablico e parlamentar.<\/p>\n","protected":false},"excerpt":{"rendered":"<ul>\n<li>Governo da Isl\u00e2ndia prop\u00f5e ao parlamento um referendo sobre ades\u00e3o \u00e0 Uni\u00e3o Europeia para 29 de agosto.<\/li>\n<li>A iniciativa surge ap\u00f3s as negocia\u00e7\u00f5es com Bruxelas terem sido suspensas em 2015.<\/li>\n<li>A proposta deve ser apresentada na pr\u00f3xima semana pela ministra dos Neg\u00f3cios Estrangeiros, Thorgerdur Katrin Gunnarsdottir.<\/li>\n<li>A Isl\u00e2ndia apresentou o pedido de ades\u00e3o \u00e0 UE em 2009, ap\u00f3s a crise financeira que afetou a regi\u00e3o.<\/li>\n<li>O an\u00fancio ocorre em contexto de debates sobre o alinhamento econ\u00f3mico e pol\u00edtico do pa\u00eds com a Uni\u00e3o Europeia.<\/li>\n<\/ul>\n","protected":false},"author":2,"featured_media":400052,"comment_status":"closed","ping_status":"closed","sticky":false,"template":"","format":"standard","meta":{"footnotes":""},"categories":[4,1],"tags":[3977,2487,3759,2832,27,2055],"class_list":["post-400050","post","type-post","status-publish","format-standard","has-post-thumbnail","hentry","category-internacional","category-noticias","tag-adesao","tag-europa","tag-islandia","tag-politica","tag-relacoes-internacionais","tag-uniao-europeia"],"yoast_head":"<!-- This site is optimized with the Yoast SEO plugin v27.2 - https:\/\/yoast.com\/product\/yoast-seo-wordpress\/ -->\n<title>Governo da Isl\u00e2ndia prop\u00f5e referendo em agosto sobre ades\u00e3o \u00e0 UE - Portal Tela Portugal<\/title>\n<meta name=\"robots\" content=\"index, follow, max-snippet:-1, max-image-preview:large, max-video-preview:-1\" \/>\n<meta property=\"og:locale\" content=\"pt_PT\" \/>\n<meta property=\"og:type\" content=\"article\" \/>\n<meta property=\"og:title\" content=\"Governo da Isl\u00e2ndia prop\u00f5e referendo em agosto sobre ades\u00e3o \u00e0 UE - Portal Tela Portugal\" \/>\n<meta property=\"og:description\" content=\"Governo da Isl\u00e2ndia prop\u00f5e ao parlamento um referendo sobre ades\u00e3o \u00e0 Uni\u00e3o Europeia para 29 de agosto. A iniciativa surge ap\u00f3s as negocia\u00e7\u00f5es com Bruxelas terem sido suspensas em 2015. A proposta deve ser apresentada na pr\u00f3xima semana pela ministra dos Neg\u00f3cios Estrangeiros, Thorgerdur Katrin Gunnarsdottir. A Isl\u00e2ndia apresentou o pedido de ades\u00e3o \u00e0 UE em 2009, ap\u00f3s a crise financeira que afetou a regi\u00e3o. O an\u00fancio ocorre em contexto de debates sobre o alinhamento econ\u00f3mico e pol\u00edtico do pa\u00eds com a Uni\u00e3o Europeia.\" \/>\n<meta property=\"og:url\" content=\"https:\/\/portaltela.pt\/noticias\/2026\/03\/06\/governo-da-islandia-propoe-referendo-em-agosto-sobre-adesao-a-ue\/\" \/>\n<meta property=\"og:site_name\" content=\"Portal Tela Portugal\" \/>\n<meta property=\"article:published_time\" content=\"2026-03-06T12:46:01+00:00\" \/>\n<meta name=\"author\" content=\"Telinha\" \/>\n<meta name=\"twitter:card\" content=\"summary_large_image\" \/>\n<meta name=\"twitter:label1\" content=\"Escrito por\" \/>\n\t<meta name=\"twitter:data1\" content=\"Telinha\" \/>\n\t<meta name=\"twitter:label2\" content=\"Tempo estimado de leitura\" \/>\n\t<meta name=\"twitter:data2\" content=\"1 minuto\" \/>\n<script type=\"application\/ld+json\" class=\"yoast-schema-graph\">{\"@context\":\"https:\/\/schema.org\",\"@graph\":[{\"@type\":\"Article\",\"@id\":\"https:\/\/portaltela.pt\/noticias\/2026\/03\/06\/governo-da-islandia-propoe-referendo-em-agosto-sobre-adesao-a-ue\/#article\",\"isPartOf\":{\"@id\":\"https:\/\/portaltela.pt\/noticias\/2026\/03\/06\/governo-da-islandia-propoe-referendo-em-agosto-sobre-adesao-a-ue\/\"},\"author\":{\"name\":\"Telinha\",\"@id\":\"https:\/\/portaltela.pt\/#\/schema\/person\/c4278d4a6028830caff9ee44b42d32ed\"},\"headline\":\"Governo da Isl\u00e2ndia prop\u00f5e referendo em agosto sobre ades\u00e3o \u00e0 UE\",\"datePublished\":\"2026-03-06T12:46:01+00:00\",\"mainEntityOfPage\":{\"@id\":\"https:\/\/portaltela.pt\/noticias\/2026\/03\/06\/governo-da-islandia-propoe-referendo-em-agosto-sobre-adesao-a-ue\/\"},\"wordCount\":153,\"image\":{\"@id\":\"https:\/\/portaltela.pt\/noticias\/2026\/03\/06\/governo-da-islandia-propoe-referendo-em-agosto-sobre-adesao-a-ue\/#primaryimage\"},\"thumbnailUrl\":\"https:\/\/portaltela.pt\/s.01k8rhncp4jt1\/2026\/03\/img_1280x721uu2015-05-14-14-25-00-452579.jpg\",\"keywords\":[\"ades\u00e3o\",\"Europa\",\"Isl\u00e2ndia\",\"pol\u00edtica\",\"rela\u00e7\u00f5es internacionais\",\"Uni\u00e3o Europeia\"],\"articleSection\":[\"Internacional\",\"Not\u00edcias\"],\"inLanguage\":\"pt-PT\"},{\"@type\":\"WebPage\",\"@id\":\"https:\/\/portaltela.pt\/noticias\/2026\/03\/06\/governo-da-islandia-propoe-referendo-em-agosto-sobre-adesao-a-ue\/\",\"url\":\"https:\/\/portaltela.pt\/noticias\/2026\/03\/06\/governo-da-islandia-propoe-referendo-em-agosto-sobre-adesao-a-ue\/\",\"name\":\"Governo da Isl\u00e2ndia prop\u00f5e referendo em agosto sobre ades\u00e3o \u00e0 UE - Portal Tela Portugal\",\"isPartOf\":{\"@id\":\"https:\/\/portaltela.pt\/#website\"},\"primaryImageOfPage\":{\"@id\":\"https:\/\/portaltela.pt\/noticias\/2026\/03\/06\/governo-da-islandia-propoe-referendo-em-agosto-sobre-adesao-a-ue\/#primaryimage\"},\"image\":{\"@id\":\"https:\/\/portaltela.pt\/noticias\/2026\/03\/06\/governo-da-islandia-propoe-referendo-em-agosto-sobre-adesao-a-ue\/#primaryimage\"},\"thumbnailUrl\":\"https:\/\/portaltela.pt\/s.01k8rhncp4jt1\/2026\/03\/img_1280x721uu2015-05-14-14-25-00-452579.jpg\",\"datePublished\":\"2026-03-06T12:46:01+00:00\",\"author\":{\"@id\":\"https:\/\/portaltela.pt\/#\/schema\/person\/c4278d4a6028830caff9ee44b42d32ed\"},\"breadcrumb\":{\"@id\":\"https:\/\/portaltela.pt\/noticias\/2026\/03\/06\/governo-da-islandia-propoe-referendo-em-agosto-sobre-adesao-a-ue\/#breadcrumb\"},\"inLanguage\":\"pt-PT\",\"potentialAction\":[{\"@type\":\"ReadAction\",\"target\":[\"https:\/\/portaltela.pt\/noticias\/2026\/03\/06\/governo-da-islandia-propoe-referendo-em-agosto-sobre-adesao-a-ue\/\"]}]},{\"@type\":\"ImageObject\",\"inLanguage\":\"pt-PT\",\"@id\":\"https:\/\/portaltela.pt\/noticias\/2026\/03\/06\/governo-da-islandia-propoe-referendo-em-agosto-sobre-adesao-a-ue\/#primaryimage\",\"url\":\"https:\/\/portaltela.pt\/s.01k8rhncp4jt1\/2026\/03\/img_1280x721uu2015-05-14-14-25-00-452579.jpg\",\"contentUrl\":\"https:\/\/portaltela.pt\/s.01k8rhncp4jt1\/2026\/03\/img_1280x721uu2015-05-14-14-25-00-452579.jpg\",\"width\":796,\"height\":448,\"caption\":\"Photo\"},{\"@type\":\"BreadcrumbList\",\"@id\":\"https:\/\/portaltela.pt\/noticias\/2026\/03\/06\/governo-da-islandia-propoe-referendo-em-agosto-sobre-adesao-a-ue\/#breadcrumb\",\"itemListElement\":[{\"@type\":\"ListItem\",\"position\":1,\"name\":\"In\u00edcio\",\"item\":\"https:\/\/portaltela.pt\/\"},{\"@type\":\"ListItem\",\"position\":2,\"name\":\"Governo da Isl\u00e2ndia prop\u00f5e referendo em agosto sobre ades\u00e3o \u00e0 UE\"}]},{\"@type\":\"WebSite\",\"@id\":\"https:\/\/portaltela.pt\/#website\",\"url\":\"https:\/\/portaltela.pt\/\",\"name\":\"Portal Tela Portugal\",\"description\":\"\",\"potentialAction\":[{\"@type\":\"SearchAction\",\"target\":{\"@type\":\"EntryPoint\",\"urlTemplate\":\"https:\/\/portaltela.pt\/?s={search_term_string}\"},\"query-input\":{\"@type\":\"PropertyValueSpecification\",\"valueRequired\":true,\"valueName\":\"search_term_string\"}}],\"inLanguage\":\"pt-PT\"},{\"@type\":\"Person\",\"@id\":\"https:\/\/portaltela.pt\/#\/schema\/person\/c4278d4a6028830caff9ee44b42d32ed\",\"name\":\"Telinha\",\"image\":{\"@type\":\"ImageObject\",\"inLanguage\":\"pt-PT\",\"@id\":\"https:\/\/portaltela.pt\/s.01k8rhncp4jt1\/2025\/11\/talking-bot-125x125.png\",\"url\":\"https:\/\/portaltela.pt\/s.01k8rhncp4jt1\/2025\/11\/talking-bot-125x125.png\",\"contentUrl\":\"https:\/\/portaltela.pt\/s.01k8rhncp4jt1\/2025\/11\/talking-bot-125x125.png\",\"caption\":\"Telinha\"},\"sameAs\":[\"https:\/\/portaltela.pt\/\"],\"url\":\"https:\/\/portaltela.pt\/por\/367410592786\/\"}]}<\/script>\n<!-- \/ Yoast SEO plugin. -->","yoast_head_json":{"title":"Governo da Isl\u00e2ndia prop\u00f5e referendo em agosto sobre ades\u00e3o \u00e0 UE - Portal Tela Portugal","robots":{"index":"index","follow":"follow","max-snippet":"max-snippet:-1","max-image-preview":"max-image-preview:large","max-video-preview":"max-video-preview:-1"},"og_locale":"pt_PT","og_type":"article","og_title":"Governo da Isl\u00e2ndia prop\u00f5e referendo em agosto sobre ades\u00e3o \u00e0 UE - Portal Tela Portugal","og_description":"Governo da Isl\u00e2ndia prop\u00f5e ao parlamento um referendo sobre ades\u00e3o \u00e0 Uni\u00e3o Europeia para 29 de agosto. A iniciativa surge ap\u00f3s as negocia\u00e7\u00f5es com Bruxelas terem sido suspensas em 2015. A proposta deve ser apresentada na pr\u00f3xima semana pela ministra dos Neg\u00f3cios Estrangeiros, Thorgerdur Katrin Gunnarsdottir. A Isl\u00e2ndia apresentou o pedido de ades\u00e3o \u00e0 UE em 2009, ap\u00f3s a crise financeira que afetou a regi\u00e3o. O an\u00fancio ocorre em contexto de debates sobre o alinhamento econ\u00f3mico e pol\u00edtico do pa\u00eds com a Uni\u00e3o Europeia.","og_url":"https:\/\/portaltela.pt\/noticias\/2026\/03\/06\/governo-da-islandia-propoe-referendo-em-agosto-sobre-adesao-a-ue\/","og_site_name":"Portal Tela Portugal","article_published_time":"2026-03-06T12:46:01+00:00","author":"Telinha","twitter_card":"summary_large_image","twitter_misc":{"Escrito por":"Telinha","Tempo estimado de leitura":"1 minuto"},"schema":{"@context":"https:\/\/schema.org","@graph":[{"@type":"Article","@id":"https:\/\/portaltela.pt\/noticias\/2026\/03\/06\/governo-da-islandia-propoe-referendo-em-agosto-sobre-adesao-a-ue\/#article","isPartOf":{"@id":"https:\/\/portaltela.pt\/noticias\/2026\/03\/06\/governo-da-islandia-propoe-referendo-em-agosto-sobre-adesao-a-ue\/"},"author":{"name":"Telinha","@id":"https:\/\/portaltela.pt\/#\/schema\/person\/c4278d4a6028830caff9ee44b42d32ed"},"headline":"Governo da Isl\u00e2ndia prop\u00f5e referendo em agosto sobre ades\u00e3o \u00e0 UE","datePublished":"2026-03-06T12:46:01+00:00","mainEntityOfPage":{"@id":"https:\/\/portaltela.pt\/noticias\/2026\/03\/06\/governo-da-islandia-propoe-referendo-em-agosto-sobre-adesao-a-ue\/"},"wordCount":153,"image":{"@id":"https:\/\/portaltela.pt\/noticias\/2026\/03\/06\/governo-da-islandia-propoe-referendo-em-agosto-sobre-adesao-a-ue\/#primaryimage"},"thumbnailUrl":"https:\/\/portaltela.pt\/s.01k8rhncp4jt1\/2026\/03\/img_1280x721uu2015-05-14-14-25-00-452579.jpg","keywords":["ades\u00e3o","Europa","Isl\u00e2ndia","pol\u00edtica","rela\u00e7\u00f5es internacionais","Uni\u00e3o Europeia"],"articleSection":["Internacional","Not\u00edcias"],"inLanguage":"pt-PT"},{"@type":"WebPage","@id":"https:\/\/portaltela.pt\/noticias\/2026\/03\/06\/governo-da-islandia-propoe-referendo-em-agosto-sobre-adesao-a-ue\/","url":"https:\/\/portaltela.pt\/noticias\/2026\/03\/06\/governo-da-islandia-propoe-referendo-em-agosto-sobre-adesao-a-ue\/","name":"Governo da Isl\u00e2ndia prop\u00f5e referendo em agosto sobre ades\u00e3o \u00e0 UE - Portal Tela Portugal","isPartOf":{"@id":"https:\/\/portaltela.pt\/#website"},"primaryImageOfPage":{"@id":"https:\/\/portaltela.pt\/noticias\/2026\/03\/06\/governo-da-islandia-propoe-referendo-em-agosto-sobre-adesao-a-ue\/#primaryimage"},"image":{"@id":"https:\/\/portaltela.pt\/noticias\/2026\/03\/06\/governo-da-islandia-propoe-referendo-em-agosto-sobre-adesao-a-ue\/#primaryimage"},"thumbnailUrl":"https:\/\/portaltela.pt\/s.01k8rhncp4jt1\/2026\/03\/img_1280x721uu2015-05-14-14-25-00-452579.jpg","datePublished":"2026-03-06T12:46:01+00:00","author":{"@id":"https:\/\/portaltela.pt\/#\/schema\/person\/c4278d4a6028830caff9ee44b42d32ed"},"breadcrumb":{"@id":"https:\/\/portaltela.pt\/noticias\/2026\/03\/06\/governo-da-islandia-propoe-referendo-em-agosto-sobre-adesao-a-ue\/#breadcrumb"},"inLanguage":"pt-PT","potentialAction":[{"@type":"ReadAction","target":["https:\/\/portaltela.pt\/noticias\/2026\/03\/06\/governo-da-islandia-propoe-referendo-em-agosto-sobre-adesao-a-ue\/"]}]},{"@type":"ImageObject","inLanguage":"pt-PT","@id":"https:\/\/portaltela.pt\/noticias\/2026\/03\/06\/governo-da-islandia-propoe-referendo-em-agosto-sobre-adesao-a-ue\/#primaryimage","url":"https:\/\/portaltela.pt\/s.01k8rhncp4jt1\/2026\/03\/img_1280x721uu2015-05-14-14-25-00-452579.jpg","contentUrl":"https:\/\/portaltela.pt\/s.01k8rhncp4jt1\/2026\/03\/img_1280x721uu2015-05-14-14-25-00-452579.jpg","width":796,"height":448,"caption":"Photo"},{"@type":"BreadcrumbList","@id":"https:\/\/portaltela.pt\/noticias\/2026\/03\/06\/governo-da-islandia-propoe-referendo-em-agosto-sobre-adesao-a-ue\/#breadcrumb","itemListElement":[{"@type":"ListItem","position":1,"name":"In\u00edcio","item":"https:\/\/portaltela.pt\/"},{"@type":"ListItem","position":2,"name":"Governo da Isl\u00e2ndia prop\u00f5e referendo em agosto sobre ades\u00e3o \u00e0 UE"}]},{"@type":"WebSite","@id":"https:\/\/portaltela.pt\/#website","url":"https:\/\/portaltela.pt\/","name":"Portal Tela Portugal","description":"","potentialAction":[{"@type":"SearchAction","target":{"@type":"EntryPoint","urlTemplate":"https:\/\/portaltela.pt\/?s={search_term_string}"},"query-input":{"@type":"PropertyValueSpecification","valueRequired":true,"valueName":"search_term_string"}}],"inLanguage":"pt-PT"},{"@type":"Person","@id":"https:\/\/portaltela.pt\/#\/schema\/person\/c4278d4a6028830caff9ee44b42d32ed","name":"Telinha","image":{"@type":"ImageObject","inLanguage":"pt-PT","@id":"https:\/\/portaltela.pt\/s.01k8rhncp4jt1\/2025\/11\/talking-bot-125x125.png","url":"https:\/\/portaltela.pt\/s.01k8rhncp4jt1\/2025\/11\/talking-bot-125x125.png","contentUrl":"https:\/\/portaltela.pt\/s.01k8rhncp4jt1\/2025\/11\/talking-bot-125x125.png","caption":"Telinha"},"sameAs":["https:\/\/portaltela.pt\/"],"url":"https:\/\/portaltela.pt\/por\/367410592786\/"}]}},"_links":{"self":[{"href":"https:\/\/portaltela.pt\/api\/wp\/v2\/posts\/400050","targetHints":{"allow":["GET"]}}],"collection":[{"href":"https:\/\/portaltela.pt\/api\/wp\/v2\/posts"}],"about":[{"href":"https:\/\/portaltela.pt\/api\/wp\/v2\/types\/post"}],"author":[{"embeddable":true,"href":"https:\/\/portaltela.pt\/api\/wp\/v2\/users\/2"}],"replies":[{"embeddable":true,"href":"https:\/\/portaltela.pt\/api\/wp\/v2\/comments?post=400050"}],"version-history":[{"count":0,"href":"https:\/\/portaltela.pt\/api\/wp\/v2\/posts\/400050\/revisions"}],"wp:featuredmedia":[{"embeddable":true,"href":"https:\/\/portaltela.pt\/api\/wp\/v2\/media\/400052"}],"wp:attachment":[{"href":"https:\/\/portaltela.pt\/api\/wp\/v2\/media?parent=400050"}],"wp:term":[{"taxonomy":"category","embeddable":true,"href":"https:\/\/portaltela.pt\/api\/wp\/v2\/categories?post=400050"},{"taxonomy":"post_tag","embeddable":true,"href":"https:\/\/portaltela.pt\/api\/wp\/v2\/tags?post=400050"}],"curies":[{"name":"wp","href":"https:\/\/api.w.org\/{rel}","templated":true}]}}