{"id":400040,"date":"2026-03-06T09:44:21","date_gmt":"2026-03-06T12:44:21","guid":{"rendered":"https:\/\/portaltela.pt\/noticias\/2026\/03\/06\/presidente-da-comissao-europeia-alerta-para-dependencia-de-energia-da-ue\/"},"modified":"2026-03-06T09:44:21","modified_gmt":"2026-03-06T12:44:21","slug":"presidente-da-comissao-europeia-alerta-para-dependencia-de-energia-da-ue","status":"publish","type":"post","link":"https:\/\/portaltela.pt\/noticias\/internacional\/2026\/03\/06\/presidente-da-comissao-europeia-alerta-para-dependencia-de-energia-da-ue\/","title":{"rendered":"Presidente da Comiss\u00e3o Europeia alerta para depend\u00eancia de energia da UE"},"content":{"rendered":"<p>A Comiss\u00e3o Europeia promoveu nesta sexta-feira um debate sobre os pre\u00e7os da energia, com a participa\u00e7\u00e3o do diretor da Ag\u00eancia Internacional de Energia, Fatih Birol. A reuni\u00e3o reuniu o col\u00e9gio de comiss\u00e1rios numa altura em que a guerra entre EUA, Israel e Ir\u00e3o domina as aten\u00e7\u00f5es, e os pre\u00e7os da energia sobem no mercado.<\/p>\n<p>A presidente da Comiss\u00e3o, Ursula von der Leyen, afirmou que o impacto da ofensiva no M\u00e9dio Oriente exp\u00f5e a depend\u00eancia excessiva da UE em g\u00e1s e petr\u00f3leo importados. A frase foi publicada pela chefe do executivo europeu na rede social X.<\/p>\n<p>Apesar de o sistema energ\u00e9tico comunit\u00e1rio estar mais limpo, diversificado e est\u00e1vel do que no passado, os riscos associados \u00e0 depend\u00eancia de combust\u00edveis f\u00f3sseis continuam presentes, explicou von der Leyen. A respons\u00e1vel destacou a necessidade de acelerar a transi\u00e7\u00e3o para energia mais limpa e produzida internamente.<\/p>\n<p>A comiss\u00e3o sublinhou que a reuni\u00e3o, antecipada antes do in\u00edcio do conflito, ocorre num momento em que o petr\u00f3leo regista aumentos superiores a 10% e o g\u00e1s europeu enfrenta subida acentuada. A prioridade \u00e9 manter a seguran\u00e7a energ\u00e9tica e estabilizar os pre\u00e7os para consumidores e empresas.<\/p>\n<p>A presidente reconheceu o papel dos investimentos em tecnologias limpas e na produ\u00e7\u00e3o de energia interna como parte essencial da resili\u00eancia europeia. A meta \u00e9 melhorar o funcionamento do mercado, ampliar a competitividade e reduzir a vulnerabilidade a choques externos.<\/p>\n<p>Fatih Birol participou na sess\u00e3o de orienta\u00e7\u00e3o, cuja participa\u00e7\u00e3o foi considerada valiosa para orientar as decis\u00f5es da UE, segundo a presidente da Comiss\u00e3o. A reuni\u00e3o procurou alinhar estrat\u00e9gias da UE para enfrentar um poss\u00edvel agravamento das condi\u00e7\u00f5es energ\u00e9ticas globais.<\/p>\n<p>Peritos do Grupo de Coordena\u00e7\u00e3o do G\u00e1s da UE indicaram, ainda na quarta-feira, que o abastecimento de g\u00e1s na UE permanece est\u00e1vel e sem impactos na seguran\u00e7a de fornecimento, mesmo com tens\u00f5es no M\u00e9dio Oriente. O grupo tamb\u00e9m avaliou medidas para evitar crises similares \u00e0 de 2022.<\/p>\n<p>Mesmo assim, persiste o temor de retrocessos energ\u00e9ticos se a instabilidade geopol\u00edtica se intensificar. A UE depende de importa\u00e7\u00f5es de mercados globais, alguns ligados ao M\u00e9dio Oriente, o que pode influenciar a oferta e os pre\u00e7os energ\u00e9ticos.<\/p>\n<p>Um potencial agravamento, especialmente no Estreito de Ormuz, pode afetar a produ\u00e7\u00e3o e o transporte de petr\u00f3leo, provocando choques nos mercados internacionais. Al\u00e9m disso, a incerteza geopol\u00edtica tende a elevar os pre\u00e7os da energia, com efeitos indiretos na eletricidade, no transporte e na ind\u00fastria.<\/p>\n<p>A UE continua a monitorizar a evolu\u00e7\u00e3o do cen\u00e1rio energ\u00e9tico, mantendo contacto com parceiros internacionais e adotando medidas para assegurar o abastecimento est\u00e1vel e acess\u00edvel, sem recorrer a conclus\u00f5es ou posicionamentos pol\u00edticos.<\/p>\n","protected":false},"excerpt":{"rendered":"<ul>\n<li>A presidente da Comiss\u00e3o Europeia, Ursula von der Leyen, disse que o impacto da guerra no M\u00e9dio Oriente exp\u00f5e depend\u00eancia excessiva de g\u00e1s e petr\u00f3leo importados.<\/li>\n<li>A UE promoveu um debate sobre pre\u00e7os da energia com Fatih Birol, diretor da Ag\u00eancia Internacional de Energia.<\/li>\n<li>O debate ocorreu num contexto de subida do pre\u00e7o do petr\u00f3leo superior a dez por cento e de aumentos acentuados no g\u00e1s na Uni\u00e3o Europeia.<\/li>\n<li>Von der Leyen pediu para melhorar o funcionamento do mercado energ\u00e9tico e investir em tecnologias limpas para seguran\u00e7a energ\u00e9tica, acessibilidade e competitividade.<\/li>\n<li>Peritos destacaram que o abastecimento de g\u00e1s na UE est\u00e1 est\u00e1vel, mas teme-se uma repeti\u00e7\u00e3o da crise energ\u00e9tica de 2022 caso haja escalada no M\u00e9dio Oriente ou interrup\u00e7\u00f5es no Estreito de Ormuz.<\/li>\n<\/ul>\n","protected":false},"author":2,"featured_media":400044,"comment_status":"closed","ping_status":"closed","sticky":false,"template":"","format":"standard","meta":{"footnotes":""},"categories":[4,1],"tags":[28,174,5231,3603,5698,4635],"class_list":["post-400040","post","type-post","status-publish","format-standard","has-post-thumbnail","hentry","category-internacional","category-noticias","tag-economia","tag-energia","tag-energia-sustentavel","tag-energias-renovaveis","tag-politica-internacional","tag-producao-energetica-verde"],"yoast_head":"<!-- This site is optimized with the Yoast SEO plugin v27.2 - https:\/\/yoast.com\/product\/yoast-seo-wordpress\/ -->\n<title>Presidente da Comiss\u00e3o Europeia alerta para depend\u00eancia de energia da UE - Portal Tela Portugal<\/title>\n<meta name=\"robots\" content=\"index, follow, max-snippet:-1, max-image-preview:large, max-video-preview:-1\" \/>\n<meta property=\"og:locale\" content=\"pt_PT\" \/>\n<meta property=\"og:type\" content=\"article\" \/>\n<meta property=\"og:title\" content=\"Presidente da Comiss\u00e3o Europeia alerta para depend\u00eancia de energia da UE - Portal Tela Portugal\" \/>\n<meta property=\"og:description\" content=\"A presidente da Comiss\u00e3o Europeia, Ursula von der Leyen, disse que o impacto da guerra no M\u00e9dio Oriente exp\u00f5e depend\u00eancia excessiva de g\u00e1s e petr\u00f3leo importados. A UE promoveu um debate sobre pre\u00e7os da energia com Fatih Birol, diretor da Ag\u00eancia Internacional de Energia. O debate ocorreu num contexto de subida do pre\u00e7o do petr\u00f3leo superior a dez por cento e de aumentos acentuados no g\u00e1s na Uni\u00e3o Europeia. Von der Leyen pediu para melhorar o funcionamento do mercado energ\u00e9tico e investir em tecnologias limpas para seguran\u00e7a energ\u00e9tica, acessibilidade e competitividade. Peritos destacaram que o abastecimento de g\u00e1s na UE est\u00e1 est\u00e1vel, mas teme-se uma repeti\u00e7\u00e3o da crise energ\u00e9tica de 2022 caso haja escalada no M\u00e9dio Oriente ou interrup\u00e7\u00f5es no Estreito de Ormuz.\" \/>\n<meta property=\"og:url\" content=\"https:\/\/portaltela.pt\/noticias\/2026\/03\/06\/presidente-da-comissao-europeia-alerta-para-dependencia-de-energia-da-ue\/\" \/>\n<meta property=\"og:site_name\" content=\"Portal Tela Portugal\" \/>\n<meta property=\"article:published_time\" content=\"2026-03-06T12:44:21+00:00\" \/>\n<meta name=\"author\" content=\"Telinha\" \/>\n<meta name=\"twitter:card\" content=\"summary_large_image\" \/>\n<meta name=\"twitter:label1\" content=\"Escrito por\" \/>\n\t<meta name=\"twitter:data1\" content=\"Telinha\" \/>\n\t<meta name=\"twitter:label2\" content=\"Tempo estimado de leitura\" \/>\n\t<meta name=\"twitter:data2\" content=\"2 minutos\" \/>\n<script type=\"application\/ld+json\" class=\"yoast-schema-graph\">{\"@context\":\"https:\/\/schema.org\",\"@graph\":[{\"@type\":\"Article\",\"@id\":\"https:\/\/portaltela.pt\/noticias\/2026\/03\/06\/presidente-da-comissao-europeia-alerta-para-dependencia-de-energia-da-ue\/#article\",\"isPartOf\":{\"@id\":\"https:\/\/portaltela.pt\/noticias\/2026\/03\/06\/presidente-da-comissao-europeia-alerta-para-dependencia-de-energia-da-ue\/\"},\"author\":{\"name\":\"Telinha\",\"@id\":\"https:\/\/portaltela.pt\/#\/schema\/person\/c4278d4a6028830caff9ee44b42d32ed\"},\"headline\":\"Presidente da Comiss\u00e3o Europeia alerta para depend\u00eancia de energia da UE\",\"datePublished\":\"2026-03-06T12:44:21+00:00\",\"mainEntityOfPage\":{\"@id\":\"https:\/\/portaltela.pt\/noticias\/2026\/03\/06\/presidente-da-comissao-europeia-alerta-para-dependencia-de-energia-da-ue\/\"},\"wordCount\":504,\"image\":{\"@id\":\"https:\/\/portaltela.pt\/noticias\/2026\/03\/06\/presidente-da-comissao-europeia-alerta-para-dependencia-de-energia-da-ue\/#primaryimage\"},\"thumbnailUrl\":\"https:\/\/portaltela.pt\/s.01k8rhncp4jt1\/2026\/03\/img_1500x1000uu2026-01-02-11-07-40-2257591.jpg\",\"keywords\":[\"economia\",\"energia\",\"Energia sustent\u00e1vel\",\"energias renov\u00e1veis\",\"pol\u00edtica internacional\",\"Produ\u00e7\u00e3o Energ\u00e9tica Verde\"],\"articleSection\":[\"Internacional\",\"Not\u00edcias\"],\"inLanguage\":\"pt-PT\"},{\"@type\":\"WebPage\",\"@id\":\"https:\/\/portaltela.pt\/noticias\/2026\/03\/06\/presidente-da-comissao-europeia-alerta-para-dependencia-de-energia-da-ue\/\",\"url\":\"https:\/\/portaltela.pt\/noticias\/2026\/03\/06\/presidente-da-comissao-europeia-alerta-para-dependencia-de-energia-da-ue\/\",\"name\":\"Presidente da Comiss\u00e3o Europeia alerta para depend\u00eancia de energia da UE - Portal Tela Portugal\",\"isPartOf\":{\"@id\":\"https:\/\/portaltela.pt\/#website\"},\"primaryImageOfPage\":{\"@id\":\"https:\/\/portaltela.pt\/noticias\/2026\/03\/06\/presidente-da-comissao-europeia-alerta-para-dependencia-de-energia-da-ue\/#primaryimage\"},\"image\":{\"@id\":\"https:\/\/portaltela.pt\/noticias\/2026\/03\/06\/presidente-da-comissao-europeia-alerta-para-dependencia-de-energia-da-ue\/#primaryimage\"},\"thumbnailUrl\":\"https:\/\/portaltela.pt\/s.01k8rhncp4jt1\/2026\/03\/img_1500x1000uu2026-01-02-11-07-40-2257591.jpg\",\"datePublished\":\"2026-03-06T12:44:21+00:00\",\"author\":{\"@id\":\"https:\/\/portaltela.pt\/#\/schema\/person\/c4278d4a6028830caff9ee44b42d32ed\"},\"breadcrumb\":{\"@id\":\"https:\/\/portaltela.pt\/noticias\/2026\/03\/06\/presidente-da-comissao-europeia-alerta-para-dependencia-de-energia-da-ue\/#breadcrumb\"},\"inLanguage\":\"pt-PT\",\"potentialAction\":[{\"@type\":\"ReadAction\",\"target\":[\"https:\/\/portaltela.pt\/noticias\/2026\/03\/06\/presidente-da-comissao-europeia-alerta-para-dependencia-de-energia-da-ue\/\"]}]},{\"@type\":\"ImageObject\",\"inLanguage\":\"pt-PT\",\"@id\":\"https:\/\/portaltela.pt\/noticias\/2026\/03\/06\/presidente-da-comissao-europeia-alerta-para-dependencia-de-energia-da-ue\/#primaryimage\",\"url\":\"https:\/\/portaltela.pt\/s.01k8rhncp4jt1\/2026\/03\/img_1500x1000uu2026-01-02-11-07-40-2257591.jpg\",\"contentUrl\":\"https:\/\/portaltela.pt\/s.01k8rhncp4jt1\/2026\/03\/img_1500x1000uu2026-01-02-11-07-40-2257591.jpg\",\"width\":796,\"height\":448,\"caption\":\"Ursula von der Leyen, presidente da Comiss\u00e3o Europeia\"},{\"@type\":\"BreadcrumbList\",\"@id\":\"https:\/\/portaltela.pt\/noticias\/2026\/03\/06\/presidente-da-comissao-europeia-alerta-para-dependencia-de-energia-da-ue\/#breadcrumb\",\"itemListElement\":[{\"@type\":\"ListItem\",\"position\":1,\"name\":\"In\u00edcio\",\"item\":\"https:\/\/portaltela.pt\/\"},{\"@type\":\"ListItem\",\"position\":2,\"name\":\"Presidente da Comiss\u00e3o Europeia alerta para depend\u00eancia de energia da UE\"}]},{\"@type\":\"WebSite\",\"@id\":\"https:\/\/portaltela.pt\/#website\",\"url\":\"https:\/\/portaltela.pt\/\",\"name\":\"Portal Tela Portugal\",\"description\":\"\",\"potentialAction\":[{\"@type\":\"SearchAction\",\"target\":{\"@type\":\"EntryPoint\",\"urlTemplate\":\"https:\/\/portaltela.pt\/?s={search_term_string}\"},\"query-input\":{\"@type\":\"PropertyValueSpecification\",\"valueRequired\":true,\"valueName\":\"search_term_string\"}}],\"inLanguage\":\"pt-PT\"},{\"@type\":\"Person\",\"@id\":\"https:\/\/portaltela.pt\/#\/schema\/person\/c4278d4a6028830caff9ee44b42d32ed\",\"name\":\"Telinha\",\"image\":{\"@type\":\"ImageObject\",\"inLanguage\":\"pt-PT\",\"@id\":\"https:\/\/portaltela.pt\/s.01k8rhncp4jt1\/2025\/11\/talking-bot-125x125.png\",\"url\":\"https:\/\/portaltela.pt\/s.01k8rhncp4jt1\/2025\/11\/talking-bot-125x125.png\",\"contentUrl\":\"https:\/\/portaltela.pt\/s.01k8rhncp4jt1\/2025\/11\/talking-bot-125x125.png\",\"caption\":\"Telinha\"},\"sameAs\":[\"https:\/\/portaltela.pt\/\"],\"url\":\"https:\/\/portaltela.pt\/por\/367410592786\/\"}]}<\/script>\n<!-- \/ Yoast SEO plugin. -->","yoast_head_json":{"title":"Presidente da Comiss\u00e3o Europeia alerta para depend\u00eancia de energia da UE - Portal Tela Portugal","robots":{"index":"index","follow":"follow","max-snippet":"max-snippet:-1","max-image-preview":"max-image-preview:large","max-video-preview":"max-video-preview:-1"},"og_locale":"pt_PT","og_type":"article","og_title":"Presidente da Comiss\u00e3o Europeia alerta para depend\u00eancia de energia da UE - Portal Tela Portugal","og_description":"A presidente da Comiss\u00e3o Europeia, Ursula von der Leyen, disse que o impacto da guerra no M\u00e9dio Oriente exp\u00f5e depend\u00eancia excessiva de g\u00e1s e petr\u00f3leo importados. A UE promoveu um debate sobre pre\u00e7os da energia com Fatih Birol, diretor da Ag\u00eancia Internacional de Energia. O debate ocorreu num contexto de subida do pre\u00e7o do petr\u00f3leo superior a dez por cento e de aumentos acentuados no g\u00e1s na Uni\u00e3o Europeia. Von der Leyen pediu para melhorar o funcionamento do mercado energ\u00e9tico e investir em tecnologias limpas para seguran\u00e7a energ\u00e9tica, acessibilidade e competitividade. Peritos destacaram que o abastecimento de g\u00e1s na UE est\u00e1 est\u00e1vel, mas teme-se uma repeti\u00e7\u00e3o da crise energ\u00e9tica de 2022 caso haja escalada no M\u00e9dio Oriente ou interrup\u00e7\u00f5es no Estreito de Ormuz.","og_url":"https:\/\/portaltela.pt\/noticias\/2026\/03\/06\/presidente-da-comissao-europeia-alerta-para-dependencia-de-energia-da-ue\/","og_site_name":"Portal Tela Portugal","article_published_time":"2026-03-06T12:44:21+00:00","author":"Telinha","twitter_card":"summary_large_image","twitter_misc":{"Escrito por":"Telinha","Tempo estimado de leitura":"2 minutos"},"schema":{"@context":"https:\/\/schema.org","@graph":[{"@type":"Article","@id":"https:\/\/portaltela.pt\/noticias\/2026\/03\/06\/presidente-da-comissao-europeia-alerta-para-dependencia-de-energia-da-ue\/#article","isPartOf":{"@id":"https:\/\/portaltela.pt\/noticias\/2026\/03\/06\/presidente-da-comissao-europeia-alerta-para-dependencia-de-energia-da-ue\/"},"author":{"name":"Telinha","@id":"https:\/\/portaltela.pt\/#\/schema\/person\/c4278d4a6028830caff9ee44b42d32ed"},"headline":"Presidente da Comiss\u00e3o Europeia alerta para depend\u00eancia de energia da UE","datePublished":"2026-03-06T12:44:21+00:00","mainEntityOfPage":{"@id":"https:\/\/portaltela.pt\/noticias\/2026\/03\/06\/presidente-da-comissao-europeia-alerta-para-dependencia-de-energia-da-ue\/"},"wordCount":504,"image":{"@id":"https:\/\/portaltela.pt\/noticias\/2026\/03\/06\/presidente-da-comissao-europeia-alerta-para-dependencia-de-energia-da-ue\/#primaryimage"},"thumbnailUrl":"https:\/\/portaltela.pt\/s.01k8rhncp4jt1\/2026\/03\/img_1500x1000uu2026-01-02-11-07-40-2257591.jpg","keywords":["economia","energia","Energia sustent\u00e1vel","energias renov\u00e1veis","pol\u00edtica internacional","Produ\u00e7\u00e3o Energ\u00e9tica Verde"],"articleSection":["Internacional","Not\u00edcias"],"inLanguage":"pt-PT"},{"@type":"WebPage","@id":"https:\/\/portaltela.pt\/noticias\/2026\/03\/06\/presidente-da-comissao-europeia-alerta-para-dependencia-de-energia-da-ue\/","url":"https:\/\/portaltela.pt\/noticias\/2026\/03\/06\/presidente-da-comissao-europeia-alerta-para-dependencia-de-energia-da-ue\/","name":"Presidente da Comiss\u00e3o Europeia alerta para depend\u00eancia de energia da UE - Portal Tela Portugal","isPartOf":{"@id":"https:\/\/portaltela.pt\/#website"},"primaryImageOfPage":{"@id":"https:\/\/portaltela.pt\/noticias\/2026\/03\/06\/presidente-da-comissao-europeia-alerta-para-dependencia-de-energia-da-ue\/#primaryimage"},"image":{"@id":"https:\/\/portaltela.pt\/noticias\/2026\/03\/06\/presidente-da-comissao-europeia-alerta-para-dependencia-de-energia-da-ue\/#primaryimage"},"thumbnailUrl":"https:\/\/portaltela.pt\/s.01k8rhncp4jt1\/2026\/03\/img_1500x1000uu2026-01-02-11-07-40-2257591.jpg","datePublished":"2026-03-06T12:44:21+00:00","author":{"@id":"https:\/\/portaltela.pt\/#\/schema\/person\/c4278d4a6028830caff9ee44b42d32ed"},"breadcrumb":{"@id":"https:\/\/portaltela.pt\/noticias\/2026\/03\/06\/presidente-da-comissao-europeia-alerta-para-dependencia-de-energia-da-ue\/#breadcrumb"},"inLanguage":"pt-PT","potentialAction":[{"@type":"ReadAction","target":["https:\/\/portaltela.pt\/noticias\/2026\/03\/06\/presidente-da-comissao-europeia-alerta-para-dependencia-de-energia-da-ue\/"]}]},{"@type":"ImageObject","inLanguage":"pt-PT","@id":"https:\/\/portaltela.pt\/noticias\/2026\/03\/06\/presidente-da-comissao-europeia-alerta-para-dependencia-de-energia-da-ue\/#primaryimage","url":"https:\/\/portaltela.pt\/s.01k8rhncp4jt1\/2026\/03\/img_1500x1000uu2026-01-02-11-07-40-2257591.jpg","contentUrl":"https:\/\/portaltela.pt\/s.01k8rhncp4jt1\/2026\/03\/img_1500x1000uu2026-01-02-11-07-40-2257591.jpg","width":796,"height":448,"caption":"Ursula von der Leyen, presidente da Comiss\u00e3o Europeia"},{"@type":"BreadcrumbList","@id":"https:\/\/portaltela.pt\/noticias\/2026\/03\/06\/presidente-da-comissao-europeia-alerta-para-dependencia-de-energia-da-ue\/#breadcrumb","itemListElement":[{"@type":"ListItem","position":1,"name":"In\u00edcio","item":"https:\/\/portaltela.pt\/"},{"@type":"ListItem","position":2,"name":"Presidente da Comiss\u00e3o Europeia alerta para depend\u00eancia de energia da UE"}]},{"@type":"WebSite","@id":"https:\/\/portaltela.pt\/#website","url":"https:\/\/portaltela.pt\/","name":"Portal Tela Portugal","description":"","potentialAction":[{"@type":"SearchAction","target":{"@type":"EntryPoint","urlTemplate":"https:\/\/portaltela.pt\/?s={search_term_string}"},"query-input":{"@type":"PropertyValueSpecification","valueRequired":true,"valueName":"search_term_string"}}],"inLanguage":"pt-PT"},{"@type":"Person","@id":"https:\/\/portaltela.pt\/#\/schema\/person\/c4278d4a6028830caff9ee44b42d32ed","name":"Telinha","image":{"@type":"ImageObject","inLanguage":"pt-PT","@id":"https:\/\/portaltela.pt\/s.01k8rhncp4jt1\/2025\/11\/talking-bot-125x125.png","url":"https:\/\/portaltela.pt\/s.01k8rhncp4jt1\/2025\/11\/talking-bot-125x125.png","contentUrl":"https:\/\/portaltela.pt\/s.01k8rhncp4jt1\/2025\/11\/talking-bot-125x125.png","caption":"Telinha"},"sameAs":["https:\/\/portaltela.pt\/"],"url":"https:\/\/portaltela.pt\/por\/367410592786\/"}]}},"_links":{"self":[{"href":"https:\/\/portaltela.pt\/api\/wp\/v2\/posts\/400040","targetHints":{"allow":["GET"]}}],"collection":[{"href":"https:\/\/portaltela.pt\/api\/wp\/v2\/posts"}],"about":[{"href":"https:\/\/portaltela.pt\/api\/wp\/v2\/types\/post"}],"author":[{"embeddable":true,"href":"https:\/\/portaltela.pt\/api\/wp\/v2\/users\/2"}],"replies":[{"embeddable":true,"href":"https:\/\/portaltela.pt\/api\/wp\/v2\/comments?post=400040"}],"version-history":[{"count":0,"href":"https:\/\/portaltela.pt\/api\/wp\/v2\/posts\/400040\/revisions"}],"wp:featuredmedia":[{"embeddable":true,"href":"https:\/\/portaltela.pt\/api\/wp\/v2\/media\/400044"}],"wp:attachment":[{"href":"https:\/\/portaltela.pt\/api\/wp\/v2\/media?parent=400040"}],"wp:term":[{"taxonomy":"category","embeddable":true,"href":"https:\/\/portaltela.pt\/api\/wp\/v2\/categories?post=400040"},{"taxonomy":"post_tag","embeddable":true,"href":"https:\/\/portaltela.pt\/api\/wp\/v2\/tags?post=400040"}],"curies":[{"name":"wp","href":"https:\/\/api.w.org\/{rel}","templated":true}]}}