{"id":400032,"date":"2026-03-06T09:29:00","date_gmt":"2026-03-06T12:29:00","guid":{"rendered":"https:\/\/portaltela.pt\/noticias\/2026\/03\/06\/guerra-no-irao-pode-aumentar-preco-do-gasoleo-em-mais-de-20-centimos\/"},"modified":"2026-03-06T09:29:00","modified_gmt":"2026-03-06T12:29:00","slug":"guerra-no-irao-pode-aumentar-preco-do-gasoleo-em-mais-de-20-centimos","status":"publish","type":"post","link":"https:\/\/portaltela.pt\/noticias\/economia\/2026\/03\/06\/guerra-no-irao-pode-aumentar-preco-do-gasoleo-em-mais-de-20-centimos\/","title":{"rendered":"Guerra no Ir\u00e3o pode aumentar pre\u00e7o do gas\u00f3leo em mais de 20 c\u00eantimos"},"content":{"rendered":"<p>O pulso econ\u00f3mico do conflito no Ir\u00e3o j\u00e1 marca o dia seguinte para os consumidores portugueses. O aumento dos pre\u00e7os do gas\u00f3leo \u00e9 estimado em cerca de 23 c\u00eantimos por litro, com uma subida menor na gasolina, segundo a Anarec.<\/p>\n<p>A associa\u00e7\u00e3o que representa os revendedores de combust\u00edveis disse que a varia\u00e7\u00e3o de pre\u00e7os dever\u00e1 entrar em vigor na segunda-feira, j\u00e1 com as decis\u00f5es a depender de cada operador at\u00e9 ao final da tarde de sexta-feira.<\/p>\n<p>A Anarec aponta ainda que, em alguns casos, o acr\u00e9scimo pode chegar aos 25 c\u00eantimos por litro. A evolu\u00e7\u00e3o dos mercados de petr\u00f3leo e de produtos refinados ditar\u00e1 o montante definitivo.<\/p>\n<p>O Intermarch\u00e9 j\u00e1 indicou que os aumentos na rede podem ficar em 19,3 c\u00eantimos no gas\u00f3leo e 5,96 c\u00eantimos na gasolina, embora haja varia\u00e7\u00f5es entre postos devido \u00e0 gest\u00e3o aut\u00f3noma.<\/p>\n<h3>Governo pode mitigar impacto<\/h3>\n<p>O Governo pode aliviar o pre\u00e7o para os consumidores atrav\u00e9s de um desconto tempor\u00e1rio no ISP, caso a subida supere 10 c\u00eantimos, conforme promessa do primeiro-ministro.<\/p>\n<p>O valor exato do desconto ainda n\u00e3o foi detalhado, mas pode igualar, em grande parte, o ganho fiscal com o IVA gerado pela subida. A medida depende de aprova\u00e7\u00e3o e dimens\u00e3o a implementar.<\/p>\n<p>Caso se aplique o desconto no ISP, o aumento l\u00edquido estimado para o gas\u00f3leo pode reduzir para cerca de 18 c\u00eantimos por litro, segundo c\u00e1lculos com base na subida prevista.<\/p>\n<p>Este cen\u00e1rio depende de como evolu\u00edrem os mercados at\u00e9 ao final da tarde de sexta-feira e da decis\u00e3o final de cada operador sobre os pre\u00e7os a aplicar na segunda-feira.<\/p>\n","protected":false},"excerpt":{"rendered":"<ul>\n<li>A Anarec estima que o gas\u00f3leo pode subir at\u00e9 23 c\u00eantimos por litro na segunda-feira, com a gasolina a registar um aumento de cerca de 7 c\u00eantimos; a atualiza\u00e7\u00e3o depende de cada operador.<\/li>\n<li>A decis\u00e3o final sobre o aumento ser\u00e1 tomada por cada empresa, com base na evolu\u00e7\u00e3o dos pre\u00e7os do petr\u00f3leo e de refinados at\u00e9 ao final da tarde de sexta-feira.<\/li>\n<li>O Intermarch\u00e9 indicou uma subida prevista de 19,3 c\u00eantimos no gas\u00f3leo e 5,96 c\u00eantimos na gasolina, admitindo varia\u00e7\u00f5es entre postos.<\/li>\n<li>O Governo pode mitigar o impacto com um desconto tempor\u00e1rio no ISP se a subida superar os dez c\u00eantimos; o valor exato do desconto ainda n\u00e3o foi confirmado.<\/li>\n<li>Se o gas\u00f3leo subir 23 c\u00eantimos por litro e o ISP for reduzido na mesma medida, o aumento para o consumidor pode ficar pr\u00f3ximo de 18 c\u00eantimos por litro.<\/li>\n<\/ul>\n","protected":false},"author":2,"featured_media":400035,"comment_status":"closed","ping_status":"closed","sticky":false,"template":"","format":"standard","meta":{"footnotes":""},"categories":[2,1],"tags":[2198,28,2722,34,3613,3327],"class_list":["post-400032","post","type-post","status-publish","format-standard","has-post-thumbnail","hentry","category-economia","category-noticias","tag-conflitos-internacionais","tag-economia","tag-gasoleo-colorido-e-marcado","tag-governo","tag-impostos","tag-iran"],"yoast_head":"<!-- This site is optimized with the Yoast SEO plugin v27.2 - https:\/\/yoast.com\/product\/yoast-seo-wordpress\/ -->\n<title>Guerra no Ir\u00e3o pode aumentar pre\u00e7o do gas\u00f3leo em mais de 20 c\u00eantimos - Portal Tela Portugal<\/title>\n<meta name=\"robots\" content=\"index, follow, max-snippet:-1, max-image-preview:large, max-video-preview:-1\" \/>\n<meta property=\"og:locale\" content=\"pt_PT\" \/>\n<meta property=\"og:type\" content=\"article\" \/>\n<meta property=\"og:title\" content=\"Guerra no Ir\u00e3o pode aumentar pre\u00e7o do gas\u00f3leo em mais de 20 c\u00eantimos - Portal Tela Portugal\" \/>\n<meta property=\"og:description\" content=\"A Anarec estima que o gas\u00f3leo pode subir at\u00e9 23 c\u00eantimos por litro na segunda-feira, com a gasolina a registar um aumento de cerca de 7 c\u00eantimos; a atualiza\u00e7\u00e3o depende de cada operador. A decis\u00e3o final sobre o aumento ser\u00e1 tomada por cada empresa, com base na evolu\u00e7\u00e3o dos pre\u00e7os do petr\u00f3leo e de refinados at\u00e9 ao final da tarde de sexta-feira. O Intermarch\u00e9 indicou uma subida prevista de 19,3 c\u00eantimos no gas\u00f3leo e 5,96 c\u00eantimos na gasolina, admitindo varia\u00e7\u00f5es entre postos. O Governo pode mitigar o impacto com um desconto tempor\u00e1rio no ISP se a subida superar os dez c\u00eantimos; o valor exato do desconto ainda n\u00e3o foi confirmado. Se o gas\u00f3leo subir 23 c\u00eantimos por litro e o ISP for reduzido na mesma medida, o aumento para o consumidor pode ficar pr\u00f3ximo de 18 c\u00eantimos por litro.\" \/>\n<meta property=\"og:url\" content=\"https:\/\/portaltela.pt\/noticias\/2026\/03\/06\/guerra-no-irao-pode-aumentar-preco-do-gasoleo-em-mais-de-20-centimos\/\" \/>\n<meta property=\"og:site_name\" content=\"Portal Tela Portugal\" \/>\n<meta property=\"article:published_time\" content=\"2026-03-06T12:29:00+00:00\" \/>\n<meta name=\"author\" content=\"Telinha\" \/>\n<meta name=\"twitter:card\" content=\"summary_large_image\" \/>\n<meta name=\"twitter:label1\" content=\"Escrito por\" \/>\n\t<meta name=\"twitter:data1\" content=\"Telinha\" \/>\n\t<meta name=\"twitter:label2\" content=\"Tempo estimado de leitura\" \/>\n\t<meta name=\"twitter:data2\" content=\"1 minuto\" \/>\n<script type=\"application\/ld+json\" class=\"yoast-schema-graph\">{\"@context\":\"https:\/\/schema.org\",\"@graph\":[{\"@type\":\"Article\",\"@id\":\"https:\/\/portaltela.pt\/noticias\/2026\/03\/06\/guerra-no-irao-pode-aumentar-preco-do-gasoleo-em-mais-de-20-centimos\/#article\",\"isPartOf\":{\"@id\":\"https:\/\/portaltela.pt\/noticias\/2026\/03\/06\/guerra-no-irao-pode-aumentar-preco-do-gasoleo-em-mais-de-20-centimos\/\"},\"author\":{\"name\":\"Telinha\",\"@id\":\"https:\/\/portaltela.pt\/#\/schema\/person\/c4278d4a6028830caff9ee44b42d32ed\"},\"headline\":\"Guerra no Ir\u00e3o pode aumentar pre\u00e7o do gas\u00f3leo em mais de 20 c\u00eantimos\",\"datePublished\":\"2026-03-06T12:29:00+00:00\",\"mainEntityOfPage\":{\"@id\":\"https:\/\/portaltela.pt\/noticias\/2026\/03\/06\/guerra-no-irao-pode-aumentar-preco-do-gasoleo-em-mais-de-20-centimos\/\"},\"wordCount\":302,\"image\":{\"@id\":\"https:\/\/portaltela.pt\/noticias\/2026\/03\/06\/guerra-no-irao-pode-aumentar-preco-do-gasoleo-em-mais-de-20-centimos\/#primaryimage\"},\"thumbnailUrl\":\"https:\/\/portaltela.pt\/s.01k8rhncp4jt1\/2026\/03\/2072222.jpg\",\"keywords\":[\"conflitos internacionais\",\"economia\",\"Gas\u00f3leo colorido e marcado\",\"governo\",\"impostos\",\"\u00cdr\u00e1n\"],\"articleSection\":[\"Economia\",\"Not\u00edcias\"],\"inLanguage\":\"pt-PT\"},{\"@type\":\"WebPage\",\"@id\":\"https:\/\/portaltela.pt\/noticias\/2026\/03\/06\/guerra-no-irao-pode-aumentar-preco-do-gasoleo-em-mais-de-20-centimos\/\",\"url\":\"https:\/\/portaltela.pt\/noticias\/2026\/03\/06\/guerra-no-irao-pode-aumentar-preco-do-gasoleo-em-mais-de-20-centimos\/\",\"name\":\"Guerra no Ir\u00e3o pode aumentar pre\u00e7o do gas\u00f3leo em mais de 20 c\u00eantimos - Portal Tela Portugal\",\"isPartOf\":{\"@id\":\"https:\/\/portaltela.pt\/#website\"},\"primaryImageOfPage\":{\"@id\":\"https:\/\/portaltela.pt\/noticias\/2026\/03\/06\/guerra-no-irao-pode-aumentar-preco-do-gasoleo-em-mais-de-20-centimos\/#primaryimage\"},\"image\":{\"@id\":\"https:\/\/portaltela.pt\/noticias\/2026\/03\/06\/guerra-no-irao-pode-aumentar-preco-do-gasoleo-em-mais-de-20-centimos\/#primaryimage\"},\"thumbnailUrl\":\"https:\/\/portaltela.pt\/s.01k8rhncp4jt1\/2026\/03\/2072222.jpg\",\"datePublished\":\"2026-03-06T12:29:00+00:00\",\"author\":{\"@id\":\"https:\/\/portaltela.pt\/#\/schema\/person\/c4278d4a6028830caff9ee44b42d32ed\"},\"breadcrumb\":{\"@id\":\"https:\/\/portaltela.pt\/noticias\/2026\/03\/06\/guerra-no-irao-pode-aumentar-preco-do-gasoleo-em-mais-de-20-centimos\/#breadcrumb\"},\"inLanguage\":\"pt-PT\",\"potentialAction\":[{\"@type\":\"ReadAction\",\"target\":[\"https:\/\/portaltela.pt\/noticias\/2026\/03\/06\/guerra-no-irao-pode-aumentar-preco-do-gasoleo-em-mais-de-20-centimos\/\"]}]},{\"@type\":\"ImageObject\",\"inLanguage\":\"pt-PT\",\"@id\":\"https:\/\/portaltela.pt\/noticias\/2026\/03\/06\/guerra-no-irao-pode-aumentar-preco-do-gasoleo-em-mais-de-20-centimos\/#primaryimage\",\"url\":\"https:\/\/portaltela.pt\/s.01k8rhncp4jt1\/2026\/03\/2072222.jpg\",\"contentUrl\":\"https:\/\/portaltela.pt\/s.01k8rhncp4jt1\/2026\/03\/2072222.jpg\",\"width\":796,\"height\":448,\"caption\":\"Pre\u00e7os dos combust\u00edveis dever\u00e3o subir na segunda-feira\"},{\"@type\":\"BreadcrumbList\",\"@id\":\"https:\/\/portaltela.pt\/noticias\/2026\/03\/06\/guerra-no-irao-pode-aumentar-preco-do-gasoleo-em-mais-de-20-centimos\/#breadcrumb\",\"itemListElement\":[{\"@type\":\"ListItem\",\"position\":1,\"name\":\"In\u00edcio\",\"item\":\"https:\/\/portaltela.pt\/\"},{\"@type\":\"ListItem\",\"position\":2,\"name\":\"Guerra no Ir\u00e3o pode aumentar pre\u00e7o do gas\u00f3leo em mais de 20 c\u00eantimos\"}]},{\"@type\":\"WebSite\",\"@id\":\"https:\/\/portaltela.pt\/#website\",\"url\":\"https:\/\/portaltela.pt\/\",\"name\":\"Portal Tela Portugal\",\"description\":\"\",\"potentialAction\":[{\"@type\":\"SearchAction\",\"target\":{\"@type\":\"EntryPoint\",\"urlTemplate\":\"https:\/\/portaltela.pt\/?s={search_term_string}\"},\"query-input\":{\"@type\":\"PropertyValueSpecification\",\"valueRequired\":true,\"valueName\":\"search_term_string\"}}],\"inLanguage\":\"pt-PT\"},{\"@type\":\"Person\",\"@id\":\"https:\/\/portaltela.pt\/#\/schema\/person\/c4278d4a6028830caff9ee44b42d32ed\",\"name\":\"Telinha\",\"image\":{\"@type\":\"ImageObject\",\"inLanguage\":\"pt-PT\",\"@id\":\"https:\/\/portaltela.pt\/s.01k8rhncp4jt1\/2025\/11\/talking-bot-125x125.png\",\"url\":\"https:\/\/portaltela.pt\/s.01k8rhncp4jt1\/2025\/11\/talking-bot-125x125.png\",\"contentUrl\":\"https:\/\/portaltela.pt\/s.01k8rhncp4jt1\/2025\/11\/talking-bot-125x125.png\",\"caption\":\"Telinha\"},\"sameAs\":[\"https:\/\/portaltela.pt\/\"],\"url\":\"https:\/\/portaltela.pt\/por\/367410592786\/\"}]}<\/script>\n<!-- \/ Yoast SEO plugin. -->","yoast_head_json":{"title":"Guerra no Ir\u00e3o pode aumentar pre\u00e7o do gas\u00f3leo em mais de 20 c\u00eantimos - Portal Tela Portugal","robots":{"index":"index","follow":"follow","max-snippet":"max-snippet:-1","max-image-preview":"max-image-preview:large","max-video-preview":"max-video-preview:-1"},"og_locale":"pt_PT","og_type":"article","og_title":"Guerra no Ir\u00e3o pode aumentar pre\u00e7o do gas\u00f3leo em mais de 20 c\u00eantimos - Portal Tela Portugal","og_description":"A Anarec estima que o gas\u00f3leo pode subir at\u00e9 23 c\u00eantimos por litro na segunda-feira, com a gasolina a registar um aumento de cerca de 7 c\u00eantimos; a atualiza\u00e7\u00e3o depende de cada operador. A decis\u00e3o final sobre o aumento ser\u00e1 tomada por cada empresa, com base na evolu\u00e7\u00e3o dos pre\u00e7os do petr\u00f3leo e de refinados at\u00e9 ao final da tarde de sexta-feira. O Intermarch\u00e9 indicou uma subida prevista de 19,3 c\u00eantimos no gas\u00f3leo e 5,96 c\u00eantimos na gasolina, admitindo varia\u00e7\u00f5es entre postos. O Governo pode mitigar o impacto com um desconto tempor\u00e1rio no ISP se a subida superar os dez c\u00eantimos; o valor exato do desconto ainda n\u00e3o foi confirmado. Se o gas\u00f3leo subir 23 c\u00eantimos por litro e o ISP for reduzido na mesma medida, o aumento para o consumidor pode ficar pr\u00f3ximo de 18 c\u00eantimos por litro.","og_url":"https:\/\/portaltela.pt\/noticias\/2026\/03\/06\/guerra-no-irao-pode-aumentar-preco-do-gasoleo-em-mais-de-20-centimos\/","og_site_name":"Portal Tela Portugal","article_published_time":"2026-03-06T12:29:00+00:00","author":"Telinha","twitter_card":"summary_large_image","twitter_misc":{"Escrito por":"Telinha","Tempo estimado de leitura":"1 minuto"},"schema":{"@context":"https:\/\/schema.org","@graph":[{"@type":"Article","@id":"https:\/\/portaltela.pt\/noticias\/2026\/03\/06\/guerra-no-irao-pode-aumentar-preco-do-gasoleo-em-mais-de-20-centimos\/#article","isPartOf":{"@id":"https:\/\/portaltela.pt\/noticias\/2026\/03\/06\/guerra-no-irao-pode-aumentar-preco-do-gasoleo-em-mais-de-20-centimos\/"},"author":{"name":"Telinha","@id":"https:\/\/portaltela.pt\/#\/schema\/person\/c4278d4a6028830caff9ee44b42d32ed"},"headline":"Guerra no Ir\u00e3o pode aumentar pre\u00e7o do gas\u00f3leo em mais de 20 c\u00eantimos","datePublished":"2026-03-06T12:29:00+00:00","mainEntityOfPage":{"@id":"https:\/\/portaltela.pt\/noticias\/2026\/03\/06\/guerra-no-irao-pode-aumentar-preco-do-gasoleo-em-mais-de-20-centimos\/"},"wordCount":302,"image":{"@id":"https:\/\/portaltela.pt\/noticias\/2026\/03\/06\/guerra-no-irao-pode-aumentar-preco-do-gasoleo-em-mais-de-20-centimos\/#primaryimage"},"thumbnailUrl":"https:\/\/portaltela.pt\/s.01k8rhncp4jt1\/2026\/03\/2072222.jpg","keywords":["conflitos internacionais","economia","Gas\u00f3leo colorido e marcado","governo","impostos","\u00cdr\u00e1n"],"articleSection":["Economia","Not\u00edcias"],"inLanguage":"pt-PT"},{"@type":"WebPage","@id":"https:\/\/portaltela.pt\/noticias\/2026\/03\/06\/guerra-no-irao-pode-aumentar-preco-do-gasoleo-em-mais-de-20-centimos\/","url":"https:\/\/portaltela.pt\/noticias\/2026\/03\/06\/guerra-no-irao-pode-aumentar-preco-do-gasoleo-em-mais-de-20-centimos\/","name":"Guerra no Ir\u00e3o pode aumentar pre\u00e7o do gas\u00f3leo em mais de 20 c\u00eantimos - Portal Tela Portugal","isPartOf":{"@id":"https:\/\/portaltela.pt\/#website"},"primaryImageOfPage":{"@id":"https:\/\/portaltela.pt\/noticias\/2026\/03\/06\/guerra-no-irao-pode-aumentar-preco-do-gasoleo-em-mais-de-20-centimos\/#primaryimage"},"image":{"@id":"https:\/\/portaltela.pt\/noticias\/2026\/03\/06\/guerra-no-irao-pode-aumentar-preco-do-gasoleo-em-mais-de-20-centimos\/#primaryimage"},"thumbnailUrl":"https:\/\/portaltela.pt\/s.01k8rhncp4jt1\/2026\/03\/2072222.jpg","datePublished":"2026-03-06T12:29:00+00:00","author":{"@id":"https:\/\/portaltela.pt\/#\/schema\/person\/c4278d4a6028830caff9ee44b42d32ed"},"breadcrumb":{"@id":"https:\/\/portaltela.pt\/noticias\/2026\/03\/06\/guerra-no-irao-pode-aumentar-preco-do-gasoleo-em-mais-de-20-centimos\/#breadcrumb"},"inLanguage":"pt-PT","potentialAction":[{"@type":"ReadAction","target":["https:\/\/portaltela.pt\/noticias\/2026\/03\/06\/guerra-no-irao-pode-aumentar-preco-do-gasoleo-em-mais-de-20-centimos\/"]}]},{"@type":"ImageObject","inLanguage":"pt-PT","@id":"https:\/\/portaltela.pt\/noticias\/2026\/03\/06\/guerra-no-irao-pode-aumentar-preco-do-gasoleo-em-mais-de-20-centimos\/#primaryimage","url":"https:\/\/portaltela.pt\/s.01k8rhncp4jt1\/2026\/03\/2072222.jpg","contentUrl":"https:\/\/portaltela.pt\/s.01k8rhncp4jt1\/2026\/03\/2072222.jpg","width":796,"height":448,"caption":"Pre\u00e7os dos combust\u00edveis dever\u00e3o subir na segunda-feira"},{"@type":"BreadcrumbList","@id":"https:\/\/portaltela.pt\/noticias\/2026\/03\/06\/guerra-no-irao-pode-aumentar-preco-do-gasoleo-em-mais-de-20-centimos\/#breadcrumb","itemListElement":[{"@type":"ListItem","position":1,"name":"In\u00edcio","item":"https:\/\/portaltela.pt\/"},{"@type":"ListItem","position":2,"name":"Guerra no Ir\u00e3o pode aumentar pre\u00e7o do gas\u00f3leo em mais de 20 c\u00eantimos"}]},{"@type":"WebSite","@id":"https:\/\/portaltela.pt\/#website","url":"https:\/\/portaltela.pt\/","name":"Portal Tela Portugal","description":"","potentialAction":[{"@type":"SearchAction","target":{"@type":"EntryPoint","urlTemplate":"https:\/\/portaltela.pt\/?s={search_term_string}"},"query-input":{"@type":"PropertyValueSpecification","valueRequired":true,"valueName":"search_term_string"}}],"inLanguage":"pt-PT"},{"@type":"Person","@id":"https:\/\/portaltela.pt\/#\/schema\/person\/c4278d4a6028830caff9ee44b42d32ed","name":"Telinha","image":{"@type":"ImageObject","inLanguage":"pt-PT","@id":"https:\/\/portaltela.pt\/s.01k8rhncp4jt1\/2025\/11\/talking-bot-125x125.png","url":"https:\/\/portaltela.pt\/s.01k8rhncp4jt1\/2025\/11\/talking-bot-125x125.png","contentUrl":"https:\/\/portaltela.pt\/s.01k8rhncp4jt1\/2025\/11\/talking-bot-125x125.png","caption":"Telinha"},"sameAs":["https:\/\/portaltela.pt\/"],"url":"https:\/\/portaltela.pt\/por\/367410592786\/"}]}},"_links":{"self":[{"href":"https:\/\/portaltela.pt\/api\/wp\/v2\/posts\/400032","targetHints":{"allow":["GET"]}}],"collection":[{"href":"https:\/\/portaltela.pt\/api\/wp\/v2\/posts"}],"about":[{"href":"https:\/\/portaltela.pt\/api\/wp\/v2\/types\/post"}],"author":[{"embeddable":true,"href":"https:\/\/portaltela.pt\/api\/wp\/v2\/users\/2"}],"replies":[{"embeddable":true,"href":"https:\/\/portaltela.pt\/api\/wp\/v2\/comments?post=400032"}],"version-history":[{"count":0,"href":"https:\/\/portaltela.pt\/api\/wp\/v2\/posts\/400032\/revisions"}],"wp:featuredmedia":[{"embeddable":true,"href":"https:\/\/portaltela.pt\/api\/wp\/v2\/media\/400035"}],"wp:attachment":[{"href":"https:\/\/portaltela.pt\/api\/wp\/v2\/media?parent=400032"}],"wp:term":[{"taxonomy":"category","embeddable":true,"href":"https:\/\/portaltela.pt\/api\/wp\/v2\/categories?post=400032"},{"taxonomy":"post_tag","embeddable":true,"href":"https:\/\/portaltela.pt\/api\/wp\/v2\/tags?post=400032"}],"curies":[{"name":"wp","href":"https:\/\/api.w.org\/{rel}","templated":true}]}}