{"id":400029,"date":"2026-03-06T09:38:10","date_gmt":"2026-03-06T12:38:10","guid":{"rendered":"https:\/\/portaltela.pt\/noticias\/2026\/03\/06\/709-mulheres-assassinadas-em-portugal-entre-2002-e-2025\/"},"modified":"2026-03-06T09:38:10","modified_gmt":"2026-03-06T12:38:10","slug":"709-mulheres-assassinadas-em-portugal-entre-2002-e-2025","status":"publish","type":"post","link":"https:\/\/portaltela.pt\/noticias\/politica\/2026\/03\/06\/709-mulheres-assassinadas-em-portugal-entre-2002-e-2025\/","title":{"rendered":"709 mulheres assassinadas em Portugal entre 2002 e 2025"},"content":{"rendered":"<p>Entre 2002 e 2025, Portugal registou 709 feminic\u00eddios, segundo o Observat\u00f3rio de Mulheres Assassinadas (UMA). Nesse per\u00edodo, 939 mulheres foram alvo de tentativa de homic\u00eddio. No \u00faltimo ano, foram sinalizados 22 femic\u00eddios, todos cometidos por homens, e 57 casos de tentativa de homic\u00eddio de mulheres.<\/p>\n<p>Em 2025, o Observat\u00f3rio indica 26 homic\u00eddios de mulheres, dos quais 22 s\u00e3o femic\u00eddios, ou seja, mortes motivadas por g\u00e9nero. Entre as 57 tentativas de homic\u00eddio, 45 ocorreram no contexto de femic\u00eddio. A coordenadora C\u00e1tia Pontedeira sublinha que a maioria dos femic\u00eddios ocorre em contexto de intimidade, com v\u00edtimas entre 36 e 56 anos, e em grande parte na casa partilhada com o agressor.<\/p>\n<p>Para a presidente da UMAR, Liliana Rodrigues, o dado crucial \u00e9 que a casa continua a ser o espa\u00e7o mais inseguro para as mulheres, destacando a necessidade de resposta do sistema de justi\u00e7a. O relat\u00f3rio indica ainda que, no \u00faltimo ano, 27% das v\u00edtimas eram de outra nacionalidade e que houve tentativa de oculta\u00e7\u00e3o do crime em 23% dos casos.<\/p>\n<h3>Contexto e din\u00e2mica dos femic\u00eddios<\/h3>\n<p>Quase metade dos homic\u00eddios de mulheres contou com uma tentativa de suic\u00eddio por parte do agressor, e sete homens perderam a vida nessa situa\u00e7\u00e3o. A coordenadora sublinha a import\u00e2ncia de atuar junto dos agressores para evitar recidiva. Em m\u00e9dia, os femic\u00eddios refletem viol\u00eancia pr\u00e9via, conhecida por 80% das pessoas pr\u00f3ximas.<\/p>\n<p>Nesta linha, a equipa indica que os femic\u00eddios ocorrem maioritariamente \u00e0 noite ou de madrugada, e que 55% dos casos em 2025 envolveram o recurso a armas brancas. O Observat\u00f3rio, criado em 2004, j\u00e1 sinalizou 709 homic\u00eddios de mulheres em Portugal ao longo de 22 anos, o que corresponde a uma m\u00e9dia de 32 por ano.<\/p>\n<h3>Distribui\u00e7\u00e3o geogr\u00e1fica e padr\u00f5es<\/h3>\n<p>O ver\u00e3o, entre junho e setembro, \u00e9 o per\u00edodo de maior incid\u00eancia. O distrito do Porto lidera com 100 crimes; o Portalegre registou sete casos, o valor mais baixo entre os distritos. Ainda assim, os femic\u00eddios ocorreram em todos os distritos, revelando uma dimens\u00e3o nacional do fen\u00f3meno.<\/p>\n<p>A grande maioria dos homic\u00eddios de mulheres (539) ocorreu por parte de companheiros ou ex-companheiros, sobretudo quando as v\u00edtimas procuram terminar a rela\u00e7\u00e3o. A respons\u00e1vel pela estrutura indica que muitos casos envolvem resist\u00eancia \u00e0 separa\u00e7\u00e3o e \u00e0 autonomia feminina.<\/p>\n<h3>Implica\u00e7\u00e3o para pol\u00edticas e resposta institucional<\/h3>\n<p>Os dados refor\u00e7am a necessidade de refor\u00e7ar as medidas de prote\u00e7\u00e3o e a atua\u00e7\u00e3o das entidades da justi\u00e7a criminal. Liliana Rodrigues destaca a urg\u00eancia de reduzir o risco e de tornar a pris\u00e3o efetiva uma pr\u00e1tica comum, n\u00e3o exce\u00e7\u00e3o, nos casos de viol\u00eancia de g\u00e9nero.<\/p>\n<p>A UMAR conclui que a viol\u00eancia contra as mulheres n\u00e3o \u00e9 epis\u00f3dica, exigindo respostas consistentes, preven\u00e7\u00e3o cont\u00ednua e interven\u00e7\u00f5es eficazes junto dos agressores para reduzir a sua gravidade e recorr\u00eancia.<\/p>\n","protected":false},"excerpt":{"rendered":"<ul>\n<li>De 2002 a 2025 foram assassinadas 709 mulheres em Portugal, com 939 v\u00edtimas de tentativa de homic\u00eddio.<\/li>\n<li>Em 2025 registaram-se 26 homic\u00eddios de mulheres, 22 femic\u00eddios, e 57 tentativas de homic\u00eddio (45 no contexto de femic\u00eddio).<\/li>\n<li>A maioria dos femic\u00eddios de 2025 ocorreu em contexto de intimidade, principalmente em casa, e as v\u00edtimas tinham entre 36 e 56 anos.<\/li>\n<li>O Observat\u00f3rio destaca que a casa continua a ser o lugar mais inseguro; 27% das v\u00edtimas n\u00e3o eram portuguesas e 80% dos casos envolveram viol\u00eancia j\u00e1 conhecida por terceiros.<\/li>\n<li>Os distritos com mais crimes foram Porto (100) e Portalegre (sete); os femic\u00eddios em 2025 ocorreram maioritariamente \u00e0 noite, com uso de armas brancas em 55%.<\/li>\n<\/ul>\n","protected":false},"author":2,"featured_media":400034,"comment_status":"closed","ping_status":"closed","sticky":false,"template":"","format":"standard","meta":{"footnotes":""},"categories":[1,5],"tags":[6719,2701,1014,939,1165],"class_list":["post-400029","post","type-post","status-publish","format-standard","has-post-thumbnail","hentry","category-noticias","category-politica","tag-femicidio","tag-mulheres","tag-portugal","tag-violencia","tag-violencia-de-genero"],"yoast_head":"<!-- This site is optimized with the Yoast SEO plugin v27.2 - https:\/\/yoast.com\/product\/yoast-seo-wordpress\/ -->\n<title>709 mulheres assassinadas em Portugal entre 2002 e 2025 - Portal Tela Portugal<\/title>\n<meta name=\"robots\" content=\"index, follow, max-snippet:-1, max-image-preview:large, max-video-preview:-1\" \/>\n<meta property=\"og:locale\" content=\"pt_PT\" \/>\n<meta property=\"og:type\" content=\"article\" \/>\n<meta property=\"og:title\" content=\"709 mulheres assassinadas em Portugal entre 2002 e 2025 - Portal Tela Portugal\" \/>\n<meta property=\"og:description\" content=\"De 2002 a 2025 foram assassinadas 709 mulheres em Portugal, com 939 v\u00edtimas de tentativa de homic\u00eddio. Em 2025 registaram-se 26 homic\u00eddios de mulheres, 22 femic\u00eddios, e 57 tentativas de homic\u00eddio (45 no contexto de femic\u00eddio). A maioria dos femic\u00eddios de 2025 ocorreu em contexto de intimidade, principalmente em casa, e as v\u00edtimas tinham entre 36 e 56 anos. O Observat\u00f3rio destaca que a casa continua a ser o lugar mais inseguro; 27% das v\u00edtimas n\u00e3o eram portuguesas e 80% dos casos envolveram viol\u00eancia j\u00e1 conhecida por terceiros. Os distritos com mais crimes foram Porto (100) e Portalegre (sete); os femic\u00eddios em 2025 ocorreram maioritariamente \u00e0 noite, com uso de armas brancas em 55%.\" \/>\n<meta property=\"og:url\" content=\"https:\/\/portaltela.pt\/noticias\/2026\/03\/06\/709-mulheres-assassinadas-em-portugal-entre-2002-e-2025\/\" \/>\n<meta property=\"og:site_name\" content=\"Portal Tela Portugal\" \/>\n<meta property=\"article:published_time\" content=\"2026-03-06T12:38:10+00:00\" \/>\n<meta name=\"author\" content=\"Telinha\" \/>\n<meta name=\"twitter:card\" content=\"summary_large_image\" \/>\n<meta name=\"twitter:label1\" content=\"Escrito por\" \/>\n\t<meta name=\"twitter:data1\" content=\"Telinha\" \/>\n\t<meta name=\"twitter:label2\" content=\"Tempo estimado de leitura\" \/>\n\t<meta name=\"twitter:data2\" content=\"2 minutos\" \/>\n<script type=\"application\/ld+json\" class=\"yoast-schema-graph\">{\"@context\":\"https:\/\/schema.org\",\"@graph\":[{\"@type\":\"Article\",\"@id\":\"https:\/\/portaltela.pt\/noticias\/2026\/03\/06\/709-mulheres-assassinadas-em-portugal-entre-2002-e-2025\/#article\",\"isPartOf\":{\"@id\":\"https:\/\/portaltela.pt\/noticias\/2026\/03\/06\/709-mulheres-assassinadas-em-portugal-entre-2002-e-2025\/\"},\"author\":{\"name\":\"Telinha\",\"@id\":\"https:\/\/portaltela.pt\/#\/schema\/person\/c4278d4a6028830caff9ee44b42d32ed\"},\"headline\":\"709 mulheres assassinadas em Portugal entre 2002 e 2025\",\"datePublished\":\"2026-03-06T12:38:10+00:00\",\"mainEntityOfPage\":{\"@id\":\"https:\/\/portaltela.pt\/noticias\/2026\/03\/06\/709-mulheres-assassinadas-em-portugal-entre-2002-e-2025\/\"},\"wordCount\":499,\"image\":{\"@id\":\"https:\/\/portaltela.pt\/noticias\/2026\/03\/06\/709-mulheres-assassinadas-em-portugal-entre-2002-e-2025\/#primaryimage\"},\"thumbnailUrl\":\"https:\/\/portaltela.pt\/s.01k8rhncp4jt1\/2026\/03\/img_1500x1000uu2016-09-17-13-43-00-564296.jpg\",\"keywords\":[\"femic\u00eddio\",\"Mulheres\",\"Portugal\",\"viol\u00eancia\",\"viol\u00eancia de g\u00e9nero\"],\"articleSection\":[\"Not\u00edcias\",\"Pol\u00edtica\"],\"inLanguage\":\"pt-PT\"},{\"@type\":\"WebPage\",\"@id\":\"https:\/\/portaltela.pt\/noticias\/2026\/03\/06\/709-mulheres-assassinadas-em-portugal-entre-2002-e-2025\/\",\"url\":\"https:\/\/portaltela.pt\/noticias\/2026\/03\/06\/709-mulheres-assassinadas-em-portugal-entre-2002-e-2025\/\",\"name\":\"709 mulheres assassinadas em Portugal entre 2002 e 2025 - Portal Tela Portugal\",\"isPartOf\":{\"@id\":\"https:\/\/portaltela.pt\/#website\"},\"primaryImageOfPage\":{\"@id\":\"https:\/\/portaltela.pt\/noticias\/2026\/03\/06\/709-mulheres-assassinadas-em-portugal-entre-2002-e-2025\/#primaryimage\"},\"image\":{\"@id\":\"https:\/\/portaltela.pt\/noticias\/2026\/03\/06\/709-mulheres-assassinadas-em-portugal-entre-2002-e-2025\/#primaryimage\"},\"thumbnailUrl\":\"https:\/\/portaltela.pt\/s.01k8rhncp4jt1\/2026\/03\/img_1500x1000uu2016-09-17-13-43-00-564296.jpg\",\"datePublished\":\"2026-03-06T12:38:10+00:00\",\"author\":{\"@id\":\"https:\/\/portaltela.pt\/#\/schema\/person\/c4278d4a6028830caff9ee44b42d32ed\"},\"breadcrumb\":{\"@id\":\"https:\/\/portaltela.pt\/noticias\/2026\/03\/06\/709-mulheres-assassinadas-em-portugal-entre-2002-e-2025\/#breadcrumb\"},\"inLanguage\":\"pt-PT\",\"potentialAction\":[{\"@type\":\"ReadAction\",\"target\":[\"https:\/\/portaltela.pt\/noticias\/2026\/03\/06\/709-mulheres-assassinadas-em-portugal-entre-2002-e-2025\/\"]}]},{\"@type\":\"ImageObject\",\"inLanguage\":\"pt-PT\",\"@id\":\"https:\/\/portaltela.pt\/noticias\/2026\/03\/06\/709-mulheres-assassinadas-em-portugal-entre-2002-e-2025\/#primaryimage\",\"url\":\"https:\/\/portaltela.pt\/s.01k8rhncp4jt1\/2026\/03\/img_1500x1000uu2016-09-17-13-43-00-564296.jpg\",\"contentUrl\":\"https:\/\/portaltela.pt\/s.01k8rhncp4jt1\/2026\/03\/img_1500x1000uu2016-09-17-13-43-00-564296.jpg\",\"width\":796,\"height\":448,\"caption\":\"709 mulheres foram assassinadas em Portugal entre 2002 e 2025\"},{\"@type\":\"BreadcrumbList\",\"@id\":\"https:\/\/portaltela.pt\/noticias\/2026\/03\/06\/709-mulheres-assassinadas-em-portugal-entre-2002-e-2025\/#breadcrumb\",\"itemListElement\":[{\"@type\":\"ListItem\",\"position\":1,\"name\":\"In\u00edcio\",\"item\":\"https:\/\/portaltela.pt\/\"},{\"@type\":\"ListItem\",\"position\":2,\"name\":\"709 mulheres assassinadas em Portugal entre 2002 e 2025\"}]},{\"@type\":\"WebSite\",\"@id\":\"https:\/\/portaltela.pt\/#website\",\"url\":\"https:\/\/portaltela.pt\/\",\"name\":\"Portal Tela Portugal\",\"description\":\"\",\"potentialAction\":[{\"@type\":\"SearchAction\",\"target\":{\"@type\":\"EntryPoint\",\"urlTemplate\":\"https:\/\/portaltela.pt\/?s={search_term_string}\"},\"query-input\":{\"@type\":\"PropertyValueSpecification\",\"valueRequired\":true,\"valueName\":\"search_term_string\"}}],\"inLanguage\":\"pt-PT\"},{\"@type\":\"Person\",\"@id\":\"https:\/\/portaltela.pt\/#\/schema\/person\/c4278d4a6028830caff9ee44b42d32ed\",\"name\":\"Telinha\",\"image\":{\"@type\":\"ImageObject\",\"inLanguage\":\"pt-PT\",\"@id\":\"https:\/\/portaltela.pt\/s.01k8rhncp4jt1\/2025\/11\/talking-bot-125x125.png\",\"url\":\"https:\/\/portaltela.pt\/s.01k8rhncp4jt1\/2025\/11\/talking-bot-125x125.png\",\"contentUrl\":\"https:\/\/portaltela.pt\/s.01k8rhncp4jt1\/2025\/11\/talking-bot-125x125.png\",\"caption\":\"Telinha\"},\"sameAs\":[\"https:\/\/portaltela.pt\/\"],\"url\":\"https:\/\/portaltela.pt\/por\/367410592786\/\"}]}<\/script>\n<!-- \/ Yoast SEO plugin. -->","yoast_head_json":{"title":"709 mulheres assassinadas em Portugal entre 2002 e 2025 - Portal Tela Portugal","robots":{"index":"index","follow":"follow","max-snippet":"max-snippet:-1","max-image-preview":"max-image-preview:large","max-video-preview":"max-video-preview:-1"},"og_locale":"pt_PT","og_type":"article","og_title":"709 mulheres assassinadas em Portugal entre 2002 e 2025 - Portal Tela Portugal","og_description":"De 2002 a 2025 foram assassinadas 709 mulheres em Portugal, com 939 v\u00edtimas de tentativa de homic\u00eddio. Em 2025 registaram-se 26 homic\u00eddios de mulheres, 22 femic\u00eddios, e 57 tentativas de homic\u00eddio (45 no contexto de femic\u00eddio). A maioria dos femic\u00eddios de 2025 ocorreu em contexto de intimidade, principalmente em casa, e as v\u00edtimas tinham entre 36 e 56 anos. O Observat\u00f3rio destaca que a casa continua a ser o lugar mais inseguro; 27% das v\u00edtimas n\u00e3o eram portuguesas e 80% dos casos envolveram viol\u00eancia j\u00e1 conhecida por terceiros. Os distritos com mais crimes foram Porto (100) e Portalegre (sete); os femic\u00eddios em 2025 ocorreram maioritariamente \u00e0 noite, com uso de armas brancas em 55%.","og_url":"https:\/\/portaltela.pt\/noticias\/2026\/03\/06\/709-mulheres-assassinadas-em-portugal-entre-2002-e-2025\/","og_site_name":"Portal Tela Portugal","article_published_time":"2026-03-06T12:38:10+00:00","author":"Telinha","twitter_card":"summary_large_image","twitter_misc":{"Escrito por":"Telinha","Tempo estimado de leitura":"2 minutos"},"schema":{"@context":"https:\/\/schema.org","@graph":[{"@type":"Article","@id":"https:\/\/portaltela.pt\/noticias\/2026\/03\/06\/709-mulheres-assassinadas-em-portugal-entre-2002-e-2025\/#article","isPartOf":{"@id":"https:\/\/portaltela.pt\/noticias\/2026\/03\/06\/709-mulheres-assassinadas-em-portugal-entre-2002-e-2025\/"},"author":{"name":"Telinha","@id":"https:\/\/portaltela.pt\/#\/schema\/person\/c4278d4a6028830caff9ee44b42d32ed"},"headline":"709 mulheres assassinadas em Portugal entre 2002 e 2025","datePublished":"2026-03-06T12:38:10+00:00","mainEntityOfPage":{"@id":"https:\/\/portaltela.pt\/noticias\/2026\/03\/06\/709-mulheres-assassinadas-em-portugal-entre-2002-e-2025\/"},"wordCount":499,"image":{"@id":"https:\/\/portaltela.pt\/noticias\/2026\/03\/06\/709-mulheres-assassinadas-em-portugal-entre-2002-e-2025\/#primaryimage"},"thumbnailUrl":"https:\/\/portaltela.pt\/s.01k8rhncp4jt1\/2026\/03\/img_1500x1000uu2016-09-17-13-43-00-564296.jpg","keywords":["femic\u00eddio","Mulheres","Portugal","viol\u00eancia","viol\u00eancia de g\u00e9nero"],"articleSection":["Not\u00edcias","Pol\u00edtica"],"inLanguage":"pt-PT"},{"@type":"WebPage","@id":"https:\/\/portaltela.pt\/noticias\/2026\/03\/06\/709-mulheres-assassinadas-em-portugal-entre-2002-e-2025\/","url":"https:\/\/portaltela.pt\/noticias\/2026\/03\/06\/709-mulheres-assassinadas-em-portugal-entre-2002-e-2025\/","name":"709 mulheres assassinadas em Portugal entre 2002 e 2025 - Portal Tela Portugal","isPartOf":{"@id":"https:\/\/portaltela.pt\/#website"},"primaryImageOfPage":{"@id":"https:\/\/portaltela.pt\/noticias\/2026\/03\/06\/709-mulheres-assassinadas-em-portugal-entre-2002-e-2025\/#primaryimage"},"image":{"@id":"https:\/\/portaltela.pt\/noticias\/2026\/03\/06\/709-mulheres-assassinadas-em-portugal-entre-2002-e-2025\/#primaryimage"},"thumbnailUrl":"https:\/\/portaltela.pt\/s.01k8rhncp4jt1\/2026\/03\/img_1500x1000uu2016-09-17-13-43-00-564296.jpg","datePublished":"2026-03-06T12:38:10+00:00","author":{"@id":"https:\/\/portaltela.pt\/#\/schema\/person\/c4278d4a6028830caff9ee44b42d32ed"},"breadcrumb":{"@id":"https:\/\/portaltela.pt\/noticias\/2026\/03\/06\/709-mulheres-assassinadas-em-portugal-entre-2002-e-2025\/#breadcrumb"},"inLanguage":"pt-PT","potentialAction":[{"@type":"ReadAction","target":["https:\/\/portaltela.pt\/noticias\/2026\/03\/06\/709-mulheres-assassinadas-em-portugal-entre-2002-e-2025\/"]}]},{"@type":"ImageObject","inLanguage":"pt-PT","@id":"https:\/\/portaltela.pt\/noticias\/2026\/03\/06\/709-mulheres-assassinadas-em-portugal-entre-2002-e-2025\/#primaryimage","url":"https:\/\/portaltela.pt\/s.01k8rhncp4jt1\/2026\/03\/img_1500x1000uu2016-09-17-13-43-00-564296.jpg","contentUrl":"https:\/\/portaltela.pt\/s.01k8rhncp4jt1\/2026\/03\/img_1500x1000uu2016-09-17-13-43-00-564296.jpg","width":796,"height":448,"caption":"709 mulheres foram assassinadas em Portugal entre 2002 e 2025"},{"@type":"BreadcrumbList","@id":"https:\/\/portaltela.pt\/noticias\/2026\/03\/06\/709-mulheres-assassinadas-em-portugal-entre-2002-e-2025\/#breadcrumb","itemListElement":[{"@type":"ListItem","position":1,"name":"In\u00edcio","item":"https:\/\/portaltela.pt\/"},{"@type":"ListItem","position":2,"name":"709 mulheres assassinadas em Portugal entre 2002 e 2025"}]},{"@type":"WebSite","@id":"https:\/\/portaltela.pt\/#website","url":"https:\/\/portaltela.pt\/","name":"Portal Tela Portugal","description":"","potentialAction":[{"@type":"SearchAction","target":{"@type":"EntryPoint","urlTemplate":"https:\/\/portaltela.pt\/?s={search_term_string}"},"query-input":{"@type":"PropertyValueSpecification","valueRequired":true,"valueName":"search_term_string"}}],"inLanguage":"pt-PT"},{"@type":"Person","@id":"https:\/\/portaltela.pt\/#\/schema\/person\/c4278d4a6028830caff9ee44b42d32ed","name":"Telinha","image":{"@type":"ImageObject","inLanguage":"pt-PT","@id":"https:\/\/portaltela.pt\/s.01k8rhncp4jt1\/2025\/11\/talking-bot-125x125.png","url":"https:\/\/portaltela.pt\/s.01k8rhncp4jt1\/2025\/11\/talking-bot-125x125.png","contentUrl":"https:\/\/portaltela.pt\/s.01k8rhncp4jt1\/2025\/11\/talking-bot-125x125.png","caption":"Telinha"},"sameAs":["https:\/\/portaltela.pt\/"],"url":"https:\/\/portaltela.pt\/por\/367410592786\/"}]}},"_links":{"self":[{"href":"https:\/\/portaltela.pt\/api\/wp\/v2\/posts\/400029","targetHints":{"allow":["GET"]}}],"collection":[{"href":"https:\/\/portaltela.pt\/api\/wp\/v2\/posts"}],"about":[{"href":"https:\/\/portaltela.pt\/api\/wp\/v2\/types\/post"}],"author":[{"embeddable":true,"href":"https:\/\/portaltela.pt\/api\/wp\/v2\/users\/2"}],"replies":[{"embeddable":true,"href":"https:\/\/portaltela.pt\/api\/wp\/v2\/comments?post=400029"}],"version-history":[{"count":0,"href":"https:\/\/portaltela.pt\/api\/wp\/v2\/posts\/400029\/revisions"}],"wp:featuredmedia":[{"embeddable":true,"href":"https:\/\/portaltela.pt\/api\/wp\/v2\/media\/400034"}],"wp:attachment":[{"href":"https:\/\/portaltela.pt\/api\/wp\/v2\/media?parent=400029"}],"wp:term":[{"taxonomy":"category","embeddable":true,"href":"https:\/\/portaltela.pt\/api\/wp\/v2\/categories?post=400029"},{"taxonomy":"post_tag","embeddable":true,"href":"https:\/\/portaltela.pt\/api\/wp\/v2\/tags?post=400029"}],"curies":[{"name":"wp","href":"https:\/\/api.w.org\/{rel}","templated":true}]}}