{"id":399998,"date":"2026-03-06T09:23:00","date_gmt":"2026-03-06T12:23:00","guid":{"rendered":"https:\/\/portaltela.pt\/noticias\/2026\/03\/06\/psp-de-braganca-detem-traficante-de-droga\/"},"modified":"2026-03-06T09:23:00","modified_gmt":"2026-03-06T12:23:00","slug":"psp-de-braganca-detem-traficante-de-droga","status":"publish","type":"post","link":"https:\/\/portaltela.pt\/noticias\/politica\/2026\/03\/06\/psp-de-braganca-detem-traficante-de-droga\/","title":{"rendered":"PSP de Bragan\u00e7a det\u00e9m traficante de droga"},"content":{"rendered":"<p>A PSP de Bragan\u00e7a deteve um indiv\u00edduo, na sequ\u00eancia de uma interven\u00e7\u00e3o de combate ao tr\u00e1fico de droga, na cidade de Bragan\u00e7a. O suspeito conduzia um ve\u00edculo onde foram encontradas mais de 500 doses de hero\u00edna e quase 350 de coca\u00edna. O suspeito tentou fugir, tendo os militares impedido a fuga.<\/p>\n<p>O detido demonstrou comportamento nervoso durante a abordagem, segundo informa\u00e7\u00e3o das autoridades. Al\u00e9m das drogas, foram apreendidos v\u00e1rios objetos, como ferramentas e um p\u00e9 de cabra, presumivelmente furtados, bem como uma ca\u00e7adeira de canos serrados.<\/p>\n<p>Foi ainda apreendido material utilizado para separar e acondicionar droga, indicativo da atividade il\u00edcita associada ao arm\u00e1rio abordado. As autoridades prosseguem com a investiga\u00e7\u00e3o para apurar a origem dos bens apreendidos.<\/p>\n<p>O homem foi presente a Tribunal e ficou em pris\u00e3o preventiva, \u00e0 espera de desenvolver instru\u00e7\u00e3o criminal. A PSP de Bragan\u00e7a n\u00e3o adianta novos detalhes no momento.<\/p>\n","protected":false},"excerpt":{"rendered":"<ul>\n<li>A PSP de Bragan\u00e7a deteve um traficante de droga ap\u00f3s impedir a fuga durante a abordagem.<\/li>\n<li>O suspeito transportava no ve\u00edculo mais de 500 doses de hero\u00edna e quase 350 de coca\u00edna, apresentando-se nervoso.<\/li>\n<li>Foram apreendidas ferramentas, um p\u00e9 de cabra e uma ca\u00e7adeira de canos serrados, bem como material para separar e acondicionar droga, possivelmente furtados.<\/li>\n<li>A opera\u00e7\u00e3o culminou com o detido levado a Tribunal.<\/li>\n<li>Ficou em pris\u00e3o preventiva.<\/li>\n<\/ul>\n","protected":false},"author":2,"featured_media":400006,"comment_status":"closed","ping_status":"closed","sticky":false,"template":"","format":"standard","meta":{"footnotes":""},"categories":[1,5],"tags":[182,906,3699,3697,3418,96],"class_list":["post-399998","post","type-post","status-publish","format-standard","has-post-thumbnail","hentry","category-noticias","category-politica","tag-armas","tag-braganca","tag-cocaina","tag-heroina","tag-policia-de-seguranca-publica","tag-trafico-de-droga"],"yoast_head":"<!-- This site is optimized with the Yoast SEO plugin v27.2 - https:\/\/yoast.com\/product\/yoast-seo-wordpress\/ -->\n<title>PSP de Bragan\u00e7a det\u00e9m traficante de droga - Portal Tela Portugal<\/title>\n<meta name=\"robots\" content=\"index, follow, max-snippet:-1, max-image-preview:large, max-video-preview:-1\" \/>\n<meta property=\"og:locale\" content=\"pt_PT\" \/>\n<meta property=\"og:type\" content=\"article\" \/>\n<meta property=\"og:title\" content=\"PSP de Bragan\u00e7a det\u00e9m traficante de droga - Portal Tela Portugal\" \/>\n<meta property=\"og:description\" content=\"A PSP de Bragan\u00e7a deteve um traficante de droga ap\u00f3s impedir a fuga durante a abordagem. O suspeito transportava no ve\u00edculo mais de 500 doses de hero\u00edna e quase 350 de coca\u00edna, apresentando-se nervoso. Foram apreendidas ferramentas, um p\u00e9 de cabra e uma ca\u00e7adeira de canos serrados, bem como material para separar e acondicionar droga, possivelmente furtados. A opera\u00e7\u00e3o culminou com o detido levado a Tribunal. Ficou em pris\u00e3o preventiva.\" \/>\n<meta property=\"og:url\" content=\"https:\/\/portaltela.pt\/noticias\/2026\/03\/06\/psp-de-braganca-detem-traficante-de-droga\/\" \/>\n<meta property=\"og:site_name\" content=\"Portal Tela Portugal\" \/>\n<meta property=\"article:published_time\" content=\"2026-03-06T12:23:00+00:00\" \/>\n<meta name=\"author\" content=\"Telinha\" \/>\n<meta name=\"twitter:card\" content=\"summary_large_image\" \/>\n<meta name=\"twitter:label1\" content=\"Escrito por\" \/>\n\t<meta name=\"twitter:data1\" content=\"Telinha\" \/>\n\t<meta name=\"twitter:label2\" content=\"Tempo estimado de leitura\" \/>\n\t<meta name=\"twitter:data2\" content=\"1 minuto\" \/>\n<script type=\"application\/ld+json\" class=\"yoast-schema-graph\">{\"@context\":\"https:\/\/schema.org\",\"@graph\":[{\"@type\":\"Article\",\"@id\":\"https:\/\/portaltela.pt\/noticias\/2026\/03\/06\/psp-de-braganca-detem-traficante-de-droga\/#article\",\"isPartOf\":{\"@id\":\"https:\/\/portaltela.pt\/noticias\/2026\/03\/06\/psp-de-braganca-detem-traficante-de-droga\/\"},\"author\":{\"name\":\"Telinha\",\"@id\":\"https:\/\/portaltela.pt\/#\/schema\/person\/c4278d4a6028830caff9ee44b42d32ed\"},\"headline\":\"PSP de Bragan\u00e7a det\u00e9m traficante de droga\",\"datePublished\":\"2026-03-06T12:23:00+00:00\",\"mainEntityOfPage\":{\"@id\":\"https:\/\/portaltela.pt\/noticias\/2026\/03\/06\/psp-de-braganca-detem-traficante-de-droga\/\"},\"wordCount\":170,\"image\":{\"@id\":\"https:\/\/portaltela.pt\/noticias\/2026\/03\/06\/psp-de-braganca-detem-traficante-de-droga\/#primaryimage\"},\"thumbnailUrl\":\"https:\/\/portaltela.pt\/s.01k8rhncp4jt1\/2026\/03\/img_1500x1000uu2026-03-06-11-57-08-2270739.jpg\",\"keywords\":[\"armas\",\"Bragan\u00e7a\",\"coca\u00edna\",\"hero\u00edna\",\"Pol\u00edcia de Seguran\u00e7a P\u00fablica\",\"tr\u00e1fico de droga\"],\"articleSection\":[\"Not\u00edcias\",\"Pol\u00edtica\"],\"inLanguage\":\"pt-PT\"},{\"@type\":\"WebPage\",\"@id\":\"https:\/\/portaltela.pt\/noticias\/2026\/03\/06\/psp-de-braganca-detem-traficante-de-droga\/\",\"url\":\"https:\/\/portaltela.pt\/noticias\/2026\/03\/06\/psp-de-braganca-detem-traficante-de-droga\/\",\"name\":\"PSP de Bragan\u00e7a det\u00e9m traficante de droga - Portal Tela Portugal\",\"isPartOf\":{\"@id\":\"https:\/\/portaltela.pt\/#website\"},\"primaryImageOfPage\":{\"@id\":\"https:\/\/portaltela.pt\/noticias\/2026\/03\/06\/psp-de-braganca-detem-traficante-de-droga\/#primaryimage\"},\"image\":{\"@id\":\"https:\/\/portaltela.pt\/noticias\/2026\/03\/06\/psp-de-braganca-detem-traficante-de-droga\/#primaryimage\"},\"thumbnailUrl\":\"https:\/\/portaltela.pt\/s.01k8rhncp4jt1\/2026\/03\/img_1500x1000uu2026-03-06-11-57-08-2270739.jpg\",\"datePublished\":\"2026-03-06T12:23:00+00:00\",\"author\":{\"@id\":\"https:\/\/portaltela.pt\/#\/schema\/person\/c4278d4a6028830caff9ee44b42d32ed\"},\"breadcrumb\":{\"@id\":\"https:\/\/portaltela.pt\/noticias\/2026\/03\/06\/psp-de-braganca-detem-traficante-de-droga\/#breadcrumb\"},\"inLanguage\":\"pt-PT\",\"potentialAction\":[{\"@type\":\"ReadAction\",\"target\":[\"https:\/\/portaltela.pt\/noticias\/2026\/03\/06\/psp-de-braganca-detem-traficante-de-droga\/\"]}]},{\"@type\":\"ImageObject\",\"inLanguage\":\"pt-PT\",\"@id\":\"https:\/\/portaltela.pt\/noticias\/2026\/03\/06\/psp-de-braganca-detem-traficante-de-droga\/#primaryimage\",\"url\":\"https:\/\/portaltela.pt\/s.01k8rhncp4jt1\/2026\/03\/img_1500x1000uu2026-03-06-11-57-08-2270739.jpg\",\"contentUrl\":\"https:\/\/portaltela.pt\/s.01k8rhncp4jt1\/2026\/03\/img_1500x1000uu2026-03-06-11-57-08-2270739.jpg\",\"width\":796,\"height\":448,\"caption\":\"PSP Bragan\u00e7a det\u00e9m homem por tr\u00e1fico de droga, ap\u00f3s tentativa de fuga.\"},{\"@type\":\"BreadcrumbList\",\"@id\":\"https:\/\/portaltela.pt\/noticias\/2026\/03\/06\/psp-de-braganca-detem-traficante-de-droga\/#breadcrumb\",\"itemListElement\":[{\"@type\":\"ListItem\",\"position\":1,\"name\":\"In\u00edcio\",\"item\":\"https:\/\/portaltela.pt\/\"},{\"@type\":\"ListItem\",\"position\":2,\"name\":\"PSP de Bragan\u00e7a det\u00e9m traficante de droga\"}]},{\"@type\":\"WebSite\",\"@id\":\"https:\/\/portaltela.pt\/#website\",\"url\":\"https:\/\/portaltela.pt\/\",\"name\":\"Portal Tela Portugal\",\"description\":\"\",\"potentialAction\":[{\"@type\":\"SearchAction\",\"target\":{\"@type\":\"EntryPoint\",\"urlTemplate\":\"https:\/\/portaltela.pt\/?s={search_term_string}\"},\"query-input\":{\"@type\":\"PropertyValueSpecification\",\"valueRequired\":true,\"valueName\":\"search_term_string\"}}],\"inLanguage\":\"pt-PT\"},{\"@type\":\"Person\",\"@id\":\"https:\/\/portaltela.pt\/#\/schema\/person\/c4278d4a6028830caff9ee44b42d32ed\",\"name\":\"Telinha\",\"image\":{\"@type\":\"ImageObject\",\"inLanguage\":\"pt-PT\",\"@id\":\"https:\/\/portaltela.pt\/s.01k8rhncp4jt1\/2025\/11\/talking-bot-125x125.png\",\"url\":\"https:\/\/portaltela.pt\/s.01k8rhncp4jt1\/2025\/11\/talking-bot-125x125.png\",\"contentUrl\":\"https:\/\/portaltela.pt\/s.01k8rhncp4jt1\/2025\/11\/talking-bot-125x125.png\",\"caption\":\"Telinha\"},\"sameAs\":[\"https:\/\/portaltela.pt\/\"],\"url\":\"https:\/\/portaltela.pt\/por\/367410592786\/\"}]}<\/script>\n<!-- \/ Yoast SEO plugin. -->","yoast_head_json":{"title":"PSP de Bragan\u00e7a det\u00e9m traficante de droga - Portal Tela Portugal","robots":{"index":"index","follow":"follow","max-snippet":"max-snippet:-1","max-image-preview":"max-image-preview:large","max-video-preview":"max-video-preview:-1"},"og_locale":"pt_PT","og_type":"article","og_title":"PSP de Bragan\u00e7a det\u00e9m traficante de droga - Portal Tela Portugal","og_description":"A PSP de Bragan\u00e7a deteve um traficante de droga ap\u00f3s impedir a fuga durante a abordagem. O suspeito transportava no ve\u00edculo mais de 500 doses de hero\u00edna e quase 350 de coca\u00edna, apresentando-se nervoso. Foram apreendidas ferramentas, um p\u00e9 de cabra e uma ca\u00e7adeira de canos serrados, bem como material para separar e acondicionar droga, possivelmente furtados. A opera\u00e7\u00e3o culminou com o detido levado a Tribunal. Ficou em pris\u00e3o preventiva.","og_url":"https:\/\/portaltela.pt\/noticias\/2026\/03\/06\/psp-de-braganca-detem-traficante-de-droga\/","og_site_name":"Portal Tela Portugal","article_published_time":"2026-03-06T12:23:00+00:00","author":"Telinha","twitter_card":"summary_large_image","twitter_misc":{"Escrito por":"Telinha","Tempo estimado de leitura":"1 minuto"},"schema":{"@context":"https:\/\/schema.org","@graph":[{"@type":"Article","@id":"https:\/\/portaltela.pt\/noticias\/2026\/03\/06\/psp-de-braganca-detem-traficante-de-droga\/#article","isPartOf":{"@id":"https:\/\/portaltela.pt\/noticias\/2026\/03\/06\/psp-de-braganca-detem-traficante-de-droga\/"},"author":{"name":"Telinha","@id":"https:\/\/portaltela.pt\/#\/schema\/person\/c4278d4a6028830caff9ee44b42d32ed"},"headline":"PSP de Bragan\u00e7a det\u00e9m traficante de droga","datePublished":"2026-03-06T12:23:00+00:00","mainEntityOfPage":{"@id":"https:\/\/portaltela.pt\/noticias\/2026\/03\/06\/psp-de-braganca-detem-traficante-de-droga\/"},"wordCount":170,"image":{"@id":"https:\/\/portaltela.pt\/noticias\/2026\/03\/06\/psp-de-braganca-detem-traficante-de-droga\/#primaryimage"},"thumbnailUrl":"https:\/\/portaltela.pt\/s.01k8rhncp4jt1\/2026\/03\/img_1500x1000uu2026-03-06-11-57-08-2270739.jpg","keywords":["armas","Bragan\u00e7a","coca\u00edna","hero\u00edna","Pol\u00edcia de Seguran\u00e7a P\u00fablica","tr\u00e1fico de droga"],"articleSection":["Not\u00edcias","Pol\u00edtica"],"inLanguage":"pt-PT"},{"@type":"WebPage","@id":"https:\/\/portaltela.pt\/noticias\/2026\/03\/06\/psp-de-braganca-detem-traficante-de-droga\/","url":"https:\/\/portaltela.pt\/noticias\/2026\/03\/06\/psp-de-braganca-detem-traficante-de-droga\/","name":"PSP de Bragan\u00e7a det\u00e9m traficante de droga - Portal Tela Portugal","isPartOf":{"@id":"https:\/\/portaltela.pt\/#website"},"primaryImageOfPage":{"@id":"https:\/\/portaltela.pt\/noticias\/2026\/03\/06\/psp-de-braganca-detem-traficante-de-droga\/#primaryimage"},"image":{"@id":"https:\/\/portaltela.pt\/noticias\/2026\/03\/06\/psp-de-braganca-detem-traficante-de-droga\/#primaryimage"},"thumbnailUrl":"https:\/\/portaltela.pt\/s.01k8rhncp4jt1\/2026\/03\/img_1500x1000uu2026-03-06-11-57-08-2270739.jpg","datePublished":"2026-03-06T12:23:00+00:00","author":{"@id":"https:\/\/portaltela.pt\/#\/schema\/person\/c4278d4a6028830caff9ee44b42d32ed"},"breadcrumb":{"@id":"https:\/\/portaltela.pt\/noticias\/2026\/03\/06\/psp-de-braganca-detem-traficante-de-droga\/#breadcrumb"},"inLanguage":"pt-PT","potentialAction":[{"@type":"ReadAction","target":["https:\/\/portaltela.pt\/noticias\/2026\/03\/06\/psp-de-braganca-detem-traficante-de-droga\/"]}]},{"@type":"ImageObject","inLanguage":"pt-PT","@id":"https:\/\/portaltela.pt\/noticias\/2026\/03\/06\/psp-de-braganca-detem-traficante-de-droga\/#primaryimage","url":"https:\/\/portaltela.pt\/s.01k8rhncp4jt1\/2026\/03\/img_1500x1000uu2026-03-06-11-57-08-2270739.jpg","contentUrl":"https:\/\/portaltela.pt\/s.01k8rhncp4jt1\/2026\/03\/img_1500x1000uu2026-03-06-11-57-08-2270739.jpg","width":796,"height":448,"caption":"PSP Bragan\u00e7a det\u00e9m homem por tr\u00e1fico de droga, ap\u00f3s tentativa de fuga."},{"@type":"BreadcrumbList","@id":"https:\/\/portaltela.pt\/noticias\/2026\/03\/06\/psp-de-braganca-detem-traficante-de-droga\/#breadcrumb","itemListElement":[{"@type":"ListItem","position":1,"name":"In\u00edcio","item":"https:\/\/portaltela.pt\/"},{"@type":"ListItem","position":2,"name":"PSP de Bragan\u00e7a det\u00e9m traficante de droga"}]},{"@type":"WebSite","@id":"https:\/\/portaltela.pt\/#website","url":"https:\/\/portaltela.pt\/","name":"Portal Tela Portugal","description":"","potentialAction":[{"@type":"SearchAction","target":{"@type":"EntryPoint","urlTemplate":"https:\/\/portaltela.pt\/?s={search_term_string}"},"query-input":{"@type":"PropertyValueSpecification","valueRequired":true,"valueName":"search_term_string"}}],"inLanguage":"pt-PT"},{"@type":"Person","@id":"https:\/\/portaltela.pt\/#\/schema\/person\/c4278d4a6028830caff9ee44b42d32ed","name":"Telinha","image":{"@type":"ImageObject","inLanguage":"pt-PT","@id":"https:\/\/portaltela.pt\/s.01k8rhncp4jt1\/2025\/11\/talking-bot-125x125.png","url":"https:\/\/portaltela.pt\/s.01k8rhncp4jt1\/2025\/11\/talking-bot-125x125.png","contentUrl":"https:\/\/portaltela.pt\/s.01k8rhncp4jt1\/2025\/11\/talking-bot-125x125.png","caption":"Telinha"},"sameAs":["https:\/\/portaltela.pt\/"],"url":"https:\/\/portaltela.pt\/por\/367410592786\/"}]}},"_links":{"self":[{"href":"https:\/\/portaltela.pt\/api\/wp\/v2\/posts\/399998","targetHints":{"allow":["GET"]}}],"collection":[{"href":"https:\/\/portaltela.pt\/api\/wp\/v2\/posts"}],"about":[{"href":"https:\/\/portaltela.pt\/api\/wp\/v2\/types\/post"}],"author":[{"embeddable":true,"href":"https:\/\/portaltela.pt\/api\/wp\/v2\/users\/2"}],"replies":[{"embeddable":true,"href":"https:\/\/portaltela.pt\/api\/wp\/v2\/comments?post=399998"}],"version-history":[{"count":0,"href":"https:\/\/portaltela.pt\/api\/wp\/v2\/posts\/399998\/revisions"}],"wp:featuredmedia":[{"embeddable":true,"href":"https:\/\/portaltela.pt\/api\/wp\/v2\/media\/400006"}],"wp:attachment":[{"href":"https:\/\/portaltela.pt\/api\/wp\/v2\/media?parent=399998"}],"wp:term":[{"taxonomy":"category","embeddable":true,"href":"https:\/\/portaltela.pt\/api\/wp\/v2\/categories?post=399998"},{"taxonomy":"post_tag","embeddable":true,"href":"https:\/\/portaltela.pt\/api\/wp\/v2\/tags?post=399998"}],"curies":[{"name":"wp","href":"https:\/\/api.w.org\/{rel}","templated":true}]}}