{"id":399992,"date":"2026-03-06T09:11:00","date_gmt":"2026-03-06T12:11:00","guid":{"rendered":"https:\/\/portaltela.pt\/noticias\/2026\/03\/06\/mais-de-1-000-cidadaos-da-ue-repatriados-em-voos-organizados-por-bruxelas\/"},"modified":"2026-03-06T09:11:00","modified_gmt":"2026-03-06T12:11:00","slug":"mais-de-1-000-cidadaos-da-ue-repatriados-em-voos-organizados-por-bruxelas","status":"publish","type":"post","link":"https:\/\/portaltela.pt\/noticias\/internacional\/2026\/03\/06\/mais-de-1-000-cidadaos-da-ue-repatriados-em-voos-organizados-por-bruxelas\/","title":{"rendered":"Mais de 1.000 cidad\u00e3os da UE repatriados em voos organizados por Bruxelas"},"content":{"rendered":"<p>Mais de 1.000 cidad\u00e3os da Uni\u00e3o Europeia foram repatriados em voos organizados por Bruxelas, numa opera\u00e7\u00e3o coordenada pela UE para facilitar o retorno de identificados como impedidos de retornar aos seus pa\u00edses.<\/p>\n<p>As a\u00e7\u00f5es, lideradas pela Comiss\u00e3o Europeia em parceria com os Estados-membros, envolveram v\u00e1rias rotas a\u00e9reas entre aeroportos da UE e pa\u00edses de origem. O objetivo \u00e9 assegurar trajetos seguros e organizados para quem se encontrava fora do territ\u00f3rio de resid\u00eancia.<\/p>\n<p>As autoridades n\u00e3o divulgaram detalhes adicionais sobre n\u00fameros por pa\u00eds ou destinos espec\u00edficos. O que \u00e9 confirmado \u00e9 que as opera\u00e7\u00f5es visaram acelerar o retorno de cidad\u00e3os da UE, com foco na seguran\u00e7a e na log\u00edstica envolvida.<\/p>\n","protected":false},"excerpt":{"rendered":"<ul>\n<li>Mais de 1.000 cidad\u00e3os da Uni\u00e3o Europeia foram repatriados.<\/li>\n<li>Os voos foram organizados por Bruxelas (Comiss\u00e3o Europeia).<\/li>\n<li>O conte\u00fado completo est\u00e1 dispon\u00edvel apenas para subscritores.<\/li>\n<li>O texto n\u00e3o fornece detalhes adicionais no trecho dispon\u00edvel.<\/li>\n<\/ul>\n","protected":false},"author":2,"featured_media":400003,"comment_status":"closed","ping_status":"closed","sticky":false,"template":"","format":"standard","meta":{"footnotes":""},"categories":[4,1],"tags":[6637,2487,961,1456,192,2055],"class_list":["post-399992","post","type-post","status-publish","format-standard","has-post-thumbnail","hentry","category-internacional","category-noticias","tag-cidadaos","tag-europa","tag-logistica","tag-migracao","tag-transporte","tag-uniao-europeia"],"yoast_head":"<!-- This site is optimized with the Yoast SEO plugin v27.2 - https:\/\/yoast.com\/product\/yoast-seo-wordpress\/ -->\n<title>Mais de 1.000 cidad\u00e3os da UE repatriados em voos organizados por Bruxelas - Portal Tela Portugal<\/title>\n<meta name=\"robots\" content=\"index, follow, max-snippet:-1, max-image-preview:large, max-video-preview:-1\" \/>\n<meta property=\"og:locale\" content=\"pt_PT\" \/>\n<meta property=\"og:type\" content=\"article\" \/>\n<meta property=\"og:title\" content=\"Mais de 1.000 cidad\u00e3os da UE repatriados em voos organizados por Bruxelas - Portal Tela Portugal\" \/>\n<meta property=\"og:description\" content=\"Mais de 1.000 cidad\u00e3os da Uni\u00e3o Europeia foram repatriados. Os voos foram organizados por Bruxelas (Comiss\u00e3o Europeia). O conte\u00fado completo est\u00e1 dispon\u00edvel apenas para subscritores. O texto n\u00e3o fornece detalhes adicionais no trecho dispon\u00edvel.\" \/>\n<meta property=\"og:url\" content=\"https:\/\/portaltela.pt\/noticias\/2026\/03\/06\/mais-de-1-000-cidadaos-da-ue-repatriados-em-voos-organizados-por-bruxelas\/\" \/>\n<meta property=\"og:site_name\" content=\"Portal Tela Portugal\" \/>\n<meta property=\"article:published_time\" content=\"2026-03-06T12:11:00+00:00\" \/>\n<meta name=\"author\" content=\"Telinha\" \/>\n<meta name=\"twitter:card\" content=\"summary_large_image\" \/>\n<meta name=\"twitter:label1\" content=\"Escrito por\" \/>\n\t<meta name=\"twitter:data1\" content=\"Telinha\" \/>\n\t<meta name=\"twitter:label2\" content=\"Tempo estimado de leitura\" \/>\n\t<meta name=\"twitter:data2\" content=\"1 minuto\" \/>\n<script type=\"application\/ld+json\" class=\"yoast-schema-graph\">{\"@context\":\"https:\/\/schema.org\",\"@graph\":[{\"@type\":\"Article\",\"@id\":\"https:\/\/portaltela.pt\/noticias\/2026\/03\/06\/mais-de-1-000-cidadaos-da-ue-repatriados-em-voos-organizados-por-bruxelas\/#article\",\"isPartOf\":{\"@id\":\"https:\/\/portaltela.pt\/noticias\/2026\/03\/06\/mais-de-1-000-cidadaos-da-ue-repatriados-em-voos-organizados-por-bruxelas\/\"},\"author\":{\"name\":\"Telinha\",\"@id\":\"https:\/\/portaltela.pt\/#\/schema\/person\/c4278d4a6028830caff9ee44b42d32ed\"},\"headline\":\"Mais de 1.000 cidad\u00e3os da UE repatriados em voos organizados por Bruxelas\",\"datePublished\":\"2026-03-06T12:11:00+00:00\",\"mainEntityOfPage\":{\"@id\":\"https:\/\/portaltela.pt\/noticias\/2026\/03\/06\/mais-de-1-000-cidadaos-da-ue-repatriados-em-voos-organizados-por-bruxelas\/\"},\"wordCount\":136,\"image\":{\"@id\":\"https:\/\/portaltela.pt\/noticias\/2026\/03\/06\/mais-de-1-000-cidadaos-da-ue-repatriados-em-voos-organizados-por-bruxelas\/#primaryimage\"},\"thumbnailUrl\":\"https:\/\/portaltela.pt\/s.01k8rhncp4jt1\/2026\/03\/CACHE_780X1200_ANALOG_WATERMARKED_46695645_421288724337229.jpg\",\"keywords\":[\"cidad\u00e3os\",\"Europa\",\"Log\u00edstica\",\"migra\u00e7\u00e3o\",\"transporte\",\"Uni\u00e3o Europeia\"],\"articleSection\":[\"Internacional\",\"Not\u00edcias\"],\"inLanguage\":\"pt-PT\"},{\"@type\":\"WebPage\",\"@id\":\"https:\/\/portaltela.pt\/noticias\/2026\/03\/06\/mais-de-1-000-cidadaos-da-ue-repatriados-em-voos-organizados-por-bruxelas\/\",\"url\":\"https:\/\/portaltela.pt\/noticias\/2026\/03\/06\/mais-de-1-000-cidadaos-da-ue-repatriados-em-voos-organizados-por-bruxelas\/\",\"name\":\"Mais de 1.000 cidad\u00e3os da UE repatriados em voos organizados por Bruxelas - Portal Tela Portugal\",\"isPartOf\":{\"@id\":\"https:\/\/portaltela.pt\/#website\"},\"primaryImageOfPage\":{\"@id\":\"https:\/\/portaltela.pt\/noticias\/2026\/03\/06\/mais-de-1-000-cidadaos-da-ue-repatriados-em-voos-organizados-por-bruxelas\/#primaryimage\"},\"image\":{\"@id\":\"https:\/\/portaltela.pt\/noticias\/2026\/03\/06\/mais-de-1-000-cidadaos-da-ue-repatriados-em-voos-organizados-por-bruxelas\/#primaryimage\"},\"thumbnailUrl\":\"https:\/\/portaltela.pt\/s.01k8rhncp4jt1\/2026\/03\/CACHE_780X1200_ANALOG_WATERMARKED_46695645_421288724337229.jpg\",\"datePublished\":\"2026-03-06T12:11:00+00:00\",\"author\":{\"@id\":\"https:\/\/portaltela.pt\/#\/schema\/person\/c4278d4a6028830caff9ee44b42d32ed\"},\"breadcrumb\":{\"@id\":\"https:\/\/portaltela.pt\/noticias\/2026\/03\/06\/mais-de-1-000-cidadaos-da-ue-repatriados-em-voos-organizados-por-bruxelas\/#breadcrumb\"},\"inLanguage\":\"pt-PT\",\"potentialAction\":[{\"@type\":\"ReadAction\",\"target\":[\"https:\/\/portaltela.pt\/noticias\/2026\/03\/06\/mais-de-1-000-cidadaos-da-ue-repatriados-em-voos-organizados-por-bruxelas\/\"]}]},{\"@type\":\"ImageObject\",\"inLanguage\":\"pt-PT\",\"@id\":\"https:\/\/portaltela.pt\/noticias\/2026\/03\/06\/mais-de-1-000-cidadaos-da-ue-repatriados-em-voos-organizados-por-bruxelas\/#primaryimage\",\"url\":\"https:\/\/portaltela.pt\/s.01k8rhncp4jt1\/2026\/03\/CACHE_780X1200_ANALOG_WATERMARKED_46695645_421288724337229.jpg\",\"contentUrl\":\"https:\/\/portaltela.pt\/s.01k8rhncp4jt1\/2026\/03\/CACHE_780X1200_ANALOG_WATERMARKED_46695645_421288724337229.jpg\",\"width\":796,\"height\":448,\"caption\":\"Mais de 1.000 cidad\u00e3os da UE repatriados em voos organizados por Bruxelas\"},{\"@type\":\"BreadcrumbList\",\"@id\":\"https:\/\/portaltela.pt\/noticias\/2026\/03\/06\/mais-de-1-000-cidadaos-da-ue-repatriados-em-voos-organizados-por-bruxelas\/#breadcrumb\",\"itemListElement\":[{\"@type\":\"ListItem\",\"position\":1,\"name\":\"In\u00edcio\",\"item\":\"https:\/\/portaltela.pt\/\"},{\"@type\":\"ListItem\",\"position\":2,\"name\":\"Mais de 1.000 cidad\u00e3os da UE repatriados em voos organizados por Bruxelas\"}]},{\"@type\":\"WebSite\",\"@id\":\"https:\/\/portaltela.pt\/#website\",\"url\":\"https:\/\/portaltela.pt\/\",\"name\":\"Portal Tela Portugal\",\"description\":\"\",\"potentialAction\":[{\"@type\":\"SearchAction\",\"target\":{\"@type\":\"EntryPoint\",\"urlTemplate\":\"https:\/\/portaltela.pt\/?s={search_term_string}\"},\"query-input\":{\"@type\":\"PropertyValueSpecification\",\"valueRequired\":true,\"valueName\":\"search_term_string\"}}],\"inLanguage\":\"pt-PT\"},{\"@type\":\"Person\",\"@id\":\"https:\/\/portaltela.pt\/#\/schema\/person\/c4278d4a6028830caff9ee44b42d32ed\",\"name\":\"Telinha\",\"image\":{\"@type\":\"ImageObject\",\"inLanguage\":\"pt-PT\",\"@id\":\"https:\/\/portaltela.pt\/s.01k8rhncp4jt1\/2025\/11\/talking-bot-125x125.png\",\"url\":\"https:\/\/portaltela.pt\/s.01k8rhncp4jt1\/2025\/11\/talking-bot-125x125.png\",\"contentUrl\":\"https:\/\/portaltela.pt\/s.01k8rhncp4jt1\/2025\/11\/talking-bot-125x125.png\",\"caption\":\"Telinha\"},\"sameAs\":[\"https:\/\/portaltela.pt\/\"],\"url\":\"https:\/\/portaltela.pt\/por\/367410592786\/\"}]}<\/script>\n<!-- \/ Yoast SEO plugin. -->","yoast_head_json":{"title":"Mais de 1.000 cidad\u00e3os da UE repatriados em voos organizados por Bruxelas - Portal Tela Portugal","robots":{"index":"index","follow":"follow","max-snippet":"max-snippet:-1","max-image-preview":"max-image-preview:large","max-video-preview":"max-video-preview:-1"},"og_locale":"pt_PT","og_type":"article","og_title":"Mais de 1.000 cidad\u00e3os da UE repatriados em voos organizados por Bruxelas - Portal Tela Portugal","og_description":"Mais de 1.000 cidad\u00e3os da Uni\u00e3o Europeia foram repatriados. Os voos foram organizados por Bruxelas (Comiss\u00e3o Europeia). O conte\u00fado completo est\u00e1 dispon\u00edvel apenas para subscritores. O texto n\u00e3o fornece detalhes adicionais no trecho dispon\u00edvel.","og_url":"https:\/\/portaltela.pt\/noticias\/2026\/03\/06\/mais-de-1-000-cidadaos-da-ue-repatriados-em-voos-organizados-por-bruxelas\/","og_site_name":"Portal Tela Portugal","article_published_time":"2026-03-06T12:11:00+00:00","author":"Telinha","twitter_card":"summary_large_image","twitter_misc":{"Escrito por":"Telinha","Tempo estimado de leitura":"1 minuto"},"schema":{"@context":"https:\/\/schema.org","@graph":[{"@type":"Article","@id":"https:\/\/portaltela.pt\/noticias\/2026\/03\/06\/mais-de-1-000-cidadaos-da-ue-repatriados-em-voos-organizados-por-bruxelas\/#article","isPartOf":{"@id":"https:\/\/portaltela.pt\/noticias\/2026\/03\/06\/mais-de-1-000-cidadaos-da-ue-repatriados-em-voos-organizados-por-bruxelas\/"},"author":{"name":"Telinha","@id":"https:\/\/portaltela.pt\/#\/schema\/person\/c4278d4a6028830caff9ee44b42d32ed"},"headline":"Mais de 1.000 cidad\u00e3os da UE repatriados em voos organizados por Bruxelas","datePublished":"2026-03-06T12:11:00+00:00","mainEntityOfPage":{"@id":"https:\/\/portaltela.pt\/noticias\/2026\/03\/06\/mais-de-1-000-cidadaos-da-ue-repatriados-em-voos-organizados-por-bruxelas\/"},"wordCount":136,"image":{"@id":"https:\/\/portaltela.pt\/noticias\/2026\/03\/06\/mais-de-1-000-cidadaos-da-ue-repatriados-em-voos-organizados-por-bruxelas\/#primaryimage"},"thumbnailUrl":"https:\/\/portaltela.pt\/s.01k8rhncp4jt1\/2026\/03\/CACHE_780X1200_ANALOG_WATERMARKED_46695645_421288724337229.jpg","keywords":["cidad\u00e3os","Europa","Log\u00edstica","migra\u00e7\u00e3o","transporte","Uni\u00e3o Europeia"],"articleSection":["Internacional","Not\u00edcias"],"inLanguage":"pt-PT"},{"@type":"WebPage","@id":"https:\/\/portaltela.pt\/noticias\/2026\/03\/06\/mais-de-1-000-cidadaos-da-ue-repatriados-em-voos-organizados-por-bruxelas\/","url":"https:\/\/portaltela.pt\/noticias\/2026\/03\/06\/mais-de-1-000-cidadaos-da-ue-repatriados-em-voos-organizados-por-bruxelas\/","name":"Mais de 1.000 cidad\u00e3os da UE repatriados em voos organizados por Bruxelas - Portal Tela Portugal","isPartOf":{"@id":"https:\/\/portaltela.pt\/#website"},"primaryImageOfPage":{"@id":"https:\/\/portaltela.pt\/noticias\/2026\/03\/06\/mais-de-1-000-cidadaos-da-ue-repatriados-em-voos-organizados-por-bruxelas\/#primaryimage"},"image":{"@id":"https:\/\/portaltela.pt\/noticias\/2026\/03\/06\/mais-de-1-000-cidadaos-da-ue-repatriados-em-voos-organizados-por-bruxelas\/#primaryimage"},"thumbnailUrl":"https:\/\/portaltela.pt\/s.01k8rhncp4jt1\/2026\/03\/CACHE_780X1200_ANALOG_WATERMARKED_46695645_421288724337229.jpg","datePublished":"2026-03-06T12:11:00+00:00","author":{"@id":"https:\/\/portaltela.pt\/#\/schema\/person\/c4278d4a6028830caff9ee44b42d32ed"},"breadcrumb":{"@id":"https:\/\/portaltela.pt\/noticias\/2026\/03\/06\/mais-de-1-000-cidadaos-da-ue-repatriados-em-voos-organizados-por-bruxelas\/#breadcrumb"},"inLanguage":"pt-PT","potentialAction":[{"@type":"ReadAction","target":["https:\/\/portaltela.pt\/noticias\/2026\/03\/06\/mais-de-1-000-cidadaos-da-ue-repatriados-em-voos-organizados-por-bruxelas\/"]}]},{"@type":"ImageObject","inLanguage":"pt-PT","@id":"https:\/\/portaltela.pt\/noticias\/2026\/03\/06\/mais-de-1-000-cidadaos-da-ue-repatriados-em-voos-organizados-por-bruxelas\/#primaryimage","url":"https:\/\/portaltela.pt\/s.01k8rhncp4jt1\/2026\/03\/CACHE_780X1200_ANALOG_WATERMARKED_46695645_421288724337229.jpg","contentUrl":"https:\/\/portaltela.pt\/s.01k8rhncp4jt1\/2026\/03\/CACHE_780X1200_ANALOG_WATERMARKED_46695645_421288724337229.jpg","width":796,"height":448,"caption":"Mais de 1.000 cidad\u00e3os da UE repatriados em voos organizados por Bruxelas"},{"@type":"BreadcrumbList","@id":"https:\/\/portaltela.pt\/noticias\/2026\/03\/06\/mais-de-1-000-cidadaos-da-ue-repatriados-em-voos-organizados-por-bruxelas\/#breadcrumb","itemListElement":[{"@type":"ListItem","position":1,"name":"In\u00edcio","item":"https:\/\/portaltela.pt\/"},{"@type":"ListItem","position":2,"name":"Mais de 1.000 cidad\u00e3os da UE repatriados em voos organizados por Bruxelas"}]},{"@type":"WebSite","@id":"https:\/\/portaltela.pt\/#website","url":"https:\/\/portaltela.pt\/","name":"Portal Tela Portugal","description":"","potentialAction":[{"@type":"SearchAction","target":{"@type":"EntryPoint","urlTemplate":"https:\/\/portaltela.pt\/?s={search_term_string}"},"query-input":{"@type":"PropertyValueSpecification","valueRequired":true,"valueName":"search_term_string"}}],"inLanguage":"pt-PT"},{"@type":"Person","@id":"https:\/\/portaltela.pt\/#\/schema\/person\/c4278d4a6028830caff9ee44b42d32ed","name":"Telinha","image":{"@type":"ImageObject","inLanguage":"pt-PT","@id":"https:\/\/portaltela.pt\/s.01k8rhncp4jt1\/2025\/11\/talking-bot-125x125.png","url":"https:\/\/portaltela.pt\/s.01k8rhncp4jt1\/2025\/11\/talking-bot-125x125.png","contentUrl":"https:\/\/portaltela.pt\/s.01k8rhncp4jt1\/2025\/11\/talking-bot-125x125.png","caption":"Telinha"},"sameAs":["https:\/\/portaltela.pt\/"],"url":"https:\/\/portaltela.pt\/por\/367410592786\/"}]}},"_links":{"self":[{"href":"https:\/\/portaltela.pt\/api\/wp\/v2\/posts\/399992","targetHints":{"allow":["GET"]}}],"collection":[{"href":"https:\/\/portaltela.pt\/api\/wp\/v2\/posts"}],"about":[{"href":"https:\/\/portaltela.pt\/api\/wp\/v2\/types\/post"}],"author":[{"embeddable":true,"href":"https:\/\/portaltela.pt\/api\/wp\/v2\/users\/2"}],"replies":[{"embeddable":true,"href":"https:\/\/portaltela.pt\/api\/wp\/v2\/comments?post=399992"}],"version-history":[{"count":0,"href":"https:\/\/portaltela.pt\/api\/wp\/v2\/posts\/399992\/revisions"}],"wp:featuredmedia":[{"embeddable":true,"href":"https:\/\/portaltela.pt\/api\/wp\/v2\/media\/400003"}],"wp:attachment":[{"href":"https:\/\/portaltela.pt\/api\/wp\/v2\/media?parent=399992"}],"wp:term":[{"taxonomy":"category","embeddable":true,"href":"https:\/\/portaltela.pt\/api\/wp\/v2\/categories?post=399992"},{"taxonomy":"post_tag","embeddable":true,"href":"https:\/\/portaltela.pt\/api\/wp\/v2\/tags?post=399992"}],"curies":[{"name":"wp","href":"https:\/\/api.w.org\/{rel}","templated":true}]}}