{"id":399989,"date":"2026-03-06T09:20:19","date_gmt":"2026-03-06T12:20:19","guid":{"rendered":"https:\/\/portaltela.pt\/noticias\/2026\/03\/06\/grupo-brisa-compra-a-totalidade-da-via-verde\/"},"modified":"2026-03-06T09:20:19","modified_gmt":"2026-03-06T12:20:19","slug":"grupo-brisa-compra-a-totalidade-da-via-verde","status":"publish","type":"post","link":"https:\/\/portaltela.pt\/noticias\/economia\/2026\/03\/06\/grupo-brisa-compra-a-totalidade-da-via-verde\/","title":{"rendered":"Grupo Brisa compra a totalidade da Via Verde"},"content":{"rendered":"<p>O grupo Brisa concluiu a aquisi\u00e7\u00e3o total da Via Verde, afastando a Ascendi da opera\u00e7\u00e3o. A Brisa Autoestradas de Portugal tornou-se, assim, acionista \u00fanico da Via Verde, segundo comunicado divulgado na sexta-feira.<\/p>\n<p>O neg\u00f3cio resulta da concord\u00e2ncia entre Brisa e Ascendi, ap\u00f3s a Brisa ter adquirido a participa\u00e7\u00e3o da Ascendi na Via Verde. O processo permitiu que, no dia 5 de mar\u00e7o de 2026, a Brisa passasse a deter 100% do capital social da Via Verde.<\/p>\n<p>Em mar\u00e7o de 2025, a Brisa j\u00e1 tinha informado a Autoridade da Concorr\u00eancia (AdC) sobre a compra dos 25% detidos pela Ascendi na Via Verde. O objetivo do acordo foi consolidar a posi\u00e7\u00e3o da Brisa no setor de autoestradas e servi\u00e7os de mobilidade.<\/p>\n<p>A aquisi\u00e7\u00e3o mant\u00e9m a Via Verde sob a gest\u00e3o da Brisa, sem altera\u00e7\u00f5es anunciadas nos termos de funcionamento da empresa. A opera\u00e7\u00e3o n\u00e3o introduz novas partes envolvidas e n\u00e3o aponta mudan\u00e7as na estrutura de governan\u00e7a al\u00e9m da concentra\u00e7\u00e3o de controlo.<\/p>\n","protected":false},"excerpt":{"rendered":"<ul>\n<li>O grupo Brisa adquiriu a totalidade da Via Verde, deixando de ter qualquer participa\u00e7\u00e3o da Ascendi e tornando-se acionista \u00fanico.<\/li>\n<li>A opera\u00e7\u00e3o foi conclu\u00edda no dia 05 de mar\u00e7o de 2026, conforme comunicado da Via Verde.<\/li>\n<li>A transa\u00e7\u00e3o decorre do acordo entre o Grupo Brisa e a Ascendi, relativo \u00e0 aquisi\u00e7\u00e3o da participa\u00e7\u00e3o da Ascendi pela Brisa Autoestradas de Portugal.<\/li>\n<li>Em mar\u00e7o de 2025, a Brisa noticiou \u00e0 Autoridade da Concorr\u00eancia a compra dos 25 por cento que a Ascendi detinha na Via Verde.<\/li>\n<\/ul>\n","protected":false},"author":2,"featured_media":399996,"comment_status":"closed","ping_status":"closed","sticky":false,"template":"","format":"standard","meta":{"footnotes":""},"categories":[2,1],"tags":[5792,1842,28,1615,316,2110],"class_list":["post-399989","post","type-post","status-publish","format-standard","has-post-thumbnail","hentry","category-economia","category-noticias","tag-autoestradas","tag-concessoes-internacionais","tag-economia","tag-infraestrutura","tag-investimento","tag-mobilidade"],"yoast_head":"<!-- This site is optimized with the Yoast SEO plugin v27.2 - https:\/\/yoast.com\/product\/yoast-seo-wordpress\/ -->\n<title>Grupo Brisa compra a totalidade da Via Verde - Portal Tela Portugal<\/title>\n<meta name=\"robots\" content=\"index, follow, max-snippet:-1, max-image-preview:large, max-video-preview:-1\" \/>\n<meta property=\"og:locale\" content=\"pt_PT\" \/>\n<meta property=\"og:type\" content=\"article\" \/>\n<meta property=\"og:title\" content=\"Grupo Brisa compra a totalidade da Via Verde - Portal Tela Portugal\" \/>\n<meta property=\"og:description\" content=\"O grupo Brisa adquiriu a totalidade da Via Verde, deixando de ter qualquer participa\u00e7\u00e3o da Ascendi e tornando-se acionista \u00fanico. A opera\u00e7\u00e3o foi conclu\u00edda no dia 05 de mar\u00e7o de 2026, conforme comunicado da Via Verde. A transa\u00e7\u00e3o decorre do acordo entre o Grupo Brisa e a Ascendi, relativo \u00e0 aquisi\u00e7\u00e3o da participa\u00e7\u00e3o da Ascendi pela Brisa Autoestradas de Portugal. Em mar\u00e7o de 2025, a Brisa noticiou \u00e0 Autoridade da Concorr\u00eancia a compra dos 25 por cento que a Ascendi detinha na Via Verde.\" \/>\n<meta property=\"og:url\" content=\"https:\/\/portaltela.pt\/noticias\/2026\/03\/06\/grupo-brisa-compra-a-totalidade-da-via-verde\/\" \/>\n<meta property=\"og:site_name\" content=\"Portal Tela Portugal\" \/>\n<meta property=\"article:published_time\" content=\"2026-03-06T12:20:19+00:00\" \/>\n<meta name=\"author\" content=\"Telinha\" \/>\n<meta name=\"twitter:card\" content=\"summary_large_image\" \/>\n<meta name=\"twitter:label1\" content=\"Escrito por\" \/>\n\t<meta name=\"twitter:data1\" content=\"Telinha\" \/>\n\t<meta name=\"twitter:label2\" content=\"Tempo estimado de leitura\" \/>\n\t<meta name=\"twitter:data2\" content=\"1 minuto\" \/>\n<script type=\"application\/ld+json\" class=\"yoast-schema-graph\">{\"@context\":\"https:\/\/schema.org\",\"@graph\":[{\"@type\":\"Article\",\"@id\":\"https:\/\/portaltela.pt\/noticias\/2026\/03\/06\/grupo-brisa-compra-a-totalidade-da-via-verde\/#article\",\"isPartOf\":{\"@id\":\"https:\/\/portaltela.pt\/noticias\/2026\/03\/06\/grupo-brisa-compra-a-totalidade-da-via-verde\/\"},\"author\":{\"name\":\"Telinha\",\"@id\":\"https:\/\/portaltela.pt\/#\/schema\/person\/c4278d4a6028830caff9ee44b42d32ed\"},\"headline\":\"Grupo Brisa compra a totalidade da Via Verde\",\"datePublished\":\"2026-03-06T12:20:19+00:00\",\"mainEntityOfPage\":{\"@id\":\"https:\/\/portaltela.pt\/noticias\/2026\/03\/06\/grupo-brisa-compra-a-totalidade-da-via-verde\/\"},\"wordCount\":184,\"image\":{\"@id\":\"https:\/\/portaltela.pt\/noticias\/2026\/03\/06\/grupo-brisa-compra-a-totalidade-da-via-verde\/#primaryimage\"},\"thumbnailUrl\":\"https:\/\/portaltela.pt\/s.01k8rhncp4jt1\/2026\/03\/img_1500x1000uu2022-12-18-23-16-59-1232773.jpg\",\"keywords\":[\"autoestradas\",\"concess\u00f5es internacionais\",\"economia\",\"infraestrutura\",\"investimento\",\"mobilidade\"],\"articleSection\":[\"Economia\",\"Not\u00edcias\"],\"inLanguage\":\"pt-PT\"},{\"@type\":\"WebPage\",\"@id\":\"https:\/\/portaltela.pt\/noticias\/2026\/03\/06\/grupo-brisa-compra-a-totalidade-da-via-verde\/\",\"url\":\"https:\/\/portaltela.pt\/noticias\/2026\/03\/06\/grupo-brisa-compra-a-totalidade-da-via-verde\/\",\"name\":\"Grupo Brisa compra a totalidade da Via Verde - Portal Tela Portugal\",\"isPartOf\":{\"@id\":\"https:\/\/portaltela.pt\/#website\"},\"primaryImageOfPage\":{\"@id\":\"https:\/\/portaltela.pt\/noticias\/2026\/03\/06\/grupo-brisa-compra-a-totalidade-da-via-verde\/#primaryimage\"},\"image\":{\"@id\":\"https:\/\/portaltela.pt\/noticias\/2026\/03\/06\/grupo-brisa-compra-a-totalidade-da-via-verde\/#primaryimage\"},\"thumbnailUrl\":\"https:\/\/portaltela.pt\/s.01k8rhncp4jt1\/2026\/03\/img_1500x1000uu2022-12-18-23-16-59-1232773.jpg\",\"datePublished\":\"2026-03-06T12:20:19+00:00\",\"author\":{\"@id\":\"https:\/\/portaltela.pt\/#\/schema\/person\/c4278d4a6028830caff9ee44b42d32ed\"},\"breadcrumb\":{\"@id\":\"https:\/\/portaltela.pt\/noticias\/2026\/03\/06\/grupo-brisa-compra-a-totalidade-da-via-verde\/#breadcrumb\"},\"inLanguage\":\"pt-PT\",\"potentialAction\":[{\"@type\":\"ReadAction\",\"target\":[\"https:\/\/portaltela.pt\/noticias\/2026\/03\/06\/grupo-brisa-compra-a-totalidade-da-via-verde\/\"]}]},{\"@type\":\"ImageObject\",\"inLanguage\":\"pt-PT\",\"@id\":\"https:\/\/portaltela.pt\/noticias\/2026\/03\/06\/grupo-brisa-compra-a-totalidade-da-via-verde\/#primaryimage\",\"url\":\"https:\/\/portaltela.pt\/s.01k8rhncp4jt1\/2026\/03\/img_1500x1000uu2022-12-18-23-16-59-1232773.jpg\",\"contentUrl\":\"https:\/\/portaltela.pt\/s.01k8rhncp4jt1\/2026\/03\/img_1500x1000uu2022-12-18-23-16-59-1232773.jpg\",\"width\":796,\"height\":448,\"caption\":\"Grupo Brisa\"},{\"@type\":\"BreadcrumbList\",\"@id\":\"https:\/\/portaltela.pt\/noticias\/2026\/03\/06\/grupo-brisa-compra-a-totalidade-da-via-verde\/#breadcrumb\",\"itemListElement\":[{\"@type\":\"ListItem\",\"position\":1,\"name\":\"In\u00edcio\",\"item\":\"https:\/\/portaltela.pt\/\"},{\"@type\":\"ListItem\",\"position\":2,\"name\":\"Grupo Brisa compra a totalidade da Via Verde\"}]},{\"@type\":\"WebSite\",\"@id\":\"https:\/\/portaltela.pt\/#website\",\"url\":\"https:\/\/portaltela.pt\/\",\"name\":\"Portal Tela Portugal\",\"description\":\"\",\"potentialAction\":[{\"@type\":\"SearchAction\",\"target\":{\"@type\":\"EntryPoint\",\"urlTemplate\":\"https:\/\/portaltela.pt\/?s={search_term_string}\"},\"query-input\":{\"@type\":\"PropertyValueSpecification\",\"valueRequired\":true,\"valueName\":\"search_term_string\"}}],\"inLanguage\":\"pt-PT\"},{\"@type\":\"Person\",\"@id\":\"https:\/\/portaltela.pt\/#\/schema\/person\/c4278d4a6028830caff9ee44b42d32ed\",\"name\":\"Telinha\",\"image\":{\"@type\":\"ImageObject\",\"inLanguage\":\"pt-PT\",\"@id\":\"https:\/\/portaltela.pt\/s.01k8rhncp4jt1\/2025\/11\/talking-bot-125x125.png\",\"url\":\"https:\/\/portaltela.pt\/s.01k8rhncp4jt1\/2025\/11\/talking-bot-125x125.png\",\"contentUrl\":\"https:\/\/portaltela.pt\/s.01k8rhncp4jt1\/2025\/11\/talking-bot-125x125.png\",\"caption\":\"Telinha\"},\"sameAs\":[\"https:\/\/portaltela.pt\/\"],\"url\":\"https:\/\/portaltela.pt\/por\/367410592786\/\"}]}<\/script>\n<!-- \/ Yoast SEO plugin. -->","yoast_head_json":{"title":"Grupo Brisa compra a totalidade da Via Verde - Portal Tela Portugal","robots":{"index":"index","follow":"follow","max-snippet":"max-snippet:-1","max-image-preview":"max-image-preview:large","max-video-preview":"max-video-preview:-1"},"og_locale":"pt_PT","og_type":"article","og_title":"Grupo Brisa compra a totalidade da Via Verde - Portal Tela Portugal","og_description":"O grupo Brisa adquiriu a totalidade da Via Verde, deixando de ter qualquer participa\u00e7\u00e3o da Ascendi e tornando-se acionista \u00fanico. A opera\u00e7\u00e3o foi conclu\u00edda no dia 05 de mar\u00e7o de 2026, conforme comunicado da Via Verde. A transa\u00e7\u00e3o decorre do acordo entre o Grupo Brisa e a Ascendi, relativo \u00e0 aquisi\u00e7\u00e3o da participa\u00e7\u00e3o da Ascendi pela Brisa Autoestradas de Portugal. Em mar\u00e7o de 2025, a Brisa noticiou \u00e0 Autoridade da Concorr\u00eancia a compra dos 25 por cento que a Ascendi detinha na Via Verde.","og_url":"https:\/\/portaltela.pt\/noticias\/2026\/03\/06\/grupo-brisa-compra-a-totalidade-da-via-verde\/","og_site_name":"Portal Tela Portugal","article_published_time":"2026-03-06T12:20:19+00:00","author":"Telinha","twitter_card":"summary_large_image","twitter_misc":{"Escrito por":"Telinha","Tempo estimado de leitura":"1 minuto"},"schema":{"@context":"https:\/\/schema.org","@graph":[{"@type":"Article","@id":"https:\/\/portaltela.pt\/noticias\/2026\/03\/06\/grupo-brisa-compra-a-totalidade-da-via-verde\/#article","isPartOf":{"@id":"https:\/\/portaltela.pt\/noticias\/2026\/03\/06\/grupo-brisa-compra-a-totalidade-da-via-verde\/"},"author":{"name":"Telinha","@id":"https:\/\/portaltela.pt\/#\/schema\/person\/c4278d4a6028830caff9ee44b42d32ed"},"headline":"Grupo Brisa compra a totalidade da Via Verde","datePublished":"2026-03-06T12:20:19+00:00","mainEntityOfPage":{"@id":"https:\/\/portaltela.pt\/noticias\/2026\/03\/06\/grupo-brisa-compra-a-totalidade-da-via-verde\/"},"wordCount":184,"image":{"@id":"https:\/\/portaltela.pt\/noticias\/2026\/03\/06\/grupo-brisa-compra-a-totalidade-da-via-verde\/#primaryimage"},"thumbnailUrl":"https:\/\/portaltela.pt\/s.01k8rhncp4jt1\/2026\/03\/img_1500x1000uu2022-12-18-23-16-59-1232773.jpg","keywords":["autoestradas","concess\u00f5es internacionais","economia","infraestrutura","investimento","mobilidade"],"articleSection":["Economia","Not\u00edcias"],"inLanguage":"pt-PT"},{"@type":"WebPage","@id":"https:\/\/portaltela.pt\/noticias\/2026\/03\/06\/grupo-brisa-compra-a-totalidade-da-via-verde\/","url":"https:\/\/portaltela.pt\/noticias\/2026\/03\/06\/grupo-brisa-compra-a-totalidade-da-via-verde\/","name":"Grupo Brisa compra a totalidade da Via Verde - Portal Tela Portugal","isPartOf":{"@id":"https:\/\/portaltela.pt\/#website"},"primaryImageOfPage":{"@id":"https:\/\/portaltela.pt\/noticias\/2026\/03\/06\/grupo-brisa-compra-a-totalidade-da-via-verde\/#primaryimage"},"image":{"@id":"https:\/\/portaltela.pt\/noticias\/2026\/03\/06\/grupo-brisa-compra-a-totalidade-da-via-verde\/#primaryimage"},"thumbnailUrl":"https:\/\/portaltela.pt\/s.01k8rhncp4jt1\/2026\/03\/img_1500x1000uu2022-12-18-23-16-59-1232773.jpg","datePublished":"2026-03-06T12:20:19+00:00","author":{"@id":"https:\/\/portaltela.pt\/#\/schema\/person\/c4278d4a6028830caff9ee44b42d32ed"},"breadcrumb":{"@id":"https:\/\/portaltela.pt\/noticias\/2026\/03\/06\/grupo-brisa-compra-a-totalidade-da-via-verde\/#breadcrumb"},"inLanguage":"pt-PT","potentialAction":[{"@type":"ReadAction","target":["https:\/\/portaltela.pt\/noticias\/2026\/03\/06\/grupo-brisa-compra-a-totalidade-da-via-verde\/"]}]},{"@type":"ImageObject","inLanguage":"pt-PT","@id":"https:\/\/portaltela.pt\/noticias\/2026\/03\/06\/grupo-brisa-compra-a-totalidade-da-via-verde\/#primaryimage","url":"https:\/\/portaltela.pt\/s.01k8rhncp4jt1\/2026\/03\/img_1500x1000uu2022-12-18-23-16-59-1232773.jpg","contentUrl":"https:\/\/portaltela.pt\/s.01k8rhncp4jt1\/2026\/03\/img_1500x1000uu2022-12-18-23-16-59-1232773.jpg","width":796,"height":448,"caption":"Grupo Brisa"},{"@type":"BreadcrumbList","@id":"https:\/\/portaltela.pt\/noticias\/2026\/03\/06\/grupo-brisa-compra-a-totalidade-da-via-verde\/#breadcrumb","itemListElement":[{"@type":"ListItem","position":1,"name":"In\u00edcio","item":"https:\/\/portaltela.pt\/"},{"@type":"ListItem","position":2,"name":"Grupo Brisa compra a totalidade da Via Verde"}]},{"@type":"WebSite","@id":"https:\/\/portaltela.pt\/#website","url":"https:\/\/portaltela.pt\/","name":"Portal Tela Portugal","description":"","potentialAction":[{"@type":"SearchAction","target":{"@type":"EntryPoint","urlTemplate":"https:\/\/portaltela.pt\/?s={search_term_string}"},"query-input":{"@type":"PropertyValueSpecification","valueRequired":true,"valueName":"search_term_string"}}],"inLanguage":"pt-PT"},{"@type":"Person","@id":"https:\/\/portaltela.pt\/#\/schema\/person\/c4278d4a6028830caff9ee44b42d32ed","name":"Telinha","image":{"@type":"ImageObject","inLanguage":"pt-PT","@id":"https:\/\/portaltela.pt\/s.01k8rhncp4jt1\/2025\/11\/talking-bot-125x125.png","url":"https:\/\/portaltela.pt\/s.01k8rhncp4jt1\/2025\/11\/talking-bot-125x125.png","contentUrl":"https:\/\/portaltela.pt\/s.01k8rhncp4jt1\/2025\/11\/talking-bot-125x125.png","caption":"Telinha"},"sameAs":["https:\/\/portaltela.pt\/"],"url":"https:\/\/portaltela.pt\/por\/367410592786\/"}]}},"_links":{"self":[{"href":"https:\/\/portaltela.pt\/api\/wp\/v2\/posts\/399989","targetHints":{"allow":["GET"]}}],"collection":[{"href":"https:\/\/portaltela.pt\/api\/wp\/v2\/posts"}],"about":[{"href":"https:\/\/portaltela.pt\/api\/wp\/v2\/types\/post"}],"author":[{"embeddable":true,"href":"https:\/\/portaltela.pt\/api\/wp\/v2\/users\/2"}],"replies":[{"embeddable":true,"href":"https:\/\/portaltela.pt\/api\/wp\/v2\/comments?post=399989"}],"version-history":[{"count":0,"href":"https:\/\/portaltela.pt\/api\/wp\/v2\/posts\/399989\/revisions"}],"wp:featuredmedia":[{"embeddable":true,"href":"https:\/\/portaltela.pt\/api\/wp\/v2\/media\/399996"}],"wp:attachment":[{"href":"https:\/\/portaltela.pt\/api\/wp\/v2\/media?parent=399989"}],"wp:term":[{"taxonomy":"category","embeddable":true,"href":"https:\/\/portaltela.pt\/api\/wp\/v2\/categories?post=399989"},{"taxonomy":"post_tag","embeddable":true,"href":"https:\/\/portaltela.pt\/api\/wp\/v2\/tags?post=399989"}],"curies":[{"name":"wp","href":"https:\/\/api.w.org\/{rel}","templated":true}]}}