{"id":399970,"date":"2026-03-06T09:07:18","date_gmt":"2026-03-06T12:07:18","guid":{"rendered":"https:\/\/portaltela.pt\/noticias\/2026\/03\/06\/professor-de-leiria-condenado-a-tres-anos-de-prisao-por-abuso-de-criancas\/"},"modified":"2026-03-06T09:07:18","modified_gmt":"2026-03-06T12:07:18","slug":"professor-de-leiria-condenado-a-tres-anos-de-prisao-por-abuso-de-criancas","status":"publish","type":"post","link":"https:\/\/portaltela.pt\/noticias\/politica\/2026\/03\/06\/professor-de-leiria-condenado-a-tres-anos-de-prisao-por-abuso-de-criancas\/","title":{"rendered":"Professor de Leiria condenado a tr\u00eas anos de pris\u00e3o por abuso de crian\u00e7as"},"content":{"rendered":"<p>O professor de Leiria foi condenado a tr\u00eas anos de pris\u00e3o com pena suspensa por abuso sexual de crian\u00e7as. O veredicto resulta de um processo em que o arguido era alegadamente presidente de 25 crimes, envolvendo tr\u00eas v\u00edtimas menores.<\/p>\n<p>Segundo o tribunal, o crime ocorreu ao longo de v\u00e1rios anos, com circunst\u00e2ncias que configuraram abuso sexual de menores. A decis\u00e3o manteve-se firme diante das provas apresentadas.<\/p>\n<p>As v\u00edtimas, todas menores, foram alvo de comportamentos que o Minist\u00e9rio P\u00fablico descreveu como agravados pela rela\u00e7\u00e3o de confian\u00e7a existente entre o suspeito e as fam\u00edlias envolvidas.<\/p>\n<p>O julgamento ocorreu em Leiria, com a senten\u00e7a a aplicar a suspens\u00e3o da pena, condicionada ao cumprimento de regras impostas pelo tribunal. N\u00e3o foram divulgados detalhes adicionais sobre eventuais danos ou indemniza\u00e7\u00f5es.<\/p>\n","protected":false},"excerpt":{"rendered":"<ul>\n<li>Um professor de Leiria foi condenado a tr\u00eas anos de pris\u00e3o com pena suspensa por abuso sexual de crian\u00e7as.<\/li>\n<li>O arguido enfrentava 25 crimes de abuso sexual de crian\u00e7as, praticados contra tr\u00eas v\u00edtimas menores.<\/li>\n<li>A senten\u00e7a prev\u00ea a suspens\u00e3o da execu\u00e7\u00e3o da pena, conforme decis\u00e3o do tribunal.<\/li>\n<li>A not\u00edcia foi publicada a 06 de mar\u00e7o de 2026, \u00e0s 12:07.<\/li>\n<\/ul>\n","protected":false},"author":2,"featured_media":399975,"comment_status":"closed","ping_status":"closed","sticky":false,"template":"","format":"standard","meta":{"footnotes":""},"categories":[1,5],"tags":[208,5866,6560,1385,6208,5892],"class_list":["post-399970","post","type-post","status-publish","format-standard","has-post-thumbnail","hentry","category-noticias","category-politica","tag-abuso-de-menores-dependentes","tag-abusos","tag-crime-sexual-de-menor-dependente-ou-em-situacao-vulneravel","tag-leiria","tag-tribunais","tag-violencia-sexual"],"yoast_head":"<!-- This site is optimized with the Yoast SEO plugin v27.2 - https:\/\/yoast.com\/product\/yoast-seo-wordpress\/ -->\n<title>Professor de Leiria condenado a tr\u00eas anos de pris\u00e3o por abuso de crian\u00e7as - Portal Tela Portugal<\/title>\n<meta name=\"robots\" content=\"index, follow, max-snippet:-1, max-image-preview:large, max-video-preview:-1\" \/>\n<meta property=\"og:locale\" content=\"pt_PT\" \/>\n<meta property=\"og:type\" content=\"article\" \/>\n<meta property=\"og:title\" content=\"Professor de Leiria condenado a tr\u00eas anos de pris\u00e3o por abuso de crian\u00e7as - Portal Tela Portugal\" \/>\n<meta property=\"og:description\" content=\"Um professor de Leiria foi condenado a tr\u00eas anos de pris\u00e3o com pena suspensa por abuso sexual de crian\u00e7as. O arguido enfrentava 25 crimes de abuso sexual de crian\u00e7as, praticados contra tr\u00eas v\u00edtimas menores. A senten\u00e7a prev\u00ea a suspens\u00e3o da execu\u00e7\u00e3o da pena, conforme decis\u00e3o do tribunal. A not\u00edcia foi publicada a 06 de mar\u00e7o de 2026, \u00e0s 12:07.\" \/>\n<meta property=\"og:url\" content=\"https:\/\/portaltela.pt\/noticias\/2026\/03\/06\/professor-de-leiria-condenado-a-tres-anos-de-prisao-por-abuso-de-criancas\/\" \/>\n<meta property=\"og:site_name\" content=\"Portal Tela Portugal\" \/>\n<meta property=\"article:published_time\" content=\"2026-03-06T12:07:18+00:00\" \/>\n<meta name=\"author\" content=\"Telinha\" \/>\n<meta name=\"twitter:card\" content=\"summary_large_image\" \/>\n<meta name=\"twitter:label1\" content=\"Escrito por\" \/>\n\t<meta name=\"twitter:data1\" content=\"Telinha\" \/>\n\t<meta name=\"twitter:label2\" content=\"Tempo estimado de leitura\" \/>\n\t<meta name=\"twitter:data2\" content=\"1 minuto\" \/>\n<script type=\"application\/ld+json\" class=\"yoast-schema-graph\">{\"@context\":\"https:\/\/schema.org\",\"@graph\":[{\"@type\":\"Article\",\"@id\":\"https:\/\/portaltela.pt\/noticias\/2026\/03\/06\/professor-de-leiria-condenado-a-tres-anos-de-prisao-por-abuso-de-criancas\/#article\",\"isPartOf\":{\"@id\":\"https:\/\/portaltela.pt\/noticias\/2026\/03\/06\/professor-de-leiria-condenado-a-tres-anos-de-prisao-por-abuso-de-criancas\/\"},\"author\":{\"name\":\"Telinha\",\"@id\":\"https:\/\/portaltela.pt\/#\/schema\/person\/c4278d4a6028830caff9ee44b42d32ed\"},\"headline\":\"Professor de Leiria condenado a tr\u00eas anos de pris\u00e3o por abuso de crian\u00e7as\",\"datePublished\":\"2026-03-06T12:07:18+00:00\",\"mainEntityOfPage\":{\"@id\":\"https:\/\/portaltela.pt\/noticias\/2026\/03\/06\/professor-de-leiria-condenado-a-tres-anos-de-prisao-por-abuso-de-criancas\/\"},\"wordCount\":158,\"image\":{\"@id\":\"https:\/\/portaltela.pt\/noticias\/2026\/03\/06\/professor-de-leiria-condenado-a-tres-anos-de-prisao-por-abuso-de-criancas\/#primaryimage\"},\"thumbnailUrl\":\"https:\/\/portaltela.pt\/s.01k8rhncp4jt1\/2026\/03\/img_1280x722uu2023-06-19-18-46-52-1375899.jpg\",\"keywords\":[\"abuso de menores dependentes\",\"abusos\",\"crime sexual de menor dependente ou em situa\u00e7\u00e3o vulner\u00e1vel\",\"Leiria\",\"Tribunais\",\"viol\u00eancia sexual\"],\"articleSection\":[\"Not\u00edcias\",\"Pol\u00edtica\"],\"inLanguage\":\"pt-PT\"},{\"@type\":\"WebPage\",\"@id\":\"https:\/\/portaltela.pt\/noticias\/2026\/03\/06\/professor-de-leiria-condenado-a-tres-anos-de-prisao-por-abuso-de-criancas\/\",\"url\":\"https:\/\/portaltela.pt\/noticias\/2026\/03\/06\/professor-de-leiria-condenado-a-tres-anos-de-prisao-por-abuso-de-criancas\/\",\"name\":\"Professor de Leiria condenado a tr\u00eas anos de pris\u00e3o por abuso de crian\u00e7as - Portal Tela Portugal\",\"isPartOf\":{\"@id\":\"https:\/\/portaltela.pt\/#website\"},\"primaryImageOfPage\":{\"@id\":\"https:\/\/portaltela.pt\/noticias\/2026\/03\/06\/professor-de-leiria-condenado-a-tres-anos-de-prisao-por-abuso-de-criancas\/#primaryimage\"},\"image\":{\"@id\":\"https:\/\/portaltela.pt\/noticias\/2026\/03\/06\/professor-de-leiria-condenado-a-tres-anos-de-prisao-por-abuso-de-criancas\/#primaryimage\"},\"thumbnailUrl\":\"https:\/\/portaltela.pt\/s.01k8rhncp4jt1\/2026\/03\/img_1280x722uu2023-06-19-18-46-52-1375899.jpg\",\"datePublished\":\"2026-03-06T12:07:18+00:00\",\"author\":{\"@id\":\"https:\/\/portaltela.pt\/#\/schema\/person\/c4278d4a6028830caff9ee44b42d32ed\"},\"breadcrumb\":{\"@id\":\"https:\/\/portaltela.pt\/noticias\/2026\/03\/06\/professor-de-leiria-condenado-a-tres-anos-de-prisao-por-abuso-de-criancas\/#breadcrumb\"},\"inLanguage\":\"pt-PT\",\"potentialAction\":[{\"@type\":\"ReadAction\",\"target\":[\"https:\/\/portaltela.pt\/noticias\/2026\/03\/06\/professor-de-leiria-condenado-a-tres-anos-de-prisao-por-abuso-de-criancas\/\"]}]},{\"@type\":\"ImageObject\",\"inLanguage\":\"pt-PT\",\"@id\":\"https:\/\/portaltela.pt\/noticias\/2026\/03\/06\/professor-de-leiria-condenado-a-tres-anos-de-prisao-por-abuso-de-criancas\/#primaryimage\",\"url\":\"https:\/\/portaltela.pt\/s.01k8rhncp4jt1\/2026\/03\/img_1280x722uu2023-06-19-18-46-52-1375899.jpg\",\"contentUrl\":\"https:\/\/portaltela.pt\/s.01k8rhncp4jt1\/2026\/03\/img_1280x722uu2023-06-19-18-46-52-1375899.jpg\",\"width\":796,\"height\":448,\"caption\":\"Photo\"},{\"@type\":\"BreadcrumbList\",\"@id\":\"https:\/\/portaltela.pt\/noticias\/2026\/03\/06\/professor-de-leiria-condenado-a-tres-anos-de-prisao-por-abuso-de-criancas\/#breadcrumb\",\"itemListElement\":[{\"@type\":\"ListItem\",\"position\":1,\"name\":\"In\u00edcio\",\"item\":\"https:\/\/portaltela.pt\/\"},{\"@type\":\"ListItem\",\"position\":2,\"name\":\"Professor de Leiria condenado a tr\u00eas anos de pris\u00e3o por abuso de crian\u00e7as\"}]},{\"@type\":\"WebSite\",\"@id\":\"https:\/\/portaltela.pt\/#website\",\"url\":\"https:\/\/portaltela.pt\/\",\"name\":\"Portal Tela Portugal\",\"description\":\"\",\"potentialAction\":[{\"@type\":\"SearchAction\",\"target\":{\"@type\":\"EntryPoint\",\"urlTemplate\":\"https:\/\/portaltela.pt\/?s={search_term_string}\"},\"query-input\":{\"@type\":\"PropertyValueSpecification\",\"valueRequired\":true,\"valueName\":\"search_term_string\"}}],\"inLanguage\":\"pt-PT\"},{\"@type\":\"Person\",\"@id\":\"https:\/\/portaltela.pt\/#\/schema\/person\/c4278d4a6028830caff9ee44b42d32ed\",\"name\":\"Telinha\",\"image\":{\"@type\":\"ImageObject\",\"inLanguage\":\"pt-PT\",\"@id\":\"https:\/\/portaltela.pt\/s.01k8rhncp4jt1\/2025\/11\/talking-bot-125x125.png\",\"url\":\"https:\/\/portaltela.pt\/s.01k8rhncp4jt1\/2025\/11\/talking-bot-125x125.png\",\"contentUrl\":\"https:\/\/portaltela.pt\/s.01k8rhncp4jt1\/2025\/11\/talking-bot-125x125.png\",\"caption\":\"Telinha\"},\"sameAs\":[\"https:\/\/portaltela.pt\/\"],\"url\":\"https:\/\/portaltela.pt\/por\/367410592786\/\"}]}<\/script>\n<!-- \/ Yoast SEO plugin. -->","yoast_head_json":{"title":"Professor de Leiria condenado a tr\u00eas anos de pris\u00e3o por abuso de crian\u00e7as - Portal Tela Portugal","robots":{"index":"index","follow":"follow","max-snippet":"max-snippet:-1","max-image-preview":"max-image-preview:large","max-video-preview":"max-video-preview:-1"},"og_locale":"pt_PT","og_type":"article","og_title":"Professor de Leiria condenado a tr\u00eas anos de pris\u00e3o por abuso de crian\u00e7as - Portal Tela Portugal","og_description":"Um professor de Leiria foi condenado a tr\u00eas anos de pris\u00e3o com pena suspensa por abuso sexual de crian\u00e7as. O arguido enfrentava 25 crimes de abuso sexual de crian\u00e7as, praticados contra tr\u00eas v\u00edtimas menores. A senten\u00e7a prev\u00ea a suspens\u00e3o da execu\u00e7\u00e3o da pena, conforme decis\u00e3o do tribunal. A not\u00edcia foi publicada a 06 de mar\u00e7o de 2026, \u00e0s 12:07.","og_url":"https:\/\/portaltela.pt\/noticias\/2026\/03\/06\/professor-de-leiria-condenado-a-tres-anos-de-prisao-por-abuso-de-criancas\/","og_site_name":"Portal Tela Portugal","article_published_time":"2026-03-06T12:07:18+00:00","author":"Telinha","twitter_card":"summary_large_image","twitter_misc":{"Escrito por":"Telinha","Tempo estimado de leitura":"1 minuto"},"schema":{"@context":"https:\/\/schema.org","@graph":[{"@type":"Article","@id":"https:\/\/portaltela.pt\/noticias\/2026\/03\/06\/professor-de-leiria-condenado-a-tres-anos-de-prisao-por-abuso-de-criancas\/#article","isPartOf":{"@id":"https:\/\/portaltela.pt\/noticias\/2026\/03\/06\/professor-de-leiria-condenado-a-tres-anos-de-prisao-por-abuso-de-criancas\/"},"author":{"name":"Telinha","@id":"https:\/\/portaltela.pt\/#\/schema\/person\/c4278d4a6028830caff9ee44b42d32ed"},"headline":"Professor de Leiria condenado a tr\u00eas anos de pris\u00e3o por abuso de crian\u00e7as","datePublished":"2026-03-06T12:07:18+00:00","mainEntityOfPage":{"@id":"https:\/\/portaltela.pt\/noticias\/2026\/03\/06\/professor-de-leiria-condenado-a-tres-anos-de-prisao-por-abuso-de-criancas\/"},"wordCount":158,"image":{"@id":"https:\/\/portaltela.pt\/noticias\/2026\/03\/06\/professor-de-leiria-condenado-a-tres-anos-de-prisao-por-abuso-de-criancas\/#primaryimage"},"thumbnailUrl":"https:\/\/portaltela.pt\/s.01k8rhncp4jt1\/2026\/03\/img_1280x722uu2023-06-19-18-46-52-1375899.jpg","keywords":["abuso de menores dependentes","abusos","crime sexual de menor dependente ou em situa\u00e7\u00e3o vulner\u00e1vel","Leiria","Tribunais","viol\u00eancia sexual"],"articleSection":["Not\u00edcias","Pol\u00edtica"],"inLanguage":"pt-PT"},{"@type":"WebPage","@id":"https:\/\/portaltela.pt\/noticias\/2026\/03\/06\/professor-de-leiria-condenado-a-tres-anos-de-prisao-por-abuso-de-criancas\/","url":"https:\/\/portaltela.pt\/noticias\/2026\/03\/06\/professor-de-leiria-condenado-a-tres-anos-de-prisao-por-abuso-de-criancas\/","name":"Professor de Leiria condenado a tr\u00eas anos de pris\u00e3o por abuso de crian\u00e7as - Portal Tela Portugal","isPartOf":{"@id":"https:\/\/portaltela.pt\/#website"},"primaryImageOfPage":{"@id":"https:\/\/portaltela.pt\/noticias\/2026\/03\/06\/professor-de-leiria-condenado-a-tres-anos-de-prisao-por-abuso-de-criancas\/#primaryimage"},"image":{"@id":"https:\/\/portaltela.pt\/noticias\/2026\/03\/06\/professor-de-leiria-condenado-a-tres-anos-de-prisao-por-abuso-de-criancas\/#primaryimage"},"thumbnailUrl":"https:\/\/portaltela.pt\/s.01k8rhncp4jt1\/2026\/03\/img_1280x722uu2023-06-19-18-46-52-1375899.jpg","datePublished":"2026-03-06T12:07:18+00:00","author":{"@id":"https:\/\/portaltela.pt\/#\/schema\/person\/c4278d4a6028830caff9ee44b42d32ed"},"breadcrumb":{"@id":"https:\/\/portaltela.pt\/noticias\/2026\/03\/06\/professor-de-leiria-condenado-a-tres-anos-de-prisao-por-abuso-de-criancas\/#breadcrumb"},"inLanguage":"pt-PT","potentialAction":[{"@type":"ReadAction","target":["https:\/\/portaltela.pt\/noticias\/2026\/03\/06\/professor-de-leiria-condenado-a-tres-anos-de-prisao-por-abuso-de-criancas\/"]}]},{"@type":"ImageObject","inLanguage":"pt-PT","@id":"https:\/\/portaltela.pt\/noticias\/2026\/03\/06\/professor-de-leiria-condenado-a-tres-anos-de-prisao-por-abuso-de-criancas\/#primaryimage","url":"https:\/\/portaltela.pt\/s.01k8rhncp4jt1\/2026\/03\/img_1280x722uu2023-06-19-18-46-52-1375899.jpg","contentUrl":"https:\/\/portaltela.pt\/s.01k8rhncp4jt1\/2026\/03\/img_1280x722uu2023-06-19-18-46-52-1375899.jpg","width":796,"height":448,"caption":"Photo"},{"@type":"BreadcrumbList","@id":"https:\/\/portaltela.pt\/noticias\/2026\/03\/06\/professor-de-leiria-condenado-a-tres-anos-de-prisao-por-abuso-de-criancas\/#breadcrumb","itemListElement":[{"@type":"ListItem","position":1,"name":"In\u00edcio","item":"https:\/\/portaltela.pt\/"},{"@type":"ListItem","position":2,"name":"Professor de Leiria condenado a tr\u00eas anos de pris\u00e3o por abuso de crian\u00e7as"}]},{"@type":"WebSite","@id":"https:\/\/portaltela.pt\/#website","url":"https:\/\/portaltela.pt\/","name":"Portal Tela Portugal","description":"","potentialAction":[{"@type":"SearchAction","target":{"@type":"EntryPoint","urlTemplate":"https:\/\/portaltela.pt\/?s={search_term_string}"},"query-input":{"@type":"PropertyValueSpecification","valueRequired":true,"valueName":"search_term_string"}}],"inLanguage":"pt-PT"},{"@type":"Person","@id":"https:\/\/portaltela.pt\/#\/schema\/person\/c4278d4a6028830caff9ee44b42d32ed","name":"Telinha","image":{"@type":"ImageObject","inLanguage":"pt-PT","@id":"https:\/\/portaltela.pt\/s.01k8rhncp4jt1\/2025\/11\/talking-bot-125x125.png","url":"https:\/\/portaltela.pt\/s.01k8rhncp4jt1\/2025\/11\/talking-bot-125x125.png","contentUrl":"https:\/\/portaltela.pt\/s.01k8rhncp4jt1\/2025\/11\/talking-bot-125x125.png","caption":"Telinha"},"sameAs":["https:\/\/portaltela.pt\/"],"url":"https:\/\/portaltela.pt\/por\/367410592786\/"}]}},"_links":{"self":[{"href":"https:\/\/portaltela.pt\/api\/wp\/v2\/posts\/399970","targetHints":{"allow":["GET"]}}],"collection":[{"href":"https:\/\/portaltela.pt\/api\/wp\/v2\/posts"}],"about":[{"href":"https:\/\/portaltela.pt\/api\/wp\/v2\/types\/post"}],"author":[{"embeddable":true,"href":"https:\/\/portaltela.pt\/api\/wp\/v2\/users\/2"}],"replies":[{"embeddable":true,"href":"https:\/\/portaltela.pt\/api\/wp\/v2\/comments?post=399970"}],"version-history":[{"count":0,"href":"https:\/\/portaltela.pt\/api\/wp\/v2\/posts\/399970\/revisions"}],"wp:featuredmedia":[{"embeddable":true,"href":"https:\/\/portaltela.pt\/api\/wp\/v2\/media\/399975"}],"wp:attachment":[{"href":"https:\/\/portaltela.pt\/api\/wp\/v2\/media?parent=399970"}],"wp:term":[{"taxonomy":"category","embeddable":true,"href":"https:\/\/portaltela.pt\/api\/wp\/v2\/categories?post=399970"},{"taxonomy":"post_tag","embeddable":true,"href":"https:\/\/portaltela.pt\/api\/wp\/v2\/tags?post=399970"}],"curies":[{"name":"wp","href":"https:\/\/api.w.org\/{rel}","templated":true}]}}