{"id":399945,"date":"2026-03-06T08:56:01","date_gmt":"2026-03-06T11:56:01","guid":{"rendered":"https:\/\/portaltela.pt\/noticias\/2026\/03\/06\/tribunal-marca-leitura-do-acordao-do-processo-ajuste-secreto-para-outubro\/"},"modified":"2026-03-06T08:56:01","modified_gmt":"2026-03-06T11:56:01","slug":"tribunal-marca-leitura-do-acordao-do-processo-ajuste-secreto-para-outubro","status":"publish","type":"post","link":"https:\/\/portaltela.pt\/noticias\/politica\/2026\/03\/06\/tribunal-marca-leitura-do-acordao-do-processo-ajuste-secreto-para-outubro\/","title":{"rendered":"Tribunal marca leitura do ac\u00f3rd\u00e3o do processo Ajuste Secreto para outubro"},"content":{"rendered":"<p>O ac\u00f3rd\u00e3o do processo Ajuste Secreto, caso de corrup\u00e7\u00e3o ligado \u00e0 C\u00e2mara de Oliveira de Azem\u00e9is e ao ex-presidente Herm\u00ednio Loureiro, ter\u00e1 leitura marcada para 12 de outubro, no Tribunal de Espinho, no distrito de Aveiro. O julgamento come\u00e7ou em novembro de 2023 e a leitura do veredicto demorou quase tr\u00eas anos. A decis\u00e3o chega ap\u00f3s as alega\u00e7\u00f5es finais, conclu\u00eddas na segunda-feira, com interven\u00e7\u00f5es de defesa de Adolfo Vidal e Gon\u00e7alo Neves.<\/p>\n<p>O processo envolve 65 arguidos, entre ex-autarcas, clubes desportivos e respetivos presidentes. Entre as acusa\u00e7\u00f5es est\u00e3o corrup\u00e7\u00e3o, peculato, abuso de poderes, tr\u00e1fico de influ\u00eancias, falsifica\u00e7\u00e3o de documentos e viola\u00e7\u00e3o de segredo. A acusa\u00e7\u00e3o aponta para uso de fundos municipais em despesas pessoais e outros encargos pol\u00edticos.<\/p>\n<h3>Quem est\u00e1 envolvido<\/h3>\n<p>O Minist\u00e9rio P\u00fablico pediu penas entre sete e oito anos para Herm\u00ednio Loureiro, principal arguido, e para Jos\u00e9 Oliveira \u201cZito\u201d, ex-presidente da C\u00e2mara de Oliveira de Azem\u00e9is. Tamb\u00e9m foram solicitadas penas de seis a sete anos para Jo\u00e3o Moura de S\u00e1, Ant\u00f3nio Reis e Manuel Amorim.<\/p>\n<p>O caso tem ra\u00edzes numa investiga\u00e7\u00e3o conclu\u00edda em junho de 2017, com a deten\u00e7\u00e3o de sete pessoas, incluindo Loureiro, que liderou a C\u00e2mara entre 2009 e 2016, e o seu sucessor Isidro Figueiredo. A investiga\u00e7\u00e3o aponta para uso de fundos de maneio em despesas diversas.<\/p>\n<h3>Desdobramentos e contexto<\/h3>\n<p>A acusa\u00e7\u00e3o sustenta ainda vicia\u00e7\u00e3o de procedimentos concursais e uso de influ\u00eancia do executivo camar\u00e1rio em transfers para o Instituto do Emprego e Forma\u00e7\u00e3o Profissional e para uma Institui\u00e7\u00e3o Particular de Solidariedade Social, com objetivo de realizar est\u00e1gios profissionais para filhos de simpatizantes partid\u00e1rios.<\/p>\n<p>Os investigadores indicam ind\u00edcios de favorecimento de um empres\u00e1rio em c\u00e2maras de Estarreja, Matosinhos e Gondomar, em contratos entre 2016 e 2017. Tamb\u00e9m aponta que a C\u00e2mara de Albergaria-a-Velha realizou uma obra particular cujos custos teriam sido dilu\u00eddos em uma empreitada p\u00fablica paralela.<\/p>\n","protected":false},"excerpt":{"rendered":"<ul>\n<li>Leitura do ac\u00f3rd\u00e3o do processo Ajuste Secreto marcada para 12 de outubro, no Tribunal de Espinho, quase tr\u00eas anos ap\u00f3s o in\u00edcio do julgamento.<\/li>\n<li>O julgamento, que come\u00e7ou em novembro de 2023, envolve 65 arguidos, entre ex-autarcas, clubes desportivos e seus presidentes.<\/li>\n<li>Os arguidos s\u00e3o acusados de crimes de corrup\u00e7\u00e3o, peculato, abuso de poderes, tr\u00e1fico de influ\u00eancias, falsifica\u00e7\u00e3o de documentos, viola\u00e7\u00e3o de segredo, participa\u00e7\u00e3o econ\u00f3mica em neg\u00f3cio e deten\u00e7\u00e3o de arma proibida.<\/li>\n<li>O Minist\u00e9rio P\u00fablico pediu penas entre sete e oito anos de pris\u00e3o para Herm\u00ednio Loureiro e para Jos\u00e9 Oliveira \u201cZito\u201d; outras condena\u00e7\u00f5es pedidas variam entre seis e sete anos.<\/li>\n<li>A investiga\u00e7\u00e3o apontou uso de fundos de maneio para despesas pessoais, viola\u00e7\u00e3o de procedimentos concursais e favorecimentos em contrata\u00e7\u00f5es p\u00fablicas, bem como uma obra particular associada a um mun\u00edcipe em Albergaria-a-Velha.<\/li>\n<\/ul>\n","protected":false},"author":2,"featured_media":399953,"comment_status":"closed","ping_status":"closed","sticky":false,"template":"","format":"standard","meta":{"footnotes":""},"categories":[1,5],"tags":[5443,1059,83,259,213,6208],"class_list":["post-399945","post","type-post","status-publish","format-standard","has-post-thumbnail","hentry","category-noticias","category-politica","tag-a-camara-municipal","tag-aveiro","tag-corrupcao","tag-peculato","tag-trafico-de-influencias","tag-tribunais"],"yoast_head":"<!-- This site is optimized with the Yoast SEO plugin v27.2 - https:\/\/yoast.com\/product\/yoast-seo-wordpress\/ -->\n<title>Tribunal marca leitura do ac\u00f3rd\u00e3o do processo Ajuste Secreto para outubro - Portal Tela Portugal<\/title>\n<meta name=\"robots\" content=\"index, follow, max-snippet:-1, max-image-preview:large, max-video-preview:-1\" \/>\n<meta property=\"og:locale\" content=\"pt_PT\" \/>\n<meta property=\"og:type\" content=\"article\" \/>\n<meta property=\"og:title\" content=\"Tribunal marca leitura do ac\u00f3rd\u00e3o do processo Ajuste Secreto para outubro - Portal Tela Portugal\" \/>\n<meta property=\"og:description\" content=\"Leitura do ac\u00f3rd\u00e3o do processo Ajuste Secreto marcada para 12 de outubro, no Tribunal de Espinho, quase tr\u00eas anos ap\u00f3s o in\u00edcio do julgamento. O julgamento, que come\u00e7ou em novembro de 2023, envolve 65 arguidos, entre ex-autarcas, clubes desportivos e seus presidentes. Os arguidos s\u00e3o acusados de crimes de corrup\u00e7\u00e3o, peculato, abuso de poderes, tr\u00e1fico de influ\u00eancias, falsifica\u00e7\u00e3o de documentos, viola\u00e7\u00e3o de segredo, participa\u00e7\u00e3o econ\u00f3mica em neg\u00f3cio e deten\u00e7\u00e3o de arma proibida. O Minist\u00e9rio P\u00fablico pediu penas entre sete e oito anos de pris\u00e3o para Herm\u00ednio Loureiro e para Jos\u00e9 Oliveira \u201cZito\u201d; outras condena\u00e7\u00f5es pedidas variam entre seis e sete anos. A investiga\u00e7\u00e3o apontou uso de fundos de maneio para despesas pessoais, viola\u00e7\u00e3o de procedimentos concursais e favorecimentos em contrata\u00e7\u00f5es p\u00fablicas, bem como uma obra particular associada a um mun\u00edcipe em Albergaria-a-Velha.\" \/>\n<meta property=\"og:url\" content=\"https:\/\/portaltela.pt\/noticias\/2026\/03\/06\/tribunal-marca-leitura-do-acordao-do-processo-ajuste-secreto-para-outubro\/\" \/>\n<meta property=\"og:site_name\" content=\"Portal Tela Portugal\" \/>\n<meta property=\"article:published_time\" content=\"2026-03-06T11:56:01+00:00\" \/>\n<meta name=\"author\" content=\"Telinha\" \/>\n<meta name=\"twitter:card\" content=\"summary_large_image\" \/>\n<meta name=\"twitter:label1\" content=\"Escrito por\" \/>\n\t<meta name=\"twitter:data1\" content=\"Telinha\" \/>\n\t<meta name=\"twitter:label2\" content=\"Tempo estimado de leitura\" \/>\n\t<meta name=\"twitter:data2\" content=\"2 minutos\" \/>\n<script type=\"application\/ld+json\" class=\"yoast-schema-graph\">{\"@context\":\"https:\/\/schema.org\",\"@graph\":[{\"@type\":\"Article\",\"@id\":\"https:\/\/portaltela.pt\/noticias\/2026\/03\/06\/tribunal-marca-leitura-do-acordao-do-processo-ajuste-secreto-para-outubro\/#article\",\"isPartOf\":{\"@id\":\"https:\/\/portaltela.pt\/noticias\/2026\/03\/06\/tribunal-marca-leitura-do-acordao-do-processo-ajuste-secreto-para-outubro\/\"},\"author\":{\"name\":\"Telinha\",\"@id\":\"https:\/\/portaltela.pt\/#\/schema\/person\/c4278d4a6028830caff9ee44b42d32ed\"},\"headline\":\"Tribunal marca leitura do ac\u00f3rd\u00e3o do processo Ajuste Secreto para outubro\",\"datePublished\":\"2026-03-06T11:56:01+00:00\",\"mainEntityOfPage\":{\"@id\":\"https:\/\/portaltela.pt\/noticias\/2026\/03\/06\/tribunal-marca-leitura-do-acordao-do-processo-ajuste-secreto-para-outubro\/\"},\"wordCount\":358,\"image\":{\"@id\":\"https:\/\/portaltela.pt\/noticias\/2026\/03\/06\/tribunal-marca-leitura-do-acordao-do-processo-ajuste-secreto-para-outubro\/#primaryimage\"},\"thumbnailUrl\":\"https:\/\/portaltela.pt\/s.01k8rhncp4jt1\/2026\/03\/img_1500x1000uu2017-06-24-02-19-00-641099.jpg\",\"keywords\":[\"A C\u00e2mara Municipal\",\"Aveiro\",\"corrup\u00e7\u00e3o\",\"peculato\",\"tr\u00e1fico de influ\u00eancias\",\"Tribunais\"],\"articleSection\":[\"Not\u00edcias\",\"Pol\u00edtica\"],\"inLanguage\":\"pt-PT\"},{\"@type\":\"WebPage\",\"@id\":\"https:\/\/portaltela.pt\/noticias\/2026\/03\/06\/tribunal-marca-leitura-do-acordao-do-processo-ajuste-secreto-para-outubro\/\",\"url\":\"https:\/\/portaltela.pt\/noticias\/2026\/03\/06\/tribunal-marca-leitura-do-acordao-do-processo-ajuste-secreto-para-outubro\/\",\"name\":\"Tribunal marca leitura do ac\u00f3rd\u00e3o do processo Ajuste Secreto para outubro - Portal Tela Portugal\",\"isPartOf\":{\"@id\":\"https:\/\/portaltela.pt\/#website\"},\"primaryImageOfPage\":{\"@id\":\"https:\/\/portaltela.pt\/noticias\/2026\/03\/06\/tribunal-marca-leitura-do-acordao-do-processo-ajuste-secreto-para-outubro\/#primaryimage\"},\"image\":{\"@id\":\"https:\/\/portaltela.pt\/noticias\/2026\/03\/06\/tribunal-marca-leitura-do-acordao-do-processo-ajuste-secreto-para-outubro\/#primaryimage\"},\"thumbnailUrl\":\"https:\/\/portaltela.pt\/s.01k8rhncp4jt1\/2026\/03\/img_1500x1000uu2017-06-24-02-19-00-641099.jpg\",\"datePublished\":\"2026-03-06T11:56:01+00:00\",\"author\":{\"@id\":\"https:\/\/portaltela.pt\/#\/schema\/person\/c4278d4a6028830caff9ee44b42d32ed\"},\"breadcrumb\":{\"@id\":\"https:\/\/portaltela.pt\/noticias\/2026\/03\/06\/tribunal-marca-leitura-do-acordao-do-processo-ajuste-secreto-para-outubro\/#breadcrumb\"},\"inLanguage\":\"pt-PT\",\"potentialAction\":[{\"@type\":\"ReadAction\",\"target\":[\"https:\/\/portaltela.pt\/noticias\/2026\/03\/06\/tribunal-marca-leitura-do-acordao-do-processo-ajuste-secreto-para-outubro\/\"]}]},{\"@type\":\"ImageObject\",\"inLanguage\":\"pt-PT\",\"@id\":\"https:\/\/portaltela.pt\/noticias\/2026\/03\/06\/tribunal-marca-leitura-do-acordao-do-processo-ajuste-secreto-para-outubro\/#primaryimage\",\"url\":\"https:\/\/portaltela.pt\/s.01k8rhncp4jt1\/2026\/03\/img_1500x1000uu2017-06-24-02-19-00-641099.jpg\",\"contentUrl\":\"https:\/\/portaltela.pt\/s.01k8rhncp4jt1\/2026\/03\/img_1500x1000uu2017-06-24-02-19-00-641099.jpg\",\"width\":796,\"height\":448,\"caption\":\"Herm\u00ednio Loureiro\"},{\"@type\":\"BreadcrumbList\",\"@id\":\"https:\/\/portaltela.pt\/noticias\/2026\/03\/06\/tribunal-marca-leitura-do-acordao-do-processo-ajuste-secreto-para-outubro\/#breadcrumb\",\"itemListElement\":[{\"@type\":\"ListItem\",\"position\":1,\"name\":\"In\u00edcio\",\"item\":\"https:\/\/portaltela.pt\/\"},{\"@type\":\"ListItem\",\"position\":2,\"name\":\"Tribunal marca leitura do ac\u00f3rd\u00e3o do processo Ajuste Secreto para outubro\"}]},{\"@type\":\"WebSite\",\"@id\":\"https:\/\/portaltela.pt\/#website\",\"url\":\"https:\/\/portaltela.pt\/\",\"name\":\"Portal Tela Portugal\",\"description\":\"\",\"potentialAction\":[{\"@type\":\"SearchAction\",\"target\":{\"@type\":\"EntryPoint\",\"urlTemplate\":\"https:\/\/portaltela.pt\/?s={search_term_string}\"},\"query-input\":{\"@type\":\"PropertyValueSpecification\",\"valueRequired\":true,\"valueName\":\"search_term_string\"}}],\"inLanguage\":\"pt-PT\"},{\"@type\":\"Person\",\"@id\":\"https:\/\/portaltela.pt\/#\/schema\/person\/c4278d4a6028830caff9ee44b42d32ed\",\"name\":\"Telinha\",\"image\":{\"@type\":\"ImageObject\",\"inLanguage\":\"pt-PT\",\"@id\":\"https:\/\/portaltela.pt\/s.01k8rhncp4jt1\/2025\/11\/talking-bot-125x125.png\",\"url\":\"https:\/\/portaltela.pt\/s.01k8rhncp4jt1\/2025\/11\/talking-bot-125x125.png\",\"contentUrl\":\"https:\/\/portaltela.pt\/s.01k8rhncp4jt1\/2025\/11\/talking-bot-125x125.png\",\"caption\":\"Telinha\"},\"sameAs\":[\"https:\/\/portaltela.pt\/\"],\"url\":\"https:\/\/portaltela.pt\/por\/367410592786\/\"}]}<\/script>\n<!-- \/ Yoast SEO plugin. -->","yoast_head_json":{"title":"Tribunal marca leitura do ac\u00f3rd\u00e3o do processo Ajuste Secreto para outubro - Portal Tela Portugal","robots":{"index":"index","follow":"follow","max-snippet":"max-snippet:-1","max-image-preview":"max-image-preview:large","max-video-preview":"max-video-preview:-1"},"og_locale":"pt_PT","og_type":"article","og_title":"Tribunal marca leitura do ac\u00f3rd\u00e3o do processo Ajuste Secreto para outubro - Portal Tela Portugal","og_description":"Leitura do ac\u00f3rd\u00e3o do processo Ajuste Secreto marcada para 12 de outubro, no Tribunal de Espinho, quase tr\u00eas anos ap\u00f3s o in\u00edcio do julgamento. O julgamento, que come\u00e7ou em novembro de 2023, envolve 65 arguidos, entre ex-autarcas, clubes desportivos e seus presidentes. Os arguidos s\u00e3o acusados de crimes de corrup\u00e7\u00e3o, peculato, abuso de poderes, tr\u00e1fico de influ\u00eancias, falsifica\u00e7\u00e3o de documentos, viola\u00e7\u00e3o de segredo, participa\u00e7\u00e3o econ\u00f3mica em neg\u00f3cio e deten\u00e7\u00e3o de arma proibida. O Minist\u00e9rio P\u00fablico pediu penas entre sete e oito anos de pris\u00e3o para Herm\u00ednio Loureiro e para Jos\u00e9 Oliveira \u201cZito\u201d; outras condena\u00e7\u00f5es pedidas variam entre seis e sete anos. A investiga\u00e7\u00e3o apontou uso de fundos de maneio para despesas pessoais, viola\u00e7\u00e3o de procedimentos concursais e favorecimentos em contrata\u00e7\u00f5es p\u00fablicas, bem como uma obra particular associada a um mun\u00edcipe em Albergaria-a-Velha.","og_url":"https:\/\/portaltela.pt\/noticias\/2026\/03\/06\/tribunal-marca-leitura-do-acordao-do-processo-ajuste-secreto-para-outubro\/","og_site_name":"Portal Tela Portugal","article_published_time":"2026-03-06T11:56:01+00:00","author":"Telinha","twitter_card":"summary_large_image","twitter_misc":{"Escrito por":"Telinha","Tempo estimado de leitura":"2 minutos"},"schema":{"@context":"https:\/\/schema.org","@graph":[{"@type":"Article","@id":"https:\/\/portaltela.pt\/noticias\/2026\/03\/06\/tribunal-marca-leitura-do-acordao-do-processo-ajuste-secreto-para-outubro\/#article","isPartOf":{"@id":"https:\/\/portaltela.pt\/noticias\/2026\/03\/06\/tribunal-marca-leitura-do-acordao-do-processo-ajuste-secreto-para-outubro\/"},"author":{"name":"Telinha","@id":"https:\/\/portaltela.pt\/#\/schema\/person\/c4278d4a6028830caff9ee44b42d32ed"},"headline":"Tribunal marca leitura do ac\u00f3rd\u00e3o do processo Ajuste Secreto para outubro","datePublished":"2026-03-06T11:56:01+00:00","mainEntityOfPage":{"@id":"https:\/\/portaltela.pt\/noticias\/2026\/03\/06\/tribunal-marca-leitura-do-acordao-do-processo-ajuste-secreto-para-outubro\/"},"wordCount":358,"image":{"@id":"https:\/\/portaltela.pt\/noticias\/2026\/03\/06\/tribunal-marca-leitura-do-acordao-do-processo-ajuste-secreto-para-outubro\/#primaryimage"},"thumbnailUrl":"https:\/\/portaltela.pt\/s.01k8rhncp4jt1\/2026\/03\/img_1500x1000uu2017-06-24-02-19-00-641099.jpg","keywords":["A C\u00e2mara Municipal","Aveiro","corrup\u00e7\u00e3o","peculato","tr\u00e1fico de influ\u00eancias","Tribunais"],"articleSection":["Not\u00edcias","Pol\u00edtica"],"inLanguage":"pt-PT"},{"@type":"WebPage","@id":"https:\/\/portaltela.pt\/noticias\/2026\/03\/06\/tribunal-marca-leitura-do-acordao-do-processo-ajuste-secreto-para-outubro\/","url":"https:\/\/portaltela.pt\/noticias\/2026\/03\/06\/tribunal-marca-leitura-do-acordao-do-processo-ajuste-secreto-para-outubro\/","name":"Tribunal marca leitura do ac\u00f3rd\u00e3o do processo Ajuste Secreto para outubro - Portal Tela Portugal","isPartOf":{"@id":"https:\/\/portaltela.pt\/#website"},"primaryImageOfPage":{"@id":"https:\/\/portaltela.pt\/noticias\/2026\/03\/06\/tribunal-marca-leitura-do-acordao-do-processo-ajuste-secreto-para-outubro\/#primaryimage"},"image":{"@id":"https:\/\/portaltela.pt\/noticias\/2026\/03\/06\/tribunal-marca-leitura-do-acordao-do-processo-ajuste-secreto-para-outubro\/#primaryimage"},"thumbnailUrl":"https:\/\/portaltela.pt\/s.01k8rhncp4jt1\/2026\/03\/img_1500x1000uu2017-06-24-02-19-00-641099.jpg","datePublished":"2026-03-06T11:56:01+00:00","author":{"@id":"https:\/\/portaltela.pt\/#\/schema\/person\/c4278d4a6028830caff9ee44b42d32ed"},"breadcrumb":{"@id":"https:\/\/portaltela.pt\/noticias\/2026\/03\/06\/tribunal-marca-leitura-do-acordao-do-processo-ajuste-secreto-para-outubro\/#breadcrumb"},"inLanguage":"pt-PT","potentialAction":[{"@type":"ReadAction","target":["https:\/\/portaltela.pt\/noticias\/2026\/03\/06\/tribunal-marca-leitura-do-acordao-do-processo-ajuste-secreto-para-outubro\/"]}]},{"@type":"ImageObject","inLanguage":"pt-PT","@id":"https:\/\/portaltela.pt\/noticias\/2026\/03\/06\/tribunal-marca-leitura-do-acordao-do-processo-ajuste-secreto-para-outubro\/#primaryimage","url":"https:\/\/portaltela.pt\/s.01k8rhncp4jt1\/2026\/03\/img_1500x1000uu2017-06-24-02-19-00-641099.jpg","contentUrl":"https:\/\/portaltela.pt\/s.01k8rhncp4jt1\/2026\/03\/img_1500x1000uu2017-06-24-02-19-00-641099.jpg","width":796,"height":448,"caption":"Herm\u00ednio Loureiro"},{"@type":"BreadcrumbList","@id":"https:\/\/portaltela.pt\/noticias\/2026\/03\/06\/tribunal-marca-leitura-do-acordao-do-processo-ajuste-secreto-para-outubro\/#breadcrumb","itemListElement":[{"@type":"ListItem","position":1,"name":"In\u00edcio","item":"https:\/\/portaltela.pt\/"},{"@type":"ListItem","position":2,"name":"Tribunal marca leitura do ac\u00f3rd\u00e3o do processo Ajuste Secreto para outubro"}]},{"@type":"WebSite","@id":"https:\/\/portaltela.pt\/#website","url":"https:\/\/portaltela.pt\/","name":"Portal Tela Portugal","description":"","potentialAction":[{"@type":"SearchAction","target":{"@type":"EntryPoint","urlTemplate":"https:\/\/portaltela.pt\/?s={search_term_string}"},"query-input":{"@type":"PropertyValueSpecification","valueRequired":true,"valueName":"search_term_string"}}],"inLanguage":"pt-PT"},{"@type":"Person","@id":"https:\/\/portaltela.pt\/#\/schema\/person\/c4278d4a6028830caff9ee44b42d32ed","name":"Telinha","image":{"@type":"ImageObject","inLanguage":"pt-PT","@id":"https:\/\/portaltela.pt\/s.01k8rhncp4jt1\/2025\/11\/talking-bot-125x125.png","url":"https:\/\/portaltela.pt\/s.01k8rhncp4jt1\/2025\/11\/talking-bot-125x125.png","contentUrl":"https:\/\/portaltela.pt\/s.01k8rhncp4jt1\/2025\/11\/talking-bot-125x125.png","caption":"Telinha"},"sameAs":["https:\/\/portaltela.pt\/"],"url":"https:\/\/portaltela.pt\/por\/367410592786\/"}]}},"_links":{"self":[{"href":"https:\/\/portaltela.pt\/api\/wp\/v2\/posts\/399945","targetHints":{"allow":["GET"]}}],"collection":[{"href":"https:\/\/portaltela.pt\/api\/wp\/v2\/posts"}],"about":[{"href":"https:\/\/portaltela.pt\/api\/wp\/v2\/types\/post"}],"author":[{"embeddable":true,"href":"https:\/\/portaltela.pt\/api\/wp\/v2\/users\/2"}],"replies":[{"embeddable":true,"href":"https:\/\/portaltela.pt\/api\/wp\/v2\/comments?post=399945"}],"version-history":[{"count":0,"href":"https:\/\/portaltela.pt\/api\/wp\/v2\/posts\/399945\/revisions"}],"wp:featuredmedia":[{"embeddable":true,"href":"https:\/\/portaltela.pt\/api\/wp\/v2\/media\/399953"}],"wp:attachment":[{"href":"https:\/\/portaltela.pt\/api\/wp\/v2\/media?parent=399945"}],"wp:term":[{"taxonomy":"category","embeddable":true,"href":"https:\/\/portaltela.pt\/api\/wp\/v2\/categories?post=399945"},{"taxonomy":"post_tag","embeddable":true,"href":"https:\/\/portaltela.pt\/api\/wp\/v2\/tags?post=399945"}],"curies":[{"name":"wp","href":"https:\/\/api.w.org\/{rel}","templated":true}]}}