{"id":399944,"date":"2026-03-06T08:54:00","date_gmt":"2026-03-06T11:54:00","guid":{"rendered":"https:\/\/portaltela.pt\/noticias\/2026\/03\/06\/iefp-nao-fechara-portas-nem-fara-despedimentos-garante-o-secretario-de-estado\/"},"modified":"2026-03-06T08:54:00","modified_gmt":"2026-03-06T11:54:00","slug":"iefp-nao-fechara-portas-nem-fara-despedimentos-garante-o-secretario-de-estado","status":"publish","type":"post","link":"https:\/\/portaltela.pt\/noticias\/politica\/2026\/03\/06\/iefp-nao-fechara-portas-nem-fara-despedimentos-garante-o-secretario-de-estado\/","title":{"rendered":"IEFP n\u00e3o fechar\u00e1 portas nem far\u00e1 despedimentos, garante o secret\u00e1rio de Estado"},"content":{"rendered":"<p>O secret\u00e1rio de Estado Adjunto e do Trabalho, Adriano Rafael Moreira, garantiu tranquilidade sobre a reforma do IEFP durante uma reuni\u00e3o de gest\u00e3o da Delega\u00e7\u00e3o Regional do Norte, realizada em Bragan\u00e7a, nesta sexta-feira.<\/p>\n<p>Durante o encontro, Moreira assegurou que a remodela\u00e7\u00e3o visa fortalecer a estrutura para alcan\u00e7ar melhores resultados e que n\u00e3o haver\u00e1 encerramento de portas nem despedimentos.<\/p>\n<p>A reuni\u00e3o decorre na Delega\u00e7\u00e3o Regional do Norte, em Bragan\u00e7a, no \u00e2mbito do processo de reorganiza\u00e7\u00e3o do IEFP.<\/p>\n","protected":false},"excerpt":{"rendered":"<ul>\n<li>O secret\u00e1rio de Estado Adjunto e do Trabalho, Adriano Rafael Moreira, assegurou tranquilidade sobre a reforma do IEFP.<\/li>\n<li>A declara\u00e7\u00e3o foi feita \u00e0 entrada de uma reuni\u00e3o de gest\u00e3o da Delega\u00e7\u00e3o Regional do Norte, em Bragan\u00e7a, na sexta-feira.<\/li>\n<li>Disse que a reforma visa refor\u00e7ar a estrutura para alcan\u00e7ar melhores resultados.<\/li>\n<li>Garantiu que n\u00e3o ser\u00e1 fechada nenhuma porta, nem haver\u00e1 despedimentos.<\/li>\n<\/ul>\n","protected":false},"author":2,"featured_media":399952,"comment_status":"closed","ping_status":"closed","sticky":false,"template":"","format":"standard","meta":{"footnotes":""},"categories":[1,5],"tags":[168,906,1006,34,4352,2201],"class_list":["post-399944","post","type-post","status-publish","format-standard","has-post-thumbnail","hentry","category-noticias","category-politica","tag-administracao-publica","tag-braganca","tag-emprego","tag-governo","tag-iefp","tag-trabalho"],"yoast_head":"<!-- This site is optimized with the Yoast SEO plugin v27.2 - https:\/\/yoast.com\/product\/yoast-seo-wordpress\/ -->\n<title>IEFP n\u00e3o fechar\u00e1 portas nem far\u00e1 despedimentos, garante o secret\u00e1rio de Estado - Portal Tela Portugal<\/title>\n<meta name=\"robots\" content=\"index, follow, max-snippet:-1, max-image-preview:large, max-video-preview:-1\" \/>\n<meta property=\"og:locale\" content=\"pt_PT\" \/>\n<meta property=\"og:type\" content=\"article\" \/>\n<meta property=\"og:title\" content=\"IEFP n\u00e3o fechar\u00e1 portas nem far\u00e1 despedimentos, garante o secret\u00e1rio de Estado - Portal Tela Portugal\" \/>\n<meta property=\"og:description\" content=\"O secret\u00e1rio de Estado Adjunto e do Trabalho, Adriano Rafael Moreira, assegurou tranquilidade sobre a reforma do IEFP. A declara\u00e7\u00e3o foi feita \u00e0 entrada de uma reuni\u00e3o de gest\u00e3o da Delega\u00e7\u00e3o Regional do Norte, em Bragan\u00e7a, na sexta-feira. Disse que a reforma visa refor\u00e7ar a estrutura para alcan\u00e7ar melhores resultados. Garantiu que n\u00e3o ser\u00e1 fechada nenhuma porta, nem haver\u00e1 despedimentos.\" \/>\n<meta property=\"og:url\" content=\"https:\/\/portaltela.pt\/noticias\/2026\/03\/06\/iefp-nao-fechara-portas-nem-fara-despedimentos-garante-o-secretario-de-estado\/\" \/>\n<meta property=\"og:site_name\" content=\"Portal Tela Portugal\" \/>\n<meta property=\"article:published_time\" content=\"2026-03-06T11:54:00+00:00\" \/>\n<meta name=\"author\" content=\"Telinha\" \/>\n<meta name=\"twitter:card\" content=\"summary_large_image\" \/>\n<meta name=\"twitter:label1\" content=\"Escrito por\" \/>\n\t<meta name=\"twitter:data1\" content=\"Telinha\" \/>\n<script type=\"application\/ld+json\" class=\"yoast-schema-graph\">{\"@context\":\"https:\/\/schema.org\",\"@graph\":[{\"@type\":\"Article\",\"@id\":\"https:\/\/portaltela.pt\/noticias\/2026\/03\/06\/iefp-nao-fechara-portas-nem-fara-despedimentos-garante-o-secretario-de-estado\/#article\",\"isPartOf\":{\"@id\":\"https:\/\/portaltela.pt\/noticias\/2026\/03\/06\/iefp-nao-fechara-portas-nem-fara-despedimentos-garante-o-secretario-de-estado\/\"},\"author\":{\"name\":\"Telinha\",\"@id\":\"https:\/\/portaltela.pt\/#\/schema\/person\/c4278d4a6028830caff9ee44b42d32ed\"},\"headline\":\"IEFP n\u00e3o fechar\u00e1 portas nem far\u00e1 despedimentos, garante o secret\u00e1rio de Estado\",\"datePublished\":\"2026-03-06T11:54:00+00:00\",\"mainEntityOfPage\":{\"@id\":\"https:\/\/portaltela.pt\/noticias\/2026\/03\/06\/iefp-nao-fechara-portas-nem-fara-despedimentos-garante-o-secretario-de-estado\/\"},\"wordCount\":102,\"image\":{\"@id\":\"https:\/\/portaltela.pt\/noticias\/2026\/03\/06\/iefp-nao-fechara-portas-nem-fara-despedimentos-garante-o-secretario-de-estado\/#primaryimage\"},\"thumbnailUrl\":\"https:\/\/portaltela.pt\/s.01k8rhncp4jt1\/2026\/03\/image-374.jpg\",\"keywords\":[\"administra\u00e7\u00e3o p\u00fablica\",\"Bragan\u00e7a\",\"emprego\",\"governo\",\"IEFP\",\"trabalho\"],\"articleSection\":[\"Not\u00edcias\",\"Pol\u00edtica\"],\"inLanguage\":\"pt-PT\"},{\"@type\":\"WebPage\",\"@id\":\"https:\/\/portaltela.pt\/noticias\/2026\/03\/06\/iefp-nao-fechara-portas-nem-fara-despedimentos-garante-o-secretario-de-estado\/\",\"url\":\"https:\/\/portaltela.pt\/noticias\/2026\/03\/06\/iefp-nao-fechara-portas-nem-fara-despedimentos-garante-o-secretario-de-estado\/\",\"name\":\"IEFP n\u00e3o fechar\u00e1 portas nem far\u00e1 despedimentos, garante o secret\u00e1rio de Estado - Portal Tela Portugal\",\"isPartOf\":{\"@id\":\"https:\/\/portaltela.pt\/#website\"},\"primaryImageOfPage\":{\"@id\":\"https:\/\/portaltela.pt\/noticias\/2026\/03\/06\/iefp-nao-fechara-portas-nem-fara-despedimentos-garante-o-secretario-de-estado\/#primaryimage\"},\"image\":{\"@id\":\"https:\/\/portaltela.pt\/noticias\/2026\/03\/06\/iefp-nao-fechara-portas-nem-fara-despedimentos-garante-o-secretario-de-estado\/#primaryimage\"},\"thumbnailUrl\":\"https:\/\/portaltela.pt\/s.01k8rhncp4jt1\/2026\/03\/image-374.jpg\",\"datePublished\":\"2026-03-06T11:54:00+00:00\",\"author\":{\"@id\":\"https:\/\/portaltela.pt\/#\/schema\/person\/c4278d4a6028830caff9ee44b42d32ed\"},\"breadcrumb\":{\"@id\":\"https:\/\/portaltela.pt\/noticias\/2026\/03\/06\/iefp-nao-fechara-portas-nem-fara-despedimentos-garante-o-secretario-de-estado\/#breadcrumb\"},\"inLanguage\":\"pt-PT\",\"potentialAction\":[{\"@type\":\"ReadAction\",\"target\":[\"https:\/\/portaltela.pt\/noticias\/2026\/03\/06\/iefp-nao-fechara-portas-nem-fara-despedimentos-garante-o-secretario-de-estado\/\"]}]},{\"@type\":\"ImageObject\",\"inLanguage\":\"pt-PT\",\"@id\":\"https:\/\/portaltela.pt\/noticias\/2026\/03\/06\/iefp-nao-fechara-portas-nem-fara-despedimentos-garante-o-secretario-de-estado\/#primaryimage\",\"url\":\"https:\/\/portaltela.pt\/s.01k8rhncp4jt1\/2026\/03\/image-374.jpg\",\"contentUrl\":\"https:\/\/portaltela.pt\/s.01k8rhncp4jt1\/2026\/03\/image-374.jpg\",\"width\":796,\"height\":448,\"caption\":\"Reestrutura\u00e7\u00e3o profunda do IEFP originou cessa\u00e7\u00e3o das comiss\u00f5es de servi\u00e7o de cerca de 330 dirigentes\"},{\"@type\":\"BreadcrumbList\",\"@id\":\"https:\/\/portaltela.pt\/noticias\/2026\/03\/06\/iefp-nao-fechara-portas-nem-fara-despedimentos-garante-o-secretario-de-estado\/#breadcrumb\",\"itemListElement\":[{\"@type\":\"ListItem\",\"position\":1,\"name\":\"In\u00edcio\",\"item\":\"https:\/\/portaltela.pt\/\"},{\"@type\":\"ListItem\",\"position\":2,\"name\":\"IEFP n\u00e3o fechar\u00e1 portas nem far\u00e1 despedimentos, garante o secret\u00e1rio de Estado\"}]},{\"@type\":\"WebSite\",\"@id\":\"https:\/\/portaltela.pt\/#website\",\"url\":\"https:\/\/portaltela.pt\/\",\"name\":\"Portal Tela Portugal\",\"description\":\"\",\"potentialAction\":[{\"@type\":\"SearchAction\",\"target\":{\"@type\":\"EntryPoint\",\"urlTemplate\":\"https:\/\/portaltela.pt\/?s={search_term_string}\"},\"query-input\":{\"@type\":\"PropertyValueSpecification\",\"valueRequired\":true,\"valueName\":\"search_term_string\"}}],\"inLanguage\":\"pt-PT\"},{\"@type\":\"Person\",\"@id\":\"https:\/\/portaltela.pt\/#\/schema\/person\/c4278d4a6028830caff9ee44b42d32ed\",\"name\":\"Telinha\",\"image\":{\"@type\":\"ImageObject\",\"inLanguage\":\"pt-PT\",\"@id\":\"https:\/\/portaltela.pt\/s.01k8rhncp4jt1\/2025\/11\/talking-bot-125x125.png\",\"url\":\"https:\/\/portaltela.pt\/s.01k8rhncp4jt1\/2025\/11\/talking-bot-125x125.png\",\"contentUrl\":\"https:\/\/portaltela.pt\/s.01k8rhncp4jt1\/2025\/11\/talking-bot-125x125.png\",\"caption\":\"Telinha\"},\"sameAs\":[\"https:\/\/portaltela.pt\/\"],\"url\":\"https:\/\/portaltela.pt\/por\/367410592786\/\"}]}<\/script>\n<!-- \/ Yoast SEO plugin. -->","yoast_head_json":{"title":"IEFP n\u00e3o fechar\u00e1 portas nem far\u00e1 despedimentos, garante o secret\u00e1rio de Estado - Portal Tela Portugal","robots":{"index":"index","follow":"follow","max-snippet":"max-snippet:-1","max-image-preview":"max-image-preview:large","max-video-preview":"max-video-preview:-1"},"og_locale":"pt_PT","og_type":"article","og_title":"IEFP n\u00e3o fechar\u00e1 portas nem far\u00e1 despedimentos, garante o secret\u00e1rio de Estado - Portal Tela Portugal","og_description":"O secret\u00e1rio de Estado Adjunto e do Trabalho, Adriano Rafael Moreira, assegurou tranquilidade sobre a reforma do IEFP. A declara\u00e7\u00e3o foi feita \u00e0 entrada de uma reuni\u00e3o de gest\u00e3o da Delega\u00e7\u00e3o Regional do Norte, em Bragan\u00e7a, na sexta-feira. Disse que a reforma visa refor\u00e7ar a estrutura para alcan\u00e7ar melhores resultados. Garantiu que n\u00e3o ser\u00e1 fechada nenhuma porta, nem haver\u00e1 despedimentos.","og_url":"https:\/\/portaltela.pt\/noticias\/2026\/03\/06\/iefp-nao-fechara-portas-nem-fara-despedimentos-garante-o-secretario-de-estado\/","og_site_name":"Portal Tela Portugal","article_published_time":"2026-03-06T11:54:00+00:00","author":"Telinha","twitter_card":"summary_large_image","twitter_misc":{"Escrito por":"Telinha"},"schema":{"@context":"https:\/\/schema.org","@graph":[{"@type":"Article","@id":"https:\/\/portaltela.pt\/noticias\/2026\/03\/06\/iefp-nao-fechara-portas-nem-fara-despedimentos-garante-o-secretario-de-estado\/#article","isPartOf":{"@id":"https:\/\/portaltela.pt\/noticias\/2026\/03\/06\/iefp-nao-fechara-portas-nem-fara-despedimentos-garante-o-secretario-de-estado\/"},"author":{"name":"Telinha","@id":"https:\/\/portaltela.pt\/#\/schema\/person\/c4278d4a6028830caff9ee44b42d32ed"},"headline":"IEFP n\u00e3o fechar\u00e1 portas nem far\u00e1 despedimentos, garante o secret\u00e1rio de Estado","datePublished":"2026-03-06T11:54:00+00:00","mainEntityOfPage":{"@id":"https:\/\/portaltela.pt\/noticias\/2026\/03\/06\/iefp-nao-fechara-portas-nem-fara-despedimentos-garante-o-secretario-de-estado\/"},"wordCount":102,"image":{"@id":"https:\/\/portaltela.pt\/noticias\/2026\/03\/06\/iefp-nao-fechara-portas-nem-fara-despedimentos-garante-o-secretario-de-estado\/#primaryimage"},"thumbnailUrl":"https:\/\/portaltela.pt\/s.01k8rhncp4jt1\/2026\/03\/image-374.jpg","keywords":["administra\u00e7\u00e3o p\u00fablica","Bragan\u00e7a","emprego","governo","IEFP","trabalho"],"articleSection":["Not\u00edcias","Pol\u00edtica"],"inLanguage":"pt-PT"},{"@type":"WebPage","@id":"https:\/\/portaltela.pt\/noticias\/2026\/03\/06\/iefp-nao-fechara-portas-nem-fara-despedimentos-garante-o-secretario-de-estado\/","url":"https:\/\/portaltela.pt\/noticias\/2026\/03\/06\/iefp-nao-fechara-portas-nem-fara-despedimentos-garante-o-secretario-de-estado\/","name":"IEFP n\u00e3o fechar\u00e1 portas nem far\u00e1 despedimentos, garante o secret\u00e1rio de Estado - Portal Tela Portugal","isPartOf":{"@id":"https:\/\/portaltela.pt\/#website"},"primaryImageOfPage":{"@id":"https:\/\/portaltela.pt\/noticias\/2026\/03\/06\/iefp-nao-fechara-portas-nem-fara-despedimentos-garante-o-secretario-de-estado\/#primaryimage"},"image":{"@id":"https:\/\/portaltela.pt\/noticias\/2026\/03\/06\/iefp-nao-fechara-portas-nem-fara-despedimentos-garante-o-secretario-de-estado\/#primaryimage"},"thumbnailUrl":"https:\/\/portaltela.pt\/s.01k8rhncp4jt1\/2026\/03\/image-374.jpg","datePublished":"2026-03-06T11:54:00+00:00","author":{"@id":"https:\/\/portaltela.pt\/#\/schema\/person\/c4278d4a6028830caff9ee44b42d32ed"},"breadcrumb":{"@id":"https:\/\/portaltela.pt\/noticias\/2026\/03\/06\/iefp-nao-fechara-portas-nem-fara-despedimentos-garante-o-secretario-de-estado\/#breadcrumb"},"inLanguage":"pt-PT","potentialAction":[{"@type":"ReadAction","target":["https:\/\/portaltela.pt\/noticias\/2026\/03\/06\/iefp-nao-fechara-portas-nem-fara-despedimentos-garante-o-secretario-de-estado\/"]}]},{"@type":"ImageObject","inLanguage":"pt-PT","@id":"https:\/\/portaltela.pt\/noticias\/2026\/03\/06\/iefp-nao-fechara-portas-nem-fara-despedimentos-garante-o-secretario-de-estado\/#primaryimage","url":"https:\/\/portaltela.pt\/s.01k8rhncp4jt1\/2026\/03\/image-374.jpg","contentUrl":"https:\/\/portaltela.pt\/s.01k8rhncp4jt1\/2026\/03\/image-374.jpg","width":796,"height":448,"caption":"Reestrutura\u00e7\u00e3o profunda do IEFP originou cessa\u00e7\u00e3o das comiss\u00f5es de servi\u00e7o de cerca de 330 dirigentes"},{"@type":"BreadcrumbList","@id":"https:\/\/portaltela.pt\/noticias\/2026\/03\/06\/iefp-nao-fechara-portas-nem-fara-despedimentos-garante-o-secretario-de-estado\/#breadcrumb","itemListElement":[{"@type":"ListItem","position":1,"name":"In\u00edcio","item":"https:\/\/portaltela.pt\/"},{"@type":"ListItem","position":2,"name":"IEFP n\u00e3o fechar\u00e1 portas nem far\u00e1 despedimentos, garante o secret\u00e1rio de Estado"}]},{"@type":"WebSite","@id":"https:\/\/portaltela.pt\/#website","url":"https:\/\/portaltela.pt\/","name":"Portal Tela Portugal","description":"","potentialAction":[{"@type":"SearchAction","target":{"@type":"EntryPoint","urlTemplate":"https:\/\/portaltela.pt\/?s={search_term_string}"},"query-input":{"@type":"PropertyValueSpecification","valueRequired":true,"valueName":"search_term_string"}}],"inLanguage":"pt-PT"},{"@type":"Person","@id":"https:\/\/portaltela.pt\/#\/schema\/person\/c4278d4a6028830caff9ee44b42d32ed","name":"Telinha","image":{"@type":"ImageObject","inLanguage":"pt-PT","@id":"https:\/\/portaltela.pt\/s.01k8rhncp4jt1\/2025\/11\/talking-bot-125x125.png","url":"https:\/\/portaltela.pt\/s.01k8rhncp4jt1\/2025\/11\/talking-bot-125x125.png","contentUrl":"https:\/\/portaltela.pt\/s.01k8rhncp4jt1\/2025\/11\/talking-bot-125x125.png","caption":"Telinha"},"sameAs":["https:\/\/portaltela.pt\/"],"url":"https:\/\/portaltela.pt\/por\/367410592786\/"}]}},"_links":{"self":[{"href":"https:\/\/portaltela.pt\/api\/wp\/v2\/posts\/399944","targetHints":{"allow":["GET"]}}],"collection":[{"href":"https:\/\/portaltela.pt\/api\/wp\/v2\/posts"}],"about":[{"href":"https:\/\/portaltela.pt\/api\/wp\/v2\/types\/post"}],"author":[{"embeddable":true,"href":"https:\/\/portaltela.pt\/api\/wp\/v2\/users\/2"}],"replies":[{"embeddable":true,"href":"https:\/\/portaltela.pt\/api\/wp\/v2\/comments?post=399944"}],"version-history":[{"count":0,"href":"https:\/\/portaltela.pt\/api\/wp\/v2\/posts\/399944\/revisions"}],"wp:featuredmedia":[{"embeddable":true,"href":"https:\/\/portaltela.pt\/api\/wp\/v2\/media\/399952"}],"wp:attachment":[{"href":"https:\/\/portaltela.pt\/api\/wp\/v2\/media?parent=399944"}],"wp:term":[{"taxonomy":"category","embeddable":true,"href":"https:\/\/portaltela.pt\/api\/wp\/v2\/categories?post=399944"},{"taxonomy":"post_tag","embeddable":true,"href":"https:\/\/portaltela.pt\/api\/wp\/v2\/tags?post=399944"}],"curies":[{"name":"wp","href":"https:\/\/api.w.org\/{rel}","templated":true}]}}