{"id":399938,"date":"2026-03-06T08:52:00","date_gmt":"2026-03-06T11:52:00","guid":{"rendered":"https:\/\/portaltela.pt\/noticias\/2026\/03\/06\/a-mesa-debates-sobre-politica-ganham-espaco-em-encontros\/"},"modified":"2026-03-06T08:52:00","modified_gmt":"2026-03-06T11:52:00","slug":"a-mesa-debates-sobre-politica-ganham-espaco-em-encontros","status":"publish","type":"post","link":"https:\/\/portaltela.pt\/noticias\/politica\/2026\/03\/06\/a-mesa-debates-sobre-politica-ganham-espaco-em-encontros\/","title":{"rendered":"\u00c0 mesa, debates sobre pol\u00edtica ganham espa\u00e7o em encontros"},"content":{"rendered":"<p>\u00c0 mesa tamb\u00e9m se fala de pol\u00edtica \u00e9 o tema central de uma reflex\u00e3o que questiona os limites do discurso em ambientes familiares e sociais. O texto analisa como a discuss\u00e3o pol\u00edtica pode, ou n\u00e3o, ocorrer em contextos cotidianos, e quais consequ\u00eancias disso para a conviv\u00eancia. A autora questiona se o espa\u00e7o seguro para o debate existe apenas fora de casa ou pode surgir junto de quem nos \u00e9 pr\u00f3ximo.<\/p>\n<p>O artigo parte de uma experi\u00eancia pessoal: crescer num espa\u00e7o em que a opini\u00e3o \u00e9 ouvida, mesmo quando diverge. Defende que o principal objetivo do debate n\u00e3o \u00e9 vencer, mas compreender diferentes perspetivas. A ideia \u00e9 criar um ambiente em que o di\u00e1logo seja enriquecedor, n\u00e3o confrontacional.<\/p>\n<p>Ao longo da leitura, o texto relembra h\u00e1bitos familiares que evitam certos temas \u00e0 mesa, como futebol, religi\u00e3o ou pol\u00edtica. Questiona se o problema est\u00e1 na pol\u00edtica ou na dificuldade de discutir assuntos controversos sem recorrer a caricaturas.<\/p>\n<p>A an\u00e1lise avan\u00e7a para o impacto das plataformas digitais. Um estudo citado indica que o algoritmo de uma rede social pode moldar atitudes pol\u00edticas, tornando os utilizadores mais conservadores. O texto alerta para o eco das opini\u00f5es que confirmam cren\u00e7as pr\u00e9vias.<\/p>\n<p>Em paralelo, aponta que a aus\u00eancia de di\u00e1logo seguro pode favorecer o surgimento de discursos extremistas nas redes. Quando o espa\u00e7o de confronto \u00e9 dominante, pode haver radicaliza\u00e7\u00e3o e afastamento dos interlocutores.<\/p>\n<p>Por fim, o texto defende que a mesa pode ser um espa\u00e7o formador da cidadania. A leitura prop\u00f5e que o debate respons\u00e1vel ajuda a reconhecer a humanidade por tr\u00e1s das opini\u00f5es e a manter rela\u00e7\u00f5es mesmo com diverg\u00eancias.<\/p>\n<p>Tragam a pol\u00edtica para a mesa.<\/p>\n","protected":false},"excerpt":{"rendered":"<ul>\n<li>Reflete sobre a ideia de que n\u00e3o se deve falar de pol\u00edtica \u00e0 mesa, defendendo que debater num espa\u00e7o seguro com quem nos \u00e9 pr\u00f3ximo pode ser essencial para compreender diferentes perspetivas.<\/li>\n<li>Conta a experi\u00eancia de crescer num ambiente onde a opini\u00e3o era ouvida e respeitada, aprendendo que o objetivo do debate n\u00e3o \u00e9 vencer, mas entender vis\u00f5es do mundo dos outros.<\/li>\n<li>Observa que h\u00e1 quem se sinta desconfort\u00e1vel com a pol\u00edtica e quem r\u00f3tule o outro quando existe diverg\u00eancia, citando receios de jantares de Natal terem discuss\u00f5es que estragam a consoada.<\/li>\n<li>Aponta para o papel das plataformas digitais: estudos indicam que o algoritmo de determinadas redes molda atitudes pol\u00edticas e favorece conte\u00fados que confirmam as pr\u00f3prias cren\u00e7as, o que dificulta a toler\u00e2ncia.<\/li>\n<li>Prop\u00f5e a mesa como espa\u00e7o formador da humanidade, onde \u00e9 poss\u00edvel debater com respeito, reconhecer a raz\u00e3o por detr\u00e1s das opini\u00f5es e evitar discursos de \u00f3dio, mantendo o di\u00e1logo exigente e construtivo.<\/li>\n<\/ul>\n","protected":false},"author":2,"featured_media":399946,"comment_status":"closed","ping_status":"closed","sticky":false,"template":"","format":"standard","meta":{"footnotes":""},"categories":[1,5],"tags":[370,1817,2832,88,2318],"class_list":["post-399938","post","type-post","status-publish","format-standard","has-post-thumbnail","hentry","category-noticias","category-politica","tag-cidadania","tag-dialogo-politico","tag-politica","tag-redes-sociais","tag-sociedade"],"yoast_head":"<!-- This site is optimized with the Yoast SEO plugin v27.2 - https:\/\/yoast.com\/product\/yoast-seo-wordpress\/ -->\n<title>\u00c0 mesa, debates sobre pol\u00edtica ganham espa\u00e7o em encontros - Portal Tela Portugal<\/title>\n<meta name=\"robots\" content=\"index, follow, max-snippet:-1, max-image-preview:large, max-video-preview:-1\" \/>\n<meta property=\"og:locale\" content=\"pt_PT\" \/>\n<meta property=\"og:type\" content=\"article\" \/>\n<meta property=\"og:title\" content=\"\u00c0 mesa, debates sobre pol\u00edtica ganham espa\u00e7o em encontros - Portal Tela Portugal\" \/>\n<meta property=\"og:description\" content=\"Reflete sobre a ideia de que n\u00e3o se deve falar de pol\u00edtica \u00e0 mesa, defendendo que debater num espa\u00e7o seguro com quem nos \u00e9 pr\u00f3ximo pode ser essencial para compreender diferentes perspetivas. Conta a experi\u00eancia de crescer num ambiente onde a opini\u00e3o era ouvida e respeitada, aprendendo que o objetivo do debate n\u00e3o \u00e9 vencer, mas entender vis\u00f5es do mundo dos outros. Observa que h\u00e1 quem se sinta desconfort\u00e1vel com a pol\u00edtica e quem r\u00f3tule o outro quando existe diverg\u00eancia, citando receios de jantares de Natal terem discuss\u00f5es que estragam a consoada. Aponta para o papel das plataformas digitais: estudos indicam que o algoritmo de determinadas redes molda atitudes pol\u00edticas e favorece conte\u00fados que confirmam as pr\u00f3prias cren\u00e7as, o que dificulta a toler\u00e2ncia. Prop\u00f5e a mesa como espa\u00e7o formador da humanidade, onde \u00e9 poss\u00edvel debater com respeito, reconhecer a raz\u00e3o por detr\u00e1s das opini\u00f5es e evitar discursos de \u00f3dio, mantendo o di\u00e1logo exigente e construtivo.\" \/>\n<meta property=\"og:url\" content=\"https:\/\/portaltela.pt\/noticias\/2026\/03\/06\/a-mesa-debates-sobre-politica-ganham-espaco-em-encontros\/\" \/>\n<meta property=\"og:site_name\" content=\"Portal Tela Portugal\" \/>\n<meta property=\"article:published_time\" content=\"2026-03-06T11:52:00+00:00\" \/>\n<meta name=\"author\" content=\"Telinha\" \/>\n<meta name=\"twitter:card\" content=\"summary_large_image\" \/>\n<meta name=\"twitter:label1\" content=\"Escrito por\" \/>\n\t<meta name=\"twitter:data1\" content=\"Telinha\" \/>\n\t<meta name=\"twitter:label2\" content=\"Tempo estimado de leitura\" \/>\n\t<meta name=\"twitter:data2\" content=\"2 minutos\" \/>\n<script type=\"application\/ld+json\" class=\"yoast-schema-graph\">{\"@context\":\"https:\/\/schema.org\",\"@graph\":[{\"@type\":\"Article\",\"@id\":\"https:\/\/portaltela.pt\/noticias\/2026\/03\/06\/a-mesa-debates-sobre-politica-ganham-espaco-em-encontros\/#article\",\"isPartOf\":{\"@id\":\"https:\/\/portaltela.pt\/noticias\/2026\/03\/06\/a-mesa-debates-sobre-politica-ganham-espaco-em-encontros\/\"},\"author\":{\"name\":\"Telinha\",\"@id\":\"https:\/\/portaltela.pt\/#\/schema\/person\/c4278d4a6028830caff9ee44b42d32ed\"},\"headline\":\"\u00c0 mesa, debates sobre pol\u00edtica ganham espa\u00e7o em encontros\",\"datePublished\":\"2026-03-06T11:52:00+00:00\",\"mainEntityOfPage\":{\"@id\":\"https:\/\/portaltela.pt\/noticias\/2026\/03\/06\/a-mesa-debates-sobre-politica-ganham-espaco-em-encontros\/\"},\"wordCount\":312,\"image\":{\"@id\":\"https:\/\/portaltela.pt\/noticias\/2026\/03\/06\/a-mesa-debates-sobre-politica-ganham-espaco-em-encontros\/#primaryimage\"},\"thumbnailUrl\":\"https:\/\/portaltela.pt\/s.01k8rhncp4jt1\/2026\/03\/2072211.jpg\",\"keywords\":[\"cidadania\",\"Di\u00e1logo pol\u00edtico\",\"pol\u00edtica\",\"redes sociais\",\"sociedade\"],\"articleSection\":[\"Not\u00edcias\",\"Pol\u00edtica\"],\"inLanguage\":\"pt-PT\"},{\"@type\":\"WebPage\",\"@id\":\"https:\/\/portaltela.pt\/noticias\/2026\/03\/06\/a-mesa-debates-sobre-politica-ganham-espaco-em-encontros\/\",\"url\":\"https:\/\/portaltela.pt\/noticias\/2026\/03\/06\/a-mesa-debates-sobre-politica-ganham-espaco-em-encontros\/\",\"name\":\"\u00c0 mesa, debates sobre pol\u00edtica ganham espa\u00e7o em encontros - Portal Tela Portugal\",\"isPartOf\":{\"@id\":\"https:\/\/portaltela.pt\/#website\"},\"primaryImageOfPage\":{\"@id\":\"https:\/\/portaltela.pt\/noticias\/2026\/03\/06\/a-mesa-debates-sobre-politica-ganham-espaco-em-encontros\/#primaryimage\"},\"image\":{\"@id\":\"https:\/\/portaltela.pt\/noticias\/2026\/03\/06\/a-mesa-debates-sobre-politica-ganham-espaco-em-encontros\/#primaryimage\"},\"thumbnailUrl\":\"https:\/\/portaltela.pt\/s.01k8rhncp4jt1\/2026\/03\/2072211.jpg\",\"datePublished\":\"2026-03-06T11:52:00+00:00\",\"author\":{\"@id\":\"https:\/\/portaltela.pt\/#\/schema\/person\/c4278d4a6028830caff9ee44b42d32ed\"},\"breadcrumb\":{\"@id\":\"https:\/\/portaltela.pt\/noticias\/2026\/03\/06\/a-mesa-debates-sobre-politica-ganham-espaco-em-encontros\/#breadcrumb\"},\"inLanguage\":\"pt-PT\",\"potentialAction\":[{\"@type\":\"ReadAction\",\"target\":[\"https:\/\/portaltela.pt\/noticias\/2026\/03\/06\/a-mesa-debates-sobre-politica-ganham-espaco-em-encontros\/\"]}]},{\"@type\":\"ImageObject\",\"inLanguage\":\"pt-PT\",\"@id\":\"https:\/\/portaltela.pt\/noticias\/2026\/03\/06\/a-mesa-debates-sobre-politica-ganham-espaco-em-encontros\/#primaryimage\",\"url\":\"https:\/\/portaltela.pt\/s.01k8rhncp4jt1\/2026\/03\/2072211.jpg\",\"contentUrl\":\"https:\/\/portaltela.pt\/s.01k8rhncp4jt1\/2026\/03\/2072211.jpg\",\"width\":796,\"height\":448,\"caption\":\"Megafone P3\"},{\"@type\":\"BreadcrumbList\",\"@id\":\"https:\/\/portaltela.pt\/noticias\/2026\/03\/06\/a-mesa-debates-sobre-politica-ganham-espaco-em-encontros\/#breadcrumb\",\"itemListElement\":[{\"@type\":\"ListItem\",\"position\":1,\"name\":\"In\u00edcio\",\"item\":\"https:\/\/portaltela.pt\/\"},{\"@type\":\"ListItem\",\"position\":2,\"name\":\"\u00c0 mesa, debates sobre pol\u00edtica ganham espa\u00e7o em encontros\"}]},{\"@type\":\"WebSite\",\"@id\":\"https:\/\/portaltela.pt\/#website\",\"url\":\"https:\/\/portaltela.pt\/\",\"name\":\"Portal Tela Portugal\",\"description\":\"\",\"potentialAction\":[{\"@type\":\"SearchAction\",\"target\":{\"@type\":\"EntryPoint\",\"urlTemplate\":\"https:\/\/portaltela.pt\/?s={search_term_string}\"},\"query-input\":{\"@type\":\"PropertyValueSpecification\",\"valueRequired\":true,\"valueName\":\"search_term_string\"}}],\"inLanguage\":\"pt-PT\"},{\"@type\":\"Person\",\"@id\":\"https:\/\/portaltela.pt\/#\/schema\/person\/c4278d4a6028830caff9ee44b42d32ed\",\"name\":\"Telinha\",\"image\":{\"@type\":\"ImageObject\",\"inLanguage\":\"pt-PT\",\"@id\":\"https:\/\/portaltela.pt\/s.01k8rhncp4jt1\/2025\/11\/talking-bot-125x125.png\",\"url\":\"https:\/\/portaltela.pt\/s.01k8rhncp4jt1\/2025\/11\/talking-bot-125x125.png\",\"contentUrl\":\"https:\/\/portaltela.pt\/s.01k8rhncp4jt1\/2025\/11\/talking-bot-125x125.png\",\"caption\":\"Telinha\"},\"sameAs\":[\"https:\/\/portaltela.pt\/\"],\"url\":\"https:\/\/portaltela.pt\/por\/367410592786\/\"}]}<\/script>\n<!-- \/ Yoast SEO plugin. -->","yoast_head_json":{"title":"\u00c0 mesa, debates sobre pol\u00edtica ganham espa\u00e7o em encontros - Portal Tela Portugal","robots":{"index":"index","follow":"follow","max-snippet":"max-snippet:-1","max-image-preview":"max-image-preview:large","max-video-preview":"max-video-preview:-1"},"og_locale":"pt_PT","og_type":"article","og_title":"\u00c0 mesa, debates sobre pol\u00edtica ganham espa\u00e7o em encontros - Portal Tela Portugal","og_description":"Reflete sobre a ideia de que n\u00e3o se deve falar de pol\u00edtica \u00e0 mesa, defendendo que debater num espa\u00e7o seguro com quem nos \u00e9 pr\u00f3ximo pode ser essencial para compreender diferentes perspetivas. Conta a experi\u00eancia de crescer num ambiente onde a opini\u00e3o era ouvida e respeitada, aprendendo que o objetivo do debate n\u00e3o \u00e9 vencer, mas entender vis\u00f5es do mundo dos outros. Observa que h\u00e1 quem se sinta desconfort\u00e1vel com a pol\u00edtica e quem r\u00f3tule o outro quando existe diverg\u00eancia, citando receios de jantares de Natal terem discuss\u00f5es que estragam a consoada. Aponta para o papel das plataformas digitais: estudos indicam que o algoritmo de determinadas redes molda atitudes pol\u00edticas e favorece conte\u00fados que confirmam as pr\u00f3prias cren\u00e7as, o que dificulta a toler\u00e2ncia. Prop\u00f5e a mesa como espa\u00e7o formador da humanidade, onde \u00e9 poss\u00edvel debater com respeito, reconhecer a raz\u00e3o por detr\u00e1s das opini\u00f5es e evitar discursos de \u00f3dio, mantendo o di\u00e1logo exigente e construtivo.","og_url":"https:\/\/portaltela.pt\/noticias\/2026\/03\/06\/a-mesa-debates-sobre-politica-ganham-espaco-em-encontros\/","og_site_name":"Portal Tela Portugal","article_published_time":"2026-03-06T11:52:00+00:00","author":"Telinha","twitter_card":"summary_large_image","twitter_misc":{"Escrito por":"Telinha","Tempo estimado de leitura":"2 minutos"},"schema":{"@context":"https:\/\/schema.org","@graph":[{"@type":"Article","@id":"https:\/\/portaltela.pt\/noticias\/2026\/03\/06\/a-mesa-debates-sobre-politica-ganham-espaco-em-encontros\/#article","isPartOf":{"@id":"https:\/\/portaltela.pt\/noticias\/2026\/03\/06\/a-mesa-debates-sobre-politica-ganham-espaco-em-encontros\/"},"author":{"name":"Telinha","@id":"https:\/\/portaltela.pt\/#\/schema\/person\/c4278d4a6028830caff9ee44b42d32ed"},"headline":"\u00c0 mesa, debates sobre pol\u00edtica ganham espa\u00e7o em encontros","datePublished":"2026-03-06T11:52:00+00:00","mainEntityOfPage":{"@id":"https:\/\/portaltela.pt\/noticias\/2026\/03\/06\/a-mesa-debates-sobre-politica-ganham-espaco-em-encontros\/"},"wordCount":312,"image":{"@id":"https:\/\/portaltela.pt\/noticias\/2026\/03\/06\/a-mesa-debates-sobre-politica-ganham-espaco-em-encontros\/#primaryimage"},"thumbnailUrl":"https:\/\/portaltela.pt\/s.01k8rhncp4jt1\/2026\/03\/2072211.jpg","keywords":["cidadania","Di\u00e1logo pol\u00edtico","pol\u00edtica","redes sociais","sociedade"],"articleSection":["Not\u00edcias","Pol\u00edtica"],"inLanguage":"pt-PT"},{"@type":"WebPage","@id":"https:\/\/portaltela.pt\/noticias\/2026\/03\/06\/a-mesa-debates-sobre-politica-ganham-espaco-em-encontros\/","url":"https:\/\/portaltela.pt\/noticias\/2026\/03\/06\/a-mesa-debates-sobre-politica-ganham-espaco-em-encontros\/","name":"\u00c0 mesa, debates sobre pol\u00edtica ganham espa\u00e7o em encontros - Portal Tela Portugal","isPartOf":{"@id":"https:\/\/portaltela.pt\/#website"},"primaryImageOfPage":{"@id":"https:\/\/portaltela.pt\/noticias\/2026\/03\/06\/a-mesa-debates-sobre-politica-ganham-espaco-em-encontros\/#primaryimage"},"image":{"@id":"https:\/\/portaltela.pt\/noticias\/2026\/03\/06\/a-mesa-debates-sobre-politica-ganham-espaco-em-encontros\/#primaryimage"},"thumbnailUrl":"https:\/\/portaltela.pt\/s.01k8rhncp4jt1\/2026\/03\/2072211.jpg","datePublished":"2026-03-06T11:52:00+00:00","author":{"@id":"https:\/\/portaltela.pt\/#\/schema\/person\/c4278d4a6028830caff9ee44b42d32ed"},"breadcrumb":{"@id":"https:\/\/portaltela.pt\/noticias\/2026\/03\/06\/a-mesa-debates-sobre-politica-ganham-espaco-em-encontros\/#breadcrumb"},"inLanguage":"pt-PT","potentialAction":[{"@type":"ReadAction","target":["https:\/\/portaltela.pt\/noticias\/2026\/03\/06\/a-mesa-debates-sobre-politica-ganham-espaco-em-encontros\/"]}]},{"@type":"ImageObject","inLanguage":"pt-PT","@id":"https:\/\/portaltela.pt\/noticias\/2026\/03\/06\/a-mesa-debates-sobre-politica-ganham-espaco-em-encontros\/#primaryimage","url":"https:\/\/portaltela.pt\/s.01k8rhncp4jt1\/2026\/03\/2072211.jpg","contentUrl":"https:\/\/portaltela.pt\/s.01k8rhncp4jt1\/2026\/03\/2072211.jpg","width":796,"height":448,"caption":"Megafone P3"},{"@type":"BreadcrumbList","@id":"https:\/\/portaltela.pt\/noticias\/2026\/03\/06\/a-mesa-debates-sobre-politica-ganham-espaco-em-encontros\/#breadcrumb","itemListElement":[{"@type":"ListItem","position":1,"name":"In\u00edcio","item":"https:\/\/portaltela.pt\/"},{"@type":"ListItem","position":2,"name":"\u00c0 mesa, debates sobre pol\u00edtica ganham espa\u00e7o em encontros"}]},{"@type":"WebSite","@id":"https:\/\/portaltela.pt\/#website","url":"https:\/\/portaltela.pt\/","name":"Portal Tela Portugal","description":"","potentialAction":[{"@type":"SearchAction","target":{"@type":"EntryPoint","urlTemplate":"https:\/\/portaltela.pt\/?s={search_term_string}"},"query-input":{"@type":"PropertyValueSpecification","valueRequired":true,"valueName":"search_term_string"}}],"inLanguage":"pt-PT"},{"@type":"Person","@id":"https:\/\/portaltela.pt\/#\/schema\/person\/c4278d4a6028830caff9ee44b42d32ed","name":"Telinha","image":{"@type":"ImageObject","inLanguage":"pt-PT","@id":"https:\/\/portaltela.pt\/s.01k8rhncp4jt1\/2025\/11\/talking-bot-125x125.png","url":"https:\/\/portaltela.pt\/s.01k8rhncp4jt1\/2025\/11\/talking-bot-125x125.png","contentUrl":"https:\/\/portaltela.pt\/s.01k8rhncp4jt1\/2025\/11\/talking-bot-125x125.png","caption":"Telinha"},"sameAs":["https:\/\/portaltela.pt\/"],"url":"https:\/\/portaltela.pt\/por\/367410592786\/"}]}},"_links":{"self":[{"href":"https:\/\/portaltela.pt\/api\/wp\/v2\/posts\/399938","targetHints":{"allow":["GET"]}}],"collection":[{"href":"https:\/\/portaltela.pt\/api\/wp\/v2\/posts"}],"about":[{"href":"https:\/\/portaltela.pt\/api\/wp\/v2\/types\/post"}],"author":[{"embeddable":true,"href":"https:\/\/portaltela.pt\/api\/wp\/v2\/users\/2"}],"replies":[{"embeddable":true,"href":"https:\/\/portaltela.pt\/api\/wp\/v2\/comments?post=399938"}],"version-history":[{"count":0,"href":"https:\/\/portaltela.pt\/api\/wp\/v2\/posts\/399938\/revisions"}],"wp:featuredmedia":[{"embeddable":true,"href":"https:\/\/portaltela.pt\/api\/wp\/v2\/media\/399946"}],"wp:attachment":[{"href":"https:\/\/portaltela.pt\/api\/wp\/v2\/media?parent=399938"}],"wp:term":[{"taxonomy":"category","embeddable":true,"href":"https:\/\/portaltela.pt\/api\/wp\/v2\/categories?post=399938"},{"taxonomy":"post_tag","embeddable":true,"href":"https:\/\/portaltela.pt\/api\/wp\/v2\/tags?post=399938"}],"curies":[{"name":"wp","href":"https:\/\/api.w.org\/{rel}","templated":true}]}}