{"id":399915,"date":"2026-03-06T08:46:45","date_gmt":"2026-03-06T11:46:45","guid":{"rendered":"https:\/\/portaltela.pt\/noticias\/2026\/03\/06\/cinco-paises-da-ue-criam-centros-de-deportacao-fora-da-europa\/"},"modified":"2026-03-06T08:46:45","modified_gmt":"2026-03-06T11:46:45","slug":"cinco-paises-da-ue-criam-centros-de-deportacao-fora-da-europa","status":"publish","type":"post","link":"https:\/\/portaltela.pt\/noticias\/internacional\/2026\/03\/06\/cinco-paises-da-ue-criam-centros-de-deportacao-fora-da-europa\/","title":{"rendered":"Cinco pa\u00edses da UE criam centros de deporta\u00e7\u00e3o fora da Europa"},"content":{"rendered":"<p>Cinco pa\u00edses da Uni\u00e3o Europeia anunciaram uma iniciativa conjunta para construir centros de deporta\u00e7\u00e3o fora da Europa, com o objetivo de acolher migrantes irregulares que tiveram pedidos de prote\u00e7\u00e3o recusados. A proposta surge no \u00e2mbito de uma nova regra da UE sobre externalizar pol\u00edticas de migra\u00e7\u00e3o.<\/p>\n<p>Os ministros do Interior da Alemanha, Pa\u00edses Baixos, \u00c1ustria, Dinamarca e Gr\u00e9cia reuniram-se \u00e0 margem de uma reuni\u00e3o em Bruxelas, com a participa\u00e7\u00e3o de Magnus Brunner, Comiss\u00e1rio Europeu para os Assuntos Internos e a Migra\u00e7\u00e3o, como convidado. A reuni\u00e3o sinaliza a passagem da teoria \u00e0 pr\u00e1tica do projeto, segundo os organizadores.<\/p>\n<p>Segundo fontes pr\u00f3ximas, os centros, tamb\u00e9m chamados de \u201ccentros de regresso\u201d, destinam-se a aguardar o regresso dos requerentes de asilo rejeitados aos seus pa\u00edses de origem, fora do espa\u00e7o comunit\u00e1rio. A ideia \u00e9 implementar solu\u00e7\u00f5es inovadoras no funcionamento do sistema de migra\u00e7\u00e3o, afirma Brunner.<\/p>\n<p>Dados do Eurostat indicam que menos de um ter\u00e7o das pessoas obrigadas a deixar a UE s\u00e3o efetivamente devolvidas aos seus pa\u00edses de origem, o que alimenta a discuss\u00e3o sobre medidas adicionais. A coliga\u00e7\u00e3o aponta para a necessidade de acelerar devolu\u00e7\u00f5es.<\/p>\n<p>A coliga\u00e7\u00e3o pretende avan\u00e7ar para a implementa\u00e7\u00e3o concreta dos centros, afirmou o ministro austr\u00edaco Gerhard Karner. O acordo baseia-se num regulamento recente que permite aos Estados-Membros externalizar a gest\u00e3o da migra\u00e7\u00e3o atrav\u00e9s de instala\u00e7\u00f5es fora da UE.<\/p>\n<h3>Estrutura dos centros<\/h3>\n<p>Os centros destinam-se a acolher requerentes de asilo cujos pedidos tenham sido recusados na Europa. O regulamento, ainda em discuss\u00e3o no Parlamento Europeu, permite que migrantes irregulares sejam devolvidos para pa\u00edses terceiros com acordos bilaterais vigentes.<\/p>\n<p>Enquanto o regulamento n\u00e3o \u00e9 aprovado, os governos procuram acordos com pa\u00edses terceiros que aceitem acolher os migrantes. Os centros podem funcionar como locais de tr\u00e2nsito ou de perman\u00eancia prolongada, conforme o acordo com cada pa\u00eds anfitri\u00e3o.<\/p>\n<p>A Gr\u00e9cia, segundo fontes, v\u00ea na participa\u00e7\u00e3o sul-europeia uma mensagem dissuasora aos fluxos migrat\u00f3rios, mantendo-se como o \u00fanico pa\u00eds do Sul a integrar a iniciativa. Diplomatas destacam que os incentivos aos pa\u00edses acolhedores ser\u00e3o discutidos.<\/p>\n<p>Outros Estados-membros tamb\u00e9m exploram o tema. A Finl\u00e2ndia j\u00e1 discute um projeto similar com na\u00e7\u00f5es n\u00f3rdicas e est\u00e1 em conversa\u00e7\u00f5es com governos de terceiros. A It\u00e1lia j\u00e1 opera um centro de retorno na Alb\u00e2nia, em Shengjin e Gjader.<\/p>\n<p>A oposi\u00e7\u00e3o a estas instala\u00e7\u00f5es \u00e9 intensa entre organiza\u00e7\u00f5es humanit\u00e1rias, que alertam para potenciais viola\u00e7\u00f5es de direitos e condi\u00e7\u00f5es similares a pris\u00f5es. O tema continua controverso e envolve debates no Parlamento Europeu.<\/p>\n","protected":false},"excerpt":{"rendered":"<ul>\n<li>Alemanha, Pa\u00edses Baixos, \u00c1ustria, Dinamarca e Gr\u00e9cia uniram\u2011se para construir centros de deporta\u00e7\u00e3o fora da Europa, para acolher requerentes de asilo rejeitados.<\/li>\n<li>A iniciativa faz parte de um regulamento da UE para externalizar a pol\u00edtica de migra\u00e7\u00e3o, j\u00e1 acordado em dezembro e agora em discuss\u00e3o no Parlamento Europeu; o Eurostat indica que menos de um ter\u00e7o dos que saem da UE s\u00e3o devolvidos aos seus pa\u00edses de origem.<\/li>\n<li>Os centros poder\u00e3o ser locais de tr\u00e2nsito ou permanentes onde o migrante ficar\u00e1, at\u00e9 ser devolvido, mediante acordos bilaterais com pa\u00edses terceiros.<\/li>\n<li>A coliga\u00e7\u00e3o pretende avan\u00e7ar para a implementa\u00e7\u00e3o concreta, explorando parcerias com pa\u00edses terceiros; a Gr\u00e9cia quer posicionar-se como o \u00fanico pa\u00eds do sul da Europa a participar.<\/li>\n<li>Cr\u00edticos, incluindo organiza\u00e7\u00f5es humanit\u00e1rias, alertam para riscos de viola\u00e7\u00e3o de direitos humanos e de deten\u00e7\u00f5es em condi\u00e7\u00f5es semelhantes a pris\u00f5es; defendem que o Parlamento bloqueie o regulamento.<\/li>\n<\/ul>\n","protected":false},"author":2,"featured_media":399921,"comment_status":"closed","ping_status":"closed","sticky":false,"template":"","format":"standard","meta":{"footnotes":""},"categories":[4,1],"tags":[4081,2633,2487,6612,1456,2055],"class_list":["post-399915","post","type-post","status-publish","format-standard","has-post-thumbnail","hentry","category-internacional","category-noticias","tag-deportacoes","tag-direitos-humanos","tag-europa","tag-imigracao-internacional","tag-migracao","tag-uniao-europeia"],"yoast_head":"<!-- This site is optimized with the Yoast SEO plugin v27.2 - https:\/\/yoast.com\/product\/yoast-seo-wordpress\/ -->\n<title>Cinco pa\u00edses da UE criam centros de deporta\u00e7\u00e3o fora da Europa - Portal Tela Portugal<\/title>\n<meta name=\"robots\" content=\"index, follow, max-snippet:-1, max-image-preview:large, max-video-preview:-1\" \/>\n<meta property=\"og:locale\" content=\"pt_PT\" \/>\n<meta property=\"og:type\" content=\"article\" \/>\n<meta property=\"og:title\" content=\"Cinco pa\u00edses da UE criam centros de deporta\u00e7\u00e3o fora da Europa - Portal Tela Portugal\" \/>\n<meta property=\"og:description\" content=\"Alemanha, Pa\u00edses Baixos, \u00c1ustria, Dinamarca e Gr\u00e9cia uniram\u2011se para construir centros de deporta\u00e7\u00e3o fora da Europa, para acolher requerentes de asilo rejeitados. A iniciativa faz parte de um regulamento da UE para externalizar a pol\u00edtica de migra\u00e7\u00e3o, j\u00e1 acordado em dezembro e agora em discuss\u00e3o no Parlamento Europeu; o Eurostat indica que menos de um ter\u00e7o dos que saem da UE s\u00e3o devolvidos aos seus pa\u00edses de origem. Os centros poder\u00e3o ser locais de tr\u00e2nsito ou permanentes onde o migrante ficar\u00e1, at\u00e9 ser devolvido, mediante acordos bilaterais com pa\u00edses terceiros. A coliga\u00e7\u00e3o pretende avan\u00e7ar para a implementa\u00e7\u00e3o concreta, explorando parcerias com pa\u00edses terceiros; a Gr\u00e9cia quer posicionar-se como o \u00fanico pa\u00eds do sul da Europa a participar. Cr\u00edticos, incluindo organiza\u00e7\u00f5es humanit\u00e1rias, alertam para riscos de viola\u00e7\u00e3o de direitos humanos e de deten\u00e7\u00f5es em condi\u00e7\u00f5es semelhantes a pris\u00f5es; defendem que o Parlamento bloqueie o regulamento.\" \/>\n<meta property=\"og:url\" content=\"https:\/\/portaltela.pt\/noticias\/2026\/03\/06\/cinco-paises-da-ue-criam-centros-de-deportacao-fora-da-europa\/\" \/>\n<meta property=\"og:site_name\" content=\"Portal Tela Portugal\" \/>\n<meta property=\"article:published_time\" content=\"2026-03-06T11:46:45+00:00\" \/>\n<meta name=\"author\" content=\"Telinha\" \/>\n<meta name=\"twitter:card\" content=\"summary_large_image\" \/>\n<meta name=\"twitter:label1\" content=\"Escrito por\" \/>\n\t<meta name=\"twitter:data1\" content=\"Telinha\" \/>\n\t<meta name=\"twitter:label2\" content=\"Tempo estimado de leitura\" \/>\n\t<meta name=\"twitter:data2\" content=\"2 minutos\" \/>\n<script type=\"application\/ld+json\" class=\"yoast-schema-graph\">{\"@context\":\"https:\/\/schema.org\",\"@graph\":[{\"@type\":\"Article\",\"@id\":\"https:\/\/portaltela.pt\/noticias\/2026\/03\/06\/cinco-paises-da-ue-criam-centros-de-deportacao-fora-da-europa\/#article\",\"isPartOf\":{\"@id\":\"https:\/\/portaltela.pt\/noticias\/2026\/03\/06\/cinco-paises-da-ue-criam-centros-de-deportacao-fora-da-europa\/\"},\"author\":{\"name\":\"Telinha\",\"@id\":\"https:\/\/portaltela.pt\/#\/schema\/person\/c4278d4a6028830caff9ee44b42d32ed\"},\"headline\":\"Cinco pa\u00edses da UE criam centros de deporta\u00e7\u00e3o fora da Europa\",\"datePublished\":\"2026-03-06T11:46:45+00:00\",\"mainEntityOfPage\":{\"@id\":\"https:\/\/portaltela.pt\/noticias\/2026\/03\/06\/cinco-paises-da-ue-criam-centros-de-deportacao-fora-da-europa\/\"},\"wordCount\":471,\"image\":{\"@id\":\"https:\/\/portaltela.pt\/noticias\/2026\/03\/06\/cinco-paises-da-ue-criam-centros-de-deportacao-fora-da-europa\/#primaryimage\"},\"thumbnailUrl\":\"https:\/\/portaltela.pt\/s.01k8rhncp4jt1\/2026\/03\/1536x864_cmsv2_cba222e7-a041-5418-83bf-dcbc3b0c570b-9675023.jpg\",\"keywords\":[\"deporta\u00e7\u00f5es\",\"direitos humanos\",\"Europa\",\"imigra\u00e7\u00e3o internacional\",\"migra\u00e7\u00e3o\",\"Uni\u00e3o Europeia\"],\"articleSection\":[\"Internacional\",\"Not\u00edcias\"],\"inLanguage\":\"pt-PT\"},{\"@type\":\"WebPage\",\"@id\":\"https:\/\/portaltela.pt\/noticias\/2026\/03\/06\/cinco-paises-da-ue-criam-centros-de-deportacao-fora-da-europa\/\",\"url\":\"https:\/\/portaltela.pt\/noticias\/2026\/03\/06\/cinco-paises-da-ue-criam-centros-de-deportacao-fora-da-europa\/\",\"name\":\"Cinco pa\u00edses da UE criam centros de deporta\u00e7\u00e3o fora da Europa - Portal Tela Portugal\",\"isPartOf\":{\"@id\":\"https:\/\/portaltela.pt\/#website\"},\"primaryImageOfPage\":{\"@id\":\"https:\/\/portaltela.pt\/noticias\/2026\/03\/06\/cinco-paises-da-ue-criam-centros-de-deportacao-fora-da-europa\/#primaryimage\"},\"image\":{\"@id\":\"https:\/\/portaltela.pt\/noticias\/2026\/03\/06\/cinco-paises-da-ue-criam-centros-de-deportacao-fora-da-europa\/#primaryimage\"},\"thumbnailUrl\":\"https:\/\/portaltela.pt\/s.01k8rhncp4jt1\/2026\/03\/1536x864_cmsv2_cba222e7-a041-5418-83bf-dcbc3b0c570b-9675023.jpg\",\"datePublished\":\"2026-03-06T11:46:45+00:00\",\"author\":{\"@id\":\"https:\/\/portaltela.pt\/#\/schema\/person\/c4278d4a6028830caff9ee44b42d32ed\"},\"breadcrumb\":{\"@id\":\"https:\/\/portaltela.pt\/noticias\/2026\/03\/06\/cinco-paises-da-ue-criam-centros-de-deportacao-fora-da-europa\/#breadcrumb\"},\"inLanguage\":\"pt-PT\",\"potentialAction\":[{\"@type\":\"ReadAction\",\"target\":[\"https:\/\/portaltela.pt\/noticias\/2026\/03\/06\/cinco-paises-da-ue-criam-centros-de-deportacao-fora-da-europa\/\"]}]},{\"@type\":\"ImageObject\",\"inLanguage\":\"pt-PT\",\"@id\":\"https:\/\/portaltela.pt\/noticias\/2026\/03\/06\/cinco-paises-da-ue-criam-centros-de-deportacao-fora-da-europa\/#primaryimage\",\"url\":\"https:\/\/portaltela.pt\/s.01k8rhncp4jt1\/2026\/03\/1536x864_cmsv2_cba222e7-a041-5418-83bf-dcbc3b0c570b-9675023.jpg\",\"contentUrl\":\"https:\/\/portaltela.pt\/s.01k8rhncp4jt1\/2026\/03\/1536x864_cmsv2_cba222e7-a041-5418-83bf-dcbc3b0c570b-9675023.jpg\",\"width\":796,\"height\":448,\"caption\":\"O Comiss\u00e1rio Brunner com o Ministro da Alemanha, dos Pa\u00edses Baixos, da Gr\u00e9cia, da Dinamarca e da \u00c1ustria\"},{\"@type\":\"BreadcrumbList\",\"@id\":\"https:\/\/portaltela.pt\/noticias\/2026\/03\/06\/cinco-paises-da-ue-criam-centros-de-deportacao-fora-da-europa\/#breadcrumb\",\"itemListElement\":[{\"@type\":\"ListItem\",\"position\":1,\"name\":\"In\u00edcio\",\"item\":\"https:\/\/portaltela.pt\/\"},{\"@type\":\"ListItem\",\"position\":2,\"name\":\"Cinco pa\u00edses da UE criam centros de deporta\u00e7\u00e3o fora da Europa\"}]},{\"@type\":\"WebSite\",\"@id\":\"https:\/\/portaltela.pt\/#website\",\"url\":\"https:\/\/portaltela.pt\/\",\"name\":\"Portal Tela Portugal\",\"description\":\"\",\"potentialAction\":[{\"@type\":\"SearchAction\",\"target\":{\"@type\":\"EntryPoint\",\"urlTemplate\":\"https:\/\/portaltela.pt\/?s={search_term_string}\"},\"query-input\":{\"@type\":\"PropertyValueSpecification\",\"valueRequired\":true,\"valueName\":\"search_term_string\"}}],\"inLanguage\":\"pt-PT\"},{\"@type\":\"Person\",\"@id\":\"https:\/\/portaltela.pt\/#\/schema\/person\/c4278d4a6028830caff9ee44b42d32ed\",\"name\":\"Telinha\",\"image\":{\"@type\":\"ImageObject\",\"inLanguage\":\"pt-PT\",\"@id\":\"https:\/\/portaltela.pt\/s.01k8rhncp4jt1\/2025\/11\/talking-bot-125x125.png\",\"url\":\"https:\/\/portaltela.pt\/s.01k8rhncp4jt1\/2025\/11\/talking-bot-125x125.png\",\"contentUrl\":\"https:\/\/portaltela.pt\/s.01k8rhncp4jt1\/2025\/11\/talking-bot-125x125.png\",\"caption\":\"Telinha\"},\"sameAs\":[\"https:\/\/portaltela.pt\/\"],\"url\":\"https:\/\/portaltela.pt\/por\/367410592786\/\"}]}<\/script>\n<!-- \/ Yoast SEO plugin. -->","yoast_head_json":{"title":"Cinco pa\u00edses da UE criam centros de deporta\u00e7\u00e3o fora da Europa - Portal Tela Portugal","robots":{"index":"index","follow":"follow","max-snippet":"max-snippet:-1","max-image-preview":"max-image-preview:large","max-video-preview":"max-video-preview:-1"},"og_locale":"pt_PT","og_type":"article","og_title":"Cinco pa\u00edses da UE criam centros de deporta\u00e7\u00e3o fora da Europa - Portal Tela Portugal","og_description":"Alemanha, Pa\u00edses Baixos, \u00c1ustria, Dinamarca e Gr\u00e9cia uniram\u2011se para construir centros de deporta\u00e7\u00e3o fora da Europa, para acolher requerentes de asilo rejeitados. A iniciativa faz parte de um regulamento da UE para externalizar a pol\u00edtica de migra\u00e7\u00e3o, j\u00e1 acordado em dezembro e agora em discuss\u00e3o no Parlamento Europeu; o Eurostat indica que menos de um ter\u00e7o dos que saem da UE s\u00e3o devolvidos aos seus pa\u00edses de origem. Os centros poder\u00e3o ser locais de tr\u00e2nsito ou permanentes onde o migrante ficar\u00e1, at\u00e9 ser devolvido, mediante acordos bilaterais com pa\u00edses terceiros. A coliga\u00e7\u00e3o pretende avan\u00e7ar para a implementa\u00e7\u00e3o concreta, explorando parcerias com pa\u00edses terceiros; a Gr\u00e9cia quer posicionar-se como o \u00fanico pa\u00eds do sul da Europa a participar. Cr\u00edticos, incluindo organiza\u00e7\u00f5es humanit\u00e1rias, alertam para riscos de viola\u00e7\u00e3o de direitos humanos e de deten\u00e7\u00f5es em condi\u00e7\u00f5es semelhantes a pris\u00f5es; defendem que o Parlamento bloqueie o regulamento.","og_url":"https:\/\/portaltela.pt\/noticias\/2026\/03\/06\/cinco-paises-da-ue-criam-centros-de-deportacao-fora-da-europa\/","og_site_name":"Portal Tela Portugal","article_published_time":"2026-03-06T11:46:45+00:00","author":"Telinha","twitter_card":"summary_large_image","twitter_misc":{"Escrito por":"Telinha","Tempo estimado de leitura":"2 minutos"},"schema":{"@context":"https:\/\/schema.org","@graph":[{"@type":"Article","@id":"https:\/\/portaltela.pt\/noticias\/2026\/03\/06\/cinco-paises-da-ue-criam-centros-de-deportacao-fora-da-europa\/#article","isPartOf":{"@id":"https:\/\/portaltela.pt\/noticias\/2026\/03\/06\/cinco-paises-da-ue-criam-centros-de-deportacao-fora-da-europa\/"},"author":{"name":"Telinha","@id":"https:\/\/portaltela.pt\/#\/schema\/person\/c4278d4a6028830caff9ee44b42d32ed"},"headline":"Cinco pa\u00edses da UE criam centros de deporta\u00e7\u00e3o fora da Europa","datePublished":"2026-03-06T11:46:45+00:00","mainEntityOfPage":{"@id":"https:\/\/portaltela.pt\/noticias\/2026\/03\/06\/cinco-paises-da-ue-criam-centros-de-deportacao-fora-da-europa\/"},"wordCount":471,"image":{"@id":"https:\/\/portaltela.pt\/noticias\/2026\/03\/06\/cinco-paises-da-ue-criam-centros-de-deportacao-fora-da-europa\/#primaryimage"},"thumbnailUrl":"https:\/\/portaltela.pt\/s.01k8rhncp4jt1\/2026\/03\/1536x864_cmsv2_cba222e7-a041-5418-83bf-dcbc3b0c570b-9675023.jpg","keywords":["deporta\u00e7\u00f5es","direitos humanos","Europa","imigra\u00e7\u00e3o internacional","migra\u00e7\u00e3o","Uni\u00e3o Europeia"],"articleSection":["Internacional","Not\u00edcias"],"inLanguage":"pt-PT"},{"@type":"WebPage","@id":"https:\/\/portaltela.pt\/noticias\/2026\/03\/06\/cinco-paises-da-ue-criam-centros-de-deportacao-fora-da-europa\/","url":"https:\/\/portaltela.pt\/noticias\/2026\/03\/06\/cinco-paises-da-ue-criam-centros-de-deportacao-fora-da-europa\/","name":"Cinco pa\u00edses da UE criam centros de deporta\u00e7\u00e3o fora da Europa - Portal Tela Portugal","isPartOf":{"@id":"https:\/\/portaltela.pt\/#website"},"primaryImageOfPage":{"@id":"https:\/\/portaltela.pt\/noticias\/2026\/03\/06\/cinco-paises-da-ue-criam-centros-de-deportacao-fora-da-europa\/#primaryimage"},"image":{"@id":"https:\/\/portaltela.pt\/noticias\/2026\/03\/06\/cinco-paises-da-ue-criam-centros-de-deportacao-fora-da-europa\/#primaryimage"},"thumbnailUrl":"https:\/\/portaltela.pt\/s.01k8rhncp4jt1\/2026\/03\/1536x864_cmsv2_cba222e7-a041-5418-83bf-dcbc3b0c570b-9675023.jpg","datePublished":"2026-03-06T11:46:45+00:00","author":{"@id":"https:\/\/portaltela.pt\/#\/schema\/person\/c4278d4a6028830caff9ee44b42d32ed"},"breadcrumb":{"@id":"https:\/\/portaltela.pt\/noticias\/2026\/03\/06\/cinco-paises-da-ue-criam-centros-de-deportacao-fora-da-europa\/#breadcrumb"},"inLanguage":"pt-PT","potentialAction":[{"@type":"ReadAction","target":["https:\/\/portaltela.pt\/noticias\/2026\/03\/06\/cinco-paises-da-ue-criam-centros-de-deportacao-fora-da-europa\/"]}]},{"@type":"ImageObject","inLanguage":"pt-PT","@id":"https:\/\/portaltela.pt\/noticias\/2026\/03\/06\/cinco-paises-da-ue-criam-centros-de-deportacao-fora-da-europa\/#primaryimage","url":"https:\/\/portaltela.pt\/s.01k8rhncp4jt1\/2026\/03\/1536x864_cmsv2_cba222e7-a041-5418-83bf-dcbc3b0c570b-9675023.jpg","contentUrl":"https:\/\/portaltela.pt\/s.01k8rhncp4jt1\/2026\/03\/1536x864_cmsv2_cba222e7-a041-5418-83bf-dcbc3b0c570b-9675023.jpg","width":796,"height":448,"caption":"O Comiss\u00e1rio Brunner com o Ministro da Alemanha, dos Pa\u00edses Baixos, da Gr\u00e9cia, da Dinamarca e da \u00c1ustria"},{"@type":"BreadcrumbList","@id":"https:\/\/portaltela.pt\/noticias\/2026\/03\/06\/cinco-paises-da-ue-criam-centros-de-deportacao-fora-da-europa\/#breadcrumb","itemListElement":[{"@type":"ListItem","position":1,"name":"In\u00edcio","item":"https:\/\/portaltela.pt\/"},{"@type":"ListItem","position":2,"name":"Cinco pa\u00edses da UE criam centros de deporta\u00e7\u00e3o fora da Europa"}]},{"@type":"WebSite","@id":"https:\/\/portaltela.pt\/#website","url":"https:\/\/portaltela.pt\/","name":"Portal Tela Portugal","description":"","potentialAction":[{"@type":"SearchAction","target":{"@type":"EntryPoint","urlTemplate":"https:\/\/portaltela.pt\/?s={search_term_string}"},"query-input":{"@type":"PropertyValueSpecification","valueRequired":true,"valueName":"search_term_string"}}],"inLanguage":"pt-PT"},{"@type":"Person","@id":"https:\/\/portaltela.pt\/#\/schema\/person\/c4278d4a6028830caff9ee44b42d32ed","name":"Telinha","image":{"@type":"ImageObject","inLanguage":"pt-PT","@id":"https:\/\/portaltela.pt\/s.01k8rhncp4jt1\/2025\/11\/talking-bot-125x125.png","url":"https:\/\/portaltela.pt\/s.01k8rhncp4jt1\/2025\/11\/talking-bot-125x125.png","contentUrl":"https:\/\/portaltela.pt\/s.01k8rhncp4jt1\/2025\/11\/talking-bot-125x125.png","caption":"Telinha"},"sameAs":["https:\/\/portaltela.pt\/"],"url":"https:\/\/portaltela.pt\/por\/367410592786\/"}]}},"_links":{"self":[{"href":"https:\/\/portaltela.pt\/api\/wp\/v2\/posts\/399915","targetHints":{"allow":["GET"]}}],"collection":[{"href":"https:\/\/portaltela.pt\/api\/wp\/v2\/posts"}],"about":[{"href":"https:\/\/portaltela.pt\/api\/wp\/v2\/types\/post"}],"author":[{"embeddable":true,"href":"https:\/\/portaltela.pt\/api\/wp\/v2\/users\/2"}],"replies":[{"embeddable":true,"href":"https:\/\/portaltela.pt\/api\/wp\/v2\/comments?post=399915"}],"version-history":[{"count":0,"href":"https:\/\/portaltela.pt\/api\/wp\/v2\/posts\/399915\/revisions"}],"wp:featuredmedia":[{"embeddable":true,"href":"https:\/\/portaltela.pt\/api\/wp\/v2\/media\/399921"}],"wp:attachment":[{"href":"https:\/\/portaltela.pt\/api\/wp\/v2\/media?parent=399915"}],"wp:term":[{"taxonomy":"category","embeddable":true,"href":"https:\/\/portaltela.pt\/api\/wp\/v2\/categories?post=399915"},{"taxonomy":"post_tag","embeddable":true,"href":"https:\/\/portaltela.pt\/api\/wp\/v2\/tags?post=399915"}],"curies":[{"name":"wp","href":"https:\/\/api.w.org\/{rel}","templated":true}]}}