{"id":399890,"date":"2026-03-06T08:17:41","date_gmt":"2026-03-06T11:17:41","guid":{"rendered":"https:\/\/portaltela.pt\/noticias\/2026\/03\/06\/ventos-fortes-atrasam-abertura-do-festival-internacional-de-chocolate-de-obidos-2\/"},"modified":"2026-03-06T08:17:41","modified_gmt":"2026-03-06T11:17:41","slug":"ventos-fortes-atrasam-abertura-do-festival-internacional-de-chocolate-de-obidos-2","status":"publish","type":"post","link":"https:\/\/portaltela.pt\/noticias\/2026\/03\/06\/ventos-fortes-atrasam-abertura-do-festival-internacional-de-chocolate-de-obidos-2\/","title":{"rendered":"Ventos fortes atrasam abertura do Festival Internacional de Chocolate de \u00d3bidos"},"content":{"rendered":"<p>A abertura do Festival Internacional de Chocolate de \u00d3bidos foi adiada devido ao mau tempo. As rajadas de vento previstas podem atingir 90 km\/h, segundo a C\u00e2mara Municipal.<\/p>\n<p>A decis\u00e3o foi tomada para cumprir as recomenda\u00e7\u00f5es da Prote\u00e7\u00e3o Civil nacional e local, visando prevenir riscos para o p\u00fablico, parceiros e equipas envolvidas.<\/p>\n<p>Inicialmente marcada para as 17:30 de sexta-feira, a abertura ocorrer\u00e1 apenas no s\u00e1bado, no mesmo hor\u00e1rio, dia 7.<\/p>\n<p>A C\u00e2mara de \u00d3bidos afirma manter a comunica\u00e7\u00e3o de atualiza\u00e7\u00f5es \u00e0 medida que a meteorologia evolua.<\/p>\n","protected":false},"excerpt":{"rendered":"<ul>\n<li>A abertura do Festival Internacional de Chocolate de \u00d3bidos foi adiada de sexta-feira para s\u00e1bado devido \u00e0 previs\u00e3o de mau tempo, com rajadas de vento que poder\u00e3o atingir os 90 quil\u00f3metros por hora.<\/li>\n<li>A decis\u00e3o seguiu as recomenda\u00e7\u00f5es da Prote\u00e7\u00e3o Civil nacional e local.<\/li>\n<li>A prioridade \u00e9 a seguran\u00e7a de visitantes, parceiras e equipas envolvidas.<\/li>\n<li>A abertura manter\u00e1 o mesmo hor\u00e1rio de as 17:30, no s\u00e1bado, dia 07.<\/li>\n<\/ul>\n","protected":false},"author":2,"featured_media":399892,"comment_status":"closed","ping_status":"closed","sticky":false,"template":"","format":"standard","meta":{"footnotes":""},"categories":[1],"tags":[5224,3731,3674,1280,320,4782],"class_list":["post-399890","post","type-post","status-publish","format-standard","has-post-thumbnail","hentry","category-noticias","tag-clima","tag-eventos","tag-festival","tag-obidos","tag-protecao-civil","tag-vento"],"yoast_head":"<!-- This site is optimized with the Yoast SEO plugin v27.2 - https:\/\/yoast.com\/product\/yoast-seo-wordpress\/ -->\n<title>Ventos fortes atrasam abertura do Festival Internacional de Chocolate de \u00d3bidos - Portal Tela Portugal<\/title>\n<meta name=\"robots\" content=\"index, follow, max-snippet:-1, max-image-preview:large, max-video-preview:-1\" \/>\n<meta property=\"og:locale\" content=\"pt_PT\" \/>\n<meta property=\"og:type\" content=\"article\" \/>\n<meta property=\"og:title\" content=\"Ventos fortes atrasam abertura do Festival Internacional de Chocolate de \u00d3bidos - Portal Tela Portugal\" \/>\n<meta property=\"og:description\" content=\"A abertura do Festival Internacional de Chocolate de \u00d3bidos foi adiada de sexta-feira para s\u00e1bado devido \u00e0 previs\u00e3o de mau tempo, com rajadas de vento que poder\u00e3o atingir os 90 quil\u00f3metros por hora. A decis\u00e3o seguiu as recomenda\u00e7\u00f5es da Prote\u00e7\u00e3o Civil nacional e local. A prioridade \u00e9 a seguran\u00e7a de visitantes, parceiras e equipas envolvidas. A abertura manter\u00e1 o mesmo hor\u00e1rio de as 17:30, no s\u00e1bado, dia 07.\" \/>\n<meta property=\"og:url\" content=\"https:\/\/portaltela.pt\/noticias\/2026\/03\/06\/ventos-fortes-atrasam-abertura-do-festival-internacional-de-chocolate-de-obidos-2\/\" \/>\n<meta property=\"og:site_name\" content=\"Portal Tela Portugal\" \/>\n<meta property=\"article:published_time\" content=\"2026-03-06T11:17:41+00:00\" \/>\n<meta name=\"author\" content=\"Telinha\" \/>\n<meta name=\"twitter:card\" content=\"summary_large_image\" \/>\n<meta name=\"twitter:label1\" content=\"Escrito por\" \/>\n\t<meta name=\"twitter:data1\" content=\"Telinha\" \/>\n<script type=\"application\/ld+json\" class=\"yoast-schema-graph\">{\"@context\":\"https:\/\/schema.org\",\"@graph\":[{\"@type\":\"Article\",\"@id\":\"https:\/\/portaltela.pt\/noticias\/2026\/03\/06\/ventos-fortes-atrasam-abertura-do-festival-internacional-de-chocolate-de-obidos-2\/#article\",\"isPartOf\":{\"@id\":\"https:\/\/portaltela.pt\/noticias\/2026\/03\/06\/ventos-fortes-atrasam-abertura-do-festival-internacional-de-chocolate-de-obidos-2\/\"},\"author\":{\"name\":\"Telinha\",\"@id\":\"https:\/\/portaltela.pt\/#\/schema\/person\/c4278d4a6028830caff9ee44b42d32ed\"},\"headline\":\"Ventos fortes atrasam abertura do Festival Internacional de Chocolate de \u00d3bidos\",\"datePublished\":\"2026-03-06T11:17:41+00:00\",\"mainEntityOfPage\":{\"@id\":\"https:\/\/portaltela.pt\/noticias\/2026\/03\/06\/ventos-fortes-atrasam-abertura-do-festival-internacional-de-chocolate-de-obidos-2\/\"},\"wordCount\":104,\"image\":{\"@id\":\"https:\/\/portaltela.pt\/noticias\/2026\/03\/06\/ventos-fortes-atrasam-abertura-do-festival-internacional-de-chocolate-de-obidos-2\/#primaryimage\"},\"thumbnailUrl\":\"https:\/\/portaltela.pt\/s.01k8rhncp4jt1\/2026\/03\/img_1500x1000uu2026-03-06-11-15-10-2270726.jpg\",\"keywords\":[\"clima\",\"eventos\",\"festival\",\"\u00d3bidos\",\"prote\u00e7\u00e3o civil\",\"vento\"],\"articleSection\":[\"Not\u00edcias\"],\"inLanguage\":\"pt-PT\"},{\"@type\":\"WebPage\",\"@id\":\"https:\/\/portaltela.pt\/noticias\/2026\/03\/06\/ventos-fortes-atrasam-abertura-do-festival-internacional-de-chocolate-de-obidos-2\/\",\"url\":\"https:\/\/portaltela.pt\/noticias\/2026\/03\/06\/ventos-fortes-atrasam-abertura-do-festival-internacional-de-chocolate-de-obidos-2\/\",\"name\":\"Ventos fortes atrasam abertura do Festival Internacional de Chocolate de \u00d3bidos - Portal Tela Portugal\",\"isPartOf\":{\"@id\":\"https:\/\/portaltela.pt\/#website\"},\"primaryImageOfPage\":{\"@id\":\"https:\/\/portaltela.pt\/noticias\/2026\/03\/06\/ventos-fortes-atrasam-abertura-do-festival-internacional-de-chocolate-de-obidos-2\/#primaryimage\"},\"image\":{\"@id\":\"https:\/\/portaltela.pt\/noticias\/2026\/03\/06\/ventos-fortes-atrasam-abertura-do-festival-internacional-de-chocolate-de-obidos-2\/#primaryimage\"},\"thumbnailUrl\":\"https:\/\/portaltela.pt\/s.01k8rhncp4jt1\/2026\/03\/img_1500x1000uu2026-03-06-11-15-10-2270726.jpg\",\"datePublished\":\"2026-03-06T11:17:41+00:00\",\"author\":{\"@id\":\"https:\/\/portaltela.pt\/#\/schema\/person\/c4278d4a6028830caff9ee44b42d32ed\"},\"breadcrumb\":{\"@id\":\"https:\/\/portaltela.pt\/noticias\/2026\/03\/06\/ventos-fortes-atrasam-abertura-do-festival-internacional-de-chocolate-de-obidos-2\/#breadcrumb\"},\"inLanguage\":\"pt-PT\",\"potentialAction\":[{\"@type\":\"ReadAction\",\"target\":[\"https:\/\/portaltela.pt\/noticias\/2026\/03\/06\/ventos-fortes-atrasam-abertura-do-festival-internacional-de-chocolate-de-obidos-2\/\"]}]},{\"@type\":\"ImageObject\",\"inLanguage\":\"pt-PT\",\"@id\":\"https:\/\/portaltela.pt\/noticias\/2026\/03\/06\/ventos-fortes-atrasam-abertura-do-festival-internacional-de-chocolate-de-obidos-2\/#primaryimage\",\"url\":\"https:\/\/portaltela.pt\/s.01k8rhncp4jt1\/2026\/03\/img_1500x1000uu2026-03-06-11-15-10-2270726.jpg\",\"contentUrl\":\"https:\/\/portaltela.pt\/s.01k8rhncp4jt1\/2026\/03\/img_1500x1000uu2026-03-06-11-15-10-2270726.jpg\",\"width\":796,\"height\":448,\"caption\":\"O Festival Internacional de Chocolate de \u00d3bidos \u00e9 adiado devido ao vento forte\"},{\"@type\":\"BreadcrumbList\",\"@id\":\"https:\/\/portaltela.pt\/noticias\/2026\/03\/06\/ventos-fortes-atrasam-abertura-do-festival-internacional-de-chocolate-de-obidos-2\/#breadcrumb\",\"itemListElement\":[{\"@type\":\"ListItem\",\"position\":1,\"name\":\"In\u00edcio\",\"item\":\"https:\/\/portaltela.pt\/\"},{\"@type\":\"ListItem\",\"position\":2,\"name\":\"Ventos fortes atrasam abertura do Festival Internacional de Chocolate de \u00d3bidos\"}]},{\"@type\":\"WebSite\",\"@id\":\"https:\/\/portaltela.pt\/#website\",\"url\":\"https:\/\/portaltela.pt\/\",\"name\":\"Portal Tela Portugal\",\"description\":\"\",\"potentialAction\":[{\"@type\":\"SearchAction\",\"target\":{\"@type\":\"EntryPoint\",\"urlTemplate\":\"https:\/\/portaltela.pt\/?s={search_term_string}\"},\"query-input\":{\"@type\":\"PropertyValueSpecification\",\"valueRequired\":true,\"valueName\":\"search_term_string\"}}],\"inLanguage\":\"pt-PT\"},{\"@type\":\"Person\",\"@id\":\"https:\/\/portaltela.pt\/#\/schema\/person\/c4278d4a6028830caff9ee44b42d32ed\",\"name\":\"Telinha\",\"image\":{\"@type\":\"ImageObject\",\"inLanguage\":\"pt-PT\",\"@id\":\"https:\/\/portaltela.pt\/s.01k8rhncp4jt1\/2025\/11\/talking-bot-125x125.png\",\"url\":\"https:\/\/portaltela.pt\/s.01k8rhncp4jt1\/2025\/11\/talking-bot-125x125.png\",\"contentUrl\":\"https:\/\/portaltela.pt\/s.01k8rhncp4jt1\/2025\/11\/talking-bot-125x125.png\",\"caption\":\"Telinha\"},\"sameAs\":[\"https:\/\/portaltela.pt\/\"],\"url\":\"https:\/\/portaltela.pt\/por\/367410592786\/\"}]}<\/script>\n<!-- \/ Yoast SEO plugin. -->","yoast_head_json":{"title":"Ventos fortes atrasam abertura do Festival Internacional de Chocolate de \u00d3bidos - Portal Tela Portugal","robots":{"index":"index","follow":"follow","max-snippet":"max-snippet:-1","max-image-preview":"max-image-preview:large","max-video-preview":"max-video-preview:-1"},"og_locale":"pt_PT","og_type":"article","og_title":"Ventos fortes atrasam abertura do Festival Internacional de Chocolate de \u00d3bidos - Portal Tela Portugal","og_description":"A abertura do Festival Internacional de Chocolate de \u00d3bidos foi adiada de sexta-feira para s\u00e1bado devido \u00e0 previs\u00e3o de mau tempo, com rajadas de vento que poder\u00e3o atingir os 90 quil\u00f3metros por hora. A decis\u00e3o seguiu as recomenda\u00e7\u00f5es da Prote\u00e7\u00e3o Civil nacional e local. A prioridade \u00e9 a seguran\u00e7a de visitantes, parceiras e equipas envolvidas. A abertura manter\u00e1 o mesmo hor\u00e1rio de as 17:30, no s\u00e1bado, dia 07.","og_url":"https:\/\/portaltela.pt\/noticias\/2026\/03\/06\/ventos-fortes-atrasam-abertura-do-festival-internacional-de-chocolate-de-obidos-2\/","og_site_name":"Portal Tela Portugal","article_published_time":"2026-03-06T11:17:41+00:00","author":"Telinha","twitter_card":"summary_large_image","twitter_misc":{"Escrito por":"Telinha"},"schema":{"@context":"https:\/\/schema.org","@graph":[{"@type":"Article","@id":"https:\/\/portaltela.pt\/noticias\/2026\/03\/06\/ventos-fortes-atrasam-abertura-do-festival-internacional-de-chocolate-de-obidos-2\/#article","isPartOf":{"@id":"https:\/\/portaltela.pt\/noticias\/2026\/03\/06\/ventos-fortes-atrasam-abertura-do-festival-internacional-de-chocolate-de-obidos-2\/"},"author":{"name":"Telinha","@id":"https:\/\/portaltela.pt\/#\/schema\/person\/c4278d4a6028830caff9ee44b42d32ed"},"headline":"Ventos fortes atrasam abertura do Festival Internacional de Chocolate de \u00d3bidos","datePublished":"2026-03-06T11:17:41+00:00","mainEntityOfPage":{"@id":"https:\/\/portaltela.pt\/noticias\/2026\/03\/06\/ventos-fortes-atrasam-abertura-do-festival-internacional-de-chocolate-de-obidos-2\/"},"wordCount":104,"image":{"@id":"https:\/\/portaltela.pt\/noticias\/2026\/03\/06\/ventos-fortes-atrasam-abertura-do-festival-internacional-de-chocolate-de-obidos-2\/#primaryimage"},"thumbnailUrl":"https:\/\/portaltela.pt\/s.01k8rhncp4jt1\/2026\/03\/img_1500x1000uu2026-03-06-11-15-10-2270726.jpg","keywords":["clima","eventos","festival","\u00d3bidos","prote\u00e7\u00e3o civil","vento"],"articleSection":["Not\u00edcias"],"inLanguage":"pt-PT"},{"@type":"WebPage","@id":"https:\/\/portaltela.pt\/noticias\/2026\/03\/06\/ventos-fortes-atrasam-abertura-do-festival-internacional-de-chocolate-de-obidos-2\/","url":"https:\/\/portaltela.pt\/noticias\/2026\/03\/06\/ventos-fortes-atrasam-abertura-do-festival-internacional-de-chocolate-de-obidos-2\/","name":"Ventos fortes atrasam abertura do Festival Internacional de Chocolate de \u00d3bidos - Portal Tela Portugal","isPartOf":{"@id":"https:\/\/portaltela.pt\/#website"},"primaryImageOfPage":{"@id":"https:\/\/portaltela.pt\/noticias\/2026\/03\/06\/ventos-fortes-atrasam-abertura-do-festival-internacional-de-chocolate-de-obidos-2\/#primaryimage"},"image":{"@id":"https:\/\/portaltela.pt\/noticias\/2026\/03\/06\/ventos-fortes-atrasam-abertura-do-festival-internacional-de-chocolate-de-obidos-2\/#primaryimage"},"thumbnailUrl":"https:\/\/portaltela.pt\/s.01k8rhncp4jt1\/2026\/03\/img_1500x1000uu2026-03-06-11-15-10-2270726.jpg","datePublished":"2026-03-06T11:17:41+00:00","author":{"@id":"https:\/\/portaltela.pt\/#\/schema\/person\/c4278d4a6028830caff9ee44b42d32ed"},"breadcrumb":{"@id":"https:\/\/portaltela.pt\/noticias\/2026\/03\/06\/ventos-fortes-atrasam-abertura-do-festival-internacional-de-chocolate-de-obidos-2\/#breadcrumb"},"inLanguage":"pt-PT","potentialAction":[{"@type":"ReadAction","target":["https:\/\/portaltela.pt\/noticias\/2026\/03\/06\/ventos-fortes-atrasam-abertura-do-festival-internacional-de-chocolate-de-obidos-2\/"]}]},{"@type":"ImageObject","inLanguage":"pt-PT","@id":"https:\/\/portaltela.pt\/noticias\/2026\/03\/06\/ventos-fortes-atrasam-abertura-do-festival-internacional-de-chocolate-de-obidos-2\/#primaryimage","url":"https:\/\/portaltela.pt\/s.01k8rhncp4jt1\/2026\/03\/img_1500x1000uu2026-03-06-11-15-10-2270726.jpg","contentUrl":"https:\/\/portaltela.pt\/s.01k8rhncp4jt1\/2026\/03\/img_1500x1000uu2026-03-06-11-15-10-2270726.jpg","width":796,"height":448,"caption":"O Festival Internacional de Chocolate de \u00d3bidos \u00e9 adiado devido ao vento forte"},{"@type":"BreadcrumbList","@id":"https:\/\/portaltela.pt\/noticias\/2026\/03\/06\/ventos-fortes-atrasam-abertura-do-festival-internacional-de-chocolate-de-obidos-2\/#breadcrumb","itemListElement":[{"@type":"ListItem","position":1,"name":"In\u00edcio","item":"https:\/\/portaltela.pt\/"},{"@type":"ListItem","position":2,"name":"Ventos fortes atrasam abertura do Festival Internacional de Chocolate de \u00d3bidos"}]},{"@type":"WebSite","@id":"https:\/\/portaltela.pt\/#website","url":"https:\/\/portaltela.pt\/","name":"Portal Tela Portugal","description":"","potentialAction":[{"@type":"SearchAction","target":{"@type":"EntryPoint","urlTemplate":"https:\/\/portaltela.pt\/?s={search_term_string}"},"query-input":{"@type":"PropertyValueSpecification","valueRequired":true,"valueName":"search_term_string"}}],"inLanguage":"pt-PT"},{"@type":"Person","@id":"https:\/\/portaltela.pt\/#\/schema\/person\/c4278d4a6028830caff9ee44b42d32ed","name":"Telinha","image":{"@type":"ImageObject","inLanguage":"pt-PT","@id":"https:\/\/portaltela.pt\/s.01k8rhncp4jt1\/2025\/11\/talking-bot-125x125.png","url":"https:\/\/portaltela.pt\/s.01k8rhncp4jt1\/2025\/11\/talking-bot-125x125.png","contentUrl":"https:\/\/portaltela.pt\/s.01k8rhncp4jt1\/2025\/11\/talking-bot-125x125.png","caption":"Telinha"},"sameAs":["https:\/\/portaltela.pt\/"],"url":"https:\/\/portaltela.pt\/por\/367410592786\/"}]}},"_links":{"self":[{"href":"https:\/\/portaltela.pt\/api\/wp\/v2\/posts\/399890","targetHints":{"allow":["GET"]}}],"collection":[{"href":"https:\/\/portaltela.pt\/api\/wp\/v2\/posts"}],"about":[{"href":"https:\/\/portaltela.pt\/api\/wp\/v2\/types\/post"}],"author":[{"embeddable":true,"href":"https:\/\/portaltela.pt\/api\/wp\/v2\/users\/2"}],"replies":[{"embeddable":true,"href":"https:\/\/portaltela.pt\/api\/wp\/v2\/comments?post=399890"}],"version-history":[{"count":0,"href":"https:\/\/portaltela.pt\/api\/wp\/v2\/posts\/399890\/revisions"}],"wp:featuredmedia":[{"embeddable":true,"href":"https:\/\/portaltela.pt\/api\/wp\/v2\/media\/399892"}],"wp:attachment":[{"href":"https:\/\/portaltela.pt\/api\/wp\/v2\/media?parent=399890"}],"wp:term":[{"taxonomy":"category","embeddable":true,"href":"https:\/\/portaltela.pt\/api\/wp\/v2\/categories?post=399890"},{"taxonomy":"post_tag","embeddable":true,"href":"https:\/\/portaltela.pt\/api\/wp\/v2\/tags?post=399890"}],"curies":[{"name":"wp","href":"https:\/\/api.w.org\/{rel}","templated":true}]}}