{"id":399843,"date":"2026-03-06T07:52:00","date_gmt":"2026-03-06T10:52:00","guid":{"rendered":"https:\/\/portaltela.pt\/noticias\/2026\/03\/06\/pm-libanes-alerta-para-desastre-humanitario-iminente\/"},"modified":"2026-03-06T07:52:00","modified_gmt":"2026-03-06T10:52:00","slug":"pm-libanes-alerta-para-desastre-humanitario-iminente","status":"publish","type":"post","link":"https:\/\/portaltela.pt\/noticias\/internacional\/2026\/03\/06\/pm-libanes-alerta-para-desastre-humanitario-iminente\/","title":{"rendered":"PM liban\u00eas alerta para desastre humanit\u00e1rio iminente"},"content":{"rendered":"<p>O primeiro-ministro liban\u00eas avisou que um desastre humanit\u00e1rio est\u00e1 iminente no L\u00edbano. A declara\u00e7\u00e3o n\u00e3o especifica causas nem prazos.<\/p>\n<p>A comunica\u00e7\u00e3o n\u00e3o detalha locais nem quem est\u00e1 mais vulner\u00e1vel, mantendo o foco na gravidade da situa\u00e7\u00e3o que, segundo o l\u00edder, exige aten\u00e7\u00e3o urgente.<\/p>\n<p>Conte\u00fado completo dispon\u00edvel apenas para subscritores, n\u00e3o havendo neste texto dados adicionais para al\u00e9m da mensagem inicial.<\/p>\n","protected":false},"excerpt":{"rendered":"<ul>\n<li>Primeiro-ministro liban\u00eas avisou que desastre humanit\u00e1rio est\u00e1 iminente no L\u00edbano.<\/li>\n<li>A \u00edntegra da mat\u00e9ria est\u00e1 reservada a subscritores.<\/li>\n<li>O trecho partilhado n\u00e3o fornece causas, locais ou prazos.<\/li>\n<li>O comunicado n\u00e3o inclui n\u00fameros ou dados adicionais no texto dispon\u00edvel.<\/li>\n<li>O acesso ao conte\u00fado completo permanece apenas mediante assinatura.<\/li>\n<\/ul>\n","protected":false},"author":2,"featured_media":399849,"comment_status":"closed","ping_status":"closed","sticky":false,"template":"","format":"standard","meta":{"footnotes":""},"categories":[4,1],"tags":[5747,6711,6635,6266],"class_list":["post-399843","post","type-post","status-publish","format-standard","has-post-thumbnail","hentry","category-internacional","category-noticias","tag-ajuda-humanitaria","tag-desastre","tag-libano","tag-situacoes-internacionais"],"yoast_head":"<!-- This site is optimized with the Yoast SEO plugin v27.2 - https:\/\/yoast.com\/product\/yoast-seo-wordpress\/ -->\n<title>PM liban\u00eas alerta para desastre humanit\u00e1rio iminente - Portal Tela Portugal<\/title>\n<meta name=\"robots\" content=\"index, follow, max-snippet:-1, max-image-preview:large, max-video-preview:-1\" \/>\n<meta property=\"og:locale\" content=\"pt_PT\" \/>\n<meta property=\"og:type\" content=\"article\" \/>\n<meta property=\"og:title\" content=\"PM liban\u00eas alerta para desastre humanit\u00e1rio iminente - Portal Tela Portugal\" \/>\n<meta property=\"og:description\" content=\"Primeiro-ministro liban\u00eas avisou que desastre humanit\u00e1rio est\u00e1 iminente no L\u00edbano. A \u00edntegra da mat\u00e9ria est\u00e1 reservada a subscritores. O trecho partilhado n\u00e3o fornece causas, locais ou prazos. O comunicado n\u00e3o inclui n\u00fameros ou dados adicionais no texto dispon\u00edvel. O acesso ao conte\u00fado completo permanece apenas mediante assinatura.\" \/>\n<meta property=\"og:url\" content=\"https:\/\/portaltela.pt\/noticias\/2026\/03\/06\/pm-libanes-alerta-para-desastre-humanitario-iminente\/\" \/>\n<meta property=\"og:site_name\" content=\"Portal Tela Portugal\" \/>\n<meta property=\"article:published_time\" content=\"2026-03-06T10:52:00+00:00\" \/>\n<meta name=\"author\" content=\"Telinha\" \/>\n<meta name=\"twitter:card\" content=\"summary_large_image\" \/>\n<meta name=\"twitter:label1\" content=\"Escrito por\" \/>\n\t<meta name=\"twitter:data1\" content=\"Telinha\" \/>\n<script type=\"application\/ld+json\" class=\"yoast-schema-graph\">{\"@context\":\"https:\/\/schema.org\",\"@graph\":[{\"@type\":\"Article\",\"@id\":\"https:\/\/portaltela.pt\/noticias\/2026\/03\/06\/pm-libanes-alerta-para-desastre-humanitario-iminente\/#article\",\"isPartOf\":{\"@id\":\"https:\/\/portaltela.pt\/noticias\/2026\/03\/06\/pm-libanes-alerta-para-desastre-humanitario-iminente\/\"},\"author\":{\"name\":\"Telinha\",\"@id\":\"https:\/\/portaltela.pt\/#\/schema\/person\/c4278d4a6028830caff9ee44b42d32ed\"},\"headline\":\"PM liban\u00eas alerta para desastre humanit\u00e1rio iminente\",\"datePublished\":\"2026-03-06T10:52:00+00:00\",\"mainEntityOfPage\":{\"@id\":\"https:\/\/portaltela.pt\/noticias\/2026\/03\/06\/pm-libanes-alerta-para-desastre-humanitario-iminente\/\"},\"wordCount\":84,\"image\":{\"@id\":\"https:\/\/portaltela.pt\/noticias\/2026\/03\/06\/pm-libanes-alerta-para-desastre-humanitario-iminente\/#primaryimage\"},\"thumbnailUrl\":\"https:\/\/portaltela.pt\/s.01k8rhncp4jt1\/2026\/03\/CACHE_780X1200_ANALOG_WATERMARKED_45960035_348029713527077.jpg\",\"keywords\":[\"ajuda humanit\u00e1ria\",\"desastre\",\"L\u00edbano\",\"situa\u00e7\u00f5es internacionais\"],\"articleSection\":[\"Internacional\",\"Not\u00edcias\"],\"inLanguage\":\"pt-PT\"},{\"@type\":\"WebPage\",\"@id\":\"https:\/\/portaltela.pt\/noticias\/2026\/03\/06\/pm-libanes-alerta-para-desastre-humanitario-iminente\/\",\"url\":\"https:\/\/portaltela.pt\/noticias\/2026\/03\/06\/pm-libanes-alerta-para-desastre-humanitario-iminente\/\",\"name\":\"PM liban\u00eas alerta para desastre humanit\u00e1rio iminente - Portal Tela Portugal\",\"isPartOf\":{\"@id\":\"https:\/\/portaltela.pt\/#website\"},\"primaryImageOfPage\":{\"@id\":\"https:\/\/portaltela.pt\/noticias\/2026\/03\/06\/pm-libanes-alerta-para-desastre-humanitario-iminente\/#primaryimage\"},\"image\":{\"@id\":\"https:\/\/portaltela.pt\/noticias\/2026\/03\/06\/pm-libanes-alerta-para-desastre-humanitario-iminente\/#primaryimage\"},\"thumbnailUrl\":\"https:\/\/portaltela.pt\/s.01k8rhncp4jt1\/2026\/03\/CACHE_780X1200_ANALOG_WATERMARKED_45960035_348029713527077.jpg\",\"datePublished\":\"2026-03-06T10:52:00+00:00\",\"author\":{\"@id\":\"https:\/\/portaltela.pt\/#\/schema\/person\/c4278d4a6028830caff9ee44b42d32ed\"},\"breadcrumb\":{\"@id\":\"https:\/\/portaltela.pt\/noticias\/2026\/03\/06\/pm-libanes-alerta-para-desastre-humanitario-iminente\/#breadcrumb\"},\"inLanguage\":\"pt-PT\",\"potentialAction\":[{\"@type\":\"ReadAction\",\"target\":[\"https:\/\/portaltela.pt\/noticias\/2026\/03\/06\/pm-libanes-alerta-para-desastre-humanitario-iminente\/\"]}]},{\"@type\":\"ImageObject\",\"inLanguage\":\"pt-PT\",\"@id\":\"https:\/\/portaltela.pt\/noticias\/2026\/03\/06\/pm-libanes-alerta-para-desastre-humanitario-iminente\/#primaryimage\",\"url\":\"https:\/\/portaltela.pt\/s.01k8rhncp4jt1\/2026\/03\/CACHE_780X1200_ANALOG_WATERMARKED_45960035_348029713527077.jpg\",\"contentUrl\":\"https:\/\/portaltela.pt\/s.01k8rhncp4jt1\/2026\/03\/CACHE_780X1200_ANALOG_WATERMARKED_45960035_348029713527077.jpg\",\"width\":796,\"height\":448,\"caption\":\"Photo\"},{\"@type\":\"BreadcrumbList\",\"@id\":\"https:\/\/portaltela.pt\/noticias\/2026\/03\/06\/pm-libanes-alerta-para-desastre-humanitario-iminente\/#breadcrumb\",\"itemListElement\":[{\"@type\":\"ListItem\",\"position\":1,\"name\":\"In\u00edcio\",\"item\":\"https:\/\/portaltela.pt\/\"},{\"@type\":\"ListItem\",\"position\":2,\"name\":\"PM liban\u00eas alerta para desastre humanit\u00e1rio iminente\"}]},{\"@type\":\"WebSite\",\"@id\":\"https:\/\/portaltela.pt\/#website\",\"url\":\"https:\/\/portaltela.pt\/\",\"name\":\"Portal Tela Portugal\",\"description\":\"\",\"potentialAction\":[{\"@type\":\"SearchAction\",\"target\":{\"@type\":\"EntryPoint\",\"urlTemplate\":\"https:\/\/portaltela.pt\/?s={search_term_string}\"},\"query-input\":{\"@type\":\"PropertyValueSpecification\",\"valueRequired\":true,\"valueName\":\"search_term_string\"}}],\"inLanguage\":\"pt-PT\"},{\"@type\":\"Person\",\"@id\":\"https:\/\/portaltela.pt\/#\/schema\/person\/c4278d4a6028830caff9ee44b42d32ed\",\"name\":\"Telinha\",\"image\":{\"@type\":\"ImageObject\",\"inLanguage\":\"pt-PT\",\"@id\":\"https:\/\/portaltela.pt\/s.01k8rhncp4jt1\/2025\/11\/talking-bot-125x125.png\",\"url\":\"https:\/\/portaltela.pt\/s.01k8rhncp4jt1\/2025\/11\/talking-bot-125x125.png\",\"contentUrl\":\"https:\/\/portaltela.pt\/s.01k8rhncp4jt1\/2025\/11\/talking-bot-125x125.png\",\"caption\":\"Telinha\"},\"sameAs\":[\"https:\/\/portaltela.pt\/\"],\"url\":\"https:\/\/portaltela.pt\/por\/367410592786\/\"}]}<\/script>\n<!-- \/ Yoast SEO plugin. -->","yoast_head_json":{"title":"PM liban\u00eas alerta para desastre humanit\u00e1rio iminente - Portal Tela Portugal","robots":{"index":"index","follow":"follow","max-snippet":"max-snippet:-1","max-image-preview":"max-image-preview:large","max-video-preview":"max-video-preview:-1"},"og_locale":"pt_PT","og_type":"article","og_title":"PM liban\u00eas alerta para desastre humanit\u00e1rio iminente - Portal Tela Portugal","og_description":"Primeiro-ministro liban\u00eas avisou que desastre humanit\u00e1rio est\u00e1 iminente no L\u00edbano. A \u00edntegra da mat\u00e9ria est\u00e1 reservada a subscritores. O trecho partilhado n\u00e3o fornece causas, locais ou prazos. O comunicado n\u00e3o inclui n\u00fameros ou dados adicionais no texto dispon\u00edvel. O acesso ao conte\u00fado completo permanece apenas mediante assinatura.","og_url":"https:\/\/portaltela.pt\/noticias\/2026\/03\/06\/pm-libanes-alerta-para-desastre-humanitario-iminente\/","og_site_name":"Portal Tela Portugal","article_published_time":"2026-03-06T10:52:00+00:00","author":"Telinha","twitter_card":"summary_large_image","twitter_misc":{"Escrito por":"Telinha"},"schema":{"@context":"https:\/\/schema.org","@graph":[{"@type":"Article","@id":"https:\/\/portaltela.pt\/noticias\/2026\/03\/06\/pm-libanes-alerta-para-desastre-humanitario-iminente\/#article","isPartOf":{"@id":"https:\/\/portaltela.pt\/noticias\/2026\/03\/06\/pm-libanes-alerta-para-desastre-humanitario-iminente\/"},"author":{"name":"Telinha","@id":"https:\/\/portaltela.pt\/#\/schema\/person\/c4278d4a6028830caff9ee44b42d32ed"},"headline":"PM liban\u00eas alerta para desastre humanit\u00e1rio iminente","datePublished":"2026-03-06T10:52:00+00:00","mainEntityOfPage":{"@id":"https:\/\/portaltela.pt\/noticias\/2026\/03\/06\/pm-libanes-alerta-para-desastre-humanitario-iminente\/"},"wordCount":84,"image":{"@id":"https:\/\/portaltela.pt\/noticias\/2026\/03\/06\/pm-libanes-alerta-para-desastre-humanitario-iminente\/#primaryimage"},"thumbnailUrl":"https:\/\/portaltela.pt\/s.01k8rhncp4jt1\/2026\/03\/CACHE_780X1200_ANALOG_WATERMARKED_45960035_348029713527077.jpg","keywords":["ajuda humanit\u00e1ria","desastre","L\u00edbano","situa\u00e7\u00f5es internacionais"],"articleSection":["Internacional","Not\u00edcias"],"inLanguage":"pt-PT"},{"@type":"WebPage","@id":"https:\/\/portaltela.pt\/noticias\/2026\/03\/06\/pm-libanes-alerta-para-desastre-humanitario-iminente\/","url":"https:\/\/portaltela.pt\/noticias\/2026\/03\/06\/pm-libanes-alerta-para-desastre-humanitario-iminente\/","name":"PM liban\u00eas alerta para desastre humanit\u00e1rio iminente - Portal Tela Portugal","isPartOf":{"@id":"https:\/\/portaltela.pt\/#website"},"primaryImageOfPage":{"@id":"https:\/\/portaltela.pt\/noticias\/2026\/03\/06\/pm-libanes-alerta-para-desastre-humanitario-iminente\/#primaryimage"},"image":{"@id":"https:\/\/portaltela.pt\/noticias\/2026\/03\/06\/pm-libanes-alerta-para-desastre-humanitario-iminente\/#primaryimage"},"thumbnailUrl":"https:\/\/portaltela.pt\/s.01k8rhncp4jt1\/2026\/03\/CACHE_780X1200_ANALOG_WATERMARKED_45960035_348029713527077.jpg","datePublished":"2026-03-06T10:52:00+00:00","author":{"@id":"https:\/\/portaltela.pt\/#\/schema\/person\/c4278d4a6028830caff9ee44b42d32ed"},"breadcrumb":{"@id":"https:\/\/portaltela.pt\/noticias\/2026\/03\/06\/pm-libanes-alerta-para-desastre-humanitario-iminente\/#breadcrumb"},"inLanguage":"pt-PT","potentialAction":[{"@type":"ReadAction","target":["https:\/\/portaltela.pt\/noticias\/2026\/03\/06\/pm-libanes-alerta-para-desastre-humanitario-iminente\/"]}]},{"@type":"ImageObject","inLanguage":"pt-PT","@id":"https:\/\/portaltela.pt\/noticias\/2026\/03\/06\/pm-libanes-alerta-para-desastre-humanitario-iminente\/#primaryimage","url":"https:\/\/portaltela.pt\/s.01k8rhncp4jt1\/2026\/03\/CACHE_780X1200_ANALOG_WATERMARKED_45960035_348029713527077.jpg","contentUrl":"https:\/\/portaltela.pt\/s.01k8rhncp4jt1\/2026\/03\/CACHE_780X1200_ANALOG_WATERMARKED_45960035_348029713527077.jpg","width":796,"height":448,"caption":"Photo"},{"@type":"BreadcrumbList","@id":"https:\/\/portaltela.pt\/noticias\/2026\/03\/06\/pm-libanes-alerta-para-desastre-humanitario-iminente\/#breadcrumb","itemListElement":[{"@type":"ListItem","position":1,"name":"In\u00edcio","item":"https:\/\/portaltela.pt\/"},{"@type":"ListItem","position":2,"name":"PM liban\u00eas alerta para desastre humanit\u00e1rio iminente"}]},{"@type":"WebSite","@id":"https:\/\/portaltela.pt\/#website","url":"https:\/\/portaltela.pt\/","name":"Portal Tela Portugal","description":"","potentialAction":[{"@type":"SearchAction","target":{"@type":"EntryPoint","urlTemplate":"https:\/\/portaltela.pt\/?s={search_term_string}"},"query-input":{"@type":"PropertyValueSpecification","valueRequired":true,"valueName":"search_term_string"}}],"inLanguage":"pt-PT"},{"@type":"Person","@id":"https:\/\/portaltela.pt\/#\/schema\/person\/c4278d4a6028830caff9ee44b42d32ed","name":"Telinha","image":{"@type":"ImageObject","inLanguage":"pt-PT","@id":"https:\/\/portaltela.pt\/s.01k8rhncp4jt1\/2025\/11\/talking-bot-125x125.png","url":"https:\/\/portaltela.pt\/s.01k8rhncp4jt1\/2025\/11\/talking-bot-125x125.png","contentUrl":"https:\/\/portaltela.pt\/s.01k8rhncp4jt1\/2025\/11\/talking-bot-125x125.png","caption":"Telinha"},"sameAs":["https:\/\/portaltela.pt\/"],"url":"https:\/\/portaltela.pt\/por\/367410592786\/"}]}},"_links":{"self":[{"href":"https:\/\/portaltela.pt\/api\/wp\/v2\/posts\/399843","targetHints":{"allow":["GET"]}}],"collection":[{"href":"https:\/\/portaltela.pt\/api\/wp\/v2\/posts"}],"about":[{"href":"https:\/\/portaltela.pt\/api\/wp\/v2\/types\/post"}],"author":[{"embeddable":true,"href":"https:\/\/portaltela.pt\/api\/wp\/v2\/users\/2"}],"replies":[{"embeddable":true,"href":"https:\/\/portaltela.pt\/api\/wp\/v2\/comments?post=399843"}],"version-history":[{"count":0,"href":"https:\/\/portaltela.pt\/api\/wp\/v2\/posts\/399843\/revisions"}],"wp:featuredmedia":[{"embeddable":true,"href":"https:\/\/portaltela.pt\/api\/wp\/v2\/media\/399849"}],"wp:attachment":[{"href":"https:\/\/portaltela.pt\/api\/wp\/v2\/media?parent=399843"}],"wp:term":[{"taxonomy":"category","embeddable":true,"href":"https:\/\/portaltela.pt\/api\/wp\/v2\/categories?post=399843"},{"taxonomy":"post_tag","embeddable":true,"href":"https:\/\/portaltela.pt\/api\/wp\/v2\/tags?post=399843"}],"curies":[{"name":"wp","href":"https:\/\/api.w.org\/{rel}","templated":true}]}}