{"id":399842,"date":"2026-03-06T07:51:18","date_gmt":"2026-03-06T10:51:18","guid":{"rendered":"https:\/\/portaltela.pt\/noticias\/2026\/03\/06\/juizes-recusam-alterar-condenacao-de-madureira\/"},"modified":"2026-03-06T07:51:18","modified_gmt":"2026-03-06T10:51:18","slug":"juizes-recusam-alterar-condenacao-de-madureira","status":"publish","type":"post","link":"https:\/\/portaltela.pt\/noticias\/politica\/2026\/03\/06\/juizes-recusam-alterar-condenacao-de-madureira\/","title":{"rendered":"Ju\u00edzes recusam alterar condena\u00e7\u00e3o de Madureira"},"content":{"rendered":"<p>A Rela\u00e7\u00e3o do Porto manteve a condena\u00e7\u00e3o de Madureira, conhecido pelo apelido utilizado pela imprensa. O tocante ao caso envolve a Opera\u00e7\u00e3o Pretoriano, em que o arguido foi condenado a tr\u00eas anos e quatro meses de pris\u00e3o.<\/p>\n<p>Os ju\u00edzes do tribunal de segunda inst\u00e2ncia recusaram alterar a decis\u00e3o proferida anteriormente. A defesa apresentara recurso com o objetivo de diminuir a pena ou modificar a mat\u00e9ria condenat\u00f3ria.<\/p>\n<p>O processo manteve o foco na investiga\u00e7\u00e3o que levou \u00e0 opera\u00e7\u00e3o e \u00e0s acusa\u00e7\u00f5es que pesam sobre o arguido. N\u00e3o houve altera\u00e7\u00e3o do veredicto final nem das san\u00e7\u00f5es j\u00e1 aplicadas.<\/p>\n<h3>Decis\u00e3o dos ju\u00edzes<\/h3>\n<p>O tribunal entendeu n\u00e3o haver fundamento jur\u00eddico suficiente para modificar a condena\u00e7\u00e3o. A decis\u00e3o foi comunicada aos intervenientes no caso e mant\u00e9m o quadro atual das penas. A reportagem n\u00e3o emite julgamentos ou opini\u00f5es.<\/p>\n","protected":false},"excerpt":{"rendered":"<ul>\n<li>Os ju\u00edzes recusaram alterar a condena\u00e7\u00e3o de Madureira, relacionado com a Opera\u00e7\u00e3o Pretoriano.<\/li>\n<li>Madureira pretendia corrigir a decis\u00e3o da Rela\u00e7\u00e3o do Porto que o condenou a tr\u00eas anos e quatro meses.<\/li>\n<li>A decis\u00e3o manteve-se sem altera\u00e7\u00f5es.<\/li>\n<li>O caso insere\u2011se no \u00e2mbito da investiga\u00e7\u00e3o conhecida como Opera\u00e7\u00e3o Pretoriano.<\/li>\n<li>N\u00e3o houve indica\u00e7\u00e3o de mudan\u00e7as ou novas medidas decorrentes do recurso apresentado.<\/li>\n<\/ul>\n","protected":false},"author":2,"featured_media":399847,"comment_status":"closed","ping_status":"closed","sticky":false,"template":"","format":"standard","meta":{"footnotes":""},"categories":[1,5],"tags":[6543,5480,147,215,803,6208],"class_list":["post-399842","post","type-post","status-publish","format-standard","has-post-thumbnail","hentry","category-noticias","category-politica","tag-condenacao","tag-condenacoes","tag-crime","tag-investigacao","tag-justica","tag-tribunais"],"yoast_head":"<!-- This site is optimized with the Yoast SEO plugin v27.2 - https:\/\/yoast.com\/product\/yoast-seo-wordpress\/ -->\n<title>Ju\u00edzes recusam alterar condena\u00e7\u00e3o de Madureira - Portal Tela Portugal<\/title>\n<meta name=\"robots\" content=\"index, follow, max-snippet:-1, max-image-preview:large, max-video-preview:-1\" \/>\n<meta property=\"og:locale\" content=\"pt_PT\" \/>\n<meta property=\"og:type\" content=\"article\" \/>\n<meta property=\"og:title\" content=\"Ju\u00edzes recusam alterar condena\u00e7\u00e3o de Madureira - Portal Tela Portugal\" \/>\n<meta property=\"og:description\" content=\"Os ju\u00edzes recusaram alterar a condena\u00e7\u00e3o de Madureira, relacionado com a Opera\u00e7\u00e3o Pretoriano. Madureira pretendia corrigir a decis\u00e3o da Rela\u00e7\u00e3o do Porto que o condenou a tr\u00eas anos e quatro meses. A decis\u00e3o manteve-se sem altera\u00e7\u00f5es. O caso insere\u2011se no \u00e2mbito da investiga\u00e7\u00e3o conhecida como Opera\u00e7\u00e3o Pretoriano. N\u00e3o houve indica\u00e7\u00e3o de mudan\u00e7as ou novas medidas decorrentes do recurso apresentado.\" \/>\n<meta property=\"og:url\" content=\"https:\/\/portaltela.pt\/noticias\/2026\/03\/06\/juizes-recusam-alterar-condenacao-de-madureira\/\" \/>\n<meta property=\"og:site_name\" content=\"Portal Tela Portugal\" \/>\n<meta property=\"article:published_time\" content=\"2026-03-06T10:51:18+00:00\" \/>\n<meta name=\"author\" content=\"Telinha\" \/>\n<meta name=\"twitter:card\" content=\"summary_large_image\" \/>\n<meta name=\"twitter:label1\" content=\"Escrito por\" \/>\n\t<meta name=\"twitter:data1\" content=\"Telinha\" \/>\n\t<meta name=\"twitter:label2\" content=\"Tempo estimado de leitura\" \/>\n\t<meta name=\"twitter:data2\" content=\"1 minuto\" \/>\n<script type=\"application\/ld+json\" class=\"yoast-schema-graph\">{\"@context\":\"https:\/\/schema.org\",\"@graph\":[{\"@type\":\"Article\",\"@id\":\"https:\/\/portaltela.pt\/noticias\/2026\/03\/06\/juizes-recusam-alterar-condenacao-de-madureira\/#article\",\"isPartOf\":{\"@id\":\"https:\/\/portaltela.pt\/noticias\/2026\/03\/06\/juizes-recusam-alterar-condenacao-de-madureira\/\"},\"author\":{\"name\":\"Telinha\",\"@id\":\"https:\/\/portaltela.pt\/#\/schema\/person\/c4278d4a6028830caff9ee44b42d32ed\"},\"headline\":\"Ju\u00edzes recusam alterar condena\u00e7\u00e3o de Madureira\",\"datePublished\":\"2026-03-06T10:51:18+00:00\",\"mainEntityOfPage\":{\"@id\":\"https:\/\/portaltela.pt\/noticias\/2026\/03\/06\/juizes-recusam-alterar-condenacao-de-madureira\/\"},\"wordCount\":165,\"image\":{\"@id\":\"https:\/\/portaltela.pt\/noticias\/2026\/03\/06\/juizes-recusam-alterar-condenacao-de-madureira\/#primaryimage\"},\"thumbnailUrl\":\"https:\/\/portaltela.pt\/s.01k8rhncp4jt1\/2026\/03\/img_1280x722uu2026-02-06-18-09-00-2265276.jpg\",\"keywords\":[\"condena\u00e7\u00e3o\",\"condena\u00e7\u00f5es\",\"crime\",\"investiga\u00e7\u00e3o\",\"justi\u00e7a\",\"Tribunais\"],\"articleSection\":[\"Not\u00edcias\",\"Pol\u00edtica\"],\"inLanguage\":\"pt-PT\"},{\"@type\":\"WebPage\",\"@id\":\"https:\/\/portaltela.pt\/noticias\/2026\/03\/06\/juizes-recusam-alterar-condenacao-de-madureira\/\",\"url\":\"https:\/\/portaltela.pt\/noticias\/2026\/03\/06\/juizes-recusam-alterar-condenacao-de-madureira\/\",\"name\":\"Ju\u00edzes recusam alterar condena\u00e7\u00e3o de Madureira - Portal Tela Portugal\",\"isPartOf\":{\"@id\":\"https:\/\/portaltela.pt\/#website\"},\"primaryImageOfPage\":{\"@id\":\"https:\/\/portaltela.pt\/noticias\/2026\/03\/06\/juizes-recusam-alterar-condenacao-de-madureira\/#primaryimage\"},\"image\":{\"@id\":\"https:\/\/portaltela.pt\/noticias\/2026\/03\/06\/juizes-recusam-alterar-condenacao-de-madureira\/#primaryimage\"},\"thumbnailUrl\":\"https:\/\/portaltela.pt\/s.01k8rhncp4jt1\/2026\/03\/img_1280x722uu2026-02-06-18-09-00-2265276.jpg\",\"datePublished\":\"2026-03-06T10:51:18+00:00\",\"author\":{\"@id\":\"https:\/\/portaltela.pt\/#\/schema\/person\/c4278d4a6028830caff9ee44b42d32ed\"},\"breadcrumb\":{\"@id\":\"https:\/\/portaltela.pt\/noticias\/2026\/03\/06\/juizes-recusam-alterar-condenacao-de-madureira\/#breadcrumb\"},\"inLanguage\":\"pt-PT\",\"potentialAction\":[{\"@type\":\"ReadAction\",\"target\":[\"https:\/\/portaltela.pt\/noticias\/2026\/03\/06\/juizes-recusam-alterar-condenacao-de-madureira\/\"]}]},{\"@type\":\"ImageObject\",\"inLanguage\":\"pt-PT\",\"@id\":\"https:\/\/portaltela.pt\/noticias\/2026\/03\/06\/juizes-recusam-alterar-condenacao-de-madureira\/#primaryimage\",\"url\":\"https:\/\/portaltela.pt\/s.01k8rhncp4jt1\/2026\/03\/img_1280x722uu2026-02-06-18-09-00-2265276.jpg\",\"contentUrl\":\"https:\/\/portaltela.pt\/s.01k8rhncp4jt1\/2026\/03\/img_1280x722uu2026-02-06-18-09-00-2265276.jpg\",\"width\":796,\"height\":448,\"caption\":\"Photo\"},{\"@type\":\"BreadcrumbList\",\"@id\":\"https:\/\/portaltela.pt\/noticias\/2026\/03\/06\/juizes-recusam-alterar-condenacao-de-madureira\/#breadcrumb\",\"itemListElement\":[{\"@type\":\"ListItem\",\"position\":1,\"name\":\"In\u00edcio\",\"item\":\"https:\/\/portaltela.pt\/\"},{\"@type\":\"ListItem\",\"position\":2,\"name\":\"Ju\u00edzes recusam alterar condena\u00e7\u00e3o de Madureira\"}]},{\"@type\":\"WebSite\",\"@id\":\"https:\/\/portaltela.pt\/#website\",\"url\":\"https:\/\/portaltela.pt\/\",\"name\":\"Portal Tela Portugal\",\"description\":\"\",\"potentialAction\":[{\"@type\":\"SearchAction\",\"target\":{\"@type\":\"EntryPoint\",\"urlTemplate\":\"https:\/\/portaltela.pt\/?s={search_term_string}\"},\"query-input\":{\"@type\":\"PropertyValueSpecification\",\"valueRequired\":true,\"valueName\":\"search_term_string\"}}],\"inLanguage\":\"pt-PT\"},{\"@type\":\"Person\",\"@id\":\"https:\/\/portaltela.pt\/#\/schema\/person\/c4278d4a6028830caff9ee44b42d32ed\",\"name\":\"Telinha\",\"image\":{\"@type\":\"ImageObject\",\"inLanguage\":\"pt-PT\",\"@id\":\"https:\/\/portaltela.pt\/s.01k8rhncp4jt1\/2025\/11\/talking-bot-125x125.png\",\"url\":\"https:\/\/portaltela.pt\/s.01k8rhncp4jt1\/2025\/11\/talking-bot-125x125.png\",\"contentUrl\":\"https:\/\/portaltela.pt\/s.01k8rhncp4jt1\/2025\/11\/talking-bot-125x125.png\",\"caption\":\"Telinha\"},\"sameAs\":[\"https:\/\/portaltela.pt\/\"],\"url\":\"https:\/\/portaltela.pt\/por\/367410592786\/\"}]}<\/script>\n<!-- \/ Yoast SEO plugin. -->","yoast_head_json":{"title":"Ju\u00edzes recusam alterar condena\u00e7\u00e3o de Madureira - Portal Tela Portugal","robots":{"index":"index","follow":"follow","max-snippet":"max-snippet:-1","max-image-preview":"max-image-preview:large","max-video-preview":"max-video-preview:-1"},"og_locale":"pt_PT","og_type":"article","og_title":"Ju\u00edzes recusam alterar condena\u00e7\u00e3o de Madureira - Portal Tela Portugal","og_description":"Os ju\u00edzes recusaram alterar a condena\u00e7\u00e3o de Madureira, relacionado com a Opera\u00e7\u00e3o Pretoriano. Madureira pretendia corrigir a decis\u00e3o da Rela\u00e7\u00e3o do Porto que o condenou a tr\u00eas anos e quatro meses. A decis\u00e3o manteve-se sem altera\u00e7\u00f5es. O caso insere\u2011se no \u00e2mbito da investiga\u00e7\u00e3o conhecida como Opera\u00e7\u00e3o Pretoriano. N\u00e3o houve indica\u00e7\u00e3o de mudan\u00e7as ou novas medidas decorrentes do recurso apresentado.","og_url":"https:\/\/portaltela.pt\/noticias\/2026\/03\/06\/juizes-recusam-alterar-condenacao-de-madureira\/","og_site_name":"Portal Tela Portugal","article_published_time":"2026-03-06T10:51:18+00:00","author":"Telinha","twitter_card":"summary_large_image","twitter_misc":{"Escrito por":"Telinha","Tempo estimado de leitura":"1 minuto"},"schema":{"@context":"https:\/\/schema.org","@graph":[{"@type":"Article","@id":"https:\/\/portaltela.pt\/noticias\/2026\/03\/06\/juizes-recusam-alterar-condenacao-de-madureira\/#article","isPartOf":{"@id":"https:\/\/portaltela.pt\/noticias\/2026\/03\/06\/juizes-recusam-alterar-condenacao-de-madureira\/"},"author":{"name":"Telinha","@id":"https:\/\/portaltela.pt\/#\/schema\/person\/c4278d4a6028830caff9ee44b42d32ed"},"headline":"Ju\u00edzes recusam alterar condena\u00e7\u00e3o de Madureira","datePublished":"2026-03-06T10:51:18+00:00","mainEntityOfPage":{"@id":"https:\/\/portaltela.pt\/noticias\/2026\/03\/06\/juizes-recusam-alterar-condenacao-de-madureira\/"},"wordCount":165,"image":{"@id":"https:\/\/portaltela.pt\/noticias\/2026\/03\/06\/juizes-recusam-alterar-condenacao-de-madureira\/#primaryimage"},"thumbnailUrl":"https:\/\/portaltela.pt\/s.01k8rhncp4jt1\/2026\/03\/img_1280x722uu2026-02-06-18-09-00-2265276.jpg","keywords":["condena\u00e7\u00e3o","condena\u00e7\u00f5es","crime","investiga\u00e7\u00e3o","justi\u00e7a","Tribunais"],"articleSection":["Not\u00edcias","Pol\u00edtica"],"inLanguage":"pt-PT"},{"@type":"WebPage","@id":"https:\/\/portaltela.pt\/noticias\/2026\/03\/06\/juizes-recusam-alterar-condenacao-de-madureira\/","url":"https:\/\/portaltela.pt\/noticias\/2026\/03\/06\/juizes-recusam-alterar-condenacao-de-madureira\/","name":"Ju\u00edzes recusam alterar condena\u00e7\u00e3o de Madureira - Portal Tela Portugal","isPartOf":{"@id":"https:\/\/portaltela.pt\/#website"},"primaryImageOfPage":{"@id":"https:\/\/portaltela.pt\/noticias\/2026\/03\/06\/juizes-recusam-alterar-condenacao-de-madureira\/#primaryimage"},"image":{"@id":"https:\/\/portaltela.pt\/noticias\/2026\/03\/06\/juizes-recusam-alterar-condenacao-de-madureira\/#primaryimage"},"thumbnailUrl":"https:\/\/portaltela.pt\/s.01k8rhncp4jt1\/2026\/03\/img_1280x722uu2026-02-06-18-09-00-2265276.jpg","datePublished":"2026-03-06T10:51:18+00:00","author":{"@id":"https:\/\/portaltela.pt\/#\/schema\/person\/c4278d4a6028830caff9ee44b42d32ed"},"breadcrumb":{"@id":"https:\/\/portaltela.pt\/noticias\/2026\/03\/06\/juizes-recusam-alterar-condenacao-de-madureira\/#breadcrumb"},"inLanguage":"pt-PT","potentialAction":[{"@type":"ReadAction","target":["https:\/\/portaltela.pt\/noticias\/2026\/03\/06\/juizes-recusam-alterar-condenacao-de-madureira\/"]}]},{"@type":"ImageObject","inLanguage":"pt-PT","@id":"https:\/\/portaltela.pt\/noticias\/2026\/03\/06\/juizes-recusam-alterar-condenacao-de-madureira\/#primaryimage","url":"https:\/\/portaltela.pt\/s.01k8rhncp4jt1\/2026\/03\/img_1280x722uu2026-02-06-18-09-00-2265276.jpg","contentUrl":"https:\/\/portaltela.pt\/s.01k8rhncp4jt1\/2026\/03\/img_1280x722uu2026-02-06-18-09-00-2265276.jpg","width":796,"height":448,"caption":"Photo"},{"@type":"BreadcrumbList","@id":"https:\/\/portaltela.pt\/noticias\/2026\/03\/06\/juizes-recusam-alterar-condenacao-de-madureira\/#breadcrumb","itemListElement":[{"@type":"ListItem","position":1,"name":"In\u00edcio","item":"https:\/\/portaltela.pt\/"},{"@type":"ListItem","position":2,"name":"Ju\u00edzes recusam alterar condena\u00e7\u00e3o de Madureira"}]},{"@type":"WebSite","@id":"https:\/\/portaltela.pt\/#website","url":"https:\/\/portaltela.pt\/","name":"Portal Tela Portugal","description":"","potentialAction":[{"@type":"SearchAction","target":{"@type":"EntryPoint","urlTemplate":"https:\/\/portaltela.pt\/?s={search_term_string}"},"query-input":{"@type":"PropertyValueSpecification","valueRequired":true,"valueName":"search_term_string"}}],"inLanguage":"pt-PT"},{"@type":"Person","@id":"https:\/\/portaltela.pt\/#\/schema\/person\/c4278d4a6028830caff9ee44b42d32ed","name":"Telinha","image":{"@type":"ImageObject","inLanguage":"pt-PT","@id":"https:\/\/portaltela.pt\/s.01k8rhncp4jt1\/2025\/11\/talking-bot-125x125.png","url":"https:\/\/portaltela.pt\/s.01k8rhncp4jt1\/2025\/11\/talking-bot-125x125.png","contentUrl":"https:\/\/portaltela.pt\/s.01k8rhncp4jt1\/2025\/11\/talking-bot-125x125.png","caption":"Telinha"},"sameAs":["https:\/\/portaltela.pt\/"],"url":"https:\/\/portaltela.pt\/por\/367410592786\/"}]}},"_links":{"self":[{"href":"https:\/\/portaltela.pt\/api\/wp\/v2\/posts\/399842","targetHints":{"allow":["GET"]}}],"collection":[{"href":"https:\/\/portaltela.pt\/api\/wp\/v2\/posts"}],"about":[{"href":"https:\/\/portaltela.pt\/api\/wp\/v2\/types\/post"}],"author":[{"embeddable":true,"href":"https:\/\/portaltela.pt\/api\/wp\/v2\/users\/2"}],"replies":[{"embeddable":true,"href":"https:\/\/portaltela.pt\/api\/wp\/v2\/comments?post=399842"}],"version-history":[{"count":0,"href":"https:\/\/portaltela.pt\/api\/wp\/v2\/posts\/399842\/revisions"}],"wp:featuredmedia":[{"embeddable":true,"href":"https:\/\/portaltela.pt\/api\/wp\/v2\/media\/399847"}],"wp:attachment":[{"href":"https:\/\/portaltela.pt\/api\/wp\/v2\/media?parent=399842"}],"wp:term":[{"taxonomy":"category","embeddable":true,"href":"https:\/\/portaltela.pt\/api\/wp\/v2\/categories?post=399842"},{"taxonomy":"post_tag","embeddable":true,"href":"https:\/\/portaltela.pt\/api\/wp\/v2\/tags?post=399842"}],"curies":[{"name":"wp","href":"https:\/\/api.w.org\/{rel}","templated":true}]}}